{"id":10070,"date":"2016-02-02T19:47:02","date_gmt":"2016-02-02T17:47:02","guid":{"rendered":"http:\/\/www.grupnexus.com\/es\/un-any-mes-nexus-es-patrocinador-de-les-festes-del-carnaval-de-lleida\/"},"modified":"2016-02-08T20:00:07","modified_gmt":"2016-02-08T18:00:07","slug":"un-any-mes-nexus-es-patrocinador-de-les-festes-del-carnaval-de-lleida","status":"publish","type":"post","link":"https:\/\/grupnexus.com\/es\/un-any-mes-nexus-es-patrocinador-de-les-festes-del-carnaval-de-lleida\/","title":{"rendered":"Un a\u00f1o m\u00e1s, Nexus es patrocinador de las fiestas del Carnaval de Lleida"},"content":{"rendered":"<div>Cl\u00ednica Nexus siempre con los actos oficiales y culturales de nuestra ciudad.<\/div>\n<div><\/div>\n<div>Ver el<a href=\"http:\/\/cultura.paeria.cat\/arxius\/festes\/programa-del-carnaval-2016-web\" target=\"_blank\"> programa oficial de las Fiestas<\/a><\/div>\n<div><\/div>\n","protected":false},"excerpt":{"rendered":"<p>Cl\u00ednica Nexus siempre con los actos oficiales y culturales de nuestra ciudad. Ver el programa oficial de las Fiestas<\/p>\n","protected":false},"author":5,"featured_media":10068,"comment_status":"closed","ping_status":"closed","sticky":false,"template":"","format":"standard","meta":[],"categories":[2],"tags":[52,55],"yoast_head":"<!-- This site is optimized with the Yoast SEO plugin v18.6 - https:\/\/yoast.com\/wordpress\/plugins\/seo\/ -->\n<title>Un a\u00f1o m\u00e1s, Nexus es patrocinador de las fiestas del Carnaval de Lleida<\/title>\n<meta name=\"robots\" content=\"index, follow, max-snippet:-1, max-image-preview:large, max-video-preview:-1\" \/>\n<link rel=\"canonical\" href=\"https:\/\/grupnexus.com\/es\/un-any-mes-nexus-es-patrocinador-de-les-festes-del-carnaval-de-lleida\/\" \/>\n<meta property=\"og:locale\" content=\"es_ES\" \/>\n<meta property=\"og:type\" content=\"article\" \/>\n<meta property=\"og:title\" content=\"Un a\u00f1o m\u00e1s, Nexus es patrocinador de las fiestas del Carnaval de Lleida\" \/>\n<meta property=\"og:description\" content=\"Cl\u00ednica Nexus siempre con los actos oficiales y culturales de nuestra ciudad. Ver el programa oficial de las Fiestas\" \/>\n<meta property=\"og:url\" content=\"https:\/\/grupnexus.com\/es\/un-any-mes-nexus-es-patrocinador-de-les-festes-del-carnaval-de-lleida\/\" \/>\n<meta property=\"og:site_name\" content=\"Cl\u00ednica Nexus\" \/>\n<meta property=\"article:published_time\" content=\"2016-02-02T17:47:02+00:00\" \/>\n<meta property=\"article:modified_time\" content=\"2016-02-08T18:00:07+00:00\" \/>\n<meta property=\"og:image\" content=\"https:\/\/i0.wp.com\/grupnexus.com\/wp-content\/uploads\/Nexus-patrocina-Carnaval-Lleida.jpg?fit=800%2C800&#038;ssl=1\" \/>\n\t<meta property=\"og:image:width\" content=\"800\" \/>\n\t<meta property=\"og:image:height\" content=\"800\" \/>\n\t<meta property=\"og:image:type\" content=\"image\/jpeg\" \/>\n<meta name=\"twitter:card\" content=\"summary\" \/>\n<meta name=\"twitter:label1\" content=\"Escrito por\" \/>\n\t<meta name=\"twitter:data1\" content=\"Nexus\" \/>\n<script type=\"application\/ld+json\" class=\"yoast-schema-graph\">{\"@context\":\"https:\/\/schema.org\",\"@graph\":[{\"@type\":\"WebSite\",\"@id\":\"https:\/\/grupnexus.com\/es\/#website\",\"url\":\"https:\/\/grupnexus.com\/es\/\",\"name\":\"Cl\u00ednica Nexus\",\"description\":\"L\u00edders en Medicina Est\u00e8tica Avan\u00e7ada\",\"potentialAction\":[{\"@type\":\"SearchAction\",\"target\":{\"@type\":\"EntryPoint\",\"urlTemplate\":\"https:\/\/grupnexus.com\/es\/?s={search_term_string}\"},\"query-input\":\"required name=search_term_string\"}],\"inLanguage\":\"es\"},{\"@type\":\"ImageObject\",\"@id\":\"https:\/\/grupnexus.com\/es\/un-any-mes-nexus-es-patrocinador-de-les-festes-del-carnaval-de-lleida\/#primaryimage\",\"inLanguage\":\"es\",\"url\":\"https:\/\/grupnexus.com\/wp-content\/uploads\/Nexus-patrocina-Carnaval-Lleida.jpg\",\"contentUrl\":\"https:\/\/grupnexus.com\/wp-content\/uploads\/Nexus-patrocina-Carnaval-Lleida.jpg\",\"width\":800,\"height\":800},{\"@type\":\"WebPage\",\"@id\":\"https:\/\/grupnexus.com\/es\/un-any-mes-nexus-es-patrocinador-de-les-festes-del-carnaval-de-lleida\/#webpage\",\"url\":\"https:\/\/grupnexus.com\/es\/un-any-mes-nexus-es-patrocinador-de-les-festes-del-carnaval-de-lleida\/\",\"name\":\"Un a\u00f1o m\u00e1s, Nexus es patrocinador de las fiestas del Carnaval de Lleida\",\"isPartOf\":{\"@id\":\"https:\/\/grupnexus.com\/es\/#website\"},\"primaryImageOfPage\":{\"@id\":\"https:\/\/grupnexus.com\/es\/un-any-mes-nexus-es-patrocinador-de-les-festes-del-carnaval-de-lleida\/#primaryimage\"},\"datePublished\":\"2016-02-02T17:47:02+00:00\",\"dateModified\":\"2016-02-08T18:00:07+00:00\",\"author\":{\"@id\":\"https:\/\/grupnexus.com\/es\/#\/schema\/person\/e766a805d9eadac3ecbb8c0d3dcd3355\"},\"breadcrumb\":{\"@id\":\"https:\/\/grupnexus.com\/es\/un-any-mes-nexus-es-patrocinador-de-les-festes-del-carnaval-de-lleida\/#breadcrumb\"},\"inLanguage\":\"es\",\"potentialAction\":[{\"@type\":\"ReadAction\",\"target\":[\"https:\/\/grupnexus.com\/es\/un-any-mes-nexus-es-patrocinador-de-les-festes-del-carnaval-de-lleida\/\"]}]},{\"@type\":\"BreadcrumbList\",\"@id\":\"https:\/\/grupnexus.com\/es\/un-any-mes-nexus-es-patrocinador-de-les-festes-del-carnaval-de-lleida\/#breadcrumb\",\"itemListElement\":[{\"@type\":\"ListItem\",\"position\":1,\"name\":\"Portada\",\"item\":\"https:\/\/grupnexus.com\/es\/\"},{\"@type\":\"ListItem\",\"position\":2,\"name\":\"Un a\u00f1o m\u00e1s, Nexus es patrocinador de las fiestas del Carnaval de Lleida\"}]},{\"@type\":\"Person\",\"@id\":\"https:\/\/grupnexus.com\/es\/#\/schema\/person\/e766a805d9eadac3ecbb8c0d3dcd3355\",\"name\":\"Nexus\",\"image\":{\"@type\":\"ImageObject\",\"@id\":\"https:\/\/grupnexus.com\/es\/#personlogo\",\"inLanguage\":\"es\",\"url\":\"https:\/\/secure.gravatar.com\/avatar\/8d9fa4540dd1ce6a7ed07044eb5f16c9?s=96&d=mm&r=g\",\"contentUrl\":\"https:\/\/secure.gravatar.com\/avatar\/8d9fa4540dd1ce6a7ed07044eb5f16c9?s=96&d=mm&r=g\",\"caption\":\"Nexus\"}}]}<\/script>\n<!-- \/ Yoast SEO plugin. -->","yoast_head_json":{"title":"Un a\u00f1o m\u00e1s, Nexus es patrocinador de las fiestas del Carnaval de Lleida","robots":{"index":"index","follow":"follow","max-snippet":"max-snippet:-1","max-image-preview":"max-image-preview:large","max-video-preview":"max-video-preview:-1"},"canonical":"https:\/\/grupnexus.com\/es\/un-any-mes-nexus-es-patrocinador-de-les-festes-del-carnaval-de-lleida\/","og_locale":"es_ES","og_type":"article","og_title":"Un a\u00f1o m\u00e1s, Nexus es patrocinador de las fiestas del Carnaval de Lleida","og_description":"Cl\u00ednica Nexus siempre con los actos oficiales y culturales de nuestra ciudad. Ver el programa oficial de las Fiestas","og_url":"https:\/\/grupnexus.com\/es\/un-any-mes-nexus-es-patrocinador-de-les-festes-del-carnaval-de-lleida\/","og_site_name":"Cl\u00ednica Nexus","article_published_time":"2016-02-02T17:47:02+00:00","article_modified_time":"2016-02-08T18:00:07+00:00","og_image":[{"width":800,"height":800,"url":"https:\/\/i0.wp.com\/grupnexus.com\/wp-content\/uploads\/Nexus-patrocina-Carnaval-Lleida.jpg?fit=800%2C800&ssl=1","type":"image\/jpeg"}],"twitter_card":"summary","twitter_misc":{"Escrito por":"Nexus"},"schema":{"@context":"https:\/\/schema.org","@graph":[{"@type":"WebSite","@id":"https:\/\/grupnexus.com\/es\/#website","url":"https:\/\/grupnexus.com\/es\/","name":"Cl\u00ednica Nexus","description":"L\u00edders en Medicina Est\u00e8tica Avan\u00e7ada","potentialAction":[{"@type":"SearchAction","target":{"@type":"EntryPoint","urlTemplate":"https:\/\/grupnexus.com\/es\/?s={search_term_string}"},"query-input":"required name=search_term_string"}],"inLanguage":"es"},{"@type":"ImageObject","@id":"https:\/\/grupnexus.com\/es\/un-any-mes-nexus-es-patrocinador-de-les-festes-del-carnaval-de-lleida\/#primaryimage","inLanguage":"es","url":"https:\/\/grupnexus.com\/wp-content\/uploads\/Nexus-patrocina-Carnaval-Lleida.jpg","contentUrl":"https:\/\/grupnexus.com\/wp-content\/uploads\/Nexus-patrocina-Carnaval-Lleida.jpg","width":800,"height":800},{"@type":"WebPage","@id":"https:\/\/grupnexus.com\/es\/un-any-mes-nexus-es-patrocinador-de-les-festes-del-carnaval-de-lleida\/#webpage","url":"https:\/\/grupnexus.com\/es\/un-any-mes-nexus-es-patrocinador-de-les-festes-del-carnaval-de-lleida\/","name":"Un a\u00f1o m\u00e1s, Nexus es patrocinador de las fiestas del Carnaval de Lleida","isPartOf":{"@id":"https:\/\/grupnexus.com\/es\/#website"},"primaryImageOfPage":{"@id":"https:\/\/grupnexus.com\/es\/un-any-mes-nexus-es-patrocinador-de-les-festes-del-carnaval-de-lleida\/#primaryimage"},"datePublished":"2016-02-02T17:47:02+00:00","dateModified":"2016-02-08T18:00:07+00:00","author":{"@id":"https:\/\/grupnexus.com\/es\/#\/schema\/person\/e766a805d9eadac3ecbb8c0d3dcd3355"},"breadcrumb":{"@id":"https:\/\/grupnexus.com\/es\/un-any-mes-nexus-es-patrocinador-de-les-festes-del-carnaval-de-lleida\/#breadcrumb"},"inLanguage":"es","potentialAction":[{"@type":"ReadAction","target":["https:\/\/grupnexus.com\/es\/un-any-mes-nexus-es-patrocinador-de-les-festes-del-carnaval-de-lleida\/"]}]},{"@type":"BreadcrumbList","@id":"https:\/\/grupnexus.com\/es\/un-any-mes-nexus-es-patrocinador-de-les-festes-del-carnaval-de-lleida\/#breadcrumb","itemListElement":[{"@type":"ListItem","position":1,"name":"Portada","item":"https:\/\/grupnexus.com\/es\/"},{"@type":"ListItem","position":2,"name":"Un a\u00f1o m\u00e1s, Nexus es patrocinador de las fiestas del Carnaval de Lleida"}]},{"@type":"Person","@id":"https:\/\/grupnexus.com\/es\/#\/schema\/person\/e766a805d9eadac3ecbb8c0d3dcd3355","name":"Nexus","image":{"@type":"ImageObject","@id":"https:\/\/grupnexus.com\/es\/#personlogo","inLanguage":"es","url":"https:\/\/secure.gravatar.com\/avatar\/8d9fa4540dd1ce6a7ed07044eb5f16c9?s=96&d=mm&r=g","contentUrl":"https:\/\/secure.gravatar.com\/avatar\/8d9fa4540dd1ce6a7ed07044eb5f16c9?s=96&d=mm&r=g","caption":"Nexus"}}]}},"_links":{"self":[{"href":"https:\/\/grupnexus.com\/es\/wp-json\/wp\/v2\/posts\/10070"}],"collection":[{"href":"https:\/\/grupnexus.com\/es\/wp-json\/wp\/v2\/posts"}],"about":[{"href":"https:\/\/grupnexus.com\/es\/wp-json\/wp\/v2\/types\/post"}],"author":[{"embeddable":true,"href":"https:\/\/grupnexus.com\/es\/wp-json\/wp\/v2\/users\/5"}],"replies":[{"embeddable":true,"href":"https:\/\/grupnexus.com\/es\/wp-json\/wp\/v2\/comments?post=10070"}],"version-history":[{"count":0,"href":"https:\/\/grupnexus.com\/es\/wp-json\/wp\/v2\/posts\/10070\/revisions"}],"wp:featuredmedia":[{"embeddable":true,"href":"https:\/\/grupnexus.com\/es\/wp-json\/wp\/v2\/media\/10068"}],"wp:attachment":[{"href":"https:\/\/grupnexus.com\/es\/wp-json\/wp\/v2\/media?parent=10070"}],"wp:term":[{"taxonomy":"category","embeddable":true,"href":"https:\/\/grupnexus.com\/es\/wp-json\/wp\/v2\/categories?post=10070"},{"taxonomy":"post_tag","embeddable":true,"href":"https:\/\/grupnexus.com\/es\/wp-json\/wp\/v2\/tags?post=10070"}],"curies":[{"name":"wp","href":"https:\/\/api.w.org\/{rel}","templated":true}]}}