{"id":10269,"date":"2016-03-14T13:02:59","date_gmt":"2016-03-14T11:02:59","guid":{"rendered":"http:\/\/www.grupnexus.com\/es\/nexus-patrocinador-de-la-cursa-de-la-dona-2016\/"},"modified":"2016-03-14T16:37:59","modified_gmt":"2016-03-14T14:37:59","slug":"nexus-patrocinador-de-la-cursa-de-la-dona-2016","status":"publish","type":"post","link":"https:\/\/grupnexus.com\/es\/nexus-patrocinador-de-la-cursa-de-la-dona-2016\/","title":{"rendered":"Nexus Patrocinador de La Cursa de la Dona 2016"},"content":{"rendered":"<div id=\"js_t\" class=\"_5pbx userContent\" data-ft=\"{&quot;tn&quot;:&quot;K&quot;}\"><\/div>\n<div class=\"_3x-2\">\n\n\t\t<style type=\"text\/css\">\n\t\t\t#gallery-1 {\n\t\t\t\tmargin: auto;\n\t\t\t}\n\t\t\t#gallery-1 .gallery-item {\n\t\t\t\tfloat: left;\n\t\t\t\tmargin-top: 10px;\n\t\t\t\ttext-align: center;\n\t\t\t\twidth: 33%;\n\t\t\t}\n\t\t\t#gallery-1 img {\n\t\t\t\tborder: 2px solid #cfcfcf;\n\t\t\t}\n\t\t\t#gallery-1 .gallery-caption {\n\t\t\t\tmargin-left: 0;\n\t\t\t}\n\t\t\t\/* see gallery_shortcode() in wp-includes\/media.php *\/\n\t\t<\/style>\n\t\t<div id='gallery-1' class='gallery galleryid-10269 gallery-columns-3 gallery-size-full'><dl class='gallery-item'>\n\t\t\t<dt class='gallery-icon landscape'>\n\t\t\t\t<a href='https:\/\/grupnexus.com\/wp-content\/uploads\/cursa-dona-2016-3.jpg'><img width=\"960\" height=\"637\" src=\"https:\/\/grupnexus.com\/wp-content\/uploads\/cursa-dona-2016-3.jpg\" class=\"attachment-full size-full\" alt=\"\" loading=\"lazy\" srcset=\"https:\/\/grupnexus.com\/wp-content\/uploads\/cursa-dona-2016-3.jpg 960w, https:\/\/grupnexus.com\/wp-content\/uploads\/cursa-dona-2016-3-510x338.jpg 510w, https:\/\/grupnexus.com\/wp-content\/uploads\/cursa-dona-2016-3-300x199.jpg 300w, https:\/\/grupnexus.com\/wp-content\/uploads\/cursa-dona-2016-3-768x510.jpg 768w, https:\/\/grupnexus.com\/wp-content\/uploads\/cursa-dona-2016-3-555x368.jpg 555w, https:\/\/grupnexus.com\/wp-content\/uploads\/cursa-dona-2016-3-360x240.jpg 360w, https:\/\/grupnexus.com\/wp-content\/uploads\/cursa-dona-2016-3-262x175.jpg 262w\" sizes=\"(max-width: 960px) 100vw, 960px\" \/><\/a>\n\t\t\t<\/dt><\/dl><dl class='gallery-item'>\n\t\t\t<dt class='gallery-icon portrait'>\n\t\t\t\t<a href='https:\/\/grupnexus.com\/wp-content\/uploads\/cursa-dona-2016-8.jpg'><img width=\"637\" height=\"960\" src=\"https:\/\/grupnexus.com\/wp-content\/uploads\/cursa-dona-2016-8.jpg\" class=\"attachment-full size-full\" alt=\"\" loading=\"lazy\" srcset=\"https:\/\/grupnexus.com\/wp-content\/uploads\/cursa-dona-2016-8.jpg 637w, https:\/\/grupnexus.com\/wp-content\/uploads\/cursa-dona-2016-8-510x768.jpg 510w, https:\/\/grupnexus.com\/wp-content\/uploads\/cursa-dona-2016-8-199x300.jpg 199w, https:\/\/grupnexus.com\/wp-content\/uploads\/cursa-dona-2016-8-555x836.jpg 555w, https:\/\/grupnexus.com\/wp-content\/uploads\/cursa-dona-2016-8-360x543.jpg 360w, https:\/\/grupnexus.com\/wp-content\/uploads\/cursa-dona-2016-8-262x395.jpg 262w\" sizes=\"(max-width: 637px) 100vw, 637px\" \/><\/a>\n\t\t\t<\/dt><\/dl>\n\t\t\t<br style='clear: both' \/>\n\t\t<\/div>\n\n<\/div>\n<p><strong>Nexus Patrocinador<\/strong> de La Carrera de la Mujer 2016 que ha llenado un a\u00f1o m\u00e1s las calles de Lleida de participantes que han querido solidarizarse con la lucha contra el c\u00e1ncer de mama.<\/p>\n<p>Record de participantes, m\u00e1s de 1300, que se han dado cita en la canalizaci\u00f3n del Segre para recorrer uno de los dos circuitos previstos, el corto de 5,6 kil\u00f3metros, o el largo, de 11,2, ya que se doblaba el marcado inicialmente.<\/p>\n<p>La Carrera de la Mujer, organizada por el club deportivo gogogo Runners colabora con la lucha contra el c\u00e1ncer de mama y destina parte de la recaudaci\u00f3n obtenida de las inscripciones a la Beca Marta Santamaria, para la investigaci\u00f3n y la detecci\u00f3n precoz del c\u00e1ncer de mama, a trav\u00e9s del Instituto de Investigaci\u00f3n Biom\u00e9dica.<\/p>\n<p>Juntos somos invencibles!<\/p>\n<p>Felicidades a las ganadoras:<\/p>\n<p>Air\u00edn Ortiz Justicia, Neus Garc\u00eda Sarnago i Maria Sanz Gilabert, por este orden, en categor\u00eda femenina.<\/p>\n<p>Y de manera muy especial a la 1a Clasificada Veterana A, de los 11,2 Km la entrenadora personal de Nexus, Sabina Moreno!! Enhorabuena Sabina!!<\/p>\n<p>&nbsp;<\/p>\n\n\t\t<style type=\"text\/css\">\n\t\t\t#gallery-2 {\n\t\t\t\tmargin: auto;\n\t\t\t}\n\t\t\t#gallery-2 .gallery-item {\n\t\t\t\tfloat: left;\n\t\t\t\tmargin-top: 10px;\n\t\t\t\ttext-align: center;\n\t\t\t\twidth: 33%;\n\t\t\t}\n\t\t\t#gallery-2 img {\n\t\t\t\tborder: 2px solid #cfcfcf;\n\t\t\t}\n\t\t\t#gallery-2 .gallery-caption {\n\t\t\t\tmargin-left: 0;\n\t\t\t}\n\t\t\t\/* see gallery_shortcode() in wp-includes\/media.php *\/\n\t\t<\/style>\n\t\t<div id='gallery-2' class='gallery galleryid-10269 gallery-columns-3 gallery-size-full'><dl class='gallery-item'>\n\t\t\t<dt class='gallery-icon landscape'>\n\t\t\t\t<a href='https:\/\/grupnexus.com\/wp-content\/uploads\/cursa-dona-2016-11.jpg'><img width=\"960\" height=\"540\" src=\"https:\/\/grupnexus.com\/wp-content\/uploads\/cursa-dona-2016-11.jpg\" class=\"attachment-full size-full\" alt=\"\" loading=\"lazy\" srcset=\"https:\/\/grupnexus.com\/wp-content\/uploads\/cursa-dona-2016-11.jpg 960w, https:\/\/grupnexus.com\/wp-content\/uploads\/cursa-dona-2016-11-510x287.jpg 510w, https:\/\/grupnexus.com\/wp-content\/uploads\/cursa-dona-2016-11-300x169.jpg 300w, https:\/\/grupnexus.com\/wp-content\/uploads\/cursa-dona-2016-11-768x432.jpg 768w, https:\/\/grupnexus.com\/wp-content\/uploads\/cursa-dona-2016-11-555x312.jpg 555w, https:\/\/grupnexus.com\/wp-content\/uploads\/cursa-dona-2016-11-360x203.jpg 360w, https:\/\/grupnexus.com\/wp-content\/uploads\/cursa-dona-2016-11-262x147.jpg 262w\" sizes=\"(max-width: 960px) 100vw, 960px\" \/><\/a>\n\t\t\t<\/dt><\/dl><dl class='gallery-item'>\n\t\t\t<dt class='gallery-icon landscape'>\n\t\t\t\t<a href='https:\/\/grupnexus.com\/wp-content\/uploads\/cursa-dona-2016-12.jpg'><img width=\"960\" height=\"637\" src=\"https:\/\/grupnexus.com\/wp-content\/uploads\/cursa-dona-2016-12.jpg\" class=\"attachment-full size-full\" alt=\"\" loading=\"lazy\" srcset=\"https:\/\/grupnexus.com\/wp-content\/uploads\/cursa-dona-2016-12.jpg 960w, https:\/\/grupnexus.com\/wp-content\/uploads\/cursa-dona-2016-12-510x338.jpg 510w, https:\/\/grupnexus.com\/wp-content\/uploads\/cursa-dona-2016-12-300x199.jpg 300w, https:\/\/grupnexus.com\/wp-content\/uploads\/cursa-dona-2016-12-768x510.jpg 768w, https:\/\/grupnexus.com\/wp-content\/uploads\/cursa-dona-2016-12-555x368.jpg 555w, https:\/\/grupnexus.com\/wp-content\/uploads\/cursa-dona-2016-12-360x240.jpg 360w, https:\/\/grupnexus.com\/wp-content\/uploads\/cursa-dona-2016-12-262x175.jpg 262w\" sizes=\"(max-width: 960px) 100vw, 960px\" \/><\/a>\n\t\t\t<\/dt><\/dl><dl class='gallery-item'>\n\t\t\t<dt class='gallery-icon portrait'>\n\t\t\t\t<a href='https:\/\/grupnexus.com\/wp-content\/uploads\/cursa-dona-2016-13.jpg'><img width=\"540\" height=\"960\" src=\"https:\/\/grupnexus.com\/wp-content\/uploads\/cursa-dona-2016-13.jpg\" class=\"attachment-full size-full\" alt=\"\" loading=\"lazy\" srcset=\"https:\/\/grupnexus.com\/wp-content\/uploads\/cursa-dona-2016-13.jpg 540w, https:\/\/grupnexus.com\/wp-content\/uploads\/cursa-dona-2016-13-510x907.jpg 510w, https:\/\/grupnexus.com\/wp-content\/uploads\/cursa-dona-2016-13-169x300.jpg 169w, https:\/\/grupnexus.com\/wp-content\/uploads\/cursa-dona-2016-13-432x768.jpg 432w, https:\/\/grupnexus.com\/wp-content\/uploads\/cursa-dona-2016-13-360x640.jpg 360w, https:\/\/grupnexus.com\/wp-content\/uploads\/cursa-dona-2016-13-262x466.jpg 262w\" sizes=\"(max-width: 540px) 100vw, 540px\" \/><\/a>\n\t\t\t<\/dt><\/dl><br style=\"clear: both\" \/><dl class='gallery-item'>\n\t\t\t<dt class='gallery-icon landscape'>\n\t\t\t\t<a href='https:\/\/grupnexus.com\/wp-content\/uploads\/cursa-dona-2016-14.jpg'><img width=\"960\" height=\"538\" src=\"https:\/\/grupnexus.com\/wp-content\/uploads\/cursa-dona-2016-14.jpg\" class=\"attachment-full size-full\" alt=\"\" loading=\"lazy\" srcset=\"https:\/\/grupnexus.com\/wp-content\/uploads\/cursa-dona-2016-14.jpg 960w, https:\/\/grupnexus.com\/wp-content\/uploads\/cursa-dona-2016-14-510x286.jpg 510w, https:\/\/grupnexus.com\/wp-content\/uploads\/cursa-dona-2016-14-300x168.jpg 300w, https:\/\/grupnexus.com\/wp-content\/uploads\/cursa-dona-2016-14-768x430.jpg 768w, https:\/\/grupnexus.com\/wp-content\/uploads\/cursa-dona-2016-14-555x311.jpg 555w, https:\/\/grupnexus.com\/wp-content\/uploads\/cursa-dona-2016-14-360x202.jpg 360w, https:\/\/grupnexus.com\/wp-content\/uploads\/cursa-dona-2016-14-262x147.jpg 262w\" sizes=\"(max-width: 960px) 100vw, 960px\" \/><\/a>\n\t\t\t<\/dt><\/dl><dl class='gallery-item'>\n\t\t\t<dt class='gallery-icon landscape'>\n\t\t\t\t<a href='https:\/\/grupnexus.com\/wp-content\/uploads\/cursa-dona-2016-15.jpg'><img width=\"960\" height=\"540\" src=\"https:\/\/grupnexus.com\/wp-content\/uploads\/cursa-dona-2016-15.jpg\" class=\"attachment-full size-full\" alt=\"\" loading=\"lazy\" srcset=\"https:\/\/grupnexus.com\/wp-content\/uploads\/cursa-dona-2016-15.jpg 960w, https:\/\/grupnexus.com\/wp-content\/uploads\/cursa-dona-2016-15-510x287.jpg 510w, https:\/\/grupnexus.com\/wp-content\/uploads\/cursa-dona-2016-15-300x169.jpg 300w, https:\/\/grupnexus.com\/wp-content\/uploads\/cursa-dona-2016-15-768x432.jpg 768w, https:\/\/grupnexus.com\/wp-content\/uploads\/cursa-dona-2016-15-555x312.jpg 555w, https:\/\/grupnexus.com\/wp-content\/uploads\/cursa-dona-2016-15-360x203.jpg 360w, https:\/\/grupnexus.com\/wp-content\/uploads\/cursa-dona-2016-15-262x147.jpg 262w\" sizes=\"(max-width: 960px) 100vw, 960px\" \/><\/a>\n\t\t\t<\/dt><\/dl><dl class='gallery-item'>\n\t\t\t<dt class='gallery-icon landscape'>\n\t\t\t\t<a href='https:\/\/grupnexus.com\/wp-content\/uploads\/cursa-dona-2016-16.jpg'><img width=\"960\" height=\"540\" src=\"https:\/\/grupnexus.com\/wp-content\/uploads\/cursa-dona-2016-16.jpg\" class=\"attachment-full size-full\" alt=\"\" loading=\"lazy\" srcset=\"https:\/\/grupnexus.com\/wp-content\/uploads\/cursa-dona-2016-16.jpg 960w, https:\/\/grupnexus.com\/wp-content\/uploads\/cursa-dona-2016-16-510x287.jpg 510w, https:\/\/grupnexus.com\/wp-content\/uploads\/cursa-dona-2016-16-300x169.jpg 300w, https:\/\/grupnexus.com\/wp-content\/uploads\/cursa-dona-2016-16-768x432.jpg 768w, https:\/\/grupnexus.com\/wp-content\/uploads\/cursa-dona-2016-16-555x312.jpg 555w, https:\/\/grupnexus.com\/wp-content\/uploads\/cursa-dona-2016-16-360x203.jpg 360w, https:\/\/grupnexus.com\/wp-content\/uploads\/cursa-dona-2016-16-262x147.jpg 262w\" sizes=\"(max-width: 960px) 100vw, 960px\" \/><\/a>\n\t\t\t<\/dt><\/dl><br style=\"clear: both\" \/><dl class='gallery-item'>\n\t\t\t<dt class='gallery-icon landscape'>\n\t\t\t\t<a href='https:\/\/grupnexus.com\/wp-content\/uploads\/cursa-dona-2016-17.jpg'><img width=\"960\" height=\"540\" src=\"https:\/\/grupnexus.com\/wp-content\/uploads\/cursa-dona-2016-17.jpg\" class=\"attachment-full size-full\" alt=\"\" loading=\"lazy\" srcset=\"https:\/\/grupnexus.com\/wp-content\/uploads\/cursa-dona-2016-17.jpg 960w, https:\/\/grupnexus.com\/wp-content\/uploads\/cursa-dona-2016-17-510x287.jpg 510w, https:\/\/grupnexus.com\/wp-content\/uploads\/cursa-dona-2016-17-300x169.jpg 300w, https:\/\/grupnexus.com\/wp-content\/uploads\/cursa-dona-2016-17-768x432.jpg 768w, https:\/\/grupnexus.com\/wp-content\/uploads\/cursa-dona-2016-17-555x312.jpg 555w, https:\/\/grupnexus.com\/wp-content\/uploads\/cursa-dona-2016-17-360x203.jpg 360w, https:\/\/grupnexus.com\/wp-content\/uploads\/cursa-dona-2016-17-262x147.jpg 262w\" sizes=\"(max-width: 960px) 100vw, 960px\" \/><\/a>\n\t\t\t<\/dt><\/dl><dl class='gallery-item'>\n\t\t\t<dt class='gallery-icon landscape'>\n\t\t\t\t<a href='https:\/\/grupnexus.com\/wp-content\/uploads\/cursa-dona-2016-19.jpg'><img width=\"960\" height=\"540\" src=\"https:\/\/grupnexus.com\/wp-content\/uploads\/cursa-dona-2016-19.jpg\" class=\"attachment-full size-full\" alt=\"\" loading=\"lazy\" srcset=\"https:\/\/grupnexus.com\/wp-content\/uploads\/cursa-dona-2016-19.jpg 960w, https:\/\/grupnexus.com\/wp-content\/uploads\/cursa-dona-2016-19-510x287.jpg 510w, https:\/\/grupnexus.com\/wp-content\/uploads\/cursa-dona-2016-19-300x169.jpg 300w, https:\/\/grupnexus.com\/wp-content\/uploads\/cursa-dona-2016-19-768x432.jpg 768w, https:\/\/grupnexus.com\/wp-content\/uploads\/cursa-dona-2016-19-555x312.jpg 555w, https:\/\/grupnexus.com\/wp-content\/uploads\/cursa-dona-2016-19-360x203.jpg 360w, https:\/\/grupnexus.com\/wp-content\/uploads\/cursa-dona-2016-19-262x147.jpg 262w\" sizes=\"(max-width: 960px) 100vw, 960px\" \/><\/a>\n\t\t\t<\/dt><\/dl>\n\t\t\t<br style='clear: both' \/>\n\t\t<\/div>\n\n","protected":false},"excerpt":{"rendered":"<p>Nexus Patrocinador de La Carrera de la Mujer 2016 que ha llenado un a\u00f1o m\u00e1s las calles de Lleida de participantes que han querido solidarizarse con la lucha contra el c\u00e1ncer de mama. Record de participantes, m\u00e1s de 1300, que se han dado cita en la canalizaci\u00f3n del Segre para recorrer uno de los dos&#8230;<\/p>\n","protected":false},"author":5,"featured_media":10278,"comment_status":"closed","ping_status":"closed","sticky":false,"template":"","format":"standard","meta":[],"categories":[2,358],"tags":[346,347,50],"yoast_head":"<!-- This site is optimized with the Yoast SEO plugin v18.6 - https:\/\/yoast.com\/wordpress\/plugins\/seo\/ -->\n<title>Nexus Patrocinador de La Cursa de la Dona 2016<\/title>\n<meta name=\"robots\" content=\"index, follow, max-snippet:-1, max-image-preview:large, max-video-preview:-1\" \/>\n<link rel=\"canonical\" href=\"https:\/\/grupnexus.com\/es\/nexus-patrocinador-de-la-cursa-de-la-dona-2016\/\" \/>\n<meta property=\"og:locale\" content=\"es_ES\" \/>\n<meta property=\"og:type\" content=\"article\" \/>\n<meta property=\"og:title\" content=\"Nexus Patrocinador de La Cursa de la Dona 2016\" \/>\n<meta property=\"og:description\" content=\"Nexus Patrocinador de La Carrera de la Mujer 2016 que ha llenado un a\u00f1o m\u00e1s las calles de Lleida de participantes que han querido solidarizarse con la lucha contra el c\u00e1ncer de mama. Record de participantes, m\u00e1s de 1300, que se han dado cita en la canalizaci\u00f3n del Segre para recorrer uno de los dos...\" \/>\n<meta property=\"og:url\" content=\"https:\/\/grupnexus.com\/es\/nexus-patrocinador-de-la-cursa-de-la-dona-2016\/\" \/>\n<meta property=\"og:site_name\" content=\"Cl\u00ednica Nexus\" \/>\n<meta property=\"article:published_time\" content=\"2016-03-14T11:02:59+00:00\" \/>\n<meta property=\"article:modified_time\" content=\"2016-03-14T14:37:59+00:00\" \/>\n<meta property=\"og:image\" content=\"https:\/\/i0.wp.com\/grupnexus.com\/wp-content\/uploads\/cursa-de-la-dona-2016-titular.jpg?fit=960%2C557&#038;ssl=1\" \/>\n\t<meta property=\"og:image:width\" content=\"960\" \/>\n\t<meta property=\"og:image:height\" content=\"557\" \/>\n\t<meta property=\"og:image:type\" content=\"image\/jpeg\" \/>\n<meta name=\"twitter:card\" content=\"summary\" \/>\n<meta name=\"twitter:label1\" content=\"Escrito por\" \/>\n\t<meta name=\"twitter:data1\" content=\"Nexus\" \/>\n\t<meta name=\"twitter:label2\" content=\"Tiempo de lectura\" \/>\n\t<meta name=\"twitter:data2\" content=\"1 minuto\" \/>\n<script type=\"application\/ld+json\" class=\"yoast-schema-graph\">{\"@context\":\"https:\/\/schema.org\",\"@graph\":[{\"@type\":\"WebSite\",\"@id\":\"https:\/\/grupnexus.com\/es\/#website\",\"url\":\"https:\/\/grupnexus.com\/es\/\",\"name\":\"Cl\u00ednica Nexus\",\"description\":\"L\u00edders en Medicina Est\u00e8tica Avan\u00e7ada\",\"potentialAction\":[{\"@type\":\"SearchAction\",\"target\":{\"@type\":\"EntryPoint\",\"urlTemplate\":\"https:\/\/grupnexus.com\/es\/?s={search_term_string}\"},\"query-input\":\"required name=search_term_string\"}],\"inLanguage\":\"es\"},{\"@type\":\"ImageObject\",\"@id\":\"https:\/\/grupnexus.com\/es\/nexus-patrocinador-de-la-cursa-de-la-dona-2016\/#primaryimage\",\"inLanguage\":\"es\",\"url\":\"https:\/\/grupnexus.com\/wp-content\/uploads\/cursa-de-la-dona-2016-titular.jpg\",\"contentUrl\":\"https:\/\/grupnexus.com\/wp-content\/uploads\/cursa-de-la-dona-2016-titular.jpg\",\"width\":960,\"height\":557},{\"@type\":\"WebPage\",\"@id\":\"https:\/\/grupnexus.com\/es\/nexus-patrocinador-de-la-cursa-de-la-dona-2016\/#webpage\",\"url\":\"https:\/\/grupnexus.com\/es\/nexus-patrocinador-de-la-cursa-de-la-dona-2016\/\",\"name\":\"Nexus Patrocinador de La Cursa de la Dona 2016\",\"isPartOf\":{\"@id\":\"https:\/\/grupnexus.com\/es\/#website\"},\"primaryImageOfPage\":{\"@id\":\"https:\/\/grupnexus.com\/es\/nexus-patrocinador-de-la-cursa-de-la-dona-2016\/#primaryimage\"},\"datePublished\":\"2016-03-14T11:02:59+00:00\",\"dateModified\":\"2016-03-14T14:37:59+00:00\",\"author\":{\"@id\":\"https:\/\/grupnexus.com\/es\/#\/schema\/person\/e766a805d9eadac3ecbb8c0d3dcd3355\"},\"breadcrumb\":{\"@id\":\"https:\/\/grupnexus.com\/es\/nexus-patrocinador-de-la-cursa-de-la-dona-2016\/#breadcrumb\"},\"inLanguage\":\"es\",\"potentialAction\":[{\"@type\":\"ReadAction\",\"target\":[\"https:\/\/grupnexus.com\/es\/nexus-patrocinador-de-la-cursa-de-la-dona-2016\/\"]}]},{\"@type\":\"BreadcrumbList\",\"@id\":\"https:\/\/grupnexus.com\/es\/nexus-patrocinador-de-la-cursa-de-la-dona-2016\/#breadcrumb\",\"itemListElement\":[{\"@type\":\"ListItem\",\"position\":1,\"name\":\"Portada\",\"item\":\"https:\/\/grupnexus.com\/es\/\"},{\"@type\":\"ListItem\",\"position\":2,\"name\":\"Nexus Patrocinador de La Cursa de la Dona 2016\"}]},{\"@type\":\"Person\",\"@id\":\"https:\/\/grupnexus.com\/es\/#\/schema\/person\/e766a805d9eadac3ecbb8c0d3dcd3355\",\"name\":\"Nexus\",\"image\":{\"@type\":\"ImageObject\",\"@id\":\"https:\/\/grupnexus.com\/es\/#personlogo\",\"inLanguage\":\"es\",\"url\":\"https:\/\/secure.gravatar.com\/avatar\/8d9fa4540dd1ce6a7ed07044eb5f16c9?s=96&d=mm&r=g\",\"contentUrl\":\"https:\/\/secure.gravatar.com\/avatar\/8d9fa4540dd1ce6a7ed07044eb5f16c9?s=96&d=mm&r=g\",\"caption\":\"Nexus\"}}]}<\/script>\n<!-- \/ Yoast SEO plugin. -->","yoast_head_json":{"title":"Nexus Patrocinador de La Cursa de la Dona 2016","robots":{"index":"index","follow":"follow","max-snippet":"max-snippet:-1","max-image-preview":"max-image-preview:large","max-video-preview":"max-video-preview:-1"},"canonical":"https:\/\/grupnexus.com\/es\/nexus-patrocinador-de-la-cursa-de-la-dona-2016\/","og_locale":"es_ES","og_type":"article","og_title":"Nexus Patrocinador de La Cursa de la Dona 2016","og_description":"Nexus Patrocinador de La Carrera de la Mujer 2016 que ha llenado un a\u00f1o m\u00e1s las calles de Lleida de participantes que han querido solidarizarse con la lucha contra el c\u00e1ncer de mama. Record de participantes, m\u00e1s de 1300, que se han dado cita en la canalizaci\u00f3n del Segre para recorrer uno de los dos...","og_url":"https:\/\/grupnexus.com\/es\/nexus-patrocinador-de-la-cursa-de-la-dona-2016\/","og_site_name":"Cl\u00ednica Nexus","article_published_time":"2016-03-14T11:02:59+00:00","article_modified_time":"2016-03-14T14:37:59+00:00","og_image":[{"width":960,"height":557,"url":"https:\/\/i0.wp.com\/grupnexus.com\/wp-content\/uploads\/cursa-de-la-dona-2016-titular.jpg?fit=960%2C557&ssl=1","type":"image\/jpeg"}],"twitter_card":"summary","twitter_misc":{"Escrito por":"Nexus","Tiempo de lectura":"1 minuto"},"schema":{"@context":"https:\/\/schema.org","@graph":[{"@type":"WebSite","@id":"https:\/\/grupnexus.com\/es\/#website","url":"https:\/\/grupnexus.com\/es\/","name":"Cl\u00ednica Nexus","description":"L\u00edders en Medicina Est\u00e8tica Avan\u00e7ada","potentialAction":[{"@type":"SearchAction","target":{"@type":"EntryPoint","urlTemplate":"https:\/\/grupnexus.com\/es\/?s={search_term_string}"},"query-input":"required name=search_term_string"}],"inLanguage":"es"},{"@type":"ImageObject","@id":"https:\/\/grupnexus.com\/es\/nexus-patrocinador-de-la-cursa-de-la-dona-2016\/#primaryimage","inLanguage":"es","url":"https:\/\/grupnexus.com\/wp-content\/uploads\/cursa-de-la-dona-2016-titular.jpg","contentUrl":"https:\/\/grupnexus.com\/wp-content\/uploads\/cursa-de-la-dona-2016-titular.jpg","width":960,"height":557},{"@type":"WebPage","@id":"https:\/\/grupnexus.com\/es\/nexus-patrocinador-de-la-cursa-de-la-dona-2016\/#webpage","url":"https:\/\/grupnexus.com\/es\/nexus-patrocinador-de-la-cursa-de-la-dona-2016\/","name":"Nexus Patrocinador de La Cursa de la Dona 2016","isPartOf":{"@id":"https:\/\/grupnexus.com\/es\/#website"},"primaryImageOfPage":{"@id":"https:\/\/grupnexus.com\/es\/nexus-patrocinador-de-la-cursa-de-la-dona-2016\/#primaryimage"},"datePublished":"2016-03-14T11:02:59+00:00","dateModified":"2016-03-14T14:37:59+00:00","author":{"@id":"https:\/\/grupnexus.com\/es\/#\/schema\/person\/e766a805d9eadac3ecbb8c0d3dcd3355"},"breadcrumb":{"@id":"https:\/\/grupnexus.com\/es\/nexus-patrocinador-de-la-cursa-de-la-dona-2016\/#breadcrumb"},"inLanguage":"es","potentialAction":[{"@type":"ReadAction","target":["https:\/\/grupnexus.com\/es\/nexus-patrocinador-de-la-cursa-de-la-dona-2016\/"]}]},{"@type":"BreadcrumbList","@id":"https:\/\/grupnexus.com\/es\/nexus-patrocinador-de-la-cursa-de-la-dona-2016\/#breadcrumb","itemListElement":[{"@type":"ListItem","position":1,"name":"Portada","item":"https:\/\/grupnexus.com\/es\/"},{"@type":"ListItem","position":2,"name":"Nexus Patrocinador de La Cursa de la Dona 2016"}]},{"@type":"Person","@id":"https:\/\/grupnexus.com\/es\/#\/schema\/person\/e766a805d9eadac3ecbb8c0d3dcd3355","name":"Nexus","image":{"@type":"ImageObject","@id":"https:\/\/grupnexus.com\/es\/#personlogo","inLanguage":"es","url":"https:\/\/secure.gravatar.com\/avatar\/8d9fa4540dd1ce6a7ed07044eb5f16c9?s=96&d=mm&r=g","contentUrl":"https:\/\/secure.gravatar.com\/avatar\/8d9fa4540dd1ce6a7ed07044eb5f16c9?s=96&d=mm&r=g","caption":"Nexus"}}]}},"_links":{"self":[{"href":"https:\/\/grupnexus.com\/es\/wp-json\/wp\/v2\/posts\/10269"}],"collection":[{"href":"https:\/\/grupnexus.com\/es\/wp-json\/wp\/v2\/posts"}],"about":[{"href":"https:\/\/grupnexus.com\/es\/wp-json\/wp\/v2\/types\/post"}],"author":[{"embeddable":true,"href":"https:\/\/grupnexus.com\/es\/wp-json\/wp\/v2\/users\/5"}],"replies":[{"embeddable":true,"href":"https:\/\/grupnexus.com\/es\/wp-json\/wp\/v2\/comments?post=10269"}],"version-history":[{"count":0,"href":"https:\/\/grupnexus.com\/es\/wp-json\/wp\/v2\/posts\/10269\/revisions"}],"wp:featuredmedia":[{"embeddable":true,"href":"https:\/\/grupnexus.com\/es\/wp-json\/wp\/v2\/media\/10278"}],"wp:attachment":[{"href":"https:\/\/grupnexus.com\/es\/wp-json\/wp\/v2\/media?parent=10269"}],"wp:term":[{"taxonomy":"category","embeddable":true,"href":"https:\/\/grupnexus.com\/es\/wp-json\/wp\/v2\/categories?post=10269"},{"taxonomy":"post_tag","embeddable":true,"href":"https:\/\/grupnexus.com\/es\/wp-json\/wp\/v2\/tags?post=10269"}],"curies":[{"name":"wp","href":"https:\/\/api.w.org\/{rel}","templated":true}]}}