{"id":11207,"date":"2016-07-21T12:23:21","date_gmt":"2016-07-21T10:23:21","guid":{"rendered":"http:\/\/www.grupnexus.com\/es\/adhesio-la-campanya-sumemperlasang\/"},"modified":"2017-03-21T23:44:36","modified_gmt":"2017-03-21T21:44:36","slug":"adhesion-a-la-campanya-sumemperlasang","status":"publish","type":"post","link":"https:\/\/grupnexus.com\/es\/adhesion-a-la-campanya-sumemperlasang\/","title":{"rendered":"Adhesi\u00f3n a la campa\u00f1a  #sumemperlasang"},"content":{"rendered":"<p><img loading=\"lazy\" class=\"alignleft wp-image-11181\" src=\"https:\/\/grupnexus.com\/wp-content\/uploads\/sang2-1024x684.jpg\" alt=\"sang2\" width=\"353\" height=\"236\" srcset=\"https:\/\/grupnexus.com\/wp-content\/uploads\/sang2-1024x684.jpg 1024w, https:\/\/grupnexus.com\/wp-content\/uploads\/sang2-510x341.jpg 510w, https:\/\/grupnexus.com\/wp-content\/uploads\/sang2-300x200.jpg 300w, https:\/\/grupnexus.com\/wp-content\/uploads\/sang2-768x513.jpg 768w, https:\/\/grupnexus.com\/wp-content\/uploads\/sang2-1140x760.jpg 1140w, https:\/\/grupnexus.com\/wp-content\/uploads\/sang2-555x370.jpg 555w, https:\/\/grupnexus.com\/wp-content\/uploads\/sang2-360x240.jpg 360w, https:\/\/grupnexus.com\/wp-content\/uploads\/sang2-262x175.jpg 262w, https:\/\/grupnexus.com\/wp-content\/uploads\/sang2.jpg 1920w\" sizes=\"(max-width: 353px) 100vw, 353px\" \/><img loading=\"lazy\" class=\"alignleft wp-image-11182\" src=\"https:\/\/grupnexus.com\/wp-content\/uploads\/sang3.jpg\" alt=\"sang3\" width=\"418\" height=\"235\" srcset=\"https:\/\/grupnexus.com\/wp-content\/uploads\/sang3.jpg 960w, https:\/\/grupnexus.com\/wp-content\/uploads\/sang3-510x287.jpg 510w, https:\/\/grupnexus.com\/wp-content\/uploads\/sang3-300x169.jpg 300w, https:\/\/grupnexus.com\/wp-content\/uploads\/sang3-768x432.jpg 768w, https:\/\/grupnexus.com\/wp-content\/uploads\/sang3-555x312.jpg 555w, https:\/\/grupnexus.com\/wp-content\/uploads\/sang3-360x203.jpg 360w, https:\/\/grupnexus.com\/wp-content\/uploads\/sang3-262x147.jpg 262w\" sizes=\"(max-width: 418px) 100vw, 418px\" \/><br \/>\n<br clear=\"all\" \/><span style=\"font-weight: 400;\">Este verano nos hemos sumado a la campa\u00f1a <strong>#sumemperlasang<\/strong> promovida por Funde<\/span><span style=\"font-weight: 400;\">, Asociaci\u00f3n de Empresarias, Directivas y profesionales a beneficio de la <strong>Federaci\u00f3n Catalana de Donantes de Sangre<\/strong>.<\/span><\/p>\n<p><span style=\"font-weight: 400;\">En el marco de esta campa\u00f1a, durante este mes de julio, nuestra gerente Montse Monjo, ha participado activamente, como socia de Funde, en todas las acciones encaminadas a la concienciaci\u00f3n sobre de la donaci\u00f3n de sangre, poniendo un especial \u00e9nfasis a la necesidad de pasar a la acci\u00f3n. As\u00ed, asisti\u00f3 a una jornada especial de sensibilizaci\u00f3n, a una Cena Solidaria, y a una donaci\u00f3n de sangre conjunta al <strong>Banco de Sangre y Tejidos de Lleida<\/strong> junto con otras socias integrantes de la asociaci\u00f3n.<\/span><\/p>\n<p><span style=\"font-weight: 400;\">Despu\u00e9s de la experiencia vivida, desde Nexus os queremos transmitir los siguientes mensajes:<\/span><\/p>\n<ul>\n<li style=\"font-weight: 400;\"><span style=\"font-weight: 400;\">Ve a dar sangre en verano! Es muy necesario que seamos conscientes que la donaci\u00f3n de sangre baja un 30% a lo largo del verano y, en cambio, se mantienen las necesidades a los hospitales<\/span><\/li>\n<li style=\"font-weight: 400;\"><span style=\"font-weight: 400;\">Para nosotros es un momento, para muchos enfermos puede suponer la vida.<\/span><\/li>\n<li style=\"font-weight: 400;\"><span style=\"font-weight: 400;\">Anima a personas como t\u00fa a dar sangre, cada donaci\u00f3n puede salvar 3 vidas!<\/span><\/li>\n<li style=\"font-weight: 400;\"><span style=\"font-weight: 400;\">Haz de tu acci\u00f3n un acto cotidiano. Un peque\u00f1o gesto dice mucho t\u00fa y cuando mujeres sangre haces amigos por siempre jam\u00e1s!!<\/span><\/li>\n<li style=\"font-weight: 400;\"><\/li>\n<\/ul>\n","protected":false},"excerpt":{"rendered":"<p>Este verano nos hemos sumado a la campa\u00f1a #sumemperlasang promovida por Funde, Asociaci\u00f3n de Empresarias, Directivas y profesionales a beneficio de la Federaci\u00f3n Catalana de Donantes de Sangre. En el marco de esta campa\u00f1a, durante este mes de julio, nuestra gerente Montse Monjo, ha participado activamente, como socia de Funde, en todas las acciones encaminadas&#8230;<\/p>\n","protected":false},"author":5,"featured_media":11180,"comment_status":"closed","ping_status":"closed","sticky":false,"template":"","format":"standard","meta":[],"categories":[358],"tags":[],"yoast_head":"<!-- This site is optimized with the Yoast SEO plugin v18.6 - https:\/\/yoast.com\/wordpress\/plugins\/seo\/ -->\n<title>Adhesi\u00f3n a la campa\u00f1a #sumemperlasang<\/title>\n<meta name=\"description\" content=\"Aquest estiu ens hem sumat a la campanya #sumemperlasang promoguda per Funde, Associaci\u00f3 d&#039;Empres\u00e0ries,...\" \/>\n<meta name=\"robots\" content=\"index, follow, max-snippet:-1, max-image-preview:large, max-video-preview:-1\" \/>\n<link rel=\"canonical\" href=\"https:\/\/grupnexus.com\/es\/adhesion-a-la-campanya-sumemperlasang\/\" \/>\n<meta property=\"og:locale\" content=\"es_ES\" \/>\n<meta property=\"og:type\" content=\"article\" \/>\n<meta property=\"og:title\" content=\"Adhesi\u00f3n a la campa\u00f1a #sumemperlasang\" \/>\n<meta property=\"og:description\" content=\"Aquest estiu ens hem sumat a la campanya #sumemperlasang promoguda per Funde, Associaci\u00f3 d&#039;Empres\u00e0ries,...\" \/>\n<meta property=\"og:url\" content=\"https:\/\/grupnexus.com\/es\/adhesion-a-la-campanya-sumemperlasang\/\" \/>\n<meta property=\"og:site_name\" content=\"Cl\u00ednica Nexus\" \/>\n<meta property=\"article:published_time\" content=\"2016-07-21T10:23:21+00:00\" \/>\n<meta property=\"article:modified_time\" content=\"2017-03-21T21:44:36+00:00\" \/>\n<meta property=\"og:image\" content=\"https:\/\/i0.wp.com\/grupnexus.com\/wp-content\/uploads\/sang1.jpg?fit=1920%2C1282&#038;ssl=1\" \/>\n\t<meta property=\"og:image:width\" content=\"1920\" \/>\n\t<meta property=\"og:image:height\" content=\"1282\" \/>\n\t<meta property=\"og:image:type\" content=\"image\/jpeg\" \/>\n<meta name=\"twitter:card\" content=\"summary\" \/>\n<meta name=\"twitter:label1\" content=\"Escrito por\" \/>\n\t<meta name=\"twitter:data1\" content=\"Nexus\" \/>\n\t<meta name=\"twitter:label2\" content=\"Tiempo de lectura\" \/>\n\t<meta name=\"twitter:data2\" content=\"1 minuto\" \/>\n<script type=\"application\/ld+json\" class=\"yoast-schema-graph\">{\"@context\":\"https:\/\/schema.org\",\"@graph\":[{\"@type\":\"WebSite\",\"@id\":\"https:\/\/grupnexus.com\/es\/#website\",\"url\":\"https:\/\/grupnexus.com\/es\/\",\"name\":\"Cl\u00ednica Nexus\",\"description\":\"L\u00edders en Medicina Est\u00e8tica Avan\u00e7ada\",\"potentialAction\":[{\"@type\":\"SearchAction\",\"target\":{\"@type\":\"EntryPoint\",\"urlTemplate\":\"https:\/\/grupnexus.com\/es\/?s={search_term_string}\"},\"query-input\":\"required name=search_term_string\"}],\"inLanguage\":\"es\"},{\"@type\":\"ImageObject\",\"@id\":\"https:\/\/grupnexus.com\/es\/adhesion-a-la-campanya-sumemperlasang\/#primaryimage\",\"inLanguage\":\"es\",\"url\":\"https:\/\/grupnexus.com\/wp-content\/uploads\/sang1.jpg\",\"contentUrl\":\"https:\/\/grupnexus.com\/wp-content\/uploads\/sang1.jpg\",\"width\":1920,\"height\":1282},{\"@type\":\"WebPage\",\"@id\":\"https:\/\/grupnexus.com\/es\/adhesion-a-la-campanya-sumemperlasang\/#webpage\",\"url\":\"https:\/\/grupnexus.com\/es\/adhesion-a-la-campanya-sumemperlasang\/\",\"name\":\"Adhesi\u00f3n a la campa\u00f1a #sumemperlasang\",\"isPartOf\":{\"@id\":\"https:\/\/grupnexus.com\/es\/#website\"},\"primaryImageOfPage\":{\"@id\":\"https:\/\/grupnexus.com\/es\/adhesion-a-la-campanya-sumemperlasang\/#primaryimage\"},\"datePublished\":\"2016-07-21T10:23:21+00:00\",\"dateModified\":\"2017-03-21T21:44:36+00:00\",\"author\":{\"@id\":\"https:\/\/grupnexus.com\/es\/#\/schema\/person\/e766a805d9eadac3ecbb8c0d3dcd3355\"},\"description\":\"Aquest estiu ens hem sumat a la campanya #sumemperlasang promoguda per Funde, Associaci\u00f3 d'Empres\u00e0ries,...\",\"breadcrumb\":{\"@id\":\"https:\/\/grupnexus.com\/es\/adhesion-a-la-campanya-sumemperlasang\/#breadcrumb\"},\"inLanguage\":\"es\",\"potentialAction\":[{\"@type\":\"ReadAction\",\"target\":[\"https:\/\/grupnexus.com\/es\/adhesion-a-la-campanya-sumemperlasang\/\"]}]},{\"@type\":\"BreadcrumbList\",\"@id\":\"https:\/\/grupnexus.com\/es\/adhesion-a-la-campanya-sumemperlasang\/#breadcrumb\",\"itemListElement\":[{\"@type\":\"ListItem\",\"position\":1,\"name\":\"Portada\",\"item\":\"https:\/\/grupnexus.com\/es\/\"},{\"@type\":\"ListItem\",\"position\":2,\"name\":\"Adhesi\u00f3n a la campa\u00f1a #sumemperlasang\"}]},{\"@type\":\"Person\",\"@id\":\"https:\/\/grupnexus.com\/es\/#\/schema\/person\/e766a805d9eadac3ecbb8c0d3dcd3355\",\"name\":\"Nexus\",\"image\":{\"@type\":\"ImageObject\",\"@id\":\"https:\/\/grupnexus.com\/es\/#personlogo\",\"inLanguage\":\"es\",\"url\":\"https:\/\/secure.gravatar.com\/avatar\/8d9fa4540dd1ce6a7ed07044eb5f16c9?s=96&d=mm&r=g\",\"contentUrl\":\"https:\/\/secure.gravatar.com\/avatar\/8d9fa4540dd1ce6a7ed07044eb5f16c9?s=96&d=mm&r=g\",\"caption\":\"Nexus\"}}]}<\/script>\n<!-- \/ Yoast SEO plugin. -->","yoast_head_json":{"title":"Adhesi\u00f3n a la campa\u00f1a #sumemperlasang","description":"Aquest estiu ens hem sumat a la campanya #sumemperlasang promoguda per Funde, Associaci\u00f3 d'Empres\u00e0ries,...","robots":{"index":"index","follow":"follow","max-snippet":"max-snippet:-1","max-image-preview":"max-image-preview:large","max-video-preview":"max-video-preview:-1"},"canonical":"https:\/\/grupnexus.com\/es\/adhesion-a-la-campanya-sumemperlasang\/","og_locale":"es_ES","og_type":"article","og_title":"Adhesi\u00f3n a la campa\u00f1a #sumemperlasang","og_description":"Aquest estiu ens hem sumat a la campanya #sumemperlasang promoguda per Funde, Associaci\u00f3 d'Empres\u00e0ries,...","og_url":"https:\/\/grupnexus.com\/es\/adhesion-a-la-campanya-sumemperlasang\/","og_site_name":"Cl\u00ednica Nexus","article_published_time":"2016-07-21T10:23:21+00:00","article_modified_time":"2017-03-21T21:44:36+00:00","og_image":[{"width":1920,"height":1282,"url":"https:\/\/i0.wp.com\/grupnexus.com\/wp-content\/uploads\/sang1.jpg?fit=1920%2C1282&ssl=1","type":"image\/jpeg"}],"twitter_card":"summary","twitter_misc":{"Escrito por":"Nexus","Tiempo de lectura":"1 minuto"},"schema":{"@context":"https:\/\/schema.org","@graph":[{"@type":"WebSite","@id":"https:\/\/grupnexus.com\/es\/#website","url":"https:\/\/grupnexus.com\/es\/","name":"Cl\u00ednica Nexus","description":"L\u00edders en Medicina Est\u00e8tica Avan\u00e7ada","potentialAction":[{"@type":"SearchAction","target":{"@type":"EntryPoint","urlTemplate":"https:\/\/grupnexus.com\/es\/?s={search_term_string}"},"query-input":"required name=search_term_string"}],"inLanguage":"es"},{"@type":"ImageObject","@id":"https:\/\/grupnexus.com\/es\/adhesion-a-la-campanya-sumemperlasang\/#primaryimage","inLanguage":"es","url":"https:\/\/grupnexus.com\/wp-content\/uploads\/sang1.jpg","contentUrl":"https:\/\/grupnexus.com\/wp-content\/uploads\/sang1.jpg","width":1920,"height":1282},{"@type":"WebPage","@id":"https:\/\/grupnexus.com\/es\/adhesion-a-la-campanya-sumemperlasang\/#webpage","url":"https:\/\/grupnexus.com\/es\/adhesion-a-la-campanya-sumemperlasang\/","name":"Adhesi\u00f3n a la campa\u00f1a #sumemperlasang","isPartOf":{"@id":"https:\/\/grupnexus.com\/es\/#website"},"primaryImageOfPage":{"@id":"https:\/\/grupnexus.com\/es\/adhesion-a-la-campanya-sumemperlasang\/#primaryimage"},"datePublished":"2016-07-21T10:23:21+00:00","dateModified":"2017-03-21T21:44:36+00:00","author":{"@id":"https:\/\/grupnexus.com\/es\/#\/schema\/person\/e766a805d9eadac3ecbb8c0d3dcd3355"},"description":"Aquest estiu ens hem sumat a la campanya #sumemperlasang promoguda per Funde, Associaci\u00f3 d'Empres\u00e0ries,...","breadcrumb":{"@id":"https:\/\/grupnexus.com\/es\/adhesion-a-la-campanya-sumemperlasang\/#breadcrumb"},"inLanguage":"es","potentialAction":[{"@type":"ReadAction","target":["https:\/\/grupnexus.com\/es\/adhesion-a-la-campanya-sumemperlasang\/"]}]},{"@type":"BreadcrumbList","@id":"https:\/\/grupnexus.com\/es\/adhesion-a-la-campanya-sumemperlasang\/#breadcrumb","itemListElement":[{"@type":"ListItem","position":1,"name":"Portada","item":"https:\/\/grupnexus.com\/es\/"},{"@type":"ListItem","position":2,"name":"Adhesi\u00f3n a la campa\u00f1a #sumemperlasang"}]},{"@type":"Person","@id":"https:\/\/grupnexus.com\/es\/#\/schema\/person\/e766a805d9eadac3ecbb8c0d3dcd3355","name":"Nexus","image":{"@type":"ImageObject","@id":"https:\/\/grupnexus.com\/es\/#personlogo","inLanguage":"es","url":"https:\/\/secure.gravatar.com\/avatar\/8d9fa4540dd1ce6a7ed07044eb5f16c9?s=96&d=mm&r=g","contentUrl":"https:\/\/secure.gravatar.com\/avatar\/8d9fa4540dd1ce6a7ed07044eb5f16c9?s=96&d=mm&r=g","caption":"Nexus"}}]}},"_links":{"self":[{"href":"https:\/\/grupnexus.com\/es\/wp-json\/wp\/v2\/posts\/11207"}],"collection":[{"href":"https:\/\/grupnexus.com\/es\/wp-json\/wp\/v2\/posts"}],"about":[{"href":"https:\/\/grupnexus.com\/es\/wp-json\/wp\/v2\/types\/post"}],"author":[{"embeddable":true,"href":"https:\/\/grupnexus.com\/es\/wp-json\/wp\/v2\/users\/5"}],"replies":[{"embeddable":true,"href":"https:\/\/grupnexus.com\/es\/wp-json\/wp\/v2\/comments?post=11207"}],"version-history":[{"count":0,"href":"https:\/\/grupnexus.com\/es\/wp-json\/wp\/v2\/posts\/11207\/revisions"}],"wp:featuredmedia":[{"embeddable":true,"href":"https:\/\/grupnexus.com\/es\/wp-json\/wp\/v2\/media\/11180"}],"wp:attachment":[{"href":"https:\/\/grupnexus.com\/es\/wp-json\/wp\/v2\/media?parent=11207"}],"wp:term":[{"taxonomy":"category","embeddable":true,"href":"https:\/\/grupnexus.com\/es\/wp-json\/wp\/v2\/categories?post=11207"},{"taxonomy":"post_tag","embeddable":true,"href":"https:\/\/grupnexus.com\/es\/wp-json\/wp\/v2\/tags?post=11207"}],"curies":[{"name":"wp","href":"https:\/\/api.w.org\/{rel}","templated":true}]}}