{"id":11338,"date":"2016-10-19T17:07:02","date_gmt":"2016-10-19T15:07:02","guid":{"rendered":"http:\/\/www.grupnexus.com\/es\/?p=11338"},"modified":"2016-10-19T17:10:16","modified_gmt":"2016-10-19T15:10:16","slug":"iv-caminata-cancer-mama","status":"publish","type":"post","link":"https:\/\/grupnexus.com\/es\/iv-caminata-cancer-mama\/","title":{"rendered":"IV Caminata contra el c\u00e1ncer de mama"},"content":{"rendered":"<p>Nexus ha apoyado, un a\u00f1o m\u00e1s, a la cuarta caminata popular organizada por AECC Lleida en el d\u00eda mundial contra el c\u00e1ncer de mama, como empresa col\u00b7laboradora en la organizaci\u00f3n pero tambi\u00e9n animando a la familia de Nexus a participar en el evento,.<\/p>\n<p>As\u00ed en una ma\u00f1ana soleada de domingo, en los Campos Eliseos de Lleida, hemos participado en una jornada l\u00fadica deportiva, junto con casi 2.000 personas, andando los 10 kms de recorrido y disfrutando de la gran fiesta familiar con batucada, zumba y animaci\u00f3n infantil. La caminata bajo el nombre \u201cEn marcha\u201d ha tenido lugar en varias poblaciones de la provincia de Lleida..<\/p>\n<p>Los fondos obtenidos se destinar\u00e1n de forma \u00edntegra a los programas y actividades que desarrolla la entidad en el apoyo integral al paciente de c\u00e1ncer y familia, informaci\u00f3n y prevenci\u00f3n e investigaci\u00f3n oncol\u00f3gica de calidad.<\/p>\n<p>Porque en Nexus Solidario estamos comprometidos con el territorio y las personas que m\u00e1s lo necesitan, nos mueve la solidaridad y nos ponemos tambi\u00e9n en marcha #sumandosalrosa.<\/p>\n<div style=\"width: 1280px;\" class=\"wp-video\"><!--[if lt IE 9]><script>document.createElement('video');<\/script><![endif]-->\n<video class=\"wp-video-shortcode\" id=\"video-11338-1\" width=\"1280\" height=\"720\" preload=\"metadata\" controls=\"controls\"><source type=\"video\/mp4\" src=\"https:\/\/grupnexus.com\/wp-content\/uploads\/NexusolidariAecc.mp4?_=1\" \/><a href=\"https:\/\/grupnexus.com\/wp-content\/uploads\/NexusolidariAecc.mp4\">https:\/\/grupnexus.com\/wp-content\/uploads\/NexusolidariAecc.mp4<\/a><\/video><\/div>\n","protected":false},"excerpt":{"rendered":"<p>Nexus ha apoyado, un a\u00f1o m\u00e1s, a la cuarta caminata popular organizada por AECC Lleida en el d\u00eda mundial contra el c\u00e1ncer de mama, como empresa col\u00b7laboradora en la organizaci\u00f3n pero tambi\u00e9n animando a la familia de Nexus a participar en el evento,. As\u00ed en una ma\u00f1ana soleada de domingo, en los Campos Eliseos de&#8230;<\/p>\n","protected":false},"author":5,"featured_media":11341,"comment_status":"closed","ping_status":"closed","sticky":false,"template":"","format":"standard","meta":[],"categories":[358],"tags":[362,363,361,364],"yoast_head":"<!-- This site is optimized with the Yoast SEO plugin v18.6 - https:\/\/yoast.com\/wordpress\/plugins\/seo\/ -->\n<title>IV Caminata contra el c\u00e1ncer de mama<\/title>\n<meta name=\"robots\" content=\"index, follow, max-snippet:-1, max-image-preview:large, max-video-preview:-1\" \/>\n<link rel=\"canonical\" href=\"https:\/\/grupnexus.com\/es\/iv-caminata-cancer-mama\/\" \/>\n<meta property=\"og:locale\" content=\"es_ES\" \/>\n<meta property=\"og:type\" content=\"article\" \/>\n<meta property=\"og:title\" content=\"IV Caminata contra el c\u00e1ncer de mama\" \/>\n<meta property=\"og:description\" content=\"Nexus ha apoyado, un a\u00f1o m\u00e1s, a la cuarta caminata popular organizada por AECC Lleida en el d\u00eda mundial contra el c\u00e1ncer de mama, como empresa col\u00b7laboradora en la organizaci\u00f3n pero tambi\u00e9n animando a la familia de Nexus a participar en el evento,. As\u00ed en una ma\u00f1ana soleada de domingo, en los Campos Eliseos de...\" \/>\n<meta property=\"og:url\" content=\"https:\/\/grupnexus.com\/es\/iv-caminata-cancer-mama\/\" \/>\n<meta property=\"og:site_name\" content=\"Cl\u00ednica Nexus\" \/>\n<meta property=\"article:published_time\" content=\"2016-10-19T15:07:02+00:00\" \/>\n<meta property=\"article:modified_time\" content=\"2016-10-19T15:10:16+00:00\" \/>\n<meta property=\"og:image\" content=\"https:\/\/i0.wp.com\/grupnexus.com\/wp-content\/uploads\/nexus-solidari-blog-sumatealrosa.jpg?fit=1200%2C641&#038;ssl=1\" \/>\n\t<meta property=\"og:image:width\" content=\"1200\" \/>\n\t<meta property=\"og:image:height\" content=\"641\" \/>\n\t<meta property=\"og:image:type\" content=\"image\/jpeg\" \/>\n<meta name=\"twitter:card\" content=\"summary\" \/>\n<meta name=\"twitter:label1\" content=\"Escrito por\" \/>\n\t<meta name=\"twitter:data1\" content=\"Nexus\" \/>\n\t<meta name=\"twitter:label2\" content=\"Tiempo de lectura\" \/>\n\t<meta name=\"twitter:data2\" content=\"1 minuto\" \/>\n<script type=\"application\/ld+json\" class=\"yoast-schema-graph\">{\"@context\":\"https:\/\/schema.org\",\"@graph\":[{\"@type\":\"WebSite\",\"@id\":\"https:\/\/grupnexus.com\/es\/#website\",\"url\":\"https:\/\/grupnexus.com\/es\/\",\"name\":\"Cl\u00ednica Nexus\",\"description\":\"L\u00edders en Medicina Est\u00e8tica Avan\u00e7ada\",\"potentialAction\":[{\"@type\":\"SearchAction\",\"target\":{\"@type\":\"EntryPoint\",\"urlTemplate\":\"https:\/\/grupnexus.com\/es\/?s={search_term_string}\"},\"query-input\":\"required name=search_term_string\"}],\"inLanguage\":\"es\"},{\"@type\":\"ImageObject\",\"@id\":\"https:\/\/grupnexus.com\/es\/iv-caminata-cancer-mama\/#primaryimage\",\"inLanguage\":\"es\",\"url\":\"https:\/\/grupnexus.com\/wp-content\/uploads\/nexus-solidari-blog-sumatealrosa.jpg\",\"contentUrl\":\"https:\/\/grupnexus.com\/wp-content\/uploads\/nexus-solidari-blog-sumatealrosa.jpg\",\"width\":1200,\"height\":641},{\"@type\":\"WebPage\",\"@id\":\"https:\/\/grupnexus.com\/es\/iv-caminata-cancer-mama\/#webpage\",\"url\":\"https:\/\/grupnexus.com\/es\/iv-caminata-cancer-mama\/\",\"name\":\"IV Caminata contra el c\u00e1ncer de mama\",\"isPartOf\":{\"@id\":\"https:\/\/grupnexus.com\/es\/#website\"},\"primaryImageOfPage\":{\"@id\":\"https:\/\/grupnexus.com\/es\/iv-caminata-cancer-mama\/#primaryimage\"},\"datePublished\":\"2016-10-19T15:07:02+00:00\",\"dateModified\":\"2016-10-19T15:10:16+00:00\",\"author\":{\"@id\":\"https:\/\/grupnexus.com\/es\/#\/schema\/person\/e766a805d9eadac3ecbb8c0d3dcd3355\"},\"breadcrumb\":{\"@id\":\"https:\/\/grupnexus.com\/es\/iv-caminata-cancer-mama\/#breadcrumb\"},\"inLanguage\":\"es\",\"potentialAction\":[{\"@type\":\"ReadAction\",\"target\":[\"https:\/\/grupnexus.com\/es\/iv-caminata-cancer-mama\/\"]}]},{\"@type\":\"BreadcrumbList\",\"@id\":\"https:\/\/grupnexus.com\/es\/iv-caminata-cancer-mama\/#breadcrumb\",\"itemListElement\":[{\"@type\":\"ListItem\",\"position\":1,\"name\":\"Portada\",\"item\":\"https:\/\/grupnexus.com\/es\/\"},{\"@type\":\"ListItem\",\"position\":2,\"name\":\"IV Caminata contra el c\u00e1ncer de mama\"}]},{\"@type\":\"Person\",\"@id\":\"https:\/\/grupnexus.com\/es\/#\/schema\/person\/e766a805d9eadac3ecbb8c0d3dcd3355\",\"name\":\"Nexus\",\"image\":{\"@type\":\"ImageObject\",\"@id\":\"https:\/\/grupnexus.com\/es\/#personlogo\",\"inLanguage\":\"es\",\"url\":\"https:\/\/secure.gravatar.com\/avatar\/8d9fa4540dd1ce6a7ed07044eb5f16c9?s=96&d=mm&r=g\",\"contentUrl\":\"https:\/\/secure.gravatar.com\/avatar\/8d9fa4540dd1ce6a7ed07044eb5f16c9?s=96&d=mm&r=g\",\"caption\":\"Nexus\"}}]}<\/script>\n<!-- \/ Yoast SEO plugin. -->","yoast_head_json":{"title":"IV Caminata contra el c\u00e1ncer de mama","robots":{"index":"index","follow":"follow","max-snippet":"max-snippet:-1","max-image-preview":"max-image-preview:large","max-video-preview":"max-video-preview:-1"},"canonical":"https:\/\/grupnexus.com\/es\/iv-caminata-cancer-mama\/","og_locale":"es_ES","og_type":"article","og_title":"IV Caminata contra el c\u00e1ncer de mama","og_description":"Nexus ha apoyado, un a\u00f1o m\u00e1s, a la cuarta caminata popular organizada por AECC Lleida en el d\u00eda mundial contra el c\u00e1ncer de mama, como empresa col\u00b7laboradora en la organizaci\u00f3n pero tambi\u00e9n animando a la familia de Nexus a participar en el evento,. As\u00ed en una ma\u00f1ana soleada de domingo, en los Campos Eliseos de...","og_url":"https:\/\/grupnexus.com\/es\/iv-caminata-cancer-mama\/","og_site_name":"Cl\u00ednica Nexus","article_published_time":"2016-10-19T15:07:02+00:00","article_modified_time":"2016-10-19T15:10:16+00:00","og_image":[{"width":1200,"height":641,"url":"https:\/\/i0.wp.com\/grupnexus.com\/wp-content\/uploads\/nexus-solidari-blog-sumatealrosa.jpg?fit=1200%2C641&ssl=1","type":"image\/jpeg"}],"twitter_card":"summary","twitter_misc":{"Escrito por":"Nexus","Tiempo de lectura":"1 minuto"},"schema":{"@context":"https:\/\/schema.org","@graph":[{"@type":"WebSite","@id":"https:\/\/grupnexus.com\/es\/#website","url":"https:\/\/grupnexus.com\/es\/","name":"Cl\u00ednica Nexus","description":"L\u00edders en Medicina Est\u00e8tica Avan\u00e7ada","potentialAction":[{"@type":"SearchAction","target":{"@type":"EntryPoint","urlTemplate":"https:\/\/grupnexus.com\/es\/?s={search_term_string}"},"query-input":"required name=search_term_string"}],"inLanguage":"es"},{"@type":"ImageObject","@id":"https:\/\/grupnexus.com\/es\/iv-caminata-cancer-mama\/#primaryimage","inLanguage":"es","url":"https:\/\/grupnexus.com\/wp-content\/uploads\/nexus-solidari-blog-sumatealrosa.jpg","contentUrl":"https:\/\/grupnexus.com\/wp-content\/uploads\/nexus-solidari-blog-sumatealrosa.jpg","width":1200,"height":641},{"@type":"WebPage","@id":"https:\/\/grupnexus.com\/es\/iv-caminata-cancer-mama\/#webpage","url":"https:\/\/grupnexus.com\/es\/iv-caminata-cancer-mama\/","name":"IV Caminata contra el c\u00e1ncer de mama","isPartOf":{"@id":"https:\/\/grupnexus.com\/es\/#website"},"primaryImageOfPage":{"@id":"https:\/\/grupnexus.com\/es\/iv-caminata-cancer-mama\/#primaryimage"},"datePublished":"2016-10-19T15:07:02+00:00","dateModified":"2016-10-19T15:10:16+00:00","author":{"@id":"https:\/\/grupnexus.com\/es\/#\/schema\/person\/e766a805d9eadac3ecbb8c0d3dcd3355"},"breadcrumb":{"@id":"https:\/\/grupnexus.com\/es\/iv-caminata-cancer-mama\/#breadcrumb"},"inLanguage":"es","potentialAction":[{"@type":"ReadAction","target":["https:\/\/grupnexus.com\/es\/iv-caminata-cancer-mama\/"]}]},{"@type":"BreadcrumbList","@id":"https:\/\/grupnexus.com\/es\/iv-caminata-cancer-mama\/#breadcrumb","itemListElement":[{"@type":"ListItem","position":1,"name":"Portada","item":"https:\/\/grupnexus.com\/es\/"},{"@type":"ListItem","position":2,"name":"IV Caminata contra el c\u00e1ncer de mama"}]},{"@type":"Person","@id":"https:\/\/grupnexus.com\/es\/#\/schema\/person\/e766a805d9eadac3ecbb8c0d3dcd3355","name":"Nexus","image":{"@type":"ImageObject","@id":"https:\/\/grupnexus.com\/es\/#personlogo","inLanguage":"es","url":"https:\/\/secure.gravatar.com\/avatar\/8d9fa4540dd1ce6a7ed07044eb5f16c9?s=96&d=mm&r=g","contentUrl":"https:\/\/secure.gravatar.com\/avatar\/8d9fa4540dd1ce6a7ed07044eb5f16c9?s=96&d=mm&r=g","caption":"Nexus"}}]}},"_links":{"self":[{"href":"https:\/\/grupnexus.com\/es\/wp-json\/wp\/v2\/posts\/11338"}],"collection":[{"href":"https:\/\/grupnexus.com\/es\/wp-json\/wp\/v2\/posts"}],"about":[{"href":"https:\/\/grupnexus.com\/es\/wp-json\/wp\/v2\/types\/post"}],"author":[{"embeddable":true,"href":"https:\/\/grupnexus.com\/es\/wp-json\/wp\/v2\/users\/5"}],"replies":[{"embeddable":true,"href":"https:\/\/grupnexus.com\/es\/wp-json\/wp\/v2\/comments?post=11338"}],"version-history":[{"count":0,"href":"https:\/\/grupnexus.com\/es\/wp-json\/wp\/v2\/posts\/11338\/revisions"}],"wp:featuredmedia":[{"embeddable":true,"href":"https:\/\/grupnexus.com\/es\/wp-json\/wp\/v2\/media\/11341"}],"wp:attachment":[{"href":"https:\/\/grupnexus.com\/es\/wp-json\/wp\/v2\/media?parent=11338"}],"wp:term":[{"taxonomy":"category","embeddable":true,"href":"https:\/\/grupnexus.com\/es\/wp-json\/wp\/v2\/categories?post=11338"},{"taxonomy":"post_tag","embeddable":true,"href":"https:\/\/grupnexus.com\/es\/wp-json\/wp\/v2\/tags?post=11338"}],"curies":[{"name":"wp","href":"https:\/\/api.w.org\/{rel}","templated":true}]}}