{"id":1174,"date":"2014-09-19T10:40:48","date_gmt":"2014-09-19T09:40:48","guid":{"rendered":"http:\/\/www.grupnexus.com\/publicacio-2\/"},"modified":"2018-09-20T11:37:27","modified_gmt":"2018-09-20T09:37:27","slug":"tratamientos-post-verano-a-nexus","status":"publish","type":"post","link":"https:\/\/grupnexus.com\/es\/tratamientos-post-verano-a-nexus\/","title":{"rendered":"TRATAMIENTOS POST-VERANO A NEXUS"},"content":{"rendered":"<p>&nbsp;<\/p>\n<p>Una vez pasada la \u00e9poca estival y la mayor exposici\u00f3n solar que \u00e9sta conlleva, es el momento id\u00f3neo para iniciar algunos tratamientos m\u00e9dico-est\u00e9ticos que nos permitir\u00e1n minimizar los efectos indeseables que inexorablemente ha causado el sol en nuestra piel o bien iniciar a otros que no eran compatibles con una exposici\u00f3n solar m\u00e1s o menos continuada.<br \/>\nVeamos cu\u00e1les son los m\u00e1s representativos:<\/p>\n<p><strong>TRATAMIENTO DE LESIONES PIGMENTADAS CON L\u00c1SER <\/strong><br \/>\nActualmente, mediante el l\u00e1ser se pueden tratar un amplio abanico de lesiones pigmentadas. Como en el caso de la fotodepilaci\u00f3n u otros tratamientos, el tiempo y la experiencia han ido tambi\u00e9n seleccionando los sistemas m\u00e1s efectivos para tratar este tipo de lesiones, y as\u00ed se ha demostrado que el l\u00e1ser de Alejandrita de 755 nm de longitud de onda, junto con el de neodimio-Yag de 532\/1064 Q-Switched, son los m\u00e1s efectivos para este fin. La estrella es, sin duda, el l\u00e1ser Trivantage, de referencia mundial por su incomparable eficacia para el tratamiento de estas lesiones y la eliminaci\u00f3n de tatuajes de cualquier color y que Nexus Biom\u00e9dico, siempre a la vanguardia de la tecnolog\u00eda m\u00e1s l\u00edder y efectiva, ha incorporado a su plataforma l\u00e1ser en primicia en toda Espa\u00f1a. Los sistemas IPL m\u00e9dicos, como en fotodepilaci\u00f3n, s\u00f3lo tienen unas indicaciones muy concretas y no son adecuados (ni eficaces) para tratar la generalidad de este tipo de lesiones, si bien en centros como el nuestro, que dispone de todo un abanico tecnol\u00f3gico, la posibilidad de combinar varios sistemas fotolum\u00ednics incrementa exponencialmente la eficacia de esta modalidad terap\u00e9utica.<br \/>\nLos l\u00e1seres mencionados act\u00faan selectivamente sobre la melanina con un m\u00ednimo da\u00f1o al tejido circundante. Son altamente efectivos para un ampl\u00edsimo abanico de lesiones, tanto epid\u00e9rmicas como d\u00e9rmicas, como el melasma o las hiperpigmentaciones postinflamat\u00f2ries, los resultados son pobres y en estos casos se utilizan otros tipos de tratamiento como primera l\u00ednea. Requieren casi siempre varias sesiones de tratamiento, y el n\u00famero es variable y depende del tipo de lesi\u00f3n. Para las lesiones pigmentadas m\u00e1s comunes, como los l\u00e9ntigos act\u00ednicos, generalmente basta con un par de sesiones, mientras que otros tipos pueden requerir m\u00e1s. Los intervalos entre sesiones son habitualmente de 4 a 8 semanas. En cuanto a los efectos secundarios, generalmente son muy poco importantes: se limitan a un prurito, edema y \/ o eritema transitorio. Seg\u00fan la captaci\u00f3n, las lesiones pueden virar de color o, si \u00e9sta ha sido muy importante, puede aparecer una costra fina sobre la lesi\u00f3n de una duraci\u00f3n de entre 7-10 d\u00edas.<br \/>\nEn conclusi\u00f3n, estos tipos de l\u00e1seres proporcionan resultados excelentes en el tratamiento de la inmensa mayor\u00eda de hiperpigmentaciones benignas, tanto epid\u00e9rmicas como d\u00e9rmicas, hiperpigmentaciones postescleroter\u00e0pia de varices y hiperpigmentaciones postraum\u00e1ticas, y pobres en otros, como el melasma y las hiperpigmentaciones postinflam\u00e0tories. Por todo ello, es necesario ineludiblemente el concurso de un m\u00e9dico para valorarlas, diagnosticarlas y tratarlas, as\u00ed como la utilizaci\u00f3n de la tecnolog\u00eda adecuada y efectiva para este fin.<\/p>\n<p><em>Los l\u00e1seres de cl\u00ednica Nexus son altamente efectivos para un ampl\u00edsimo abanico de lesiones solares, tanto epid\u00e9rmicas como d\u00e9rmicas<br \/>\n<\/em><\/p>\n<p><strong>TERAPIA FOTODIN\u00c1MICA DE VARICES<\/strong><br \/>\nCon este nombre se describe un nuevo procedimiento para el tratamiento de las varicosidades de las extremidades inferiores que combina la escleroterapia qu\u00edmica tradicional y el l\u00e1ser de Neodimio-Yag de 1064 nm de longitud de onda. Este nuevo procedimiento se basa en el hecho de que, mediante la inyecci\u00f3n previa de espuma de polidocanol (la sustancia generalmente empleada en la escleroterapia qu\u00edmica), se induce una transformaci\u00f3n bioqu\u00edmica de la hemoglobina sangu\u00ednea (incrementando su conversi\u00f3n a metahemoglobina y protoporfirina IX), lo que conlleva un cambio en sus caracter\u00edsticas \u00f3pticas y de conductividad, que se traduce en un incremento en la absorci\u00f3n de la energ\u00eda transmitida por el l\u00e1ser aplicado posteriormente hasta 29 veces superior. Es decir, mediante la inyecci\u00f3n previa de esta espuma, en una concentraci\u00f3n y caracter\u00edsticas determinadas conseguimos una optimizaci\u00f3n del efecto fotot\u00e9rmico en la emisi\u00f3n posterior del l\u00e1ser de Neodimio-Yag, ya que mejora la captaci\u00f3n de energ\u00eda por la sangre y la transmisi\u00f3n de calor a lo largo del vaso. El resultado final se refleja en unos mejores resultados \u201cversus\u201d las t\u00e9cnicas cl\u00e1sicas aisladas, una menor incidencia de fracasos y efectos secundarios, una disminuci\u00f3n de las sesiones necesarias para alcanzar unos resultados \u00f3ptimos y en la posibilidad de tratar vasos superiores a 5 mm de di\u00e1metro , hecho hasta ahora poco viable en tratamientos exclusivamente con terapias fotolum\u00edniques.<br \/>\nEl procedimiento, adem\u00e1s, es totalmente ambulatorio y no incapacita al paciente para su actividad normal. No requiere ning\u00fan tipo de anestesia (o como m\u00e1ximo t\u00f3pica) y su tolerancia es excelente. Como es obvio, s\u00f3lo un m\u00e9dico entrenado en esta t\u00e9cnica puede proporcionar los resultados esperados, previa historia cl\u00ednica y exploraci\u00f3n vascular pertinentes.<br \/>\nEn resumen, gracias a esta t\u00e9cnica que combina la esclerosis qu\u00edmica y el l\u00e1ser se ha conseguido mejorar sustancialmente en todos los \u00e1mbitos los resultados que hasta ahora se obten\u00edan con cada una de estas por separado, y se erige pues como una terapia de primer orden, en los casos indicados, para el tratamiento de las varices de las extremidades inferiores.<\/p>\n<p>&nbsp;<\/p>\n","protected":false},"excerpt":{"rendered":"<p>&nbsp; Una vez pasada la \u00e9poca estival y la mayor exposici\u00f3n solar que \u00e9sta conlleva, es el momento id\u00f3neo para iniciar algunos tratamientos m\u00e9dico-est\u00e9ticos que nos permitir\u00e1n minimizar los efectos indeseables que inexorablemente ha causado el sol en nuestra piel o bien iniciar a otros que no eran compatibles con una exposici\u00f3n solar m\u00e1s o&#8230;<\/p>\n","protected":false},"author":5,"featured_media":230,"comment_status":"closed","ping_status":"closed","sticky":false,"template":"","format":"standard","meta":[],"categories":[7],"tags":[],"yoast_head":"<!-- This site is optimized with the Yoast SEO plugin v18.6 - https:\/\/yoast.com\/wordpress\/plugins\/seo\/ -->\n<title>Eliminaci\u00f3n de varices<\/title>\n<meta name=\"robots\" content=\"index, follow, max-snippet:-1, max-image-preview:large, max-video-preview:-1\" \/>\n<link rel=\"canonical\" href=\"https:\/\/grupnexus.com\/es\/tratamientos-post-verano-a-nexus\/\" \/>\n<meta property=\"og:locale\" content=\"es_ES\" \/>\n<meta property=\"og:type\" content=\"article\" \/>\n<meta property=\"og:title\" content=\"Eliminaci\u00f3n de varices\" \/>\n<meta property=\"og:description\" content=\"&nbsp; Una vez pasada la \u00e9poca estival y la mayor exposici\u00f3n solar que \u00e9sta conlleva, es el momento id\u00f3neo para iniciar algunos tratamientos m\u00e9dico-est\u00e9ticos que nos permitir\u00e1n minimizar los efectos indeseables que inexorablemente ha causado el sol en nuestra piel o bien iniciar a otros que no eran compatibles con una exposici\u00f3n solar m\u00e1s o...\" \/>\n<meta property=\"og:url\" content=\"https:\/\/grupnexus.com\/es\/tratamientos-post-verano-a-nexus\/\" \/>\n<meta property=\"og:site_name\" content=\"Cl\u00ednica Nexus\" \/>\n<meta property=\"article:published_time\" content=\"2014-09-19T09:40:48+00:00\" \/>\n<meta property=\"article:modified_time\" content=\"2018-09-20T09:37:27+00:00\" \/>\n<meta property=\"og:image\" content=\"https:\/\/i0.wp.com\/grupnexus.com\/wp-content\/uploads\/NEXUScoco20.jpg?fit=1080%2C734&#038;ssl=1\" \/>\n\t<meta property=\"og:image:width\" content=\"1080\" \/>\n\t<meta property=\"og:image:height\" content=\"734\" \/>\n\t<meta property=\"og:image:type\" content=\"image\/jpeg\" \/>\n<meta name=\"twitter:card\" content=\"summary\" \/>\n<meta name=\"twitter:label1\" content=\"Escrito por\" \/>\n\t<meta name=\"twitter:data1\" content=\"Nexus\" \/>\n\t<meta name=\"twitter:label2\" content=\"Tiempo de lectura\" \/>\n\t<meta name=\"twitter:data2\" content=\"5 minutos\" \/>\n<script type=\"application\/ld+json\" class=\"yoast-schema-graph\">{\"@context\":\"https:\/\/schema.org\",\"@graph\":[{\"@type\":\"WebSite\",\"@id\":\"https:\/\/grupnexus.com\/es\/#website\",\"url\":\"https:\/\/grupnexus.com\/es\/\",\"name\":\"Cl\u00ednica Nexus\",\"description\":\"L\u00edders en Medicina Est\u00e8tica Avan\u00e7ada\",\"potentialAction\":[{\"@type\":\"SearchAction\",\"target\":{\"@type\":\"EntryPoint\",\"urlTemplate\":\"https:\/\/grupnexus.com\/es\/?s={search_term_string}\"},\"query-input\":\"required name=search_term_string\"}],\"inLanguage\":\"es\"},{\"@type\":\"ImageObject\",\"@id\":\"https:\/\/grupnexus.com\/es\/tratamientos-post-verano-a-nexus\/#primaryimage\",\"inLanguage\":\"es\",\"url\":\"https:\/\/grupnexus.com\/wp-content\/uploads\/NEXUScoco20.jpg\",\"contentUrl\":\"https:\/\/grupnexus.com\/wp-content\/uploads\/NEXUScoco20.jpg\",\"width\":1080,\"height\":734},{\"@type\":\"WebPage\",\"@id\":\"https:\/\/grupnexus.com\/es\/tratamientos-post-verano-a-nexus\/#webpage\",\"url\":\"https:\/\/grupnexus.com\/es\/tratamientos-post-verano-a-nexus\/\",\"name\":\"Eliminaci\u00f3n de varices\",\"isPartOf\":{\"@id\":\"https:\/\/grupnexus.com\/es\/#website\"},\"primaryImageOfPage\":{\"@id\":\"https:\/\/grupnexus.com\/es\/tratamientos-post-verano-a-nexus\/#primaryimage\"},\"datePublished\":\"2014-09-19T09:40:48+00:00\",\"dateModified\":\"2018-09-20T09:37:27+00:00\",\"author\":{\"@id\":\"https:\/\/grupnexus.com\/es\/#\/schema\/person\/e766a805d9eadac3ecbb8c0d3dcd3355\"},\"breadcrumb\":{\"@id\":\"https:\/\/grupnexus.com\/es\/tratamientos-post-verano-a-nexus\/#breadcrumb\"},\"inLanguage\":\"es\",\"potentialAction\":[{\"@type\":\"ReadAction\",\"target\":[\"https:\/\/grupnexus.com\/es\/tratamientos-post-verano-a-nexus\/\"]}]},{\"@type\":\"BreadcrumbList\",\"@id\":\"https:\/\/grupnexus.com\/es\/tratamientos-post-verano-a-nexus\/#breadcrumb\",\"itemListElement\":[{\"@type\":\"ListItem\",\"position\":1,\"name\":\"Portada\",\"item\":\"https:\/\/grupnexus.com\/es\/\"},{\"@type\":\"ListItem\",\"position\":2,\"name\":\"TRATAMIENTOS POST-VERANO A NEXUS\"}]},{\"@type\":\"Person\",\"@id\":\"https:\/\/grupnexus.com\/es\/#\/schema\/person\/e766a805d9eadac3ecbb8c0d3dcd3355\",\"name\":\"Nexus\",\"image\":{\"@type\":\"ImageObject\",\"@id\":\"https:\/\/grupnexus.com\/es\/#personlogo\",\"inLanguage\":\"es\",\"url\":\"https:\/\/secure.gravatar.com\/avatar\/8d9fa4540dd1ce6a7ed07044eb5f16c9?s=96&d=mm&r=g\",\"contentUrl\":\"https:\/\/secure.gravatar.com\/avatar\/8d9fa4540dd1ce6a7ed07044eb5f16c9?s=96&d=mm&r=g\",\"caption\":\"Nexus\"}}]}<\/script>\n<!-- \/ Yoast SEO plugin. -->","yoast_head_json":{"title":"Eliminaci\u00f3n de varices","robots":{"index":"index","follow":"follow","max-snippet":"max-snippet:-1","max-image-preview":"max-image-preview:large","max-video-preview":"max-video-preview:-1"},"canonical":"https:\/\/grupnexus.com\/es\/tratamientos-post-verano-a-nexus\/","og_locale":"es_ES","og_type":"article","og_title":"Eliminaci\u00f3n de varices","og_description":"&nbsp; Una vez pasada la \u00e9poca estival y la mayor exposici\u00f3n solar que \u00e9sta conlleva, es el momento id\u00f3neo para iniciar algunos tratamientos m\u00e9dico-est\u00e9ticos que nos permitir\u00e1n minimizar los efectos indeseables que inexorablemente ha causado el sol en nuestra piel o bien iniciar a otros que no eran compatibles con una exposici\u00f3n solar m\u00e1s o...","og_url":"https:\/\/grupnexus.com\/es\/tratamientos-post-verano-a-nexus\/","og_site_name":"Cl\u00ednica Nexus","article_published_time":"2014-09-19T09:40:48+00:00","article_modified_time":"2018-09-20T09:37:27+00:00","og_image":[{"width":1080,"height":734,"url":"https:\/\/i0.wp.com\/grupnexus.com\/wp-content\/uploads\/NEXUScoco20.jpg?fit=1080%2C734&ssl=1","type":"image\/jpeg"}],"twitter_card":"summary","twitter_misc":{"Escrito por":"Nexus","Tiempo de lectura":"5 minutos"},"schema":{"@context":"https:\/\/schema.org","@graph":[{"@type":"WebSite","@id":"https:\/\/grupnexus.com\/es\/#website","url":"https:\/\/grupnexus.com\/es\/","name":"Cl\u00ednica Nexus","description":"L\u00edders en Medicina Est\u00e8tica Avan\u00e7ada","potentialAction":[{"@type":"SearchAction","target":{"@type":"EntryPoint","urlTemplate":"https:\/\/grupnexus.com\/es\/?s={search_term_string}"},"query-input":"required name=search_term_string"}],"inLanguage":"es"},{"@type":"ImageObject","@id":"https:\/\/grupnexus.com\/es\/tratamientos-post-verano-a-nexus\/#primaryimage","inLanguage":"es","url":"https:\/\/grupnexus.com\/wp-content\/uploads\/NEXUScoco20.jpg","contentUrl":"https:\/\/grupnexus.com\/wp-content\/uploads\/NEXUScoco20.jpg","width":1080,"height":734},{"@type":"WebPage","@id":"https:\/\/grupnexus.com\/es\/tratamientos-post-verano-a-nexus\/#webpage","url":"https:\/\/grupnexus.com\/es\/tratamientos-post-verano-a-nexus\/","name":"Eliminaci\u00f3n de varices","isPartOf":{"@id":"https:\/\/grupnexus.com\/es\/#website"},"primaryImageOfPage":{"@id":"https:\/\/grupnexus.com\/es\/tratamientos-post-verano-a-nexus\/#primaryimage"},"datePublished":"2014-09-19T09:40:48+00:00","dateModified":"2018-09-20T09:37:27+00:00","author":{"@id":"https:\/\/grupnexus.com\/es\/#\/schema\/person\/e766a805d9eadac3ecbb8c0d3dcd3355"},"breadcrumb":{"@id":"https:\/\/grupnexus.com\/es\/tratamientos-post-verano-a-nexus\/#breadcrumb"},"inLanguage":"es","potentialAction":[{"@type":"ReadAction","target":["https:\/\/grupnexus.com\/es\/tratamientos-post-verano-a-nexus\/"]}]},{"@type":"BreadcrumbList","@id":"https:\/\/grupnexus.com\/es\/tratamientos-post-verano-a-nexus\/#breadcrumb","itemListElement":[{"@type":"ListItem","position":1,"name":"Portada","item":"https:\/\/grupnexus.com\/es\/"},{"@type":"ListItem","position":2,"name":"TRATAMIENTOS POST-VERANO A NEXUS"}]},{"@type":"Person","@id":"https:\/\/grupnexus.com\/es\/#\/schema\/person\/e766a805d9eadac3ecbb8c0d3dcd3355","name":"Nexus","image":{"@type":"ImageObject","@id":"https:\/\/grupnexus.com\/es\/#personlogo","inLanguage":"es","url":"https:\/\/secure.gravatar.com\/avatar\/8d9fa4540dd1ce6a7ed07044eb5f16c9?s=96&d=mm&r=g","contentUrl":"https:\/\/secure.gravatar.com\/avatar\/8d9fa4540dd1ce6a7ed07044eb5f16c9?s=96&d=mm&r=g","caption":"Nexus"}}]}},"_links":{"self":[{"href":"https:\/\/grupnexus.com\/es\/wp-json\/wp\/v2\/posts\/1174"}],"collection":[{"href":"https:\/\/grupnexus.com\/es\/wp-json\/wp\/v2\/posts"}],"about":[{"href":"https:\/\/grupnexus.com\/es\/wp-json\/wp\/v2\/types\/post"}],"author":[{"embeddable":true,"href":"https:\/\/grupnexus.com\/es\/wp-json\/wp\/v2\/users\/5"}],"replies":[{"embeddable":true,"href":"https:\/\/grupnexus.com\/es\/wp-json\/wp\/v2\/comments?post=1174"}],"version-history":[{"count":1,"href":"https:\/\/grupnexus.com\/es\/wp-json\/wp\/v2\/posts\/1174\/revisions"}],"predecessor-version":[{"id":17619,"href":"https:\/\/grupnexus.com\/es\/wp-json\/wp\/v2\/posts\/1174\/revisions\/17619"}],"wp:featuredmedia":[{"embeddable":true,"href":"https:\/\/grupnexus.com\/es\/wp-json\/wp\/v2\/media\/230"}],"wp:attachment":[{"href":"https:\/\/grupnexus.com\/es\/wp-json\/wp\/v2\/media?parent=1174"}],"wp:term":[{"taxonomy":"category","embeddable":true,"href":"https:\/\/grupnexus.com\/es\/wp-json\/wp\/v2\/categories?post=1174"},{"taxonomy":"post_tag","embeddable":true,"href":"https:\/\/grupnexus.com\/es\/wp-json\/wp\/v2\/tags?post=1174"}],"curies":[{"name":"wp","href":"https:\/\/api.w.org\/{rel}","templated":true}]}}