{"id":1176,"date":"2014-07-01T12:55:18","date_gmt":"2014-07-01T11:55:18","guid":{"rendered":"http:\/\/www.grupnexus.com\/ozonoterapia-en-la-fibromialgia-2\/"},"modified":"2015-10-04T18:41:52","modified_gmt":"2015-10-04T16:41:52","slug":"ozonoterapia-en-la-fibromialgia","status":"publish","type":"post","link":"https:\/\/grupnexus.com\/es\/ozonoterapia-en-la-fibromialgia\/","title":{"rendered":"OZONOTER\u00c1PIA EN LA FIBROMI\u00c1LGIA"},"content":{"rendered":"<p>&nbsp;<\/p>\n<p><b>Ten\u00eda que pasar<\/b>, y as\u00ed ha sido: Hace pocas <b>semanas la ministra de Sanidad anunciaba la incorporaci\u00f3n de determinados tratamientos de ozonoter\u00e1pia m\u00e9dica dentro del Sistema Nacional de Salud<\/b> (concretamente, en patolog\u00eda vertebral) al haberse evidenciado, ante algunos tratamientos actuales, su superior efectividad, inocuidad y, en los tiempos actuales, tambi\u00e9n importante, una econom\u00eda asequible. Tal como ya dijimos en el art\u00edculo que dedicamos a la patolog\u00eda vertebral, a medida que se vayan conociendo y constatando las bondades y la eficacia del ozono m\u00e9dico, tanto entre los pacientes c\u00f3mo entre los profesionales de la salud, la ozonoter\u00e1pia acabar\u00e1 logrando en nuestro pa\u00eds el lugar preeminente que le corresponde dentro de los protocolos terap\u00e9uticos de numerosas patolog\u00edas, como ya ha sucedido en pa\u00edses m\u00e1s avanzados de nuestro entorno.<\/p>\n<p><strong><i>La ozonoter\u00e1pia acabar\u00e1 logrando en nuestro pa\u00eds\u00a0<\/i><i>el lugar preeminente que le corresponde<\/i><\/strong><\/p>\n<p>Otra patolog\u00eda en la cual la ozonoter\u00e1pia est\u00e1 llamada a tener un papel terap\u00e9utico importante es la fibromi\u00e1lgia. Tanto es as\u00ed que, de hecho, las principales cl\u00ednicas privadas del pa\u00eds o el Instituto Catal\u00e1n de Reumatolog\u00eda la integran ya dentro de sus esquemas terap\u00e9uticos<b>. Numerosos estudios avalan esta eficacia<\/b>, incluido con una muestra de 3.000 pacientes seguidos durante cinco a\u00f1os, en que se evidencia una evoluci\u00f3n cl\u00ednica significativamente m\u00e1s favorable en los pacientes tratados con ozono que en aquellos a los cuales no se hab\u00eda aplicado esta terapia.<\/p>\n<p><b>La fibromi\u00e1lgia es un tipo de reumatismo no articular caracterizado por dolor musculoesquel\u00e9tico generalizado y una sensaci\u00f3n dolorosa a la presi\u00f3n en unos puntos determinados<\/b> (puntos gatillo). Adem\u00e1s del dolor, los pacientes presentan otros s\u00edntomas como cansancio, alteraciones del sue\u00f1o y hormigueos nocturnos. En el Estado espa\u00f1ol hay m\u00e1s de 800.000 afectados, de los cuales entre el 80 y el 90% son mujeres de edades comprendidas entre los 30 y los 50 a\u00f1os. Generalmente, estos pacientes son tratados con analg\u00e9sicos, antiinflamatorio, relajantes musculares y antidepresivos, y presentan una escasa o nula respuesta a estos f\u00e1rmacos. En resumen, diremos que el ozono, aparte de su incomparable acci\u00f3n analg\u00e9sico, antiinflamatorio, antioxidante y immunoreguladora, act\u00faa <b>mejorando la oxigenaci\u00f3n celular y de la placa motora<\/b>, y regularizando la secreci\u00f3n de ciertas sustancias implicadas a nivel del sistema nervioso central, en la producci\u00f3n y percepci\u00f3n del dolor.<\/p>\n<p>Todo esto comporta, adem\u00e1s de <b>disminuir el dolor<\/b>, una <b>reducci\u00f3n del cansancio y la fatiga<\/b> presentes en el cuadro, una <b>mejora en la calidad del sue\u00f1o<\/b> y una reducci\u00f3n de la ansiedad-depresi\u00f3n que a menudo los acompa\u00f1a. En definitiva, la <b>ozonoter\u00e1pia incrementa significativamente la calidad de vida del paciente<\/b>, a la vez que disminuye la dependencia farmacol\u00f3gica a que se ven abocados estos enfermos, y el que es m\u00e1s importante, sin ning\u00fan riesgo ni efecto secundario. Para lograr estos resultados tan deseables<b>, es imperativo ponerse en manos de un m\u00e9dico ozon\u00f3logo experimentado<\/b>, buen conocedor de las propiedades fisicoqu\u00edmicas y m\u00e9dicas de este gas y que establezca un plan de tratamiento apropiado a cada caso. La aplicaci\u00f3n de protocolos inadecuados o de vol\u00famenes, dosis o concentraciones incorrectas del gas convierten el tratamiento, sencillamente, en inefectivo.<\/p>\n<p><strong><i>La ozonoter\u00e1pia incrementa la calidad de vida y disminuye la dependencia farmacol\u00f3gica<\/i><\/strong><\/p>\n<p>A pesar de todas estas bondades del ozono m\u00e9dico, que tambi\u00e9n son extensibles a patolog\u00edas afines, como <b>el S\u00edndrome de Fatiga Cr\u00f3nica <\/b>y la <b>Sensibilidad Qu\u00edmica M\u00faltiple<\/b>, hay que subrayar que el paciente con fibromi\u00e1lgia requiere un abordaje terap\u00e9utico multidisciplinario (con la intervenci\u00f3n de varios especialistas, como reumat\u00f3logos, psiquiatras, nutricionistas o fisioterapeutas) que incluya diferentes tipos de terapias de acuerdo con la cl\u00ednica que presenta. Pero creemos, tanto por experiencia personal y ajena como por los numerosos y crecientes estudios sobre este tema, que <b>un eje central en el abordaje terap\u00e9utico de estos pacientes pasa hoy en d\u00eda por la ozonoter\u00e1pia muy aplicada<\/b>, y que a pesar de los intereses contrarios de la industria farmac\u00e9utica, se acabar\u00e1 incorporando, por pura evidencia cl\u00ednica, en el protocolo terap\u00e9utico de esta enfermedad, como ya ha sucedido en la patolog\u00eda vertebral.<\/p>\n<p>&nbsp;<\/p>\n","protected":false},"excerpt":{"rendered":"<p>&nbsp; Ten\u00eda que pasar, y as\u00ed ha sido: Hace pocas semanas la ministra de Sanidad anunciaba la incorporaci\u00f3n de determinados tratamientos de ozonoter\u00e1pia m\u00e9dica dentro del Sistema Nacional de Salud (concretamente, en patolog\u00eda vertebral) al haberse evidenciado, ante algunos tratamientos actuales, su superior efectividad, inocuidad y, en los tiempos actuales, tambi\u00e9n importante, una econom\u00eda asequible&#8230;.<\/p>\n","protected":false},"author":5,"featured_media":239,"comment_status":"open","ping_status":"open","sticky":false,"template":"","format":"standard","meta":[],"categories":[7],"tags":[],"yoast_head":"<!-- This site is optimized with the Yoast SEO plugin v18.6 - https:\/\/yoast.com\/wordpress\/plugins\/seo\/ -->\n<title>OZONOTER\u00c1PIA EN LA FIBROMI\u00c1LGIA<\/title>\n<meta name=\"robots\" content=\"index, follow, max-snippet:-1, max-image-preview:large, max-video-preview:-1\" \/>\n<link rel=\"canonical\" href=\"https:\/\/grupnexus.com\/es\/ozonoterapia-en-la-fibromialgia\/\" \/>\n<meta property=\"og:locale\" content=\"es_ES\" \/>\n<meta property=\"og:type\" content=\"article\" \/>\n<meta property=\"og:title\" content=\"OZONOTER\u00c1PIA EN LA FIBROMI\u00c1LGIA\" \/>\n<meta property=\"og:description\" content=\"&nbsp; Ten\u00eda que pasar, y as\u00ed ha sido: Hace pocas semanas la ministra de Sanidad anunciaba la incorporaci\u00f3n de determinados tratamientos de ozonoter\u00e1pia m\u00e9dica dentro del Sistema Nacional de Salud (concretamente, en patolog\u00eda vertebral) al haberse evidenciado, ante algunos tratamientos actuales, su superior efectividad, inocuidad y, en los tiempos actuales, tambi\u00e9n importante, una econom\u00eda asequible....\" \/>\n<meta property=\"og:url\" content=\"https:\/\/grupnexus.com\/es\/ozonoterapia-en-la-fibromialgia\/\" \/>\n<meta property=\"og:site_name\" content=\"Cl\u00ednica Nexus\" \/>\n<meta property=\"article:published_time\" content=\"2014-07-01T11:55:18+00:00\" \/>\n<meta property=\"article:modified_time\" content=\"2015-10-04T16:41:52+00:00\" \/>\n<meta property=\"og:image\" content=\"https:\/\/i0.wp.com\/grupnexus.com\/wp-content\/uploads\/nexusFibromialgia.jpg?fit=1080%2C734&#038;ssl=1\" \/>\n\t<meta property=\"og:image:width\" content=\"1080\" \/>\n\t<meta property=\"og:image:height\" content=\"734\" \/>\n\t<meta property=\"og:image:type\" content=\"image\/jpeg\" \/>\n<meta name=\"twitter:card\" content=\"summary\" \/>\n<meta name=\"twitter:label1\" content=\"Escrito por\" \/>\n\t<meta name=\"twitter:data1\" content=\"Nexus\" \/>\n\t<meta name=\"twitter:label2\" content=\"Tiempo de lectura\" \/>\n\t<meta name=\"twitter:data2\" content=\"4 minutos\" \/>\n<script type=\"application\/ld+json\" class=\"yoast-schema-graph\">{\"@context\":\"https:\/\/schema.org\",\"@graph\":[{\"@type\":\"WebSite\",\"@id\":\"https:\/\/grupnexus.com\/es\/#website\",\"url\":\"https:\/\/grupnexus.com\/es\/\",\"name\":\"Cl\u00ednica Nexus\",\"description\":\"L\u00edders en Medicina Est\u00e8tica Avan\u00e7ada\",\"potentialAction\":[{\"@type\":\"SearchAction\",\"target\":{\"@type\":\"EntryPoint\",\"urlTemplate\":\"https:\/\/grupnexus.com\/es\/?s={search_term_string}\"},\"query-input\":\"required name=search_term_string\"}],\"inLanguage\":\"es\"},{\"@type\":\"ImageObject\",\"@id\":\"https:\/\/grupnexus.com\/es\/ozonoterapia-en-la-fibromialgia\/#primaryimage\",\"inLanguage\":\"es\",\"url\":\"https:\/\/grupnexus.com\/wp-content\/uploads\/nexusFibromialgia.jpg\",\"contentUrl\":\"https:\/\/grupnexus.com\/wp-content\/uploads\/nexusFibromialgia.jpg\",\"width\":1080,\"height\":734},{\"@type\":\"WebPage\",\"@id\":\"https:\/\/grupnexus.com\/es\/ozonoterapia-en-la-fibromialgia\/#webpage\",\"url\":\"https:\/\/grupnexus.com\/es\/ozonoterapia-en-la-fibromialgia\/\",\"name\":\"OZONOTER\u00c1PIA EN LA FIBROMI\u00c1LGIA\",\"isPartOf\":{\"@id\":\"https:\/\/grupnexus.com\/es\/#website\"},\"primaryImageOfPage\":{\"@id\":\"https:\/\/grupnexus.com\/es\/ozonoterapia-en-la-fibromialgia\/#primaryimage\"},\"datePublished\":\"2014-07-01T11:55:18+00:00\",\"dateModified\":\"2015-10-04T16:41:52+00:00\",\"author\":{\"@id\":\"https:\/\/grupnexus.com\/es\/#\/schema\/person\/e766a805d9eadac3ecbb8c0d3dcd3355\"},\"breadcrumb\":{\"@id\":\"https:\/\/grupnexus.com\/es\/ozonoterapia-en-la-fibromialgia\/#breadcrumb\"},\"inLanguage\":\"es\",\"potentialAction\":[{\"@type\":\"ReadAction\",\"target\":[\"https:\/\/grupnexus.com\/es\/ozonoterapia-en-la-fibromialgia\/\"]}]},{\"@type\":\"BreadcrumbList\",\"@id\":\"https:\/\/grupnexus.com\/es\/ozonoterapia-en-la-fibromialgia\/#breadcrumb\",\"itemListElement\":[{\"@type\":\"ListItem\",\"position\":1,\"name\":\"Portada\",\"item\":\"https:\/\/grupnexus.com\/es\/\"},{\"@type\":\"ListItem\",\"position\":2,\"name\":\"OZONOTER\u00c1PIA EN LA FIBROMI\u00c1LGIA\"}]},{\"@type\":\"Person\",\"@id\":\"https:\/\/grupnexus.com\/es\/#\/schema\/person\/e766a805d9eadac3ecbb8c0d3dcd3355\",\"name\":\"Nexus\",\"image\":{\"@type\":\"ImageObject\",\"@id\":\"https:\/\/grupnexus.com\/es\/#personlogo\",\"inLanguage\":\"es\",\"url\":\"https:\/\/secure.gravatar.com\/avatar\/8d9fa4540dd1ce6a7ed07044eb5f16c9?s=96&d=mm&r=g\",\"contentUrl\":\"https:\/\/secure.gravatar.com\/avatar\/8d9fa4540dd1ce6a7ed07044eb5f16c9?s=96&d=mm&r=g\",\"caption\":\"Nexus\"}}]}<\/script>\n<!-- \/ Yoast SEO plugin. -->","yoast_head_json":{"title":"OZONOTER\u00c1PIA EN LA FIBROMI\u00c1LGIA","robots":{"index":"index","follow":"follow","max-snippet":"max-snippet:-1","max-image-preview":"max-image-preview:large","max-video-preview":"max-video-preview:-1"},"canonical":"https:\/\/grupnexus.com\/es\/ozonoterapia-en-la-fibromialgia\/","og_locale":"es_ES","og_type":"article","og_title":"OZONOTER\u00c1PIA EN LA FIBROMI\u00c1LGIA","og_description":"&nbsp; Ten\u00eda que pasar, y as\u00ed ha sido: Hace pocas semanas la ministra de Sanidad anunciaba la incorporaci\u00f3n de determinados tratamientos de ozonoter\u00e1pia m\u00e9dica dentro del Sistema Nacional de Salud (concretamente, en patolog\u00eda vertebral) al haberse evidenciado, ante algunos tratamientos actuales, su superior efectividad, inocuidad y, en los tiempos actuales, tambi\u00e9n importante, una econom\u00eda asequible....","og_url":"https:\/\/grupnexus.com\/es\/ozonoterapia-en-la-fibromialgia\/","og_site_name":"Cl\u00ednica Nexus","article_published_time":"2014-07-01T11:55:18+00:00","article_modified_time":"2015-10-04T16:41:52+00:00","og_image":[{"width":1080,"height":734,"url":"https:\/\/i0.wp.com\/grupnexus.com\/wp-content\/uploads\/nexusFibromialgia.jpg?fit=1080%2C734&ssl=1","type":"image\/jpeg"}],"twitter_card":"summary","twitter_misc":{"Escrito por":"Nexus","Tiempo de lectura":"4 minutos"},"schema":{"@context":"https:\/\/schema.org","@graph":[{"@type":"WebSite","@id":"https:\/\/grupnexus.com\/es\/#website","url":"https:\/\/grupnexus.com\/es\/","name":"Cl\u00ednica Nexus","description":"L\u00edders en Medicina Est\u00e8tica Avan\u00e7ada","potentialAction":[{"@type":"SearchAction","target":{"@type":"EntryPoint","urlTemplate":"https:\/\/grupnexus.com\/es\/?s={search_term_string}"},"query-input":"required name=search_term_string"}],"inLanguage":"es"},{"@type":"ImageObject","@id":"https:\/\/grupnexus.com\/es\/ozonoterapia-en-la-fibromialgia\/#primaryimage","inLanguage":"es","url":"https:\/\/grupnexus.com\/wp-content\/uploads\/nexusFibromialgia.jpg","contentUrl":"https:\/\/grupnexus.com\/wp-content\/uploads\/nexusFibromialgia.jpg","width":1080,"height":734},{"@type":"WebPage","@id":"https:\/\/grupnexus.com\/es\/ozonoterapia-en-la-fibromialgia\/#webpage","url":"https:\/\/grupnexus.com\/es\/ozonoterapia-en-la-fibromialgia\/","name":"OZONOTER\u00c1PIA EN LA FIBROMI\u00c1LGIA","isPartOf":{"@id":"https:\/\/grupnexus.com\/es\/#website"},"primaryImageOfPage":{"@id":"https:\/\/grupnexus.com\/es\/ozonoterapia-en-la-fibromialgia\/#primaryimage"},"datePublished":"2014-07-01T11:55:18+00:00","dateModified":"2015-10-04T16:41:52+00:00","author":{"@id":"https:\/\/grupnexus.com\/es\/#\/schema\/person\/e766a805d9eadac3ecbb8c0d3dcd3355"},"breadcrumb":{"@id":"https:\/\/grupnexus.com\/es\/ozonoterapia-en-la-fibromialgia\/#breadcrumb"},"inLanguage":"es","potentialAction":[{"@type":"ReadAction","target":["https:\/\/grupnexus.com\/es\/ozonoterapia-en-la-fibromialgia\/"]}]},{"@type":"BreadcrumbList","@id":"https:\/\/grupnexus.com\/es\/ozonoterapia-en-la-fibromialgia\/#breadcrumb","itemListElement":[{"@type":"ListItem","position":1,"name":"Portada","item":"https:\/\/grupnexus.com\/es\/"},{"@type":"ListItem","position":2,"name":"OZONOTER\u00c1PIA EN LA FIBROMI\u00c1LGIA"}]},{"@type":"Person","@id":"https:\/\/grupnexus.com\/es\/#\/schema\/person\/e766a805d9eadac3ecbb8c0d3dcd3355","name":"Nexus","image":{"@type":"ImageObject","@id":"https:\/\/grupnexus.com\/es\/#personlogo","inLanguage":"es","url":"https:\/\/secure.gravatar.com\/avatar\/8d9fa4540dd1ce6a7ed07044eb5f16c9?s=96&d=mm&r=g","contentUrl":"https:\/\/secure.gravatar.com\/avatar\/8d9fa4540dd1ce6a7ed07044eb5f16c9?s=96&d=mm&r=g","caption":"Nexus"}}]}},"_links":{"self":[{"href":"https:\/\/grupnexus.com\/es\/wp-json\/wp\/v2\/posts\/1176"}],"collection":[{"href":"https:\/\/grupnexus.com\/es\/wp-json\/wp\/v2\/posts"}],"about":[{"href":"https:\/\/grupnexus.com\/es\/wp-json\/wp\/v2\/types\/post"}],"author":[{"embeddable":true,"href":"https:\/\/grupnexus.com\/es\/wp-json\/wp\/v2\/users\/5"}],"replies":[{"embeddable":true,"href":"https:\/\/grupnexus.com\/es\/wp-json\/wp\/v2\/comments?post=1176"}],"version-history":[{"count":0,"href":"https:\/\/grupnexus.com\/es\/wp-json\/wp\/v2\/posts\/1176\/revisions"}],"wp:featuredmedia":[{"embeddable":true,"href":"https:\/\/grupnexus.com\/es\/wp-json\/wp\/v2\/media\/239"}],"wp:attachment":[{"href":"https:\/\/grupnexus.com\/es\/wp-json\/wp\/v2\/media?parent=1176"}],"wp:term":[{"taxonomy":"category","embeddable":true,"href":"https:\/\/grupnexus.com\/es\/wp-json\/wp\/v2\/categories?post=1176"},{"taxonomy":"post_tag","embeddable":true,"href":"https:\/\/grupnexus.com\/es\/wp-json\/wp\/v2\/tags?post=1176"}],"curies":[{"name":"wp","href":"https:\/\/api.w.org\/{rel}","templated":true}]}}