{"id":1180,"date":"2014-05-23T10:20:33","date_gmt":"2014-05-23T09:20:33","guid":{"rendered":"http:\/\/www.grupnexus.com\/ozonoterapia-en-la-cel%c2%b7lulitis-estries-2\/"},"modified":"2015-10-04T19:00:31","modified_gmt":"2015-10-04T17:00:31","slug":"ozonoterapia-en-la-celulitis-y-estrias","status":"publish","type":"post","link":"https:\/\/grupnexus.com\/es\/ozonoterapia-en-la-celulitis-y-estrias\/","title":{"rendered":"OZONOTERAPIA EN LA CELULITIS Y ESTR\u00cdAS"},"content":{"rendered":"<p>&nbsp;<\/p>\n<h3>Ozonoterapia\u00a0en la Celulitis i Estr\u00edas<\/h3>\n<p>En Medicina Est\u00e9tica, el t\u00e9rmino celulitis se refiere b\u00e1sicamente a una degeneraci\u00f3n del tejido adiposo subcut\u00e1neo a consecuencia de un trastorno circulatorio a nivel local. Este hecho comporta en \u00faltimo t\u00e9rmino una alteraci\u00f3n de la textura cut\u00e1nea, origin\u00e1ndose los llamados <b>\u201cn\u00f3dulos celul\u00edticos\u201d <\/b>y la <b>\u201cpiel de naranja\u201d<\/b>, que dan un aspecto muy inest\u00e9tico en la piel de la zona en cuesti\u00f3n.<\/p>\n<p><b>La administraci\u00f3n local de ozono en el tejido celular subcut\u00e1neo:<\/b><\/p>\n<ul>\n<li>Mejora la microcirculaci\u00f3n y la oxigenaci\u00f3n de la zona.<\/li>\n<li>Vuelve soluble la grasa, y por tanto, facilita su eliminaci\u00f3n.<\/li>\n<li>Reabsorbe las fibras conectivas que rodean los adipocitos, eliminando as\u00ed los n\u00f3dulos celul\u00edticos en particular y la \u2018piel de naranja\u2019 en general.<\/li>\n<\/ul>\n<p>El esquema terap\u00e9utico se individualiza seg\u00fan cada caso atendiendo a sus caracter\u00edsticas cl\u00ednicas y los factores etiol\u00f3gicos involucrados. La eficacia y mejora cl\u00ednica son casi espectaculares ya desde las primeras sesiones, mejorando tanto el aspecto externo como, lo m\u00e1s importante, las causas que la provocan. Aplicando la terapia seg\u00fan protocolos perfectamente estudiados y estandarizados, podemos afirmar que,\u00a0<b>hoy por hoy, es el tratamiento m\u00e1s efectivo conocido<\/b>\u00a0para esta alteraci\u00f3n. Adem\u00e1s, no tiene efectos secundarios, es muy bien tolerada y permite combinarla, en su caso y seg\u00fan el caso, con otras terapias coadyuvantes como drenajes linf\u00e1ticos o presoterapia.<\/p>\n<p>Las capacidades oxigenantes, revitalizantes y regeneradoras del ozono, se utilizan tambi\u00e9n para tratar otras alteraciones dermoest\u00e8tiques como las\u00a0<b>estr\u00edas<\/b>\u00a0y la\u00a0<b>flacidez<\/b>.\u00a0En el caso de las estr\u00edas, actuando con mecanismos similares a los expuestos en el tratamiento de la celulitis, mejora el aspecto y coloraci\u00f3n, y difumina notablemente los l\u00edmites, haciendo que, junto con la mejora global de la textura cut\u00e1nea de el \u00e1rea, el resultado est\u00e9tico sea excelente y muy superior a todos los dem\u00e1s tratamientos empleados para este fin. Igualmente que en la celulitis, el planning terap\u00e9utico se personaliza seg\u00fan cada caso y puede combinarse sin problemas con otros tratamientos afines, sobre todo con Factores de Crecimiento (que a su vez tambi\u00e9n pueden ozonizarse), para incrementar m\u00e1s aunque su potencia regeneradora cut\u00e1nea.<\/p>\n<p>Las interminables propiedades del ozono permiten que tenga un amplio terreno de actuaci\u00f3n tambi\u00e9n dentro de la Medicina Est\u00e9tica y as\u00ed, aparte de las dos alteraciones comentadas, es especialmente eficaz para tratar otros problemas m\u00e9dico-est\u00e9ticos como la flacidez, envejecimiento cut\u00e1neo, arrugas , alopecia, varices, acn\u00e9 etc \u2026<\/p>\n<p>Todo un potencial terap\u00e9utico inalcanzable\u2026 al alcance de todos!<\/p>\n<p>Un equipo\u00a0<b>professional<\/b>\u00a0a vuestro servicio cada d\u00eda<\/p>\n<p><b>Dr. Samuel Pin\u00f3s, col\u00b7legiat 2825<\/b><br \/>\nM\u00e1ster en Ozonoterapia M\u00e9dica<br \/>\nM\u00e1ster Universitario en Medicina Est\u00e9tica<br \/>\nEspecialista universitario en Medicina Est\u00e9tica<br \/>\nMiembro numerario de la Sociedad Espa\u00f1ola de L\u00e1ser Medicoquir\u00fargico<br \/>\nDirector de la Plataforma L\u00e1ser de Nexus Biom\u00e8dic<br \/>\nDirector m\u00e9dico de las cl\u00ednicas Nexus<\/p>\n<p>&nbsp;<\/p>\n","protected":false},"excerpt":{"rendered":"<p>&nbsp; Ozonoterapia\u00a0en la Celulitis i Estr\u00edas En Medicina Est\u00e9tica, el t\u00e9rmino celulitis se refiere b\u00e1sicamente a una degeneraci\u00f3n del tejido adiposo subcut\u00e1neo a consecuencia de un trastorno circulatorio a nivel local. Este hecho comporta en \u00faltimo t\u00e9rmino una alteraci\u00f3n de la textura cut\u00e1nea, origin\u00e1ndose los llamados \u201cn\u00f3dulos celul\u00edticos\u201d y la \u201cpiel de naranja\u201d, que dan&#8230;<\/p>\n","protected":false},"author":5,"featured_media":736,"comment_status":"open","ping_status":"open","sticky":false,"template":"","format":"standard","meta":[],"categories":[7],"tags":[],"yoast_head":"<!-- This site is optimized with the Yoast SEO plugin v18.6 - https:\/\/yoast.com\/wordpress\/plugins\/seo\/ -->\n<title>OZONOTERAPIA EN LA CELULITIS Y ESTR\u00cdAS<\/title>\n<meta name=\"robots\" content=\"index, follow, max-snippet:-1, max-image-preview:large, max-video-preview:-1\" \/>\n<link rel=\"canonical\" href=\"https:\/\/grupnexus.com\/es\/ozonoterapia-en-la-celulitis-y-estrias\/\" \/>\n<meta property=\"og:locale\" content=\"es_ES\" \/>\n<meta property=\"og:type\" content=\"article\" \/>\n<meta property=\"og:title\" content=\"OZONOTERAPIA EN LA CELULITIS Y ESTR\u00cdAS\" \/>\n<meta property=\"og:description\" content=\"&nbsp; Ozonoterapia\u00a0en la Celulitis i Estr\u00edas En Medicina Est\u00e9tica, el t\u00e9rmino celulitis se refiere b\u00e1sicamente a una degeneraci\u00f3n del tejido adiposo subcut\u00e1neo a consecuencia de un trastorno circulatorio a nivel local. Este hecho comporta en \u00faltimo t\u00e9rmino una alteraci\u00f3n de la textura cut\u00e1nea, origin\u00e1ndose los llamados \u201cn\u00f3dulos celul\u00edticos\u201d y la \u201cpiel de naranja\u201d, que dan...\" \/>\n<meta property=\"og:url\" content=\"https:\/\/grupnexus.com\/es\/ozonoterapia-en-la-celulitis-y-estrias\/\" \/>\n<meta property=\"og:site_name\" content=\"Cl\u00ednica Nexus\" \/>\n<meta property=\"article:published_time\" content=\"2014-05-23T09:20:33+00:00\" \/>\n<meta property=\"article:modified_time\" content=\"2015-10-04T17:00:31+00:00\" \/>\n<meta property=\"og:image\" content=\"https:\/\/i0.wp.com\/grupnexus.com\/wp-content\/uploads\/publicacio_Ozonoterapia.jpg?fit=1080%2C734&#038;ssl=1\" \/>\n\t<meta property=\"og:image:width\" content=\"1080\" \/>\n\t<meta property=\"og:image:height\" content=\"734\" \/>\n\t<meta property=\"og:image:type\" content=\"image\/jpeg\" \/>\n<meta name=\"twitter:card\" content=\"summary\" \/>\n<meta name=\"twitter:label1\" content=\"Escrito por\" \/>\n\t<meta name=\"twitter:data1\" content=\"Nexus\" \/>\n\t<meta name=\"twitter:label2\" content=\"Tiempo de lectura\" \/>\n\t<meta name=\"twitter:data2\" content=\"3 minutos\" \/>\n<script type=\"application\/ld+json\" class=\"yoast-schema-graph\">{\"@context\":\"https:\/\/schema.org\",\"@graph\":[{\"@type\":\"WebSite\",\"@id\":\"https:\/\/grupnexus.com\/es\/#website\",\"url\":\"https:\/\/grupnexus.com\/es\/\",\"name\":\"Cl\u00ednica Nexus\",\"description\":\"L\u00edders en Medicina Est\u00e8tica Avan\u00e7ada\",\"potentialAction\":[{\"@type\":\"SearchAction\",\"target\":{\"@type\":\"EntryPoint\",\"urlTemplate\":\"https:\/\/grupnexus.com\/es\/?s={search_term_string}\"},\"query-input\":\"required name=search_term_string\"}],\"inLanguage\":\"es\"},{\"@type\":\"ImageObject\",\"@id\":\"https:\/\/grupnexus.com\/es\/ozonoterapia-en-la-celulitis-y-estrias\/#primaryimage\",\"inLanguage\":\"es\",\"url\":\"https:\/\/grupnexus.com\/wp-content\/uploads\/publicacio_Ozonoterapia.jpg\",\"contentUrl\":\"https:\/\/grupnexus.com\/wp-content\/uploads\/publicacio_Ozonoterapia.jpg\",\"width\":1080,\"height\":734},{\"@type\":\"WebPage\",\"@id\":\"https:\/\/grupnexus.com\/es\/ozonoterapia-en-la-celulitis-y-estrias\/#webpage\",\"url\":\"https:\/\/grupnexus.com\/es\/ozonoterapia-en-la-celulitis-y-estrias\/\",\"name\":\"OZONOTERAPIA EN LA CELULITIS Y ESTR\u00cdAS\",\"isPartOf\":{\"@id\":\"https:\/\/grupnexus.com\/es\/#website\"},\"primaryImageOfPage\":{\"@id\":\"https:\/\/grupnexus.com\/es\/ozonoterapia-en-la-celulitis-y-estrias\/#primaryimage\"},\"datePublished\":\"2014-05-23T09:20:33+00:00\",\"dateModified\":\"2015-10-04T17:00:31+00:00\",\"author\":{\"@id\":\"https:\/\/grupnexus.com\/es\/#\/schema\/person\/e766a805d9eadac3ecbb8c0d3dcd3355\"},\"breadcrumb\":{\"@id\":\"https:\/\/grupnexus.com\/es\/ozonoterapia-en-la-celulitis-y-estrias\/#breadcrumb\"},\"inLanguage\":\"es\",\"potentialAction\":[{\"@type\":\"ReadAction\",\"target\":[\"https:\/\/grupnexus.com\/es\/ozonoterapia-en-la-celulitis-y-estrias\/\"]}]},{\"@type\":\"BreadcrumbList\",\"@id\":\"https:\/\/grupnexus.com\/es\/ozonoterapia-en-la-celulitis-y-estrias\/#breadcrumb\",\"itemListElement\":[{\"@type\":\"ListItem\",\"position\":1,\"name\":\"Portada\",\"item\":\"https:\/\/grupnexus.com\/es\/\"},{\"@type\":\"ListItem\",\"position\":2,\"name\":\"OZONOTERAPIA EN LA CELULITIS Y ESTR\u00cdAS\"}]},{\"@type\":\"Person\",\"@id\":\"https:\/\/grupnexus.com\/es\/#\/schema\/person\/e766a805d9eadac3ecbb8c0d3dcd3355\",\"name\":\"Nexus\",\"image\":{\"@type\":\"ImageObject\",\"@id\":\"https:\/\/grupnexus.com\/es\/#personlogo\",\"inLanguage\":\"es\",\"url\":\"https:\/\/secure.gravatar.com\/avatar\/8d9fa4540dd1ce6a7ed07044eb5f16c9?s=96&d=mm&r=g\",\"contentUrl\":\"https:\/\/secure.gravatar.com\/avatar\/8d9fa4540dd1ce6a7ed07044eb5f16c9?s=96&d=mm&r=g\",\"caption\":\"Nexus\"}}]}<\/script>\n<!-- \/ Yoast SEO plugin. -->","yoast_head_json":{"title":"OZONOTERAPIA EN LA CELULITIS Y ESTR\u00cdAS","robots":{"index":"index","follow":"follow","max-snippet":"max-snippet:-1","max-image-preview":"max-image-preview:large","max-video-preview":"max-video-preview:-1"},"canonical":"https:\/\/grupnexus.com\/es\/ozonoterapia-en-la-celulitis-y-estrias\/","og_locale":"es_ES","og_type":"article","og_title":"OZONOTERAPIA EN LA CELULITIS Y ESTR\u00cdAS","og_description":"&nbsp; Ozonoterapia\u00a0en la Celulitis i Estr\u00edas En Medicina Est\u00e9tica, el t\u00e9rmino celulitis se refiere b\u00e1sicamente a una degeneraci\u00f3n del tejido adiposo subcut\u00e1neo a consecuencia de un trastorno circulatorio a nivel local. Este hecho comporta en \u00faltimo t\u00e9rmino una alteraci\u00f3n de la textura cut\u00e1nea, origin\u00e1ndose los llamados \u201cn\u00f3dulos celul\u00edticos\u201d y la \u201cpiel de naranja\u201d, que dan...","og_url":"https:\/\/grupnexus.com\/es\/ozonoterapia-en-la-celulitis-y-estrias\/","og_site_name":"Cl\u00ednica Nexus","article_published_time":"2014-05-23T09:20:33+00:00","article_modified_time":"2015-10-04T17:00:31+00:00","og_image":[{"width":1080,"height":734,"url":"https:\/\/i0.wp.com\/grupnexus.com\/wp-content\/uploads\/publicacio_Ozonoterapia.jpg?fit=1080%2C734&ssl=1","type":"image\/jpeg"}],"twitter_card":"summary","twitter_misc":{"Escrito por":"Nexus","Tiempo de lectura":"3 minutos"},"schema":{"@context":"https:\/\/schema.org","@graph":[{"@type":"WebSite","@id":"https:\/\/grupnexus.com\/es\/#website","url":"https:\/\/grupnexus.com\/es\/","name":"Cl\u00ednica Nexus","description":"L\u00edders en Medicina Est\u00e8tica Avan\u00e7ada","potentialAction":[{"@type":"SearchAction","target":{"@type":"EntryPoint","urlTemplate":"https:\/\/grupnexus.com\/es\/?s={search_term_string}"},"query-input":"required name=search_term_string"}],"inLanguage":"es"},{"@type":"ImageObject","@id":"https:\/\/grupnexus.com\/es\/ozonoterapia-en-la-celulitis-y-estrias\/#primaryimage","inLanguage":"es","url":"https:\/\/grupnexus.com\/wp-content\/uploads\/publicacio_Ozonoterapia.jpg","contentUrl":"https:\/\/grupnexus.com\/wp-content\/uploads\/publicacio_Ozonoterapia.jpg","width":1080,"height":734},{"@type":"WebPage","@id":"https:\/\/grupnexus.com\/es\/ozonoterapia-en-la-celulitis-y-estrias\/#webpage","url":"https:\/\/grupnexus.com\/es\/ozonoterapia-en-la-celulitis-y-estrias\/","name":"OZONOTERAPIA EN LA CELULITIS Y ESTR\u00cdAS","isPartOf":{"@id":"https:\/\/grupnexus.com\/es\/#website"},"primaryImageOfPage":{"@id":"https:\/\/grupnexus.com\/es\/ozonoterapia-en-la-celulitis-y-estrias\/#primaryimage"},"datePublished":"2014-05-23T09:20:33+00:00","dateModified":"2015-10-04T17:00:31+00:00","author":{"@id":"https:\/\/grupnexus.com\/es\/#\/schema\/person\/e766a805d9eadac3ecbb8c0d3dcd3355"},"breadcrumb":{"@id":"https:\/\/grupnexus.com\/es\/ozonoterapia-en-la-celulitis-y-estrias\/#breadcrumb"},"inLanguage":"es","potentialAction":[{"@type":"ReadAction","target":["https:\/\/grupnexus.com\/es\/ozonoterapia-en-la-celulitis-y-estrias\/"]}]},{"@type":"BreadcrumbList","@id":"https:\/\/grupnexus.com\/es\/ozonoterapia-en-la-celulitis-y-estrias\/#breadcrumb","itemListElement":[{"@type":"ListItem","position":1,"name":"Portada","item":"https:\/\/grupnexus.com\/es\/"},{"@type":"ListItem","position":2,"name":"OZONOTERAPIA EN LA CELULITIS Y ESTR\u00cdAS"}]},{"@type":"Person","@id":"https:\/\/grupnexus.com\/es\/#\/schema\/person\/e766a805d9eadac3ecbb8c0d3dcd3355","name":"Nexus","image":{"@type":"ImageObject","@id":"https:\/\/grupnexus.com\/es\/#personlogo","inLanguage":"es","url":"https:\/\/secure.gravatar.com\/avatar\/8d9fa4540dd1ce6a7ed07044eb5f16c9?s=96&d=mm&r=g","contentUrl":"https:\/\/secure.gravatar.com\/avatar\/8d9fa4540dd1ce6a7ed07044eb5f16c9?s=96&d=mm&r=g","caption":"Nexus"}}]}},"_links":{"self":[{"href":"https:\/\/grupnexus.com\/es\/wp-json\/wp\/v2\/posts\/1180"}],"collection":[{"href":"https:\/\/grupnexus.com\/es\/wp-json\/wp\/v2\/posts"}],"about":[{"href":"https:\/\/grupnexus.com\/es\/wp-json\/wp\/v2\/types\/post"}],"author":[{"embeddable":true,"href":"https:\/\/grupnexus.com\/es\/wp-json\/wp\/v2\/users\/5"}],"replies":[{"embeddable":true,"href":"https:\/\/grupnexus.com\/es\/wp-json\/wp\/v2\/comments?post=1180"}],"version-history":[{"count":0,"href":"https:\/\/grupnexus.com\/es\/wp-json\/wp\/v2\/posts\/1180\/revisions"}],"wp:featuredmedia":[{"embeddable":true,"href":"https:\/\/grupnexus.com\/es\/wp-json\/wp\/v2\/media\/736"}],"wp:attachment":[{"href":"https:\/\/grupnexus.com\/es\/wp-json\/wp\/v2\/media?parent=1180"}],"wp:term":[{"taxonomy":"category","embeddable":true,"href":"https:\/\/grupnexus.com\/es\/wp-json\/wp\/v2\/categories?post=1180"},{"taxonomy":"post_tag","embeddable":true,"href":"https:\/\/grupnexus.com\/es\/wp-json\/wp\/v2\/tags?post=1180"}],"curies":[{"name":"wp","href":"https:\/\/api.w.org\/{rel}","templated":true}]}}