{"id":1185,"date":"2013-12-23T10:30:07","date_gmt":"2013-12-23T09:30:07","guid":{"rendered":"http:\/\/www.grupnexus.com\/tractaments-medicoestetics-per-aquestes-festes-2\/"},"modified":"2022-06-20T10:42:44","modified_gmt":"2022-06-20T08:42:44","slug":"tratamientos-medicoesteticos-para-estas-fiestas","status":"publish","type":"post","link":"https:\/\/grupnexus.com\/es\/tratamientos-medicoesteticos-para-estas-fiestas\/","title":{"rendered":"TRATAMIENTOS MEDICOEST\u00c9TICOS PARA ESTAS FIESTAS"},"content":{"rendered":"<p>&nbsp;<\/p>\n<h3><i>Diciembre es uno de los meses en los que m\u00e1s aumenta la demanda de tratamientos medicoest\u00e9ticos y de belleza flash, ya que todos quieren sentirse bien a la hora de celebrar estas fiestas.<\/i><\/h3>\n<p>Tras el pertinente estudio dermatol\u00f3gico y morfol\u00f3gico facial, empleamos, solas o combinadas, algunas de las siguientes t\u00e9cnicas para\u00a0<strong>restaurar vol\u00famenes, elevar tejidos, eliminar arrugas y hidratar y mejorar la calidad y textura de la piel:<\/strong><\/p>\n<p><strong>Implantes:<\/strong> Inyecci\u00f3n de biomateriales para rellenar y eliminar arrugas o crear vol\u00famenes.<\/p>\n<p><strong>Prote\u00edna Natural Purificada:<\/strong>\u00a0Tratamiento de referencia para las arrugas de expresi\u00f3n, proporcionando un incomparable efecto tensor y gran luminosidad.<\/p>\n<p><strong>Remodelaci\u00f3n labial:<\/strong> Redefinir el contorno labial y mejorar la forma y el volumen mediante la inyecci\u00f3n de implantes biocompatibles.<\/p>\n<p><strong>Biomesoter\u00e1pia:<\/strong> Inyecci\u00f3n d\u00e9rmica de vitaminas, amino\u00e1cidos y minerales para mejorar la calidad y textura de la piel.<\/p>\n<p><strong>Biorevitalizaci\u00f3n cut\u00e1nea:<\/strong> Mesoterapia ampliada en la que se realiza, adem\u00e1s, la microinyecci\u00f3n de precursores de la matriz d\u00e9rmica para mejorar la turgencia y elasticidad.<\/p>\n<p><strong>Plasma rico en factores de crecimiento:<\/strong> Inyecci\u00f3n de los propios factores de crecimiento epid\u00e9rmico provenientes de las plaquetas, que conllevan un efecto revitalizador y rejuvenecedor incomparable.<\/p>\n<p><strong>Peelings m\u00e9dicos:<\/strong> Renovaci\u00f3n de las capas de la piel mediante la aplicaci\u00f3n de sustancias qu\u00edmicas externas. Peeling espec\u00edficos para cara, cuello, escote y manos.<\/p>\n<p><strong>Radiofrecuencia:<\/strong> Aparato para tratar la flacidez cut\u00e1nea de cara, cuello, escote y zonas corporales.<\/p>\n<p><strong>IPL m\u00e9dico:<\/strong> Una fuente de luz que frena y combate el envejecimiento de la piel, mejorando gradualmente su tonalidad y textura, eliminando al mismo tiempo las manchas, rojeces, poros dilatados y arrugas finas.<\/p>\n<p><strong>L\u00e1ser m\u00e9dico:<\/strong> Para eliminar lesiones pigmentadas, vasculares, y renovar las capas de la piel.<\/p>\n<p>Algunas combinaciones de estas t\u00e9cnicas, por su eficacia o popularidad, tienen incluso ya nombre propio como la<strong>Mesoplastia facial<\/strong> o el llamado\u00a0<strong>Lifting l\u00edquido.<\/strong><\/p>\n<p><strong>La Mesoplastia facial<\/strong> se realiza generalmente en un par de sesiones y bajo anestesia local. El tratamiento no tiene ning\u00fan efecto secundario, salvo alguna rojez o hematoma, por lo que el paciente puede reincorporarse inmediatamente a su actividad cotidiana.<\/p>\n<p><strong>El Lifting l\u00edquido<\/strong>\u00a0es una mesoplastia ampliada en la que se trata, de manera personalizada, los tres tercios faciales en funci\u00f3n de las necesidades del paciente y adem\u00e1s tambi\u00e9n las \u00e1reas malares (p\u00f3mulos) y mandibular, restaurante-las, redefiniendo y redibujando-las. Se lleva a cabo con anestesia t\u00f3pica y local, y es generalmente muy bien tolerada. Los efectos secundarios se reducen a un discreto edema durante 2-3 d\u00edas y alg\u00fan posible hematoma. Los resultados de ambas t\u00e9cnicas son espectaculares ya la vez muy naturales, persistiendo sus efectos durante 6-10 meses.<\/p>\n<h3><strong>En resumen,<\/strong> <i>un gran abanico de posibilidades, que adaptamos dependiendo de las necesidades y el objetivo de cada paciente.<\/i><\/h3>\n<p><b>Dr. Samuel Pin\u00f3s, col\u00b7legiat 2825<\/b><br \/>\nM\u00e1ster en Ozonoterapia M\u00e9dica<br \/>\nM\u00e1ster Universitario en Medicina Est\u00e9tica<br \/>\nEspecialista universitario en Medicina Est\u00e9tica<br \/>\nMiembro numerario de la Sociedad Espa\u00f1ola de L\u00e1ser Medicoquir\u00fargico<br \/>\nDirector de la Plataforma L\u00e1ser de Nexus Biom\u00e8dic<br \/>\nDirector m\u00e9dico de las cl\u00ednicas Nexus<\/p>\n<h3>Bellesa flash especial festes<\/h3>\n<p><strong>Venus Freeze Sublime<\/strong><br \/>\n<b>Reafirma y reduce<\/b>\u00a0las arrugas de cara cuello y escote<br \/>\nEn zonas corporales <b>remodela<\/b>, <b>elimina<\/b> <b>la<\/b> <b>celulitis<\/b> i la <b>flacidez<\/b><br \/>\n<b>Resultados inmediatos<\/b>\u00a0y visibles desde la 1\u00aa sesi\u00f3n<br \/>\n<b>Protocolo Sublime:<\/b> 3 sesiones que te\u00a0permitir\u00e1n estar perfecta en 7 d\u00edas<\/p>\n<p><strong>Peeling Vit C + Mascarilla Lift<\/strong><br \/>\n<b>Hidrata y aporta una gran luminosidad<\/b>, adem\u00e1s de un importante efecto tensor.<br \/>\nIdeal realizar <b>1 sessi\u00f3n 1 semana antes de cualquier evento.<\/b><\/p>\n<p><strong>Dermarroller con Nanotecnolog\u00eda<\/strong><br \/>\n<b>Hidrata y aporta una gran luminosidad<\/b>, adem\u00e1s de un importante efecto tensor.<br \/>\nIdeal realizar <b>1 sessi\u00f3n 1 semana antes de cualquier evento.<\/b><\/p>\n<p><strong>Dermarroller con Nanotecnologia<\/strong><br \/>\nRegenera, reafirma, hidrata, reestructura y aporta una importante luminosidad.<br \/>\nCon\u00a0<b>principios activos con nanosomes\u00a0<\/b>que nos permiten personalizar cada tratamiento. Resultados inmediatos.<\/p>\n<p><strong>Tractamientos faciales y corporales Luxury Spa<\/strong><br \/>\nPara disfrutar de\u00a0<b>sensaciones excepcionales\u00a0<\/b>y de una piel facial y corporal perfecta, ya que aportan acciones antioxidantes, hidratantes, nutritivas, regenerantes, revitalizantes y tonificantes, entre otros.<br \/>\nLujosos tratamientos a base de diamantes, oro, perlas, cava, caviar, orqu\u00eddeas, p\u00e9talos de rosas, etc \u2026<\/p>\n<h3>Ideales para regalar salud, belleza y bienestar<\/h3>\n<p><b>Montse Monjo<\/b><br \/>\nM\u00e0ster especialista en Dermocosm\u00e8tica<br \/>\nMBA (M\u00e0ster Bussiness Administration)<br \/>\nDirectora de Nexus Bioest\u00e8tic<\/p>\n","protected":false},"excerpt":{"rendered":"<p>&nbsp; Diciembre es uno de los meses en los que m\u00e1s aumenta la demanda de tratamientos medicoest\u00e9ticos y de belleza flash, ya que todos quieren sentirse bien a la hora de celebrar estas fiestas. Tras el pertinente estudio dermatol\u00f3gico y morfol\u00f3gico facial, empleamos, solas o combinadas, algunas de las siguientes t\u00e9cnicas para\u00a0restaurar vol\u00famenes, elevar tejidos,&#8230;<\/p>\n","protected":false},"author":5,"featured_media":751,"comment_status":"closed","ping_status":"closed","sticky":false,"template":"","format":"standard","meta":[],"categories":[7],"tags":[],"yoast_head":"<!-- This site is optimized with the Yoast SEO plugin v18.6 - https:\/\/yoast.com\/wordpress\/plugins\/seo\/ -->\n<title>TRATAMIENTOS MEDICOEST\u00c9TICOS PARA ESTAS FIESTAS<\/title>\n<meta name=\"robots\" content=\"index, follow, max-snippet:-1, max-image-preview:large, max-video-preview:-1\" \/>\n<link rel=\"canonical\" href=\"https:\/\/grupnexus.com\/es\/tratamientos-medicoesteticos-para-estas-fiestas\/\" \/>\n<meta property=\"og:locale\" content=\"es_ES\" \/>\n<meta property=\"og:type\" content=\"article\" \/>\n<meta property=\"og:title\" content=\"TRATAMIENTOS MEDICOEST\u00c9TICOS PARA ESTAS FIESTAS\" \/>\n<meta property=\"og:description\" content=\"&nbsp; Diciembre es uno de los meses en los que m\u00e1s aumenta la demanda de tratamientos medicoest\u00e9ticos y de belleza flash, ya que todos quieren sentirse bien a la hora de celebrar estas fiestas. Tras el pertinente estudio dermatol\u00f3gico y morfol\u00f3gico facial, empleamos, solas o combinadas, algunas de las siguientes t\u00e9cnicas para\u00a0restaurar vol\u00famenes, elevar tejidos,...\" \/>\n<meta property=\"og:url\" content=\"https:\/\/grupnexus.com\/es\/tratamientos-medicoesteticos-para-estas-fiestas\/\" \/>\n<meta property=\"og:site_name\" content=\"Cl\u00ednica Nexus\" \/>\n<meta property=\"article:published_time\" content=\"2013-12-23T09:30:07+00:00\" \/>\n<meta property=\"article:modified_time\" content=\"2022-06-20T08:42:44+00:00\" \/>\n<meta property=\"og:image\" content=\"https:\/\/grupnexus.com\/wp-content\/uploads\/publicacio_tractamentsFestes.jpg\" \/>\n\t<meta property=\"og:image:width\" content=\"1080\" \/>\n\t<meta property=\"og:image:height\" content=\"734\" \/>\n\t<meta property=\"og:image:type\" content=\"image\/jpeg\" \/>\n<meta name=\"twitter:card\" content=\"summary\" \/>\n<meta name=\"twitter:label1\" content=\"Escrito por\" \/>\n\t<meta name=\"twitter:data1\" content=\"Nexus\" \/>\n\t<meta name=\"twitter:label2\" content=\"Tiempo de lectura\" \/>\n\t<meta name=\"twitter:data2\" content=\"4 minutos\" \/>\n<script type=\"application\/ld+json\" class=\"yoast-schema-graph\">{\"@context\":\"https:\/\/schema.org\",\"@graph\":[{\"@type\":\"WebSite\",\"@id\":\"https:\/\/grupnexus.com\/es\/#website\",\"url\":\"https:\/\/grupnexus.com\/es\/\",\"name\":\"Cl\u00ednica Nexus\",\"description\":\"L\u00edders en Medicina Est\u00e8tica Avan\u00e7ada\",\"potentialAction\":[{\"@type\":\"SearchAction\",\"target\":{\"@type\":\"EntryPoint\",\"urlTemplate\":\"https:\/\/grupnexus.com\/es\/?s={search_term_string}\"},\"query-input\":\"required name=search_term_string\"}],\"inLanguage\":\"es\"},{\"@type\":\"ImageObject\",\"@id\":\"https:\/\/grupnexus.com\/es\/tratamientos-medicoesteticos-para-estas-fiestas\/#primaryimage\",\"inLanguage\":\"es\",\"url\":\"https:\/\/grupnexus.com\/wp-content\/uploads\/publicacio_tractamentsFestes.jpg\",\"contentUrl\":\"https:\/\/grupnexus.com\/wp-content\/uploads\/publicacio_tractamentsFestes.jpg\",\"width\":1080,\"height\":734},{\"@type\":\"WebPage\",\"@id\":\"https:\/\/grupnexus.com\/es\/tratamientos-medicoesteticos-para-estas-fiestas\/#webpage\",\"url\":\"https:\/\/grupnexus.com\/es\/tratamientos-medicoesteticos-para-estas-fiestas\/\",\"name\":\"TRATAMIENTOS MEDICOEST\u00c9TICOS PARA ESTAS FIESTAS\",\"isPartOf\":{\"@id\":\"https:\/\/grupnexus.com\/es\/#website\"},\"primaryImageOfPage\":{\"@id\":\"https:\/\/grupnexus.com\/es\/tratamientos-medicoesteticos-para-estas-fiestas\/#primaryimage\"},\"datePublished\":\"2013-12-23T09:30:07+00:00\",\"dateModified\":\"2022-06-20T08:42:44+00:00\",\"author\":{\"@id\":\"https:\/\/grupnexus.com\/es\/#\/schema\/person\/e766a805d9eadac3ecbb8c0d3dcd3355\"},\"breadcrumb\":{\"@id\":\"https:\/\/grupnexus.com\/es\/tratamientos-medicoesteticos-para-estas-fiestas\/#breadcrumb\"},\"inLanguage\":\"es\",\"potentialAction\":[{\"@type\":\"ReadAction\",\"target\":[\"https:\/\/grupnexus.com\/es\/tratamientos-medicoesteticos-para-estas-fiestas\/\"]}]},{\"@type\":\"BreadcrumbList\",\"@id\":\"https:\/\/grupnexus.com\/es\/tratamientos-medicoesteticos-para-estas-fiestas\/#breadcrumb\",\"itemListElement\":[{\"@type\":\"ListItem\",\"position\":1,\"name\":\"Portada\",\"item\":\"https:\/\/grupnexus.com\/es\/\"},{\"@type\":\"ListItem\",\"position\":2,\"name\":\"TRATAMIENTOS MEDICOEST\u00c9TICOS PARA ESTAS FIESTAS\"}]},{\"@type\":\"Person\",\"@id\":\"https:\/\/grupnexus.com\/es\/#\/schema\/person\/e766a805d9eadac3ecbb8c0d3dcd3355\",\"name\":\"Nexus\",\"image\":{\"@type\":\"ImageObject\",\"@id\":\"https:\/\/grupnexus.com\/es\/#personlogo\",\"inLanguage\":\"es\",\"url\":\"https:\/\/secure.gravatar.com\/avatar\/8d9fa4540dd1ce6a7ed07044eb5f16c9?s=96&d=mm&r=g\",\"contentUrl\":\"https:\/\/secure.gravatar.com\/avatar\/8d9fa4540dd1ce6a7ed07044eb5f16c9?s=96&d=mm&r=g\",\"caption\":\"Nexus\"}}]}<\/script>\n<!-- \/ Yoast SEO plugin. -->","yoast_head_json":{"title":"TRATAMIENTOS MEDICOEST\u00c9TICOS PARA ESTAS FIESTAS","robots":{"index":"index","follow":"follow","max-snippet":"max-snippet:-1","max-image-preview":"max-image-preview:large","max-video-preview":"max-video-preview:-1"},"canonical":"https:\/\/grupnexus.com\/es\/tratamientos-medicoesteticos-para-estas-fiestas\/","og_locale":"es_ES","og_type":"article","og_title":"TRATAMIENTOS MEDICOEST\u00c9TICOS PARA ESTAS FIESTAS","og_description":"&nbsp; Diciembre es uno de los meses en los que m\u00e1s aumenta la demanda de tratamientos medicoest\u00e9ticos y de belleza flash, ya que todos quieren sentirse bien a la hora de celebrar estas fiestas. Tras el pertinente estudio dermatol\u00f3gico y morfol\u00f3gico facial, empleamos, solas o combinadas, algunas de las siguientes t\u00e9cnicas para\u00a0restaurar vol\u00famenes, elevar tejidos,...","og_url":"https:\/\/grupnexus.com\/es\/tratamientos-medicoesteticos-para-estas-fiestas\/","og_site_name":"Cl\u00ednica Nexus","article_published_time":"2013-12-23T09:30:07+00:00","article_modified_time":"2022-06-20T08:42:44+00:00","og_image":[{"width":1080,"height":734,"url":"https:\/\/grupnexus.com\/wp-content\/uploads\/publicacio_tractamentsFestes.jpg","type":"image\/jpeg"}],"twitter_card":"summary","twitter_misc":{"Escrito por":"Nexus","Tiempo de lectura":"4 minutos"},"schema":{"@context":"https:\/\/schema.org","@graph":[{"@type":"WebSite","@id":"https:\/\/grupnexus.com\/es\/#website","url":"https:\/\/grupnexus.com\/es\/","name":"Cl\u00ednica Nexus","description":"L\u00edders en Medicina Est\u00e8tica Avan\u00e7ada","potentialAction":[{"@type":"SearchAction","target":{"@type":"EntryPoint","urlTemplate":"https:\/\/grupnexus.com\/es\/?s={search_term_string}"},"query-input":"required name=search_term_string"}],"inLanguage":"es"},{"@type":"ImageObject","@id":"https:\/\/grupnexus.com\/es\/tratamientos-medicoesteticos-para-estas-fiestas\/#primaryimage","inLanguage":"es","url":"https:\/\/grupnexus.com\/wp-content\/uploads\/publicacio_tractamentsFestes.jpg","contentUrl":"https:\/\/grupnexus.com\/wp-content\/uploads\/publicacio_tractamentsFestes.jpg","width":1080,"height":734},{"@type":"WebPage","@id":"https:\/\/grupnexus.com\/es\/tratamientos-medicoesteticos-para-estas-fiestas\/#webpage","url":"https:\/\/grupnexus.com\/es\/tratamientos-medicoesteticos-para-estas-fiestas\/","name":"TRATAMIENTOS MEDICOEST\u00c9TICOS PARA ESTAS FIESTAS","isPartOf":{"@id":"https:\/\/grupnexus.com\/es\/#website"},"primaryImageOfPage":{"@id":"https:\/\/grupnexus.com\/es\/tratamientos-medicoesteticos-para-estas-fiestas\/#primaryimage"},"datePublished":"2013-12-23T09:30:07+00:00","dateModified":"2022-06-20T08:42:44+00:00","author":{"@id":"https:\/\/grupnexus.com\/es\/#\/schema\/person\/e766a805d9eadac3ecbb8c0d3dcd3355"},"breadcrumb":{"@id":"https:\/\/grupnexus.com\/es\/tratamientos-medicoesteticos-para-estas-fiestas\/#breadcrumb"},"inLanguage":"es","potentialAction":[{"@type":"ReadAction","target":["https:\/\/grupnexus.com\/es\/tratamientos-medicoesteticos-para-estas-fiestas\/"]}]},{"@type":"BreadcrumbList","@id":"https:\/\/grupnexus.com\/es\/tratamientos-medicoesteticos-para-estas-fiestas\/#breadcrumb","itemListElement":[{"@type":"ListItem","position":1,"name":"Portada","item":"https:\/\/grupnexus.com\/es\/"},{"@type":"ListItem","position":2,"name":"TRATAMIENTOS MEDICOEST\u00c9TICOS PARA ESTAS FIESTAS"}]},{"@type":"Person","@id":"https:\/\/grupnexus.com\/es\/#\/schema\/person\/e766a805d9eadac3ecbb8c0d3dcd3355","name":"Nexus","image":{"@type":"ImageObject","@id":"https:\/\/grupnexus.com\/es\/#personlogo","inLanguage":"es","url":"https:\/\/secure.gravatar.com\/avatar\/8d9fa4540dd1ce6a7ed07044eb5f16c9?s=96&d=mm&r=g","contentUrl":"https:\/\/secure.gravatar.com\/avatar\/8d9fa4540dd1ce6a7ed07044eb5f16c9?s=96&d=mm&r=g","caption":"Nexus"}}]}},"_links":{"self":[{"href":"https:\/\/grupnexus.com\/es\/wp-json\/wp\/v2\/posts\/1185"}],"collection":[{"href":"https:\/\/grupnexus.com\/es\/wp-json\/wp\/v2\/posts"}],"about":[{"href":"https:\/\/grupnexus.com\/es\/wp-json\/wp\/v2\/types\/post"}],"author":[{"embeddable":true,"href":"https:\/\/grupnexus.com\/es\/wp-json\/wp\/v2\/users\/5"}],"replies":[{"embeddable":true,"href":"https:\/\/grupnexus.com\/es\/wp-json\/wp\/v2\/comments?post=1185"}],"version-history":[{"count":2,"href":"https:\/\/grupnexus.com\/es\/wp-json\/wp\/v2\/posts\/1185\/revisions"}],"predecessor-version":[{"id":50661,"href":"https:\/\/grupnexus.com\/es\/wp-json\/wp\/v2\/posts\/1185\/revisions\/50661"}],"wp:featuredmedia":[{"embeddable":true,"href":"https:\/\/grupnexus.com\/es\/wp-json\/wp\/v2\/media\/751"}],"wp:attachment":[{"href":"https:\/\/grupnexus.com\/es\/wp-json\/wp\/v2\/media?parent=1185"}],"wp:term":[{"taxonomy":"category","embeddable":true,"href":"https:\/\/grupnexus.com\/es\/wp-json\/wp\/v2\/categories?post=1185"},{"taxonomy":"post_tag","embeddable":true,"href":"https:\/\/grupnexus.com\/es\/wp-json\/wp\/v2\/tags?post=1185"}],"curies":[{"name":"wp","href":"https:\/\/api.w.org\/{rel}","templated":true}]}}