{"id":1187,"date":"2013-09-24T10:31:23","date_gmt":"2013-09-24T09:31:23","guid":{"rendered":"http:\/\/www.grupnexus.com\/tractaments-medicoestetics-de-tardor-2\/"},"modified":"2015-10-04T20:09:01","modified_gmt":"2015-10-04T18:09:01","slug":"tratamientos-medicoesteticos-de-otono","status":"publish","type":"post","link":"https:\/\/grupnexus.com\/es\/tratamientos-medicoesteticos-de-otono\/","title":{"rendered":"TRATAMIENTOS MEDICOEST\u00c9TICOS DE OTO\u00d1O"},"content":{"rendered":"<p>&nbsp;<\/p>\n<p>Una vez pasada la \u00e9poca estival y la mayor exposici\u00f3n solar que \u00e9sta conlleva es el momento id\u00f3neo para iniciar ciertos tratamientos medicoest\u00e9ticos que nos permitir\u00e1n minimizar los efectos indeseados que inexorablemente ha causado el son en nuestra piel, o bien iniciar otros que no eran compatibles con una exposici\u00f3n solar m\u00e1s o menos continuada.<\/p>\n<p><b>LOS M\u00c1S <\/b><b>REPRESENTATIVOS<\/b><\/p>\n<p><b>\u2022 BIOREVITALIZACI\u00d3N<\/b> <b>CUT\u00c1NEO<\/b><br \/>\n<b>Tratamiento de lesiones pigmentadas con l\u00e1ser <\/b><br \/>\n<b>Actualmente, mediante el l\u00e1ser se pueden tratar un amplio abanico de lesiones pigmentadas. <\/b>De la misma manera que con la fotodepilaci\u00f3n u otros tratamientos, <b>el tiempo y la experiencia han sido tambi\u00e9n seleccionando los sistemas m\u00e1s efectivos<\/b> para tratar este tipo de lesiones, y as\u00ed se ha demostrado que el l\u00e1ser de Alejandrita de 755 nm de longitud de onda, junto con el de Neodimi-Yag de 532\/1064 Q-Switched, son los m\u00e1s efectivos para este fin.<\/p>\n<p><b>EL L\u00c1SER TRIVANTAGE<\/b><br \/>\n<b>La estrella de esta secci\u00f3n<\/b> es, sin duda, el l\u00e1ser Trivantage, l\u00e1ser de referencia mundial por su incomparable eficacia para el tratamiento de estas lesiones y la eliminaci\u00f3n de tatuajes de cualquier color y que Nexus Biom\u00e8dic, siempre a la vanguardia de la tecnolog\u00eda m\u00e1s puntera y efectiva, ha incorporado a su plataforma l\u00e1ser en primicia a todo el Estado espa\u00f1ol.<br \/>\nLos sistemas IPL m\u00e9dicos, como en fotodepilaci\u00f3n, s\u00f3lo tienen unas indicaciones muy concretas y no son adecuados <i>(ni eficaces) <\/i>para tratar la generalidad de este tipo de lesiones, si bien en centros como el nuestro, que dispone de todo el abanico tecnol\u00f3gico sobre ello, la posibilidad de combinar varios sistemas fotolum\u00ednicos incrementa exponencialmente la eficacia de esta modalidad terap\u00e9utica.<br \/>\nDicho esto, debemos mencionar una vez m\u00e1s a la gente que sin escr\u00fapulos ni formaci\u00f3n (ya no m\u00e9dica, sino ni siquiera sanitaria), se dedican a recorrer las peluquer\u00edas y los centros de est\u00e9tica del pa\u00eds disparando con sus aparatos (los mismos que utilitzan para fotodepilar y para lo que sea) cualquier mancha que se les ponga por delante, desconociendo su diagn\u00f3stico, su evoluci\u00f3n, los riesgos que conlleva\u2026 y banalizando su tratamiento como si todas las manchas fueran iguales y s\u00f3lo fueran necesarios un par de disparos de l\u00e1ser para eliminarlos por siempre.<br \/>\nSi bien ninguna persona con un m\u00ednimo de cultura y formaci\u00f3n deber\u00eda caer con la trampa comercial de esta gente, el hecho de que muchas veces se escondan bajo nombres de apariencia m\u00e9dica consigue que un n\u00famero nada despreciable de personas de buena voluntad sean enga\u00f1adas y estafadas. S\u00f3lo un m\u00e9dico est\u00e1 capacitado para diagnosticar y tratar adecuadamente una lesi\u00f3n pigmentada y, en el caso de la terapia que nos ocupa, establecer los par\u00e1metros espec\u00edficos para su tratamiento.<\/p>\n<p><b>L\u00c1SERS ALTAMENTE EFECTIVOS<\/b><br \/>\nLos l\u00e1sers mencionados act\u00faan selectivamente sobre la melanina con un m\u00ednimo da\u00f1o al tejido circundante. Son altamente efectivos para un ampl\u00edsimo abanico de lesiones, tanto epid\u00e9rmicas como d\u00e9rmicas, si bien en algunas, como el melasma o las hiperpigmentaciones postinflamat\u00f3rias, los resultados son pobres y en estos casos se utilizan otros tipos de tratamiento como a primera l\u00ednea.<br \/>\nRequirieren casi siempre diversas sesiones de tratamiento y el n\u00famero seria variable y seg\u00fan el tipo de lesi\u00f3n:<br \/>\nPara las lesiones pigmentadas m\u00e1s comunes, como los l\u00e9ntigos act\u00ednicos, generalmente basta con un par de sesiones, mientras que otros tipos pueden requerir m\u00e1s. Los intervalos entre sesiones son habitualmente de 4-8 semanas.<br \/>\n<b>En cuanto a los efectos secundarios, <\/b>generalmente son muy poco importantes: se limitan a una picaz\u00f3n, edema y\/o eritema transitorio. Dependiendo de la captaci\u00f3n, las lesiones pueden virar de color o, si \u00e9sta ha sido muy importante, puede aparecer una costra fina sobre la lesi\u00f3n de una duraci\u00f3n de entre 7-10 d\u00edas.<br \/>\nEl tratamiento es muy bien tolerado, pero se emplea anestesia t\u00f3pica en ni\u00f1os, ancianos y en pacientes con lesiones en la cara o en otras zonas sensibles. <b>Inicialmente se practica un test en\u00e9rgico de tolerancia cut\u00e1nea y se seleccionan el resto de par\u00e1metros de tratamiento.<\/b><b> <\/b>Inmediatamente despu\u00e9s del tratamiento se recomiendan cremas emolientes durante 4-5 d\u00edas y evitar la exposici\u00f3n solar directa. Con ello generalmente se evita el oscurecimiento de la lesi\u00f3n posteriormente al tratamiento (hiperpigmentaci\u00f3n postinflamat\u00f2ria).<b><\/b><\/p>\n<p><b>CONCLUSIONES<\/b><br \/>\n<b>Estos tipos de l\u00e1sers proporcionan resultados excelentes en el tratamiento de la mayor\u00eda de hiperpigmentaciones benignas, tanto epid\u00e9rmicas como d\u00e9rmicas, hiperpigmentaciones postescleroterapia de varices y hiperpigmentaciones posttraum\u00e1ticas, y pobres en otros como el melasma y las hiperpigmentaciones postinflamatorias. Por todo esto, hace falta ineludiblemente el concurso de un m\u00e9dico<\/b>para valorarlas, diagnosticarlas y tratarlas, as\u00ed como para la utilizaci\u00f3n de la tecnolog\u00eda adecuada y efectiva para esta finalidad.<b><\/b><\/p>\n<p><b>\u2022 TERAPIA FOTODIN\u00c1MICA<\/b> <b>DE VARICES<\/b><b><\/b><br \/>\n<b>Con este nombre se describe un nuevo procedimiento para el tratamiento de las varicosidades de las extremidades inferiores que combinan la escleroterapia qu\u00edmica tradicional y el laser de Neodimi-Yag de 1064 nm de longitud de onda.<\/b><br \/>\nEste nuevo procedimiento se basa en el hecho de que, mediante la inyecci\u00f3n previa de espuma de polidocanol (la sustancia generalmente empleada en la escleroterapia qu\u00edmica), se induce una transformaci\u00f3n bioqu\u00edmica de la hemoglobina sangu\u00ednea (que incrementa su conversi\u00f3n a metahemoglobina y protoporfirina IX), lo que conlleva un cambio en sus caracter\u00edsticas \u00f3pticas y de conductividad, que se traducen en un incremento en la absorci\u00f3n de la energ\u00eda transmitida por el l\u00e1ser aplicado posteriormente hasta 29 veces superior. Es decir, mediante la inyecci\u00f3n previa de esta espuma en una concentraci\u00f3n y en unas caracter\u00edsticas determinadas, conseguimos una optimizaci\u00f3n del efecto fotot\u00e9rmico en la emisi\u00f3n posterior del l\u00e1ser de Neodimio-Yag, ya que mejora la captaci\u00f3n de energ\u00eda para la sangre y la transmisi\u00f3n de calor a lo largo del vaso. El resultado final se refleja en unos resultados mejores versus las t\u00e9cnicas cl\u00e1sicas aisladas, una menor incidencia de fracasos y efectos secundarios, una disminuci\u00f3n de las sesiones necesarias para alcanzar unos resultados \u00f3ptimos y en la posibilidad de tratar vasos superiores a 5 mm de di\u00e1metro, hecho hasta ahora poco viable en tratamientos exclusivamente con terapias fotolum\u00ednicas.<\/p>\n<p><b>EL PROCEDIMIENTO<\/b><br \/>\n<b>El procedimiento, adem\u00e1s, es totalmente ambulatorio y no incapacita al paciente en su actividad normal.<\/b> No requiere ning\u00fan tipo de anestesia (o como m\u00e1ximo t\u00f3pica) y su tolerancia es excelente. Posteriormente al tratamiento s\u00f3lo hay que aplicar una crema antiinflamatoria durante unos d\u00edas y llevar unas medias el\u00e1sticas de compresi\u00f3n media durante unas 4 semanas. <b>Como es obvio, solo un medico entrenado con \u00e9sta t\u00e9cnica puede proporcionar los resultados esperados, previa la historia cl\u00ednica y la exploraci\u00f3n vascular pertinentes.<\/b><br \/>\n<b>El tracamiento se estructura en diversas sesiones <\/b><b><i>(unes 4 de media) <\/i><\/b><b>y el intervalo entre estas es aproximadamente unos 2 meses. <\/b>En un seguimiento practicado durante 2 a\u00f1os a 150 pacientes tratados con esta t\u00e9cnica, no se ha presentado ning\u00fan caso de recidiva.<br \/>\n<b>En resumen, gracias a esta t\u00e9cnica que combina la esclerosis qu\u00edmica i el l\u00e1ser se ha conseguido mejorar substancialmente en todos los \u00e1mbitos los resultados que hasta ahora se consegu\u00edan con cada una de estas por separado, y se ha erigido, por tanto, como una terapia de primer orden, en los casos indicados, para el tratamiento de las varices de las extremidades inferiores.<\/b><\/p>\n<p>&nbsp;<\/p>\n","protected":false},"excerpt":{"rendered":"<p>&nbsp; Una vez pasada la \u00e9poca estival y la mayor exposici\u00f3n solar que \u00e9sta conlleva es el momento id\u00f3neo para iniciar ciertos tratamientos medicoest\u00e9ticos que nos permitir\u00e1n minimizar los efectos indeseados que inexorablemente ha causado el son en nuestra piel, o bien iniciar otros que no eran compatibles con una exposici\u00f3n solar m\u00e1s o menos&#8230;<\/p>\n","protected":false},"author":5,"featured_media":754,"comment_status":"open","ping_status":"open","sticky":false,"template":"","format":"standard","meta":[],"categories":[7],"tags":[],"yoast_head":"<!-- This site is optimized with the Yoast SEO plugin v18.6 - https:\/\/yoast.com\/wordpress\/plugins\/seo\/ -->\n<title>TRATAMIENTOS MEDICOEST\u00c9TICOS DE OTO\u00d1O<\/title>\n<meta name=\"robots\" content=\"index, follow, max-snippet:-1, max-image-preview:large, max-video-preview:-1\" \/>\n<link rel=\"canonical\" href=\"https:\/\/grupnexus.com\/es\/tratamientos-medicoesteticos-de-otono\/\" \/>\n<meta property=\"og:locale\" content=\"es_ES\" \/>\n<meta property=\"og:type\" content=\"article\" \/>\n<meta property=\"og:title\" content=\"TRATAMIENTOS MEDICOEST\u00c9TICOS DE OTO\u00d1O\" \/>\n<meta property=\"og:description\" content=\"&nbsp; Una vez pasada la \u00e9poca estival y la mayor exposici\u00f3n solar que \u00e9sta conlleva es el momento id\u00f3neo para iniciar ciertos tratamientos medicoest\u00e9ticos que nos permitir\u00e1n minimizar los efectos indeseados que inexorablemente ha causado el son en nuestra piel, o bien iniciar otros que no eran compatibles con una exposici\u00f3n solar m\u00e1s o menos...\" \/>\n<meta property=\"og:url\" content=\"https:\/\/grupnexus.com\/es\/tratamientos-medicoesteticos-de-otono\/\" \/>\n<meta property=\"og:site_name\" content=\"Cl\u00ednica Nexus\" \/>\n<meta property=\"article:published_time\" content=\"2013-09-24T09:31:23+00:00\" \/>\n<meta property=\"article:modified_time\" content=\"2015-10-04T18:09:01+00:00\" \/>\n<meta property=\"og:image\" content=\"https:\/\/i0.wp.com\/grupnexus.com\/wp-content\/uploads\/publicacio_tractaments.jpg?fit=1080%2C734&#038;ssl=1\" \/>\n\t<meta property=\"og:image:width\" content=\"1080\" \/>\n\t<meta property=\"og:image:height\" content=\"734\" \/>\n\t<meta property=\"og:image:type\" content=\"image\/jpeg\" \/>\n<meta name=\"twitter:card\" content=\"summary\" \/>\n<meta name=\"twitter:label1\" content=\"Escrito por\" \/>\n\t<meta name=\"twitter:data1\" content=\"Nexus\" \/>\n\t<meta name=\"twitter:label2\" content=\"Tiempo de lectura\" \/>\n\t<meta name=\"twitter:data2\" content=\"6 minutos\" \/>\n<script type=\"application\/ld+json\" class=\"yoast-schema-graph\">{\"@context\":\"https:\/\/schema.org\",\"@graph\":[{\"@type\":\"WebSite\",\"@id\":\"https:\/\/grupnexus.com\/es\/#website\",\"url\":\"https:\/\/grupnexus.com\/es\/\",\"name\":\"Cl\u00ednica Nexus\",\"description\":\"L\u00edders en Medicina Est\u00e8tica Avan\u00e7ada\",\"potentialAction\":[{\"@type\":\"SearchAction\",\"target\":{\"@type\":\"EntryPoint\",\"urlTemplate\":\"https:\/\/grupnexus.com\/es\/?s={search_term_string}\"},\"query-input\":\"required name=search_term_string\"}],\"inLanguage\":\"es\"},{\"@type\":\"ImageObject\",\"@id\":\"https:\/\/grupnexus.com\/es\/tratamientos-medicoesteticos-de-otono\/#primaryimage\",\"inLanguage\":\"es\",\"url\":\"https:\/\/grupnexus.com\/wp-content\/uploads\/publicacio_tractaments.jpg\",\"contentUrl\":\"https:\/\/grupnexus.com\/wp-content\/uploads\/publicacio_tractaments.jpg\",\"width\":1080,\"height\":734},{\"@type\":\"WebPage\",\"@id\":\"https:\/\/grupnexus.com\/es\/tratamientos-medicoesteticos-de-otono\/#webpage\",\"url\":\"https:\/\/grupnexus.com\/es\/tratamientos-medicoesteticos-de-otono\/\",\"name\":\"TRATAMIENTOS MEDICOEST\u00c9TICOS DE OTO\u00d1O\",\"isPartOf\":{\"@id\":\"https:\/\/grupnexus.com\/es\/#website\"},\"primaryImageOfPage\":{\"@id\":\"https:\/\/grupnexus.com\/es\/tratamientos-medicoesteticos-de-otono\/#primaryimage\"},\"datePublished\":\"2013-09-24T09:31:23+00:00\",\"dateModified\":\"2015-10-04T18:09:01+00:00\",\"author\":{\"@id\":\"https:\/\/grupnexus.com\/es\/#\/schema\/person\/e766a805d9eadac3ecbb8c0d3dcd3355\"},\"breadcrumb\":{\"@id\":\"https:\/\/grupnexus.com\/es\/tratamientos-medicoesteticos-de-otono\/#breadcrumb\"},\"inLanguage\":\"es\",\"potentialAction\":[{\"@type\":\"ReadAction\",\"target\":[\"https:\/\/grupnexus.com\/es\/tratamientos-medicoesteticos-de-otono\/\"]}]},{\"@type\":\"BreadcrumbList\",\"@id\":\"https:\/\/grupnexus.com\/es\/tratamientos-medicoesteticos-de-otono\/#breadcrumb\",\"itemListElement\":[{\"@type\":\"ListItem\",\"position\":1,\"name\":\"Portada\",\"item\":\"https:\/\/grupnexus.com\/es\/\"},{\"@type\":\"ListItem\",\"position\":2,\"name\":\"TRATAMIENTOS MEDICOEST\u00c9TICOS DE OTO\u00d1O\"}]},{\"@type\":\"Person\",\"@id\":\"https:\/\/grupnexus.com\/es\/#\/schema\/person\/e766a805d9eadac3ecbb8c0d3dcd3355\",\"name\":\"Nexus\",\"image\":{\"@type\":\"ImageObject\",\"@id\":\"https:\/\/grupnexus.com\/es\/#personlogo\",\"inLanguage\":\"es\",\"url\":\"https:\/\/secure.gravatar.com\/avatar\/8d9fa4540dd1ce6a7ed07044eb5f16c9?s=96&d=mm&r=g\",\"contentUrl\":\"https:\/\/secure.gravatar.com\/avatar\/8d9fa4540dd1ce6a7ed07044eb5f16c9?s=96&d=mm&r=g\",\"caption\":\"Nexus\"}}]}<\/script>\n<!-- \/ Yoast SEO plugin. -->","yoast_head_json":{"title":"TRATAMIENTOS MEDICOEST\u00c9TICOS DE OTO\u00d1O","robots":{"index":"index","follow":"follow","max-snippet":"max-snippet:-1","max-image-preview":"max-image-preview:large","max-video-preview":"max-video-preview:-1"},"canonical":"https:\/\/grupnexus.com\/es\/tratamientos-medicoesteticos-de-otono\/","og_locale":"es_ES","og_type":"article","og_title":"TRATAMIENTOS MEDICOEST\u00c9TICOS DE OTO\u00d1O","og_description":"&nbsp; Una vez pasada la \u00e9poca estival y la mayor exposici\u00f3n solar que \u00e9sta conlleva es el momento id\u00f3neo para iniciar ciertos tratamientos medicoest\u00e9ticos que nos permitir\u00e1n minimizar los efectos indeseados que inexorablemente ha causado el son en nuestra piel, o bien iniciar otros que no eran compatibles con una exposici\u00f3n solar m\u00e1s o menos...","og_url":"https:\/\/grupnexus.com\/es\/tratamientos-medicoesteticos-de-otono\/","og_site_name":"Cl\u00ednica Nexus","article_published_time":"2013-09-24T09:31:23+00:00","article_modified_time":"2015-10-04T18:09:01+00:00","og_image":[{"width":1080,"height":734,"url":"https:\/\/i0.wp.com\/grupnexus.com\/wp-content\/uploads\/publicacio_tractaments.jpg?fit=1080%2C734&ssl=1","type":"image\/jpeg"}],"twitter_card":"summary","twitter_misc":{"Escrito por":"Nexus","Tiempo de lectura":"6 minutos"},"schema":{"@context":"https:\/\/schema.org","@graph":[{"@type":"WebSite","@id":"https:\/\/grupnexus.com\/es\/#website","url":"https:\/\/grupnexus.com\/es\/","name":"Cl\u00ednica Nexus","description":"L\u00edders en Medicina Est\u00e8tica Avan\u00e7ada","potentialAction":[{"@type":"SearchAction","target":{"@type":"EntryPoint","urlTemplate":"https:\/\/grupnexus.com\/es\/?s={search_term_string}"},"query-input":"required name=search_term_string"}],"inLanguage":"es"},{"@type":"ImageObject","@id":"https:\/\/grupnexus.com\/es\/tratamientos-medicoesteticos-de-otono\/#primaryimage","inLanguage":"es","url":"https:\/\/grupnexus.com\/wp-content\/uploads\/publicacio_tractaments.jpg","contentUrl":"https:\/\/grupnexus.com\/wp-content\/uploads\/publicacio_tractaments.jpg","width":1080,"height":734},{"@type":"WebPage","@id":"https:\/\/grupnexus.com\/es\/tratamientos-medicoesteticos-de-otono\/#webpage","url":"https:\/\/grupnexus.com\/es\/tratamientos-medicoesteticos-de-otono\/","name":"TRATAMIENTOS MEDICOEST\u00c9TICOS DE OTO\u00d1O","isPartOf":{"@id":"https:\/\/grupnexus.com\/es\/#website"},"primaryImageOfPage":{"@id":"https:\/\/grupnexus.com\/es\/tratamientos-medicoesteticos-de-otono\/#primaryimage"},"datePublished":"2013-09-24T09:31:23+00:00","dateModified":"2015-10-04T18:09:01+00:00","author":{"@id":"https:\/\/grupnexus.com\/es\/#\/schema\/person\/e766a805d9eadac3ecbb8c0d3dcd3355"},"breadcrumb":{"@id":"https:\/\/grupnexus.com\/es\/tratamientos-medicoesteticos-de-otono\/#breadcrumb"},"inLanguage":"es","potentialAction":[{"@type":"ReadAction","target":["https:\/\/grupnexus.com\/es\/tratamientos-medicoesteticos-de-otono\/"]}]},{"@type":"BreadcrumbList","@id":"https:\/\/grupnexus.com\/es\/tratamientos-medicoesteticos-de-otono\/#breadcrumb","itemListElement":[{"@type":"ListItem","position":1,"name":"Portada","item":"https:\/\/grupnexus.com\/es\/"},{"@type":"ListItem","position":2,"name":"TRATAMIENTOS MEDICOEST\u00c9TICOS DE OTO\u00d1O"}]},{"@type":"Person","@id":"https:\/\/grupnexus.com\/es\/#\/schema\/person\/e766a805d9eadac3ecbb8c0d3dcd3355","name":"Nexus","image":{"@type":"ImageObject","@id":"https:\/\/grupnexus.com\/es\/#personlogo","inLanguage":"es","url":"https:\/\/secure.gravatar.com\/avatar\/8d9fa4540dd1ce6a7ed07044eb5f16c9?s=96&d=mm&r=g","contentUrl":"https:\/\/secure.gravatar.com\/avatar\/8d9fa4540dd1ce6a7ed07044eb5f16c9?s=96&d=mm&r=g","caption":"Nexus"}}]}},"_links":{"self":[{"href":"https:\/\/grupnexus.com\/es\/wp-json\/wp\/v2\/posts\/1187"}],"collection":[{"href":"https:\/\/grupnexus.com\/es\/wp-json\/wp\/v2\/posts"}],"about":[{"href":"https:\/\/grupnexus.com\/es\/wp-json\/wp\/v2\/types\/post"}],"author":[{"embeddable":true,"href":"https:\/\/grupnexus.com\/es\/wp-json\/wp\/v2\/users\/5"}],"replies":[{"embeddable":true,"href":"https:\/\/grupnexus.com\/es\/wp-json\/wp\/v2\/comments?post=1187"}],"version-history":[{"count":0,"href":"https:\/\/grupnexus.com\/es\/wp-json\/wp\/v2\/posts\/1187\/revisions"}],"wp:featuredmedia":[{"embeddable":true,"href":"https:\/\/grupnexus.com\/es\/wp-json\/wp\/v2\/media\/754"}],"wp:attachment":[{"href":"https:\/\/grupnexus.com\/es\/wp-json\/wp\/v2\/media?parent=1187"}],"wp:term":[{"taxonomy":"category","embeddable":true,"href":"https:\/\/grupnexus.com\/es\/wp-json\/wp\/v2\/categories?post=1187"},{"taxonomy":"post_tag","embeddable":true,"href":"https:\/\/grupnexus.com\/es\/wp-json\/wp\/v2\/tags?post=1187"}],"curies":[{"name":"wp","href":"https:\/\/api.w.org\/{rel}","templated":true}]}}