{"id":1195,"date":"2012-10-29T10:49:36","date_gmt":"2012-10-29T09:49:36","guid":{"rendered":"http:\/\/www.grupnexus.com\/prevenir-els-efectes-del-sol-2\/"},"modified":"2022-05-13T13:17:38","modified_gmt":"2022-05-13T11:17:38","slug":"prevenir-los-efectos-del-sol","status":"publish","type":"post","link":"https:\/\/grupnexus.com\/es\/prevenir-los-efectos-del-sol\/","title":{"rendered":"PREVENIR LOS EFECTOS DEL SOL"},"content":{"rendered":"<p>Una vez pasada la \u00e9poca estival y la mayor exposici\u00f3n solar que \u00e9sta conlleva, es el momento id\u00f3neo para iniciar ciertos tratamientos m\u00e9dico-est\u00e9ticos que nos permitir\u00e1n apaciguar los efectos indeseables que inexorablemente ha causado el sol en nuestra piel, o bien emprenderlos otros que no eran compatibles con una exposici\u00f3n solar m\u00e1s o menos continua.<\/p>\n<p><strong>Veamos cu\u00e1les son los m\u00e1s representativos:<\/strong><\/p>\n<p>&nbsp;<\/p>\n<h3>BIORREVITALIZACI\u00d3N CUT\u00c1NEA<\/h3>\n<p>Se trata de un sistema de rejuvenecimiento de la piel basado en la aplicaci\u00f3n de microdep\u00f3sitos de \u00e1cido hialur\u00f3nico, un componente fisiol\u00f3gico de la matriz extracelular d\u00e9rmica. El \u00e1cido hialur\u00f3nico empleado se obtiene biotecnol\u00f3gicamente<\/p>\n<p>(no es de origen animal) y se encuentra estabilizado. Estas caracter\u00edsticas convierten a este tratamiento con muy seguro y de larga duraci\u00f3n.<\/p>\n<p>Gracias a las propiedades inherentes del \u00e1cido hialur\u00f3nico, conseguimos:<\/p>\n<ul>\n<li>Hidrataci\u00f3n de todo tipo de piel,\u00a0 mejorando tambi\u00e9n la funci\u00f3n de \u2018hidro-reserva\u2019. Esta funci\u00f3n hoy sabemos que empieza a menguar ya antes de los 30 a\u00f1os y se acent\u00faa de forma notable entre los 45-50 a\u00f1os con el climaterio.<\/li>\n<li>Mejora de todas las propiedades de la piel: aspecto, elasticidad, tono y textura.<\/li>\n<li>Protecci\u00f3n frente a los radicales libres, especialmente antes y despu\u00e9s de la exposici\u00f3n solar, lo que convierte este tratamiento en casi imprescindible antes y\/o despu\u00e9s de la \u00e9poca estival.<\/li>\n<\/ul>\n<p>Todos estos beneficios se corroboraron en el estudio que al respecto llev\u00f3 a cabo la Universidad de Michigan y que fue publicado en 2007 en una de las m\u00e1s prestigiosas revistas de Dermatolog\u00eda. En \u00e9l se demuestra la restauraci\u00f3n de los componentes de la matriz d\u00e9rmica posterior al tratamiento as\u00ed como el aumento de procol\u00e1geno I tanto intra como extracelularmente y el alargamiento y activaci\u00f3n de los fibroblastos d\u00e9rmicos.<\/p>\n<p>En relaci\u00f3n a aspectos t\u00e9cnicos del tratamiento, destacaremos que se utilizan diferentes concentraciones de este \u00e1cido seg\u00fan el grado de envejecimiento cut\u00e1neo. Los microimplantes se inyectan en la dermis ya sea manualmente o mediante inyectores especialmente dise\u00f1ados para efectuar un tratamiento absolutamente homog\u00e9neo en cuanto a volumen y profundidad de cada microimplante.<\/p>\n<p>Seg\u00fan cada caso en particular, se planifican programas individualizados de biorrevitalizaci\u00f3n cut\u00e1nea, pero, para hacerse una idea, un tratamiento est\u00e1ndar podr\u00eda consistir en unas 3 sesiones espaciadas unas 2-4 semanas y una pauta posterior de mantenimiento a raz\u00f3n de una sesi\u00f3n cada 4-6 meses. Y como &#8216;Pauta de verano&#8217;, en prevenci\u00f3n del fotoenvejecimiento, se suele realizar una sesi\u00f3n un mes antes de iniciar la exposici\u00f3n solar continuada, y una segunda al finalizar el verano.<\/p>\n<p>Las zonas a tratar son cara, cuello, escote y manos, ya sea individualiza o conjuntamente. Dentro del \u00e1rea facial mencionaremos el tratamiento de la regi\u00f3n subocular (\u201cgafas\u201d), como una de las aplicaciones m\u00e1s populares de esta t\u00e9cnica por los destacados resultados que se obtienen.<\/p>\n<p>La Biorrevitalizaci\u00f3n se puede combinar, y de hecho casi siempre se combina, con otros tratamientos como el l\u00e1ser, IPL, radiofrecuencia y sobre todo la Prote\u00edna natural purificada de la que hablaremos ampliamente el pr\u00f3ximo mes.<\/p>\n<p>&nbsp;<\/p>\n<h3>TRATAMIENTO DE LESIONES PIGMENTADAS CON L\u00c1SER<\/h3>\n<p><strong>Actualmente, mediante el l\u00e1ser se pueden tratar un amplio abanico de lesiones pigmentadas.<\/strong> Al igual que con la fotodepilaci\u00f3n u otros tratamientos, <strong>el tiempo y la experiencia han ido tambi\u00e9n seleccionando los sistemas m\u00e1s efectivos. <\/strong><\/p>\n<p>Para tratar este tipo de lesiones, y as\u00ed se ha demostrado que <strong>el l\u00e1ser de Alexandrita de 755 nm de longitud de onda junto con el de neodimio-Yag de 532\/1064 Q-Switched son los m\u00e1s efectivos para este fin. La estrella de esta secci\u00f3n es, sin duda, el L\u00e1ser Trivantage, l\u00e1ser de referencia mundial por su incomparable eficacia para el tratamiento de estas lesiones y la eliminaci\u00f3n de tatuajes de cualquier color y que <em>Nexus Biom\u00e8dic, s<\/em><\/strong><strong>iempre a la vanguardia de la tecnolog\u00eda m\u00e1s puntera y efectiva, ha incorporado a su plataforma l\u00e1ser en primicia en todo el Estado espa\u00f1ol.<\/strong> \u00a0Los sistemas IPL m\u00e9dicos, al igual que en Fotodepilaci\u00f3n, s\u00f3lo tienen unas indicaciones muy concretas y no son adecuados (ni eficaces) para tratar la generalidad de este tipo de lesiones, si bien, <strong>en centros como el nuestro que dispone de todo el abanico tecnol\u00f3gico al respecto, la posibilidad de combinar varios sistemas fotolum\u00ednicos , incrementa exponencialmente la eficacia de esta modalidad terap\u00e9utica.<\/strong><\/p>\n<p>Dicho esto, debemos mencionar una vez m\u00e1s a la gente que sin escr\u00fapulos, ni ninguna formaci\u00f3n (ya no m\u00e9dica, sino ni siquiera sanitaria), se dedican a recorrer las peluquer\u00edas y centros de est\u00e9tica del pa\u00eds disparando con sus aparatos (los mismos que utilizan para fotodepilar y por lo que se tercie) cualquier mancha que se les meta por delante, desconociendo su diagn\u00f3stico, su evoluci\u00f3n, los riesgos que comporta etc. y banalizando su tratamiento como si todas las manchas fueran iguales y nombre<\/p>\n","protected":false},"excerpt":{"rendered":"<p>Una vez pasada la \u00e9poca estival y la mayor exposici\u00f3n solar que \u00e9sta conlleva, es el momento id\u00f3neo para iniciar ciertos tratamientos m\u00e9dico-est\u00e9ticos que nos permitir\u00e1n apaciguar los efectos indeseables que inexorablemente ha causado el sol en nuestra piel, o bien emprenderlos otros que no eran compatibles con una exposici\u00f3n solar m\u00e1s o menos continua&#8230;.<\/p>\n","protected":false},"author":5,"featured_media":781,"comment_status":"closed","ping_status":"closed","sticky":false,"template":"","format":"standard","meta":[],"categories":[7],"tags":[],"yoast_head":"<!-- This site is optimized with the Yoast SEO plugin v18.6 - https:\/\/yoast.com\/wordpress\/plugins\/seo\/ -->\n<title>PREVENIR LOS EFECTOS DEL SOL<\/title>\n<meta name=\"robots\" content=\"index, follow, max-snippet:-1, max-image-preview:large, max-video-preview:-1\" \/>\n<link rel=\"canonical\" href=\"https:\/\/grupnexus.com\/es\/prevenir-los-efectos-del-sol\/\" \/>\n<meta property=\"og:locale\" content=\"es_ES\" \/>\n<meta property=\"og:type\" content=\"article\" \/>\n<meta property=\"og:title\" content=\"PREVENIR LOS EFECTOS DEL SOL\" \/>\n<meta property=\"og:description\" content=\"Una vez pasada la \u00e9poca estival y la mayor exposici\u00f3n solar que \u00e9sta conlleva, es el momento id\u00f3neo para iniciar ciertos tratamientos m\u00e9dico-est\u00e9ticos que nos permitir\u00e1n apaciguar los efectos indeseables que inexorablemente ha causado el sol en nuestra piel, o bien emprenderlos otros que no eran compatibles con una exposici\u00f3n solar m\u00e1s o menos continua....\" \/>\n<meta property=\"og:url\" content=\"https:\/\/grupnexus.com\/es\/prevenir-los-efectos-del-sol\/\" \/>\n<meta property=\"og:site_name\" content=\"Cl\u00ednica Nexus\" \/>\n<meta property=\"article:published_time\" content=\"2012-10-29T09:49:36+00:00\" \/>\n<meta property=\"article:modified_time\" content=\"2022-05-13T11:17:38+00:00\" \/>\n<meta property=\"og:image\" content=\"https:\/\/grupnexus.com\/wp-content\/uploads\/publicacio_NEXUSjuliol.jpg\" \/>\n\t<meta property=\"og:image:width\" content=\"1080\" \/>\n\t<meta property=\"og:image:height\" content=\"734\" \/>\n\t<meta property=\"og:image:type\" content=\"image\/jpeg\" \/>\n<meta name=\"twitter:card\" content=\"summary\" \/>\n<meta name=\"twitter:label1\" content=\"Escrito por\" \/>\n\t<meta name=\"twitter:data1\" content=\"Nexus\" \/>\n\t<meta name=\"twitter:label2\" content=\"Tiempo de lectura\" \/>\n\t<meta name=\"twitter:data2\" content=\"4 minutos\" \/>\n<script type=\"application\/ld+json\" class=\"yoast-schema-graph\">{\"@context\":\"https:\/\/schema.org\",\"@graph\":[{\"@type\":\"WebSite\",\"@id\":\"https:\/\/grupnexus.com\/es\/#website\",\"url\":\"https:\/\/grupnexus.com\/es\/\",\"name\":\"Cl\u00ednica Nexus\",\"description\":\"L\u00edders en Medicina Est\u00e8tica Avan\u00e7ada\",\"potentialAction\":[{\"@type\":\"SearchAction\",\"target\":{\"@type\":\"EntryPoint\",\"urlTemplate\":\"https:\/\/grupnexus.com\/es\/?s={search_term_string}\"},\"query-input\":\"required name=search_term_string\"}],\"inLanguage\":\"es\"},{\"@type\":\"ImageObject\",\"@id\":\"https:\/\/grupnexus.com\/es\/prevenir-los-efectos-del-sol\/#primaryimage\",\"inLanguage\":\"es\",\"url\":\"https:\/\/grupnexus.com\/wp-content\/uploads\/publicacio_NEXUSjuliol.jpg\",\"contentUrl\":\"https:\/\/grupnexus.com\/wp-content\/uploads\/publicacio_NEXUSjuliol.jpg\",\"width\":1080,\"height\":734},{\"@type\":\"WebPage\",\"@id\":\"https:\/\/grupnexus.com\/es\/prevenir-los-efectos-del-sol\/#webpage\",\"url\":\"https:\/\/grupnexus.com\/es\/prevenir-los-efectos-del-sol\/\",\"name\":\"PREVENIR LOS EFECTOS DEL SOL\",\"isPartOf\":{\"@id\":\"https:\/\/grupnexus.com\/es\/#website\"},\"primaryImageOfPage\":{\"@id\":\"https:\/\/grupnexus.com\/es\/prevenir-los-efectos-del-sol\/#primaryimage\"},\"datePublished\":\"2012-10-29T09:49:36+00:00\",\"dateModified\":\"2022-05-13T11:17:38+00:00\",\"author\":{\"@id\":\"https:\/\/grupnexus.com\/es\/#\/schema\/person\/e766a805d9eadac3ecbb8c0d3dcd3355\"},\"breadcrumb\":{\"@id\":\"https:\/\/grupnexus.com\/es\/prevenir-los-efectos-del-sol\/#breadcrumb\"},\"inLanguage\":\"es\",\"potentialAction\":[{\"@type\":\"ReadAction\",\"target\":[\"https:\/\/grupnexus.com\/es\/prevenir-los-efectos-del-sol\/\"]}]},{\"@type\":\"BreadcrumbList\",\"@id\":\"https:\/\/grupnexus.com\/es\/prevenir-los-efectos-del-sol\/#breadcrumb\",\"itemListElement\":[{\"@type\":\"ListItem\",\"position\":1,\"name\":\"Portada\",\"item\":\"https:\/\/grupnexus.com\/es\/\"},{\"@type\":\"ListItem\",\"position\":2,\"name\":\"PREVENIR LOS EFECTOS DEL SOL\"}]},{\"@type\":\"Person\",\"@id\":\"https:\/\/grupnexus.com\/es\/#\/schema\/person\/e766a805d9eadac3ecbb8c0d3dcd3355\",\"name\":\"Nexus\",\"image\":{\"@type\":\"ImageObject\",\"@id\":\"https:\/\/grupnexus.com\/es\/#personlogo\",\"inLanguage\":\"es\",\"url\":\"https:\/\/secure.gravatar.com\/avatar\/8d9fa4540dd1ce6a7ed07044eb5f16c9?s=96&d=mm&r=g\",\"contentUrl\":\"https:\/\/secure.gravatar.com\/avatar\/8d9fa4540dd1ce6a7ed07044eb5f16c9?s=96&d=mm&r=g\",\"caption\":\"Nexus\"}}]}<\/script>\n<!-- \/ Yoast SEO plugin. -->","yoast_head_json":{"title":"PREVENIR LOS EFECTOS DEL SOL","robots":{"index":"index","follow":"follow","max-snippet":"max-snippet:-1","max-image-preview":"max-image-preview:large","max-video-preview":"max-video-preview:-1"},"canonical":"https:\/\/grupnexus.com\/es\/prevenir-los-efectos-del-sol\/","og_locale":"es_ES","og_type":"article","og_title":"PREVENIR LOS EFECTOS DEL SOL","og_description":"Una vez pasada la \u00e9poca estival y la mayor exposici\u00f3n solar que \u00e9sta conlleva, es el momento id\u00f3neo para iniciar ciertos tratamientos m\u00e9dico-est\u00e9ticos que nos permitir\u00e1n apaciguar los efectos indeseables que inexorablemente ha causado el sol en nuestra piel, o bien emprenderlos otros que no eran compatibles con una exposici\u00f3n solar m\u00e1s o menos continua....","og_url":"https:\/\/grupnexus.com\/es\/prevenir-los-efectos-del-sol\/","og_site_name":"Cl\u00ednica Nexus","article_published_time":"2012-10-29T09:49:36+00:00","article_modified_time":"2022-05-13T11:17:38+00:00","og_image":[{"width":1080,"height":734,"url":"https:\/\/grupnexus.com\/wp-content\/uploads\/publicacio_NEXUSjuliol.jpg","type":"image\/jpeg"}],"twitter_card":"summary","twitter_misc":{"Escrito por":"Nexus","Tiempo de lectura":"4 minutos"},"schema":{"@context":"https:\/\/schema.org","@graph":[{"@type":"WebSite","@id":"https:\/\/grupnexus.com\/es\/#website","url":"https:\/\/grupnexus.com\/es\/","name":"Cl\u00ednica Nexus","description":"L\u00edders en Medicina Est\u00e8tica Avan\u00e7ada","potentialAction":[{"@type":"SearchAction","target":{"@type":"EntryPoint","urlTemplate":"https:\/\/grupnexus.com\/es\/?s={search_term_string}"},"query-input":"required name=search_term_string"}],"inLanguage":"es"},{"@type":"ImageObject","@id":"https:\/\/grupnexus.com\/es\/prevenir-los-efectos-del-sol\/#primaryimage","inLanguage":"es","url":"https:\/\/grupnexus.com\/wp-content\/uploads\/publicacio_NEXUSjuliol.jpg","contentUrl":"https:\/\/grupnexus.com\/wp-content\/uploads\/publicacio_NEXUSjuliol.jpg","width":1080,"height":734},{"@type":"WebPage","@id":"https:\/\/grupnexus.com\/es\/prevenir-los-efectos-del-sol\/#webpage","url":"https:\/\/grupnexus.com\/es\/prevenir-los-efectos-del-sol\/","name":"PREVENIR LOS EFECTOS DEL SOL","isPartOf":{"@id":"https:\/\/grupnexus.com\/es\/#website"},"primaryImageOfPage":{"@id":"https:\/\/grupnexus.com\/es\/prevenir-los-efectos-del-sol\/#primaryimage"},"datePublished":"2012-10-29T09:49:36+00:00","dateModified":"2022-05-13T11:17:38+00:00","author":{"@id":"https:\/\/grupnexus.com\/es\/#\/schema\/person\/e766a805d9eadac3ecbb8c0d3dcd3355"},"breadcrumb":{"@id":"https:\/\/grupnexus.com\/es\/prevenir-los-efectos-del-sol\/#breadcrumb"},"inLanguage":"es","potentialAction":[{"@type":"ReadAction","target":["https:\/\/grupnexus.com\/es\/prevenir-los-efectos-del-sol\/"]}]},{"@type":"BreadcrumbList","@id":"https:\/\/grupnexus.com\/es\/prevenir-los-efectos-del-sol\/#breadcrumb","itemListElement":[{"@type":"ListItem","position":1,"name":"Portada","item":"https:\/\/grupnexus.com\/es\/"},{"@type":"ListItem","position":2,"name":"PREVENIR LOS EFECTOS DEL SOL"}]},{"@type":"Person","@id":"https:\/\/grupnexus.com\/es\/#\/schema\/person\/e766a805d9eadac3ecbb8c0d3dcd3355","name":"Nexus","image":{"@type":"ImageObject","@id":"https:\/\/grupnexus.com\/es\/#personlogo","inLanguage":"es","url":"https:\/\/secure.gravatar.com\/avatar\/8d9fa4540dd1ce6a7ed07044eb5f16c9?s=96&d=mm&r=g","contentUrl":"https:\/\/secure.gravatar.com\/avatar\/8d9fa4540dd1ce6a7ed07044eb5f16c9?s=96&d=mm&r=g","caption":"Nexus"}}]}},"_links":{"self":[{"href":"https:\/\/grupnexus.com\/es\/wp-json\/wp\/v2\/posts\/1195"}],"collection":[{"href":"https:\/\/grupnexus.com\/es\/wp-json\/wp\/v2\/posts"}],"about":[{"href":"https:\/\/grupnexus.com\/es\/wp-json\/wp\/v2\/types\/post"}],"author":[{"embeddable":true,"href":"https:\/\/grupnexus.com\/es\/wp-json\/wp\/v2\/users\/5"}],"replies":[{"embeddable":true,"href":"https:\/\/grupnexus.com\/es\/wp-json\/wp\/v2\/comments?post=1195"}],"version-history":[{"count":2,"href":"https:\/\/grupnexus.com\/es\/wp-json\/wp\/v2\/posts\/1195\/revisions"}],"predecessor-version":[{"id":50464,"href":"https:\/\/grupnexus.com\/es\/wp-json\/wp\/v2\/posts\/1195\/revisions\/50464"}],"wp:featuredmedia":[{"embeddable":true,"href":"https:\/\/grupnexus.com\/es\/wp-json\/wp\/v2\/media\/781"}],"wp:attachment":[{"href":"https:\/\/grupnexus.com\/es\/wp-json\/wp\/v2\/media?parent=1195"}],"wp:term":[{"taxonomy":"category","embeddable":true,"href":"https:\/\/grupnexus.com\/es\/wp-json\/wp\/v2\/categories?post=1195"},{"taxonomy":"post_tag","embeddable":true,"href":"https:\/\/grupnexus.com\/es\/wp-json\/wp\/v2\/tags?post=1195"}],"curies":[{"name":"wp","href":"https:\/\/api.w.org\/{rel}","templated":true}]}}