{"id":1196,"date":"2012-10-25T10:55:36","date_gmt":"2012-10-25T09:55:36","guid":{"rendered":"http:\/\/www.grupnexus.com\/eliminacio-permanent-del-pel-2\/"},"modified":"2015-10-04T20:17:50","modified_gmt":"2015-10-04T18:17:50","slug":"eliminacion-permanente-del-bello","status":"publish","type":"post","link":"https:\/\/grupnexus.com\/es\/eliminacion-permanente-del-bello\/","title":{"rendered":"ELIMINACI\u00d3N PERMANENTE DEL BELLO"},"content":{"rendered":"<p>&nbsp;<\/p>\n<h3>Para eliminar permanentemente el vello es necesario combinar varios sistemas de L\u00e1seres M\u00e9dicos.<\/h3>\n<h3><strong>A NEXUS LOS TENEMOS TODOS<\/strong><\/h3>\n<p>Una de las preguntas que m\u00e1s nos hacen nuestros pacientes de depilaci\u00f3n l\u00e1ser, ante la avalancha de informaci\u00f3n comercial que nos rodea, es la referente a cu\u00e1les son los l\u00e1seres m\u00e1s efectivos para eliminar el pelo, y cu\u00e1les son las diferencias que existen entre ellos. Lejos de entrar en cuestiones alrededor de la F\u00edsica de la Luz y otras consideraciones t\u00e9cnicas que resultar\u00edan gravosas, le explicamos a continuaci\u00f3n cu\u00e1les de estos aparatos han sobrevivido al inexorable paso del tiempo y en la selecci\u00f3n tecnol\u00f3gica que, en todos los \u00e1mbitos, este conlleva.<\/p>\n<p>Hoy en dia, como <strong>sistemas de efectividad contrastada y aprobados por la FDA por la depilaci\u00f3n permanent,<\/strong>contin\u00faan vigentes:<\/p>\n<h3>L\u00c1SER DE ALEJANDRITA DE PULSO LARGO (755 nm):<\/h3>\n<p>Como principales ventajas de este sistema figuran el ser r\u00e1pido, vers\u00e1til y<strong>muy bien tolerado<\/strong> al incorporar un sistema de crioanest\u00e8sia (refrigerado por gas cri\u00f3geno).<strong>No precisa rasurado previo<\/strong>. Especialmente <strong>indicado en depilaci\u00f3n corporal de pieles claras, fototipo medio, y facial en general, especialmente el \u00e1rea peribucal. Es el m\u00e1s efectivo para el pelo fino.<\/strong><\/p>\n<h3>L\u00c1SER DE DIODO (800-810 nm):<\/h3>\n<p>Presenta una menor afinidad por la melanina que la anterior y por ello requiere energ\u00edas de tratamiento superiores. Lleva incorporado un sistema de refrigeraci\u00f3n de la piel por contacto y<strong>precisa rasurado previo<\/strong>. Al poder variar la duraci\u00f3n del pulso, permite poder tratar <strong>fototipos altos (IV-V). Para pelo medio o grueso exclusivamente. No sirve para los pelos originalmente, ni para cuando el pelo se debilita a lo largo de las sesiones.<\/strong><\/p>\n<h3>L\u00c1SER DE NEODIMI-YAG DE PULSO LARGO (1064 nm):<\/h3>\n<p>Tiene una menor afinidad mel\u00e1nica que el anterior pero permite tratar<strong>fototipos altos<\/strong> sin riesgo de complicaciones y sobre todo fol\u00edculos profundos, por este motivo est\u00e1 especialmente indicado para tratar ciertas \u00e1reas, como <strong>la espalda masculina<\/strong>, o ciertos problemas como la <strong>pseudofoliculitis de la barba.<\/strong><\/p>\n<h3>LUZ DE PULSADA INTENSA:<\/h3>\n<p>No es un l\u00e1ser sino un tipo especial de luz de la que, mediante unos filtros, se selecciona el espectro m\u00e1s adecuado seg\u00fan la piel y pelo del paciente. Es un sistema muy vers\u00e1til pero muy t\u00e9cnico-dependiente. Los de uso m\u00e9dico no son en absoluto comparables a los que se pueden encontrar en otros centros. Indicado especialmente en<strong>ciertos casos de depilaci\u00f3n facial o pelo no negro.<\/strong><\/p>\n<p><strong>En conclusi\u00f3n<\/strong>, <strong>para alcanzar el resultado deseado o optimizar el tratamiento, hay que combinar m\u00e1s de un l\u00e1ser seg\u00fan:<\/strong><\/p>\n<p><strong>La \u00e1rea (facial, corporal, femenina, masculina)<\/strong><\/p>\n<p><strong>Problema a tratar (pelo grueso, fino, de color claro, fototipos de pieles altas\u2026)<\/strong><\/p>\n<p><strong>Los cambios que experimenta el pelo a lo largo del tratamiento, (pelo m\u00e1s fino, claro, menos abundante\u2026)<\/strong><\/p>\n<p><strong><strong>y escoger en cada caso el m\u00e1s conveniente<\/strong><\/strong><\/p>\n<p><strong>Para lograr esto, obviamente, hay que ir a un Centro M\u00e9dico, que disponga de todo estos aparatos terap\u00e9uticos y donde la experiencia y la profesionalidad de su personal permita seleccionar en cada caso el sistema m\u00e1s adecuado y, sobre todo, los par\u00e1metros a emplear.<\/strong> Si bien es cierto que con algunos de estos aparatos se puede tratar casi cualquier caso, tambi\u00e9n lo es que la eficacia final del tratamiento y el n\u00famero de sesiones a realizar, y por tanto el coste, puede ser muy diferente.<br \/>\nA nivel general, por su comodidad, seguridad y eficacia tanto a nivel corporal como facial,<strong>el l\u00e1ser de Alejandrita de pulso largo, contin\u00faa hoy por hoy siendo la tecnolog\u00eda \u2018Gold standard\u2019 en depilaci\u00f3n m\u00e9dica l\u00e1ser siempre que la efect\u00fae personal convenientemente preparado y en las condiciones higi\u00e9nico-sanitarias adecuadas. Tambi\u00e9n es necesario saber que, dentro de estos sistemas, s\u00f3lo ciertos modelos, y siempre que sean peri\u00f3dicamente revisados \u200b\u200by calibrados, pueden desplegar todo su potencial terap\u00e9utico.<\/strong><\/p>\n<p>En el caso del <strong>pelo blanco<\/strong>, no hay ning\u00fan sistema fotolum\u00ednic hoy en d\u00eda que sea efectivo. En estos pacientes, o en el caso de depilaci\u00f3n de zonas no abordables con l\u00e1ser (como p.e.<strong>\u00a0las cejas<\/strong>), recurrimos a <strong>t\u00e9cnicas basadas en la ultrasonografia,<\/strong> consiguiendo notables resultados.<\/p>\n<p>Finalmente resaltar que, en caso de que el pelo a tratar se deba a un problema hormonal, la mejor tecnolog\u00eda no tiene nada que hacer sin el concurso previo de un m\u00e9dico diagnosticando y tratando el problema.<\/p>\n<p><strong>Un equipo profesional<\/strong><br \/>\n<strong>a vuestro servicio cada d\u00eda<\/strong><br \/>\n<strong>Dr. Samuel Pin\u00f3s, col\u00b7legiat 2825<\/strong><br \/>\nM\u00e0ster Universitari en Medicina Est\u00e8tica<br \/>\nEspecialista universitari en Medicina Est\u00e8tica<br \/>\nMembre numerari de la Societat Espanyola<br \/>\nde L\u00e0ser Medicoquir\u00fargic<br \/>\nDirector de la Plataforma L\u00e0ser de Nexus Biom\u00e8dic<br \/>\nDirector m\u00e8dic de les cl\u00edniques Nexus<\/p>\n<p>&nbsp;<\/p>\n","protected":false},"excerpt":{"rendered":"<p>&nbsp; Para eliminar permanentemente el vello es necesario combinar varios sistemas de L\u00e1seres M\u00e9dicos. A NEXUS LOS TENEMOS TODOS Una de las preguntas que m\u00e1s nos hacen nuestros pacientes de depilaci\u00f3n l\u00e1ser, ante la avalancha de informaci\u00f3n comercial que nos rodea, es la referente a cu\u00e1les son los l\u00e1seres m\u00e1s efectivos para eliminar el pelo,&#8230;<\/p>\n","protected":false},"author":5,"featured_media":787,"comment_status":"open","ping_status":"open","sticky":false,"template":"","format":"standard","meta":[],"categories":[7],"tags":[],"yoast_head":"<!-- This site is optimized with the Yoast SEO plugin v18.6 - https:\/\/yoast.com\/wordpress\/plugins\/seo\/ -->\n<title>ELIMINACI\u00d3N PERMANENTE DEL BELLO<\/title>\n<meta name=\"robots\" content=\"index, follow, max-snippet:-1, max-image-preview:large, max-video-preview:-1\" \/>\n<link rel=\"canonical\" href=\"https:\/\/grupnexus.com\/es\/eliminacion-permanente-del-bello\/\" \/>\n<meta property=\"og:locale\" content=\"es_ES\" \/>\n<meta property=\"og:type\" content=\"article\" \/>\n<meta property=\"og:title\" content=\"ELIMINACI\u00d3N PERMANENTE DEL BELLO\" \/>\n<meta property=\"og:description\" content=\"&nbsp; Para eliminar permanentemente el vello es necesario combinar varios sistemas de L\u00e1seres M\u00e9dicos. A NEXUS LOS TENEMOS TODOS Una de las preguntas que m\u00e1s nos hacen nuestros pacientes de depilaci\u00f3n l\u00e1ser, ante la avalancha de informaci\u00f3n comercial que nos rodea, es la referente a cu\u00e1les son los l\u00e1seres m\u00e1s efectivos para eliminar el pelo,...\" \/>\n<meta property=\"og:url\" content=\"https:\/\/grupnexus.com\/es\/eliminacion-permanente-del-bello\/\" \/>\n<meta property=\"og:site_name\" content=\"Cl\u00ednica Nexus\" \/>\n<meta property=\"article:published_time\" content=\"2012-10-25T09:55:36+00:00\" \/>\n<meta property=\"article:modified_time\" content=\"2015-10-04T18:17:50+00:00\" \/>\n<meta property=\"og:image\" content=\"https:\/\/i0.wp.com\/grupnexus.com\/wp-content\/uploads\/publicacio_1.A-NEXUS-ELS-TENIM-TOTS.jpg?fit=1080%2C734&#038;ssl=1\" \/>\n\t<meta property=\"og:image:width\" content=\"1080\" \/>\n\t<meta property=\"og:image:height\" content=\"734\" \/>\n\t<meta property=\"og:image:type\" content=\"image\/jpeg\" \/>\n<meta name=\"twitter:card\" content=\"summary\" \/>\n<meta name=\"twitter:label1\" content=\"Escrito por\" \/>\n\t<meta name=\"twitter:data1\" content=\"Nexus\" \/>\n\t<meta name=\"twitter:label2\" content=\"Tiempo de lectura\" \/>\n\t<meta name=\"twitter:data2\" content=\"4 minutos\" \/>\n<script type=\"application\/ld+json\" class=\"yoast-schema-graph\">{\"@context\":\"https:\/\/schema.org\",\"@graph\":[{\"@type\":\"WebSite\",\"@id\":\"https:\/\/grupnexus.com\/es\/#website\",\"url\":\"https:\/\/grupnexus.com\/es\/\",\"name\":\"Cl\u00ednica Nexus\",\"description\":\"L\u00edders en Medicina Est\u00e8tica Avan\u00e7ada\",\"potentialAction\":[{\"@type\":\"SearchAction\",\"target\":{\"@type\":\"EntryPoint\",\"urlTemplate\":\"https:\/\/grupnexus.com\/es\/?s={search_term_string}\"},\"query-input\":\"required name=search_term_string\"}],\"inLanguage\":\"es\"},{\"@type\":\"ImageObject\",\"@id\":\"https:\/\/grupnexus.com\/es\/eliminacion-permanente-del-bello\/#primaryimage\",\"inLanguage\":\"es\",\"url\":\"https:\/\/grupnexus.com\/wp-content\/uploads\/publicacio_1.A-NEXUS-ELS-TENIM-TOTS.jpg\",\"contentUrl\":\"https:\/\/grupnexus.com\/wp-content\/uploads\/publicacio_1.A-NEXUS-ELS-TENIM-TOTS.jpg\",\"width\":1080,\"height\":734},{\"@type\":\"WebPage\",\"@id\":\"https:\/\/grupnexus.com\/es\/eliminacion-permanente-del-bello\/#webpage\",\"url\":\"https:\/\/grupnexus.com\/es\/eliminacion-permanente-del-bello\/\",\"name\":\"ELIMINACI\u00d3N PERMANENTE DEL BELLO\",\"isPartOf\":{\"@id\":\"https:\/\/grupnexus.com\/es\/#website\"},\"primaryImageOfPage\":{\"@id\":\"https:\/\/grupnexus.com\/es\/eliminacion-permanente-del-bello\/#primaryimage\"},\"datePublished\":\"2012-10-25T09:55:36+00:00\",\"dateModified\":\"2015-10-04T18:17:50+00:00\",\"author\":{\"@id\":\"https:\/\/grupnexus.com\/es\/#\/schema\/person\/e766a805d9eadac3ecbb8c0d3dcd3355\"},\"breadcrumb\":{\"@id\":\"https:\/\/grupnexus.com\/es\/eliminacion-permanente-del-bello\/#breadcrumb\"},\"inLanguage\":\"es\",\"potentialAction\":[{\"@type\":\"ReadAction\",\"target\":[\"https:\/\/grupnexus.com\/es\/eliminacion-permanente-del-bello\/\"]}]},{\"@type\":\"BreadcrumbList\",\"@id\":\"https:\/\/grupnexus.com\/es\/eliminacion-permanente-del-bello\/#breadcrumb\",\"itemListElement\":[{\"@type\":\"ListItem\",\"position\":1,\"name\":\"Portada\",\"item\":\"https:\/\/grupnexus.com\/es\/\"},{\"@type\":\"ListItem\",\"position\":2,\"name\":\"ELIMINACI\u00d3N PERMANENTE DEL BELLO\"}]},{\"@type\":\"Person\",\"@id\":\"https:\/\/grupnexus.com\/es\/#\/schema\/person\/e766a805d9eadac3ecbb8c0d3dcd3355\",\"name\":\"Nexus\",\"image\":{\"@type\":\"ImageObject\",\"@id\":\"https:\/\/grupnexus.com\/es\/#personlogo\",\"inLanguage\":\"es\",\"url\":\"https:\/\/secure.gravatar.com\/avatar\/8d9fa4540dd1ce6a7ed07044eb5f16c9?s=96&d=mm&r=g\",\"contentUrl\":\"https:\/\/secure.gravatar.com\/avatar\/8d9fa4540dd1ce6a7ed07044eb5f16c9?s=96&d=mm&r=g\",\"caption\":\"Nexus\"}}]}<\/script>\n<!-- \/ Yoast SEO plugin. -->","yoast_head_json":{"title":"ELIMINACI\u00d3N PERMANENTE DEL BELLO","robots":{"index":"index","follow":"follow","max-snippet":"max-snippet:-1","max-image-preview":"max-image-preview:large","max-video-preview":"max-video-preview:-1"},"canonical":"https:\/\/grupnexus.com\/es\/eliminacion-permanente-del-bello\/","og_locale":"es_ES","og_type":"article","og_title":"ELIMINACI\u00d3N PERMANENTE DEL BELLO","og_description":"&nbsp; Para eliminar permanentemente el vello es necesario combinar varios sistemas de L\u00e1seres M\u00e9dicos. A NEXUS LOS TENEMOS TODOS Una de las preguntas que m\u00e1s nos hacen nuestros pacientes de depilaci\u00f3n l\u00e1ser, ante la avalancha de informaci\u00f3n comercial que nos rodea, es la referente a cu\u00e1les son los l\u00e1seres m\u00e1s efectivos para eliminar el pelo,...","og_url":"https:\/\/grupnexus.com\/es\/eliminacion-permanente-del-bello\/","og_site_name":"Cl\u00ednica Nexus","article_published_time":"2012-10-25T09:55:36+00:00","article_modified_time":"2015-10-04T18:17:50+00:00","og_image":[{"width":1080,"height":734,"url":"https:\/\/i0.wp.com\/grupnexus.com\/wp-content\/uploads\/publicacio_1.A-NEXUS-ELS-TENIM-TOTS.jpg?fit=1080%2C734&ssl=1","type":"image\/jpeg"}],"twitter_card":"summary","twitter_misc":{"Escrito por":"Nexus","Tiempo de lectura":"4 minutos"},"schema":{"@context":"https:\/\/schema.org","@graph":[{"@type":"WebSite","@id":"https:\/\/grupnexus.com\/es\/#website","url":"https:\/\/grupnexus.com\/es\/","name":"Cl\u00ednica Nexus","description":"L\u00edders en Medicina Est\u00e8tica Avan\u00e7ada","potentialAction":[{"@type":"SearchAction","target":{"@type":"EntryPoint","urlTemplate":"https:\/\/grupnexus.com\/es\/?s={search_term_string}"},"query-input":"required name=search_term_string"}],"inLanguage":"es"},{"@type":"ImageObject","@id":"https:\/\/grupnexus.com\/es\/eliminacion-permanente-del-bello\/#primaryimage","inLanguage":"es","url":"https:\/\/grupnexus.com\/wp-content\/uploads\/publicacio_1.A-NEXUS-ELS-TENIM-TOTS.jpg","contentUrl":"https:\/\/grupnexus.com\/wp-content\/uploads\/publicacio_1.A-NEXUS-ELS-TENIM-TOTS.jpg","width":1080,"height":734},{"@type":"WebPage","@id":"https:\/\/grupnexus.com\/es\/eliminacion-permanente-del-bello\/#webpage","url":"https:\/\/grupnexus.com\/es\/eliminacion-permanente-del-bello\/","name":"ELIMINACI\u00d3N PERMANENTE DEL BELLO","isPartOf":{"@id":"https:\/\/grupnexus.com\/es\/#website"},"primaryImageOfPage":{"@id":"https:\/\/grupnexus.com\/es\/eliminacion-permanente-del-bello\/#primaryimage"},"datePublished":"2012-10-25T09:55:36+00:00","dateModified":"2015-10-04T18:17:50+00:00","author":{"@id":"https:\/\/grupnexus.com\/es\/#\/schema\/person\/e766a805d9eadac3ecbb8c0d3dcd3355"},"breadcrumb":{"@id":"https:\/\/grupnexus.com\/es\/eliminacion-permanente-del-bello\/#breadcrumb"},"inLanguage":"es","potentialAction":[{"@type":"ReadAction","target":["https:\/\/grupnexus.com\/es\/eliminacion-permanente-del-bello\/"]}]},{"@type":"BreadcrumbList","@id":"https:\/\/grupnexus.com\/es\/eliminacion-permanente-del-bello\/#breadcrumb","itemListElement":[{"@type":"ListItem","position":1,"name":"Portada","item":"https:\/\/grupnexus.com\/es\/"},{"@type":"ListItem","position":2,"name":"ELIMINACI\u00d3N PERMANENTE DEL BELLO"}]},{"@type":"Person","@id":"https:\/\/grupnexus.com\/es\/#\/schema\/person\/e766a805d9eadac3ecbb8c0d3dcd3355","name":"Nexus","image":{"@type":"ImageObject","@id":"https:\/\/grupnexus.com\/es\/#personlogo","inLanguage":"es","url":"https:\/\/secure.gravatar.com\/avatar\/8d9fa4540dd1ce6a7ed07044eb5f16c9?s=96&d=mm&r=g","contentUrl":"https:\/\/secure.gravatar.com\/avatar\/8d9fa4540dd1ce6a7ed07044eb5f16c9?s=96&d=mm&r=g","caption":"Nexus"}}]}},"_links":{"self":[{"href":"https:\/\/grupnexus.com\/es\/wp-json\/wp\/v2\/posts\/1196"}],"collection":[{"href":"https:\/\/grupnexus.com\/es\/wp-json\/wp\/v2\/posts"}],"about":[{"href":"https:\/\/grupnexus.com\/es\/wp-json\/wp\/v2\/types\/post"}],"author":[{"embeddable":true,"href":"https:\/\/grupnexus.com\/es\/wp-json\/wp\/v2\/users\/5"}],"replies":[{"embeddable":true,"href":"https:\/\/grupnexus.com\/es\/wp-json\/wp\/v2\/comments?post=1196"}],"version-history":[{"count":0,"href":"https:\/\/grupnexus.com\/es\/wp-json\/wp\/v2\/posts\/1196\/revisions"}],"wp:featuredmedia":[{"embeddable":true,"href":"https:\/\/grupnexus.com\/es\/wp-json\/wp\/v2\/media\/787"}],"wp:attachment":[{"href":"https:\/\/grupnexus.com\/es\/wp-json\/wp\/v2\/media?parent=1196"}],"wp:term":[{"taxonomy":"category","embeddable":true,"href":"https:\/\/grupnexus.com\/es\/wp-json\/wp\/v2\/categories?post=1196"},{"taxonomy":"post_tag","embeddable":true,"href":"https:\/\/grupnexus.com\/es\/wp-json\/wp\/v2\/tags?post=1196"}],"curies":[{"name":"wp","href":"https:\/\/api.w.org\/{rel}","templated":true}]}}