{"id":1202,"date":"2012-10-16T10:59:04","date_gmt":"2012-10-16T09:59:04","guid":{"rendered":"http:\/\/www.grupnexus.com\/rejoveniment-facial-2\/"},"modified":"2022-06-20T10:43:15","modified_gmt":"2022-06-20T08:43:15","slug":"rejuvenecimiento-facial","status":"publish","type":"post","link":"https:\/\/grupnexus.com\/es\/rejuvenecimiento-facial\/","title":{"rendered":"REJUVENECIMIENTO FACIAL"},"content":{"rendered":"<p>&nbsp;<\/p>\n<p align=\"center\">La creciente solicitud por parte de los pacientes de tratamientos m\u00e9dico- est\u00e9ticos m\u00ednimamente invasivos y de poca o nula convalecencia, ha comportado \u00faltimamente un cambio en las t\u00e9cnicas y el enfoque del rejuvenecimiento facial. Hoy en d\u00eda se tiende a combinar varias de estas t\u00e9cnicas en un mismo paciente con el fin de individualizarlo para cada caso en concreto, tratar varios problemas a la vez y, en definitiva, mejorar los resultados.<\/p>\n<p>Tras el pertinente estudio dermatol\u00f3gico y morfol\u00f3gico facial, empleamos combinadas algunas de las siguientes t\u00e9cnicas para restaurar vol\u00famenes, elevar tejidos, eliminar arrugas e hidratar y mejorar la calidad y textura de la piel :<\/p>\n<ul>\n<li><strong>Implantes : <\/strong>Inyecci\u00f3n de biomateriales para rellenar y eliminar arrugar o crear vol\u00famenes.<\/li>\n<li><strong>Prote\u00edna Natural Purificada: <\/strong>Tratamiento de referencia para las arrugas de expresi\u00f3n, proporcionando un incomparable efecto tensor y gran luminosidad.<\/li>\n<li><strong>Remodelaci\u00f3n labial : <\/strong>redifinir el contorno labial y mejorar su forma y volumen mediante la inyecci\u00f3n de implantes biocompatibles.<\/li>\n<li><strong>Biomesoter\u00e0pia : <\/strong>Inyecci\u00f3n d\u00e9rmica de vitaminas, amino\u00e1cidos y minerales para mejorar la calidad y textura de la piel.<\/li>\n<li><strong>Biorrevitalitzaci\u00f3 cut\u00e1nea : <\/strong>Mesoterapia ampliada en la que se realiza, adem\u00e1s, la microinyecci\u00f3n de precursores de la matriz d\u00e9rmica para mejorar la turgencia y elasticidad.<\/li>\n<li><strong>Plasma rico en factores de crecimiento : <\/strong>Inyecci\u00f3n de propios Factores de crecimiento epid\u00e9rmico provenientes de las plaquetas, que conllevan un efecto revitalizador y rejuvenecedor incomparable.<\/li>\n<li><strong>Peelings m\u00e9dicos : <\/strong>Renovaci\u00f3n de la de las capas de la piel mediante la aplicaci\u00f3n de sustancias qu\u00edmicas externas.<\/li>\n<li><strong>Radiofrecuencia : <\/strong>Aparato para tratar la flacidez cut\u00e1nea de cara, cuello y escote<\/li>\n<li><strong>IPL m\u00e9dico: <\/strong>Una fuente de luz que frena y combate el envejecimiento de la piel, mejorando gradualmente su tonalidad y textura, eliminando al mismo tiempo las manchas, rojeces, poros dilatados y arrugas finas.<\/li>\n<li><strong>L\u00e1ser m\u00e9dico: <\/strong>Para eliminar lesiones pigmentadas, vasculares, y renovar las capas de la piel.<\/li>\n<\/ul>\n<p>Algunas combinaciones de estas t\u00e9cnicas, por su eficacia o popularidad, tienen incuria ya nombre como la<strong>Mesoplastia facial <\/strong>o la nombrando <strong>Lifting l\u00edquido <\/strong>. El primero consiste en la inyecci\u00f3n de un c\u00f3ctel de sustancias bioestimuladores, oligoelementos, vitaminas y antioxidantes junto con \u00e1cido hialur\u00f3nico de diferentes grados de reticulaci\u00f3n seg\u00fan los vol\u00famenes a corregir, prote\u00edna botul\u00ednica para las arrugas din\u00e1micas, y otros subst\u00e0cies espec\u00edficas para el tratamiento del descuelgue del tejido cut\u00e1neo. La Mesoplastia facial se realiza generalmente en un par de sesiones y bajo anestesia local. El tratamiento no tiene ning\u00fan efecto secundario, salvo alguna rojez o hematoma, por lo que el paciente puede reincorporarse de inmediato a su actividad cotidiana.<\/p>\n<p>El <strong>Lifting l\u00edquido <\/strong>es una mesoplastia ampliada en la que se trata, de manera personalizada, los tres tercios faciales en funci\u00f3n de las necesidades del paciente y adem\u00e1s tambi\u00e9n las \u00e1reas malares ( p\u00f3mulos ) y mandibular, restaurante- las, redifinir \u2013 y redibujando foto. Se llev\u00f3 a cabo con anestesia t\u00f3pica y local, y es generalmente muy bien tolerada. Los efectos secundarios se reducen a un discreto edema durante 2-3 d\u00edas y alg\u00fan posible hematoma. Los resultados de ambas t\u00e9cnicas son espectaculares y a la vez muy naturales, persistiendo sus efectos durante 6-10 meses.<\/p>\n<p>En resumen, la demanda de tratamientos de rejuvenecimiento facial que impliquen pocos efectos secundarios y nula recuperaci\u00f3n posterior, junto con el perfeccionamiento y el advenimiento de nuevos material y t\u00e9cnicas ( que adem\u00e1s permiten combinarse y potenciarse entre s\u00ed), abre nuevas perspectivas en el tratamiento de envejecimiento facial en todas sus vertientes, al permitir un tratamiento integral de todos los problemas asociados que \u00e9ste conlleva, personalizar e individualizar el tratamiento en cada caso y, en definitiva, mejorar los resultados globales hacia t\u00e9cnicas anteriores o alguna de estas t\u00e9cnicas aislada.<\/p>\n<p>&nbsp;<\/p>\n","protected":false},"excerpt":{"rendered":"<p>&nbsp; La creciente solicitud por parte de los pacientes de tratamientos m\u00e9dico- est\u00e9ticos m\u00ednimamente invasivos y de poca o nula convalecencia, ha comportado \u00faltimamente un cambio en las t\u00e9cnicas y el enfoque del rejuvenecimiento facial. Hoy en d\u00eda se tiende a combinar varias de estas t\u00e9cnicas en un mismo paciente con el fin de individualizarlo&#8230;<\/p>\n","protected":false},"author":5,"featured_media":797,"comment_status":"closed","ping_status":"closed","sticky":false,"template":"","format":"standard","meta":[],"categories":[7],"tags":[],"yoast_head":"<!-- This site is optimized with the Yoast SEO plugin v18.6 - https:\/\/yoast.com\/wordpress\/plugins\/seo\/ -->\n<title>REJUVENECIMIENTO FACIAL<\/title>\n<meta name=\"robots\" content=\"index, follow, max-snippet:-1, max-image-preview:large, max-video-preview:-1\" \/>\n<link rel=\"canonical\" href=\"https:\/\/grupnexus.com\/es\/rejuvenecimiento-facial\/\" \/>\n<meta property=\"og:locale\" content=\"es_ES\" \/>\n<meta property=\"og:type\" content=\"article\" \/>\n<meta property=\"og:title\" content=\"REJUVENECIMIENTO FACIAL\" \/>\n<meta property=\"og:description\" content=\"&nbsp; La creciente solicitud por parte de los pacientes de tratamientos m\u00e9dico- est\u00e9ticos m\u00ednimamente invasivos y de poca o nula convalecencia, ha comportado \u00faltimamente un cambio en las t\u00e9cnicas y el enfoque del rejuvenecimiento facial. Hoy en d\u00eda se tiende a combinar varias de estas t\u00e9cnicas en un mismo paciente con el fin de individualizarlo...\" \/>\n<meta property=\"og:url\" content=\"https:\/\/grupnexus.com\/es\/rejuvenecimiento-facial\/\" \/>\n<meta property=\"og:site_name\" content=\"Cl\u00ednica Nexus\" \/>\n<meta property=\"article:published_time\" content=\"2012-10-16T09:59:04+00:00\" \/>\n<meta property=\"article:modified_time\" content=\"2022-06-20T08:43:15+00:00\" \/>\n<meta property=\"og:image\" content=\"https:\/\/grupnexus.com\/wp-content\/uploads\/publicacio_ARTICLE-REJOVENIMENT-FACIAL.jpg\" \/>\n\t<meta property=\"og:image:width\" content=\"552\" \/>\n\t<meta property=\"og:image:height\" content=\"730\" \/>\n\t<meta property=\"og:image:type\" content=\"image\/jpeg\" \/>\n<meta name=\"twitter:card\" content=\"summary\" \/>\n<meta name=\"twitter:label1\" content=\"Escrito por\" \/>\n\t<meta name=\"twitter:data1\" content=\"Nexus\" \/>\n\t<meta name=\"twitter:label2\" content=\"Tiempo de lectura\" \/>\n\t<meta name=\"twitter:data2\" content=\"3 minutos\" \/>\n<script type=\"application\/ld+json\" class=\"yoast-schema-graph\">{\"@context\":\"https:\/\/schema.org\",\"@graph\":[{\"@type\":\"WebSite\",\"@id\":\"https:\/\/grupnexus.com\/es\/#website\",\"url\":\"https:\/\/grupnexus.com\/es\/\",\"name\":\"Cl\u00ednica Nexus\",\"description\":\"L\u00edders en Medicina Est\u00e8tica Avan\u00e7ada\",\"potentialAction\":[{\"@type\":\"SearchAction\",\"target\":{\"@type\":\"EntryPoint\",\"urlTemplate\":\"https:\/\/grupnexus.com\/es\/?s={search_term_string}\"},\"query-input\":\"required name=search_term_string\"}],\"inLanguage\":\"es\"},{\"@type\":\"ImageObject\",\"@id\":\"https:\/\/grupnexus.com\/es\/rejuvenecimiento-facial\/#primaryimage\",\"inLanguage\":\"es\",\"url\":\"https:\/\/grupnexus.com\/wp-content\/uploads\/publicacio_ARTICLE-REJOVENIMENT-FACIAL.jpg\",\"contentUrl\":\"https:\/\/grupnexus.com\/wp-content\/uploads\/publicacio_ARTICLE-REJOVENIMENT-FACIAL.jpg\",\"width\":552,\"height\":730},{\"@type\":\"WebPage\",\"@id\":\"https:\/\/grupnexus.com\/es\/rejuvenecimiento-facial\/#webpage\",\"url\":\"https:\/\/grupnexus.com\/es\/rejuvenecimiento-facial\/\",\"name\":\"REJUVENECIMIENTO FACIAL\",\"isPartOf\":{\"@id\":\"https:\/\/grupnexus.com\/es\/#website\"},\"primaryImageOfPage\":{\"@id\":\"https:\/\/grupnexus.com\/es\/rejuvenecimiento-facial\/#primaryimage\"},\"datePublished\":\"2012-10-16T09:59:04+00:00\",\"dateModified\":\"2022-06-20T08:43:15+00:00\",\"author\":{\"@id\":\"https:\/\/grupnexus.com\/es\/#\/schema\/person\/e766a805d9eadac3ecbb8c0d3dcd3355\"},\"breadcrumb\":{\"@id\":\"https:\/\/grupnexus.com\/es\/rejuvenecimiento-facial\/#breadcrumb\"},\"inLanguage\":\"es\",\"potentialAction\":[{\"@type\":\"ReadAction\",\"target\":[\"https:\/\/grupnexus.com\/es\/rejuvenecimiento-facial\/\"]}]},{\"@type\":\"BreadcrumbList\",\"@id\":\"https:\/\/grupnexus.com\/es\/rejuvenecimiento-facial\/#breadcrumb\",\"itemListElement\":[{\"@type\":\"ListItem\",\"position\":1,\"name\":\"Portada\",\"item\":\"https:\/\/grupnexus.com\/es\/\"},{\"@type\":\"ListItem\",\"position\":2,\"name\":\"REJUVENECIMIENTO FACIAL\"}]},{\"@type\":\"Person\",\"@id\":\"https:\/\/grupnexus.com\/es\/#\/schema\/person\/e766a805d9eadac3ecbb8c0d3dcd3355\",\"name\":\"Nexus\",\"image\":{\"@type\":\"ImageObject\",\"@id\":\"https:\/\/grupnexus.com\/es\/#personlogo\",\"inLanguage\":\"es\",\"url\":\"https:\/\/secure.gravatar.com\/avatar\/8d9fa4540dd1ce6a7ed07044eb5f16c9?s=96&d=mm&r=g\",\"contentUrl\":\"https:\/\/secure.gravatar.com\/avatar\/8d9fa4540dd1ce6a7ed07044eb5f16c9?s=96&d=mm&r=g\",\"caption\":\"Nexus\"}}]}<\/script>\n<!-- \/ Yoast SEO plugin. -->","yoast_head_json":{"title":"REJUVENECIMIENTO FACIAL","robots":{"index":"index","follow":"follow","max-snippet":"max-snippet:-1","max-image-preview":"max-image-preview:large","max-video-preview":"max-video-preview:-1"},"canonical":"https:\/\/grupnexus.com\/es\/rejuvenecimiento-facial\/","og_locale":"es_ES","og_type":"article","og_title":"REJUVENECIMIENTO FACIAL","og_description":"&nbsp; La creciente solicitud por parte de los pacientes de tratamientos m\u00e9dico- est\u00e9ticos m\u00ednimamente invasivos y de poca o nula convalecencia, ha comportado \u00faltimamente un cambio en las t\u00e9cnicas y el enfoque del rejuvenecimiento facial. Hoy en d\u00eda se tiende a combinar varias de estas t\u00e9cnicas en un mismo paciente con el fin de individualizarlo...","og_url":"https:\/\/grupnexus.com\/es\/rejuvenecimiento-facial\/","og_site_name":"Cl\u00ednica Nexus","article_published_time":"2012-10-16T09:59:04+00:00","article_modified_time":"2022-06-20T08:43:15+00:00","og_image":[{"width":552,"height":730,"url":"https:\/\/grupnexus.com\/wp-content\/uploads\/publicacio_ARTICLE-REJOVENIMENT-FACIAL.jpg","type":"image\/jpeg"}],"twitter_card":"summary","twitter_misc":{"Escrito por":"Nexus","Tiempo de lectura":"3 minutos"},"schema":{"@context":"https:\/\/schema.org","@graph":[{"@type":"WebSite","@id":"https:\/\/grupnexus.com\/es\/#website","url":"https:\/\/grupnexus.com\/es\/","name":"Cl\u00ednica Nexus","description":"L\u00edders en Medicina Est\u00e8tica Avan\u00e7ada","potentialAction":[{"@type":"SearchAction","target":{"@type":"EntryPoint","urlTemplate":"https:\/\/grupnexus.com\/es\/?s={search_term_string}"},"query-input":"required name=search_term_string"}],"inLanguage":"es"},{"@type":"ImageObject","@id":"https:\/\/grupnexus.com\/es\/rejuvenecimiento-facial\/#primaryimage","inLanguage":"es","url":"https:\/\/grupnexus.com\/wp-content\/uploads\/publicacio_ARTICLE-REJOVENIMENT-FACIAL.jpg","contentUrl":"https:\/\/grupnexus.com\/wp-content\/uploads\/publicacio_ARTICLE-REJOVENIMENT-FACIAL.jpg","width":552,"height":730},{"@type":"WebPage","@id":"https:\/\/grupnexus.com\/es\/rejuvenecimiento-facial\/#webpage","url":"https:\/\/grupnexus.com\/es\/rejuvenecimiento-facial\/","name":"REJUVENECIMIENTO FACIAL","isPartOf":{"@id":"https:\/\/grupnexus.com\/es\/#website"},"primaryImageOfPage":{"@id":"https:\/\/grupnexus.com\/es\/rejuvenecimiento-facial\/#primaryimage"},"datePublished":"2012-10-16T09:59:04+00:00","dateModified":"2022-06-20T08:43:15+00:00","author":{"@id":"https:\/\/grupnexus.com\/es\/#\/schema\/person\/e766a805d9eadac3ecbb8c0d3dcd3355"},"breadcrumb":{"@id":"https:\/\/grupnexus.com\/es\/rejuvenecimiento-facial\/#breadcrumb"},"inLanguage":"es","potentialAction":[{"@type":"ReadAction","target":["https:\/\/grupnexus.com\/es\/rejuvenecimiento-facial\/"]}]},{"@type":"BreadcrumbList","@id":"https:\/\/grupnexus.com\/es\/rejuvenecimiento-facial\/#breadcrumb","itemListElement":[{"@type":"ListItem","position":1,"name":"Portada","item":"https:\/\/grupnexus.com\/es\/"},{"@type":"ListItem","position":2,"name":"REJUVENECIMIENTO FACIAL"}]},{"@type":"Person","@id":"https:\/\/grupnexus.com\/es\/#\/schema\/person\/e766a805d9eadac3ecbb8c0d3dcd3355","name":"Nexus","image":{"@type":"ImageObject","@id":"https:\/\/grupnexus.com\/es\/#personlogo","inLanguage":"es","url":"https:\/\/secure.gravatar.com\/avatar\/8d9fa4540dd1ce6a7ed07044eb5f16c9?s=96&d=mm&r=g","contentUrl":"https:\/\/secure.gravatar.com\/avatar\/8d9fa4540dd1ce6a7ed07044eb5f16c9?s=96&d=mm&r=g","caption":"Nexus"}}]}},"_links":{"self":[{"href":"https:\/\/grupnexus.com\/es\/wp-json\/wp\/v2\/posts\/1202"}],"collection":[{"href":"https:\/\/grupnexus.com\/es\/wp-json\/wp\/v2\/posts"}],"about":[{"href":"https:\/\/grupnexus.com\/es\/wp-json\/wp\/v2\/types\/post"}],"author":[{"embeddable":true,"href":"https:\/\/grupnexus.com\/es\/wp-json\/wp\/v2\/users\/5"}],"replies":[{"embeddable":true,"href":"https:\/\/grupnexus.com\/es\/wp-json\/wp\/v2\/comments?post=1202"}],"version-history":[{"count":1,"href":"https:\/\/grupnexus.com\/es\/wp-json\/wp\/v2\/posts\/1202\/revisions"}],"predecessor-version":[{"id":50663,"href":"https:\/\/grupnexus.com\/es\/wp-json\/wp\/v2\/posts\/1202\/revisions\/50663"}],"wp:featuredmedia":[{"embeddable":true,"href":"https:\/\/grupnexus.com\/es\/wp-json\/wp\/v2\/media\/797"}],"wp:attachment":[{"href":"https:\/\/grupnexus.com\/es\/wp-json\/wp\/v2\/media?parent=1202"}],"wp:term":[{"taxonomy":"category","embeddable":true,"href":"https:\/\/grupnexus.com\/es\/wp-json\/wp\/v2\/categories?post=1202"},{"taxonomy":"post_tag","embeddable":true,"href":"https:\/\/grupnexus.com\/es\/wp-json\/wp\/v2\/tags?post=1202"}],"curies":[{"name":"wp","href":"https:\/\/api.w.org\/{rel}","templated":true}]}}