{"id":12260,"date":"2017-03-19T23:58:21","date_gmt":"2017-03-19T21:58:21","guid":{"rendered":"http:\/\/www.grupnexus.com\/nexus-col-labora-amb-la-tercera-edicio-la-cursa-100-solidaria-5k-sed-lleida\/"},"modified":"2017-03-27T00:17:24","modified_gmt":"2017-03-26T22:17:24","slug":"nexus-col-labora-amb-la-tercera-edicio-la-cursa-100-solidaria-5k-sed-lleida","status":"publish","type":"post","link":"https:\/\/grupnexus.com\/es\/nexus-col-labora-amb-la-tercera-edicio-la-cursa-100-solidaria-5k-sed-lleida\/","title":{"rendered":"Nexus colabora con la tercera edici\u00f3n de la Carrera 100% Solidaria 5K SED Lleida"},"content":{"rendered":"<p><strong>En Nexus, el deporte y la solidaridad no nos dejan parar!<\/strong><!--more--><\/p>\n<p>Esta ma\u00f1ana, hemos vuelto a apoyar el deporte, la solidaridad y la gente de nuestra ciudad, como empresa colaboradora, por tercer a\u00f1o consecutivo, de la tercera edici\u00f3n de la <strong>Carrera 100% Solidaria 5K SED Lleida<\/strong>, que ha reunido un millar de participantes y ha contado con el soporte de 120 voluntarios y empresas solidarias como <strong>Cl\u00ednica Nexus.<\/strong><\/p>\n<p>La Carrera organizada por la ONG <strong>Solidaridad, Educaci\u00f3n y Desarrollo<\/strong> se enmarca en el proyecto de reinserci\u00f3n social de menores adolescentes exsoldados de la ciudad de Berb\u00e9rati en la Rep\u00fablica Centroafricana, al que se destinar\u00e1n todos los beneficios obtenidos de las inscripciones.<\/p>\n<p>&nbsp;<\/p>\n<p><img loading=\"lazy\" class=\"aligncenter size-full wp-image-12256\" src=\"https:\/\/grupnexus.com\/wp-content\/uploads\/2017\/03\/17240635_1117998674977932_5410284835978990567_o.jpg\" alt=\"\" width=\"2048\" height=\"1170\" srcset=\"https:\/\/grupnexus.com\/wp-content\/uploads\/2017\/03\/17240635_1117998674977932_5410284835978990567_o.jpg 2048w, https:\/\/grupnexus.com\/wp-content\/uploads\/2017\/03\/17240635_1117998674977932_5410284835978990567_o-510x291.jpg 510w, https:\/\/grupnexus.com\/wp-content\/uploads\/2017\/03\/17240635_1117998674977932_5410284835978990567_o-300x171.jpg 300w, https:\/\/grupnexus.com\/wp-content\/uploads\/2017\/03\/17240635_1117998674977932_5410284835978990567_o-768x439.jpg 768w, https:\/\/grupnexus.com\/wp-content\/uploads\/2017\/03\/17240635_1117998674977932_5410284835978990567_o-1024x585.jpg 1024w, https:\/\/grupnexus.com\/wp-content\/uploads\/2017\/03\/17240635_1117998674977932_5410284835978990567_o-1140x651.jpg 1140w, https:\/\/grupnexus.com\/wp-content\/uploads\/2017\/03\/17240635_1117998674977932_5410284835978990567_o-555x317.jpg 555w, https:\/\/grupnexus.com\/wp-content\/uploads\/2017\/03\/17240635_1117998674977932_5410284835978990567_o-360x206.jpg 360w, https:\/\/grupnexus.com\/wp-content\/uploads\/2017\/03\/17240635_1117998674977932_5410284835978990567_o-262x150.jpg 262w\" sizes=\"(max-width: 2048px) 100vw, 2048px\" \/><\/p>\n<p>&nbsp;<\/p>\n<p>La Carrera se enmarca en el proyecto de reinserci\u00f3n social de menores adolescentes exsoldado de la ciudad de Berb\u00e9rati en la Rep\u00fablica Centroafricana, al que se destinar\u00e1n todos los beneficios obtenidos de las inscripciones.\u00a0La jornada ha contado con el soporte de 120 voluntarios y m\u00e1s de 50 empresas colaboradoras y ten\u00eda como objetivo sensibilizar a los vecinos sobre esta causa solidaria y conseguir recursos para las entidades que trabajan en Berb\u00e9rati.<\/p>\n","protected":false},"excerpt":{"rendered":"<p>En Nexus, el deporte y la solidaridad no nos dejan parar!<\/p>\n","protected":false},"author":5,"featured_media":12257,"comment_status":"closed","ping_status":"closed","sticky":false,"template":"","format":"standard","meta":[],"categories":[358],"tags":[367,50,368,362],"yoast_head":"<!-- This site is optimized with the Yoast SEO plugin v18.6 - https:\/\/yoast.com\/wordpress\/plugins\/seo\/ -->\n<title>Nexus colabora con la tercera edici\u00f3n de la Carrera 100% Solidaria 5K SED Lleida<\/title>\n<meta name=\"robots\" content=\"index, follow, max-snippet:-1, max-image-preview:large, max-video-preview:-1\" \/>\n<link rel=\"canonical\" href=\"https:\/\/grupnexus.com\/es\/nexus-col-labora-amb-la-tercera-edicio-la-cursa-100-solidaria-5k-sed-lleida\/\" \/>\n<meta property=\"og:locale\" content=\"es_ES\" \/>\n<meta property=\"og:type\" content=\"article\" \/>\n<meta property=\"og:title\" content=\"Nexus colabora con la tercera edici\u00f3n de la Carrera 100% Solidaria 5K SED Lleida\" \/>\n<meta property=\"og:description\" content=\"En Nexus, el deporte y la solidaridad no nos dejan parar!\" \/>\n<meta property=\"og:url\" content=\"https:\/\/grupnexus.com\/es\/nexus-col-labora-amb-la-tercera-edicio-la-cursa-100-solidaria-5k-sed-lleida\/\" \/>\n<meta property=\"og:site_name\" content=\"Cl\u00ednica Nexus\" \/>\n<meta property=\"article:published_time\" content=\"2017-03-19T21:58:21+00:00\" \/>\n<meta property=\"article:modified_time\" content=\"2017-03-26T22:17:24+00:00\" \/>\n<meta property=\"og:image\" content=\"https:\/\/i0.wp.com\/grupnexus.com\/wp-content\/uploads\/2017\/03\/Cursa-Sed.jpg?fit=710%2C1000&#038;ssl=1\" \/>\n\t<meta property=\"og:image:width\" content=\"710\" \/>\n\t<meta property=\"og:image:height\" content=\"1000\" \/>\n\t<meta property=\"og:image:type\" content=\"image\/jpeg\" \/>\n<meta name=\"twitter:card\" content=\"summary\" \/>\n<meta name=\"twitter:label1\" content=\"Escrito por\" \/>\n\t<meta name=\"twitter:data1\" content=\"Nexus\" \/>\n\t<meta name=\"twitter:label2\" content=\"Tiempo de lectura\" \/>\n\t<meta name=\"twitter:data2\" content=\"1 minuto\" \/>\n<script type=\"application\/ld+json\" class=\"yoast-schema-graph\">{\"@context\":\"https:\/\/schema.org\",\"@graph\":[{\"@type\":\"WebSite\",\"@id\":\"https:\/\/grupnexus.com\/es\/#website\",\"url\":\"https:\/\/grupnexus.com\/es\/\",\"name\":\"Cl\u00ednica Nexus\",\"description\":\"L\u00edders en Medicina Est\u00e8tica Avan\u00e7ada\",\"potentialAction\":[{\"@type\":\"SearchAction\",\"target\":{\"@type\":\"EntryPoint\",\"urlTemplate\":\"https:\/\/grupnexus.com\/es\/?s={search_term_string}\"},\"query-input\":\"required name=search_term_string\"}],\"inLanguage\":\"es\"},{\"@type\":\"ImageObject\",\"@id\":\"https:\/\/grupnexus.com\/es\/nexus-col-labora-amb-la-tercera-edicio-la-cursa-100-solidaria-5k-sed-lleida\/#primaryimage\",\"inLanguage\":\"es\",\"url\":\"https:\/\/grupnexus.com\/wp-content\/uploads\/2017\/03\/Cursa-Sed.jpg\",\"contentUrl\":\"https:\/\/grupnexus.com\/wp-content\/uploads\/2017\/03\/Cursa-Sed.jpg\",\"width\":710,\"height\":1000},{\"@type\":\"WebPage\",\"@id\":\"https:\/\/grupnexus.com\/es\/nexus-col-labora-amb-la-tercera-edicio-la-cursa-100-solidaria-5k-sed-lleida\/#webpage\",\"url\":\"https:\/\/grupnexus.com\/es\/nexus-col-labora-amb-la-tercera-edicio-la-cursa-100-solidaria-5k-sed-lleida\/\",\"name\":\"Nexus colabora con la tercera edici\u00f3n de la Carrera 100% Solidaria 5K SED Lleida\",\"isPartOf\":{\"@id\":\"https:\/\/grupnexus.com\/es\/#website\"},\"primaryImageOfPage\":{\"@id\":\"https:\/\/grupnexus.com\/es\/nexus-col-labora-amb-la-tercera-edicio-la-cursa-100-solidaria-5k-sed-lleida\/#primaryimage\"},\"datePublished\":\"2017-03-19T21:58:21+00:00\",\"dateModified\":\"2017-03-26T22:17:24+00:00\",\"author\":{\"@id\":\"https:\/\/grupnexus.com\/es\/#\/schema\/person\/e766a805d9eadac3ecbb8c0d3dcd3355\"},\"breadcrumb\":{\"@id\":\"https:\/\/grupnexus.com\/es\/nexus-col-labora-amb-la-tercera-edicio-la-cursa-100-solidaria-5k-sed-lleida\/#breadcrumb\"},\"inLanguage\":\"es\",\"potentialAction\":[{\"@type\":\"ReadAction\",\"target\":[\"https:\/\/grupnexus.com\/es\/nexus-col-labora-amb-la-tercera-edicio-la-cursa-100-solidaria-5k-sed-lleida\/\"]}]},{\"@type\":\"BreadcrumbList\",\"@id\":\"https:\/\/grupnexus.com\/es\/nexus-col-labora-amb-la-tercera-edicio-la-cursa-100-solidaria-5k-sed-lleida\/#breadcrumb\",\"itemListElement\":[{\"@type\":\"ListItem\",\"position\":1,\"name\":\"Portada\",\"item\":\"https:\/\/grupnexus.com\/es\/\"},{\"@type\":\"ListItem\",\"position\":2,\"name\":\"Nexus colabora con la tercera edici\u00f3n de la Carrera 100% Solidaria 5K SED Lleida\"}]},{\"@type\":\"Person\",\"@id\":\"https:\/\/grupnexus.com\/es\/#\/schema\/person\/e766a805d9eadac3ecbb8c0d3dcd3355\",\"name\":\"Nexus\",\"image\":{\"@type\":\"ImageObject\",\"@id\":\"https:\/\/grupnexus.com\/es\/#personlogo\",\"inLanguage\":\"es\",\"url\":\"https:\/\/secure.gravatar.com\/avatar\/8d9fa4540dd1ce6a7ed07044eb5f16c9?s=96&d=mm&r=g\",\"contentUrl\":\"https:\/\/secure.gravatar.com\/avatar\/8d9fa4540dd1ce6a7ed07044eb5f16c9?s=96&d=mm&r=g\",\"caption\":\"Nexus\"}}]}<\/script>\n<!-- \/ Yoast SEO plugin. -->","yoast_head_json":{"title":"Nexus colabora con la tercera edici\u00f3n de la Carrera 100% Solidaria 5K SED Lleida","robots":{"index":"index","follow":"follow","max-snippet":"max-snippet:-1","max-image-preview":"max-image-preview:large","max-video-preview":"max-video-preview:-1"},"canonical":"https:\/\/grupnexus.com\/es\/nexus-col-labora-amb-la-tercera-edicio-la-cursa-100-solidaria-5k-sed-lleida\/","og_locale":"es_ES","og_type":"article","og_title":"Nexus colabora con la tercera edici\u00f3n de la Carrera 100% Solidaria 5K SED Lleida","og_description":"En Nexus, el deporte y la solidaridad no nos dejan parar!","og_url":"https:\/\/grupnexus.com\/es\/nexus-col-labora-amb-la-tercera-edicio-la-cursa-100-solidaria-5k-sed-lleida\/","og_site_name":"Cl\u00ednica Nexus","article_published_time":"2017-03-19T21:58:21+00:00","article_modified_time":"2017-03-26T22:17:24+00:00","og_image":[{"width":710,"height":1000,"url":"https:\/\/i0.wp.com\/grupnexus.com\/wp-content\/uploads\/2017\/03\/Cursa-Sed.jpg?fit=710%2C1000&ssl=1","type":"image\/jpeg"}],"twitter_card":"summary","twitter_misc":{"Escrito por":"Nexus","Tiempo de lectura":"1 minuto"},"schema":{"@context":"https:\/\/schema.org","@graph":[{"@type":"WebSite","@id":"https:\/\/grupnexus.com\/es\/#website","url":"https:\/\/grupnexus.com\/es\/","name":"Cl\u00ednica Nexus","description":"L\u00edders en Medicina Est\u00e8tica Avan\u00e7ada","potentialAction":[{"@type":"SearchAction","target":{"@type":"EntryPoint","urlTemplate":"https:\/\/grupnexus.com\/es\/?s={search_term_string}"},"query-input":"required name=search_term_string"}],"inLanguage":"es"},{"@type":"ImageObject","@id":"https:\/\/grupnexus.com\/es\/nexus-col-labora-amb-la-tercera-edicio-la-cursa-100-solidaria-5k-sed-lleida\/#primaryimage","inLanguage":"es","url":"https:\/\/grupnexus.com\/wp-content\/uploads\/2017\/03\/Cursa-Sed.jpg","contentUrl":"https:\/\/grupnexus.com\/wp-content\/uploads\/2017\/03\/Cursa-Sed.jpg","width":710,"height":1000},{"@type":"WebPage","@id":"https:\/\/grupnexus.com\/es\/nexus-col-labora-amb-la-tercera-edicio-la-cursa-100-solidaria-5k-sed-lleida\/#webpage","url":"https:\/\/grupnexus.com\/es\/nexus-col-labora-amb-la-tercera-edicio-la-cursa-100-solidaria-5k-sed-lleida\/","name":"Nexus colabora con la tercera edici\u00f3n de la Carrera 100% Solidaria 5K SED Lleida","isPartOf":{"@id":"https:\/\/grupnexus.com\/es\/#website"},"primaryImageOfPage":{"@id":"https:\/\/grupnexus.com\/es\/nexus-col-labora-amb-la-tercera-edicio-la-cursa-100-solidaria-5k-sed-lleida\/#primaryimage"},"datePublished":"2017-03-19T21:58:21+00:00","dateModified":"2017-03-26T22:17:24+00:00","author":{"@id":"https:\/\/grupnexus.com\/es\/#\/schema\/person\/e766a805d9eadac3ecbb8c0d3dcd3355"},"breadcrumb":{"@id":"https:\/\/grupnexus.com\/es\/nexus-col-labora-amb-la-tercera-edicio-la-cursa-100-solidaria-5k-sed-lleida\/#breadcrumb"},"inLanguage":"es","potentialAction":[{"@type":"ReadAction","target":["https:\/\/grupnexus.com\/es\/nexus-col-labora-amb-la-tercera-edicio-la-cursa-100-solidaria-5k-sed-lleida\/"]}]},{"@type":"BreadcrumbList","@id":"https:\/\/grupnexus.com\/es\/nexus-col-labora-amb-la-tercera-edicio-la-cursa-100-solidaria-5k-sed-lleida\/#breadcrumb","itemListElement":[{"@type":"ListItem","position":1,"name":"Portada","item":"https:\/\/grupnexus.com\/es\/"},{"@type":"ListItem","position":2,"name":"Nexus colabora con la tercera edici\u00f3n de la Carrera 100% Solidaria 5K SED Lleida"}]},{"@type":"Person","@id":"https:\/\/grupnexus.com\/es\/#\/schema\/person\/e766a805d9eadac3ecbb8c0d3dcd3355","name":"Nexus","image":{"@type":"ImageObject","@id":"https:\/\/grupnexus.com\/es\/#personlogo","inLanguage":"es","url":"https:\/\/secure.gravatar.com\/avatar\/8d9fa4540dd1ce6a7ed07044eb5f16c9?s=96&d=mm&r=g","contentUrl":"https:\/\/secure.gravatar.com\/avatar\/8d9fa4540dd1ce6a7ed07044eb5f16c9?s=96&d=mm&r=g","caption":"Nexus"}}]}},"_links":{"self":[{"href":"https:\/\/grupnexus.com\/es\/wp-json\/wp\/v2\/posts\/12260"}],"collection":[{"href":"https:\/\/grupnexus.com\/es\/wp-json\/wp\/v2\/posts"}],"about":[{"href":"https:\/\/grupnexus.com\/es\/wp-json\/wp\/v2\/types\/post"}],"author":[{"embeddable":true,"href":"https:\/\/grupnexus.com\/es\/wp-json\/wp\/v2\/users\/5"}],"replies":[{"embeddable":true,"href":"https:\/\/grupnexus.com\/es\/wp-json\/wp\/v2\/comments?post=12260"}],"version-history":[{"count":2,"href":"https:\/\/grupnexus.com\/es\/wp-json\/wp\/v2\/posts\/12260\/revisions"}],"predecessor-version":[{"id":12262,"href":"https:\/\/grupnexus.com\/es\/wp-json\/wp\/v2\/posts\/12260\/revisions\/12262"}],"wp:featuredmedia":[{"embeddable":true,"href":"https:\/\/grupnexus.com\/es\/wp-json\/wp\/v2\/media\/12257"}],"wp:attachment":[{"href":"https:\/\/grupnexus.com\/es\/wp-json\/wp\/v2\/media?parent=12260"}],"wp:term":[{"taxonomy":"category","embeddable":true,"href":"https:\/\/grupnexus.com\/es\/wp-json\/wp\/v2\/categories?post=12260"},{"taxonomy":"post_tag","embeddable":true,"href":"https:\/\/grupnexus.com\/es\/wp-json\/wp\/v2\/tags?post=12260"}],"curies":[{"name":"wp","href":"https:\/\/api.w.org\/{rel}","templated":true}]}}