{"id":1255,"date":"2014-07-10T11:31:12","date_gmt":"2014-07-10T09:31:12","guid":{"rendered":"http:\/\/www.grupnexus.com\/iii-open-golf-summer-onda-cero-lleida-2\/"},"modified":"2018-05-17T15:31:47","modified_gmt":"2018-05-17T13:31:47","slug":"iii-open-golf-summer-onda-cero-a-lleida","status":"publish","type":"post","link":"https:\/\/grupnexus.com\/es\/iii-open-golf-summer-onda-cero-a-lleida\/","title":{"rendered":"III OPEN GOLF SUMMER ONDA CERO A LLEIDA"},"content":{"rendered":"<p>&nbsp;<\/p>\n<p><strong>Nexus siempre con el deporte!\u00a0<\/strong><\/p>\n<p>Nexus, como centro biom\u00e9dico siempre apoya a las iniciativas vinculadas con el deporte, ya que es la medicina m\u00e1s saludable para nuestro cuerpo. Por esta raz\u00f3n, colabor\u00f3 en el III Open Golf Summer Onda Cero en Lleida.<\/p>\n<p>El pasado 28 de junio tuvo lugar el III Open Golf Summer Onda Cero al Raimat Golf Club, con una participaci\u00f3n de 85 golfistas. Esta nueva edici\u00f3n del torneo se jug\u00f3 bajo la f\u00f3rmula stableford individual handicap por categor\u00edas masculina, femenina y scratch y fue retransmitido por Onda Cero para Lleida y Tarragona en diferentes desconexiones. Evaristo Galdeano, con 41 puntos, en handicap masculino; N\u00faria Moga, con 35 puntos, en femenino y Roger Marsh, con 32 puntos, en el scratch general, fueron los vencedores de esta edici\u00f3n. La segunda posici\u00f3n en categor\u00eda masculina fue por Joan Meca, con 39 puntos, y en la femenina por Anna Xammar con 35 puntos. Los ganadores de las diferentes categor\u00edas disputar\u00e1n la final nacional el 23 de noviembre al campo del Islantilla Golf Resort de Huelva.<\/p>\n<p>El acto de reparto de premios estuvo presidido por el regidor de deportes de la Paeria, Txema Alonso; el presidente del Raimat Golf, Josep Ramon Gab\u00e1s, y el director de Onda Cero Lleida Alfons Schwartz.<\/p>\n<p>El III Open Golf ha sido una de las muchas actividades en qu\u00e9 Nexus ha colaborado, y es que fue una oportunidad para conocer las habilidades de todos los golfistas participantes y hacerlos entrega de distintos premios y obsequios en tratamientos del centro.<\/p>\n<p>&nbsp;<\/p>\n","protected":false},"excerpt":{"rendered":"<p>&nbsp; Nexus siempre con el deporte!\u00a0 Nexus, como centro biom\u00e9dico siempre apoya a las iniciativas vinculadas con el deporte, ya que es la medicina m\u00e1s saludable para nuestro cuerpo. Por esta raz\u00f3n, colabor\u00f3 en el III Open Golf Summer Onda Cero en Lleida. El pasado 28 de junio tuvo lugar el III Open Golf Summer&#8230;<\/p>\n","protected":false},"author":5,"featured_media":824,"comment_status":"closed","ping_status":"closed","sticky":false,"template":"","format":"standard","meta":[],"categories":[2],"tags":[50,477,52,53,54,55,56],"yoast_head":"<!-- This site is optimized with the Yoast SEO plugin v18.6 - https:\/\/yoast.com\/wordpress\/plugins\/seo\/ -->\n<title>III OPEN GOLF SUMMER ONDA CERO A LLEIDA<\/title>\n<meta name=\"robots\" content=\"index, follow, max-snippet:-1, max-image-preview:large, max-video-preview:-1\" \/>\n<link rel=\"canonical\" href=\"https:\/\/grupnexus.com\/es\/iii-open-golf-summer-onda-cero-a-lleida\/\" \/>\n<meta property=\"og:locale\" content=\"es_ES\" \/>\n<meta property=\"og:type\" content=\"article\" \/>\n<meta property=\"og:title\" content=\"III OPEN GOLF SUMMER ONDA CERO A LLEIDA\" \/>\n<meta property=\"og:description\" content=\"&nbsp; Nexus siempre con el deporte!\u00a0 Nexus, como centro biom\u00e9dico siempre apoya a las iniciativas vinculadas con el deporte, ya que es la medicina m\u00e1s saludable para nuestro cuerpo. Por esta raz\u00f3n, colabor\u00f3 en el III Open Golf Summer Onda Cero en Lleida. El pasado 28 de junio tuvo lugar el III Open Golf Summer...\" \/>\n<meta property=\"og:url\" content=\"https:\/\/grupnexus.com\/es\/iii-open-golf-summer-onda-cero-a-lleida\/\" \/>\n<meta property=\"og:site_name\" content=\"Cl\u00ednica Nexus\" \/>\n<meta property=\"article:published_time\" content=\"2014-07-10T09:31:12+00:00\" \/>\n<meta property=\"article:modified_time\" content=\"2018-05-17T13:31:47+00:00\" \/>\n<meta property=\"og:image\" content=\"https:\/\/i0.wp.com\/grupnexus.com\/wp-content\/uploads\/Cartel2014-Golf-Summer-Raimat_.jpg?fit=1024%2C768&#038;ssl=1\" \/>\n\t<meta property=\"og:image:width\" content=\"1024\" \/>\n\t<meta property=\"og:image:height\" content=\"768\" \/>\n\t<meta property=\"og:image:type\" content=\"image\/jpeg\" \/>\n<meta name=\"twitter:card\" content=\"summary\" \/>\n<meta name=\"twitter:label1\" content=\"Escrito por\" \/>\n\t<meta name=\"twitter:data1\" content=\"Nexus\" \/>\n\t<meta name=\"twitter:label2\" content=\"Tiempo de lectura\" \/>\n\t<meta name=\"twitter:data2\" content=\"1 minuto\" \/>\n<script type=\"application\/ld+json\" class=\"yoast-schema-graph\">{\"@context\":\"https:\/\/schema.org\",\"@graph\":[{\"@type\":\"WebSite\",\"@id\":\"https:\/\/grupnexus.com\/es\/#website\",\"url\":\"https:\/\/grupnexus.com\/es\/\",\"name\":\"Cl\u00ednica Nexus\",\"description\":\"L\u00edders en Medicina Est\u00e8tica Avan\u00e7ada\",\"potentialAction\":[{\"@type\":\"SearchAction\",\"target\":{\"@type\":\"EntryPoint\",\"urlTemplate\":\"https:\/\/grupnexus.com\/es\/?s={search_term_string}\"},\"query-input\":\"required name=search_term_string\"}],\"inLanguage\":\"es\"},{\"@type\":\"ImageObject\",\"@id\":\"https:\/\/grupnexus.com\/es\/iii-open-golf-summer-onda-cero-a-lleida\/#primaryimage\",\"inLanguage\":\"es\",\"url\":\"https:\/\/grupnexus.com\/wp-content\/uploads\/Cartel2014-Golf-Summer-Raimat_.jpg\",\"contentUrl\":\"https:\/\/grupnexus.com\/wp-content\/uploads\/Cartel2014-Golf-Summer-Raimat_.jpg\",\"width\":1024,\"height\":768},{\"@type\":\"WebPage\",\"@id\":\"https:\/\/grupnexus.com\/es\/iii-open-golf-summer-onda-cero-a-lleida\/#webpage\",\"url\":\"https:\/\/grupnexus.com\/es\/iii-open-golf-summer-onda-cero-a-lleida\/\",\"name\":\"III OPEN GOLF SUMMER ONDA CERO A LLEIDA\",\"isPartOf\":{\"@id\":\"https:\/\/grupnexus.com\/es\/#website\"},\"primaryImageOfPage\":{\"@id\":\"https:\/\/grupnexus.com\/es\/iii-open-golf-summer-onda-cero-a-lleida\/#primaryimage\"},\"datePublished\":\"2014-07-10T09:31:12+00:00\",\"dateModified\":\"2018-05-17T13:31:47+00:00\",\"author\":{\"@id\":\"https:\/\/grupnexus.com\/es\/#\/schema\/person\/e766a805d9eadac3ecbb8c0d3dcd3355\"},\"breadcrumb\":{\"@id\":\"https:\/\/grupnexus.com\/es\/iii-open-golf-summer-onda-cero-a-lleida\/#breadcrumb\"},\"inLanguage\":\"es\",\"potentialAction\":[{\"@type\":\"ReadAction\",\"target\":[\"https:\/\/grupnexus.com\/es\/iii-open-golf-summer-onda-cero-a-lleida\/\"]}]},{\"@type\":\"BreadcrumbList\",\"@id\":\"https:\/\/grupnexus.com\/es\/iii-open-golf-summer-onda-cero-a-lleida\/#breadcrumb\",\"itemListElement\":[{\"@type\":\"ListItem\",\"position\":1,\"name\":\"Portada\",\"item\":\"https:\/\/grupnexus.com\/es\/\"},{\"@type\":\"ListItem\",\"position\":2,\"name\":\"III OPEN GOLF SUMMER ONDA CERO A LLEIDA\"}]},{\"@type\":\"Person\",\"@id\":\"https:\/\/grupnexus.com\/es\/#\/schema\/person\/e766a805d9eadac3ecbb8c0d3dcd3355\",\"name\":\"Nexus\",\"image\":{\"@type\":\"ImageObject\",\"@id\":\"https:\/\/grupnexus.com\/es\/#personlogo\",\"inLanguage\":\"es\",\"url\":\"https:\/\/secure.gravatar.com\/avatar\/8d9fa4540dd1ce6a7ed07044eb5f16c9?s=96&d=mm&r=g\",\"contentUrl\":\"https:\/\/secure.gravatar.com\/avatar\/8d9fa4540dd1ce6a7ed07044eb5f16c9?s=96&d=mm&r=g\",\"caption\":\"Nexus\"}}]}<\/script>\n<!-- \/ Yoast SEO plugin. -->","yoast_head_json":{"title":"III OPEN GOLF SUMMER ONDA CERO A LLEIDA","robots":{"index":"index","follow":"follow","max-snippet":"max-snippet:-1","max-image-preview":"max-image-preview:large","max-video-preview":"max-video-preview:-1"},"canonical":"https:\/\/grupnexus.com\/es\/iii-open-golf-summer-onda-cero-a-lleida\/","og_locale":"es_ES","og_type":"article","og_title":"III OPEN GOLF SUMMER ONDA CERO A LLEIDA","og_description":"&nbsp; Nexus siempre con el deporte!\u00a0 Nexus, como centro biom\u00e9dico siempre apoya a las iniciativas vinculadas con el deporte, ya que es la medicina m\u00e1s saludable para nuestro cuerpo. Por esta raz\u00f3n, colabor\u00f3 en el III Open Golf Summer Onda Cero en Lleida. El pasado 28 de junio tuvo lugar el III Open Golf Summer...","og_url":"https:\/\/grupnexus.com\/es\/iii-open-golf-summer-onda-cero-a-lleida\/","og_site_name":"Cl\u00ednica Nexus","article_published_time":"2014-07-10T09:31:12+00:00","article_modified_time":"2018-05-17T13:31:47+00:00","og_image":[{"width":1024,"height":768,"url":"https:\/\/i0.wp.com\/grupnexus.com\/wp-content\/uploads\/Cartel2014-Golf-Summer-Raimat_.jpg?fit=1024%2C768&ssl=1","type":"image\/jpeg"}],"twitter_card":"summary","twitter_misc":{"Escrito por":"Nexus","Tiempo de lectura":"1 minuto"},"schema":{"@context":"https:\/\/schema.org","@graph":[{"@type":"WebSite","@id":"https:\/\/grupnexus.com\/es\/#website","url":"https:\/\/grupnexus.com\/es\/","name":"Cl\u00ednica Nexus","description":"L\u00edders en Medicina Est\u00e8tica Avan\u00e7ada","potentialAction":[{"@type":"SearchAction","target":{"@type":"EntryPoint","urlTemplate":"https:\/\/grupnexus.com\/es\/?s={search_term_string}"},"query-input":"required name=search_term_string"}],"inLanguage":"es"},{"@type":"ImageObject","@id":"https:\/\/grupnexus.com\/es\/iii-open-golf-summer-onda-cero-a-lleida\/#primaryimage","inLanguage":"es","url":"https:\/\/grupnexus.com\/wp-content\/uploads\/Cartel2014-Golf-Summer-Raimat_.jpg","contentUrl":"https:\/\/grupnexus.com\/wp-content\/uploads\/Cartel2014-Golf-Summer-Raimat_.jpg","width":1024,"height":768},{"@type":"WebPage","@id":"https:\/\/grupnexus.com\/es\/iii-open-golf-summer-onda-cero-a-lleida\/#webpage","url":"https:\/\/grupnexus.com\/es\/iii-open-golf-summer-onda-cero-a-lleida\/","name":"III OPEN GOLF SUMMER ONDA CERO A LLEIDA","isPartOf":{"@id":"https:\/\/grupnexus.com\/es\/#website"},"primaryImageOfPage":{"@id":"https:\/\/grupnexus.com\/es\/iii-open-golf-summer-onda-cero-a-lleida\/#primaryimage"},"datePublished":"2014-07-10T09:31:12+00:00","dateModified":"2018-05-17T13:31:47+00:00","author":{"@id":"https:\/\/grupnexus.com\/es\/#\/schema\/person\/e766a805d9eadac3ecbb8c0d3dcd3355"},"breadcrumb":{"@id":"https:\/\/grupnexus.com\/es\/iii-open-golf-summer-onda-cero-a-lleida\/#breadcrumb"},"inLanguage":"es","potentialAction":[{"@type":"ReadAction","target":["https:\/\/grupnexus.com\/es\/iii-open-golf-summer-onda-cero-a-lleida\/"]}]},{"@type":"BreadcrumbList","@id":"https:\/\/grupnexus.com\/es\/iii-open-golf-summer-onda-cero-a-lleida\/#breadcrumb","itemListElement":[{"@type":"ListItem","position":1,"name":"Portada","item":"https:\/\/grupnexus.com\/es\/"},{"@type":"ListItem","position":2,"name":"III OPEN GOLF SUMMER ONDA CERO A LLEIDA"}]},{"@type":"Person","@id":"https:\/\/grupnexus.com\/es\/#\/schema\/person\/e766a805d9eadac3ecbb8c0d3dcd3355","name":"Nexus","image":{"@type":"ImageObject","@id":"https:\/\/grupnexus.com\/es\/#personlogo","inLanguage":"es","url":"https:\/\/secure.gravatar.com\/avatar\/8d9fa4540dd1ce6a7ed07044eb5f16c9?s=96&d=mm&r=g","contentUrl":"https:\/\/secure.gravatar.com\/avatar\/8d9fa4540dd1ce6a7ed07044eb5f16c9?s=96&d=mm&r=g","caption":"Nexus"}}]}},"_links":{"self":[{"href":"https:\/\/grupnexus.com\/es\/wp-json\/wp\/v2\/posts\/1255"}],"collection":[{"href":"https:\/\/grupnexus.com\/es\/wp-json\/wp\/v2\/posts"}],"about":[{"href":"https:\/\/grupnexus.com\/es\/wp-json\/wp\/v2\/types\/post"}],"author":[{"embeddable":true,"href":"https:\/\/grupnexus.com\/es\/wp-json\/wp\/v2\/users\/5"}],"replies":[{"embeddable":true,"href":"https:\/\/grupnexus.com\/es\/wp-json\/wp\/v2\/comments?post=1255"}],"version-history":[{"count":1,"href":"https:\/\/grupnexus.com\/es\/wp-json\/wp\/v2\/posts\/1255\/revisions"}],"predecessor-version":[{"id":15480,"href":"https:\/\/grupnexus.com\/es\/wp-json\/wp\/v2\/posts\/1255\/revisions\/15480"}],"wp:featuredmedia":[{"embeddable":true,"href":"https:\/\/grupnexus.com\/es\/wp-json\/wp\/v2\/media\/824"}],"wp:attachment":[{"href":"https:\/\/grupnexus.com\/es\/wp-json\/wp\/v2\/media?parent=1255"}],"wp:term":[{"taxonomy":"category","embeddable":true,"href":"https:\/\/grupnexus.com\/es\/wp-json\/wp\/v2\/categories?post=1255"},{"taxonomy":"post_tag","embeddable":true,"href":"https:\/\/grupnexus.com\/es\/wp-json\/wp\/v2\/tags?post=1255"}],"curies":[{"name":"wp","href":"https:\/\/api.w.org\/{rel}","templated":true}]}}