{"id":12707,"date":"2017-06-12T11:41:05","date_gmt":"2017-06-12T09:41:05","guid":{"rendered":"http:\/\/www.grupnexus.com\/?p=12707\/"},"modified":"2017-06-23T13:29:34","modified_gmt":"2017-06-23T11:29:34","slug":"tratamientos-para-modelar-silueta-verano","status":"publish","type":"post","link":"https:\/\/grupnexus.com\/es\/tratamientos-para-modelar-silueta-verano\/","title":{"rendered":"Beauty Summer Plan"},"content":{"rendered":"<p>Entramos en la recta final de la primavera, llegan m\u00e1s celebraciones, reencuentros, nuestra piel comienza a destaparse y exponerse al sol &#8230; A las puertas del verano, <strong>en qu\u00e9 estado se encuentra tu puesta a punto ?<\/strong> Conseguir la figura deseada o preparar tu piel para la \u00e9poca estival es cuesti\u00f3n de tiempo pero si a\u00fan no est\u00e1s satisfecho \/ a con los resultados en Cl\u00ednica Nexus te ayudamos de la manera m\u00e1s efectiva y con pocas sesiones. Tenemos un plan infalible, nuestros <strong>packs de tratamientos express para modelar tu silueta<\/strong> y preparar tu rostro ser\u00e1n tus aliados para este verano!<\/p>\n<p><strong>\u00a0<\/strong><\/p>\n<p><img loading=\"lazy\" class=\"aligncenter size-large wp-image-24640\" src=\"https:\/\/grupnexus.com\/wp-content\/uploads\/2017\/06\/2017-05-news-corporales-1024x523.jpg\" alt=\"tratamientos corporales verano\" width=\"1024\" height=\"523\" srcset=\"https:\/\/grupnexus.com\/wp-content\/uploads\/2017\/06\/2017-05-news-corporales-1024x523.jpg 1024w, https:\/\/grupnexus.com\/wp-content\/uploads\/2017\/06\/2017-05-news-corporales-510x261.jpg 510w, https:\/\/grupnexus.com\/wp-content\/uploads\/2017\/06\/2017-05-news-corporales-300x153.jpg 300w, https:\/\/grupnexus.com\/wp-content\/uploads\/2017\/06\/2017-05-news-corporales-768x392.jpg 768w, https:\/\/grupnexus.com\/wp-content\/uploads\/2017\/06\/2017-05-news-corporales-555x284.jpg 555w, https:\/\/grupnexus.com\/wp-content\/uploads\/2017\/06\/2017-05-news-corporales-360x184.jpg 360w, https:\/\/grupnexus.com\/wp-content\/uploads\/2017\/06\/2017-05-news-corporales-262x134.jpg 262w, https:\/\/grupnexus.com\/wp-content\/uploads\/2017\/06\/2017-05-news-corporales.jpg 1102w\" sizes=\"(max-width: 1024px) 100vw, 1024px\" \/><\/p>\n<p>&nbsp;<\/p>\n<p style=\"text-align: center;\"><strong>Pack Premium Reductor-Reafirmante-Anticelul\u00edtico:<\/strong><\/p>\n<p style=\"text-align: center;\">Detox+Velashape III+Criolip\u00f3lisi+Ondas de choque. <strong>Desde 999\u20ac<\/strong><\/p>\n<p style=\"text-align: center;\"><a href=\"\/es\/velashape-iii-modelador-corporal-ultima-generacion-este-verano\/\">M\u00e1s informaci\u00f3n<\/a><\/p>\n<p style=\"text-align: center;\">\n<p style=\"text-align: center;\"><strong>Pack Medium Reductor-Anticelul\u00edtico- Reafirmante:<\/strong><\/p>\n<p style=\"text-align: center;\">Mesoterapia\/Carboxiterapia\/Ozonoterapia + Presoterapia. <strong>\u00a0799\u20ac<\/strong><\/p>\n<p style=\"text-align: center;\"><a href=\"\/es\/ozonoterapia-en-la-celulitis-y-estrias\/\">M\u00e1s informaci\u00f3n<\/a><\/p>\n<p style=\"text-align: center;\">\n<p style=\"text-align: center;\"><strong>Pack B\u00e1sico Reductor-Reafirmante-Anticelul\u00edtico:<\/strong><\/p>\n<p style=\"text-align: center;\">Detox+Criolip\u00f3lisi m\u00e9dica\/Ondas de choque+Mesoterapia\/Carboxiterapia+Presoterapia. <strong>Desde 499\u20ac<\/strong><\/p>\n<p style=\"text-align: center;\"><a href=\"\/es\/tratamientos\/medicina-estetica-corporal\/adipositados-localizados-y-remodelacion-corporal\/\">M\u00e1s informaci\u00f3n<\/a><\/p>\n<p><strong>\u00a0<\/strong><\/p>\n<p style=\"text-align: center;\"><strong>Tratamiento para perder peso de manera efectiva y saludable<\/strong>:<\/p>\n<p style=\"text-align: center;\">M\u00e9todo Pronokal\u00ae, programa m\u00e9dico para\u00a0 \u00a0<strong>(precio\u00a0 a consultar) <\/strong><\/p>\n<p style=\"text-align: center;\"><a href=\"\/es\/el-metodo-pronokal\/\">M\u00e1s informaci\u00f3n<\/a><\/p>\n<p>&nbsp;<\/p>\n<p><strong>\u00a0<\/strong><\/p>\n<hr \/>\n<p>&nbsp;<\/p>\n<p><img loading=\"lazy\" class=\"aligncenter size-large wp-image-24641\" src=\"https:\/\/grupnexus.com\/wp-content\/uploads\/2017\/06\/2017-05-news-faciales-1024x523.jpg\" alt=\"tratamientos faciales verano\" width=\"1024\" height=\"523\" srcset=\"https:\/\/grupnexus.com\/wp-content\/uploads\/2017\/06\/2017-05-news-faciales-1024x523.jpg 1024w, https:\/\/grupnexus.com\/wp-content\/uploads\/2017\/06\/2017-05-news-faciales-510x261.jpg 510w, https:\/\/grupnexus.com\/wp-content\/uploads\/2017\/06\/2017-05-news-faciales-300x153.jpg 300w, https:\/\/grupnexus.com\/wp-content\/uploads\/2017\/06\/2017-05-news-faciales-768x392.jpg 768w, https:\/\/grupnexus.com\/wp-content\/uploads\/2017\/06\/2017-05-news-faciales-555x284.jpg 555w, https:\/\/grupnexus.com\/wp-content\/uploads\/2017\/06\/2017-05-news-faciales-360x184.jpg 360w, https:\/\/grupnexus.com\/wp-content\/uploads\/2017\/06\/2017-05-news-faciales-262x134.jpg 262w, https:\/\/grupnexus.com\/wp-content\/uploads\/2017\/06\/2017-05-news-faciales.jpg 1102w\" sizes=\"(max-width: 1024px) 100vw, 1024px\" \/><\/p>\n<p>&nbsp;<\/p>\n<p><strong>\u00a0<\/strong><\/p>\n<p style=\"text-align: center;\"><strong>Pack Premium:\u00a0 <\/strong><\/p>\n<p style=\"text-align: center;\">Tratamiento exfoliante oxigenado+ velo de col\u00e1geno + 3 sesiones biorrevitalizaci\u00f3n cutanea o toxina botul\u00ednica tercio\u00a0superior + fototerapia led <strong>699\u20ac<\/strong>.<\/p>\n<p style=\"text-align: center;\"><strong>\u00a0<\/strong><\/p>\n<p style=\"text-align: center;\"><strong>Pack B\u00e1sico:\u00a0 <\/strong><\/p>\n<p style=\"text-align: center;\">Peeling ultras\u00f3nico + tratamiento Hidromarine+ 1 sesi\u00f3n venus freeze facial <strong>399 \u20ac<\/strong><\/p>\n<p style=\"text-align: center;\"><strong>\u00a0<\/strong><\/p>\n<p style=\"text-align: center;\"><strong>Pack Low Cost: <\/strong><\/p>\n<p style=\"text-align: center;\">Tratamiento facial + mascarilla personalizada + nutricosm\u00e9tica antiage<strong> 79 \u20ac<\/strong><\/p>\n<p>&nbsp;<\/p>\n<p style=\"text-align: center;\"><a href=\"\/es\/tratamientos\/medicina-estetica-facial\/\">M\u00e1s informaci\u00f3n de los tratamientos faciales<\/a><\/p>\n<p>&nbsp;<\/p>\n<p>&nbsp;<\/p>\n<hr \/>\n<p>&nbsp;<\/p>\n<p>&nbsp;<\/p>\n<p style=\"text-align: center;\">Sin embargo, no olvides de combinar los tratamientos con dieta y ejercicio regular para disfrutar de un verano sin complejos y un aspecto radiante.<\/p>\n<p style=\"text-align: center;\"><strong>Disfruta de un 20% de dto. en contrataci\u00f3n de packs<\/strong><\/p>\n<p style=\"text-align: center;\"><strong>+<\/strong><\/p>\n<p style=\"text-align: center;\"><strong>1\u00aa visita informativa gratuita<\/strong><\/p>\n<hr \/>\n<p style=\"text-align: left;\"><em>Quiz\u00e1s estabas buscando:<\/em><\/p>\n<p style=\"text-align: left;\"><em>Eliminaci\u00f3n celulitis Lleida, eliminaci\u00f3n flacidez Lleida, tratamientos corporales verano, tratamientos faciales verano, tratamiento para eliminar grasa localizada, eliminaci\u00f3n grasa localizada Lleida, dieta Lleida, dieta Pronokal, nutrici\u00f3n Lleida, cl\u00ednica est\u00e9tica Lleida, criolipolisis<\/em><\/p>\n","protected":false},"excerpt":{"rendered":"<p>Entramos en la recta final de la primavera, llegan m\u00e1s celebraciones, reencuentros, nuestra piel comienza a destaparse y exponerse al sol &#8230; A las puertas del verano, en qu\u00e9 estado se encuentra tu puesta a punto ? Conseguir la figura deseada o preparar tu piel para la \u00e9poca estival es cuesti\u00f3n de tiempo pero si&#8230;<\/p>\n","protected":false},"author":6,"featured_media":12692,"comment_status":"closed","ping_status":"closed","sticky":false,"template":"","format":"standard","meta":[],"categories":[2,330],"tags":[],"yoast_head":"<!-- This site is optimized with the Yoast SEO plugin v18.6 - https:\/\/yoast.com\/wordpress\/plugins\/seo\/ -->\n<title>Eliminaci\u00f3n grasa localizada, celulitis Lleida, tratamientos reductores<\/title>\n<meta name=\"robots\" content=\"index, follow, max-snippet:-1, max-image-preview:large, max-video-preview:-1\" \/>\n<link rel=\"canonical\" href=\"https:\/\/grupnexus.com\/es\/tratamientos-para-modelar-silueta-verano\/\" \/>\n<meta property=\"og:locale\" content=\"es_ES\" \/>\n<meta property=\"og:type\" content=\"article\" \/>\n<meta property=\"og:title\" content=\"Eliminaci\u00f3n grasa localizada, celulitis Lleida, tratamientos reductores\" \/>\n<meta property=\"og:description\" content=\"Entramos en la recta final de la primavera, llegan m\u00e1s celebraciones, reencuentros, nuestra piel comienza a destaparse y exponerse al sol &#8230; A las puertas del verano, en qu\u00e9 estado se encuentra tu puesta a punto ? Conseguir la figura deseada o preparar tu piel para la \u00e9poca estival es cuesti\u00f3n de tiempo pero si...\" \/>\n<meta property=\"og:url\" content=\"https:\/\/grupnexus.com\/es\/tratamientos-para-modelar-silueta-verano\/\" \/>\n<meta property=\"og:site_name\" content=\"Cl\u00ednica Nexus\" \/>\n<meta property=\"article:published_time\" content=\"2017-06-12T09:41:05+00:00\" \/>\n<meta property=\"article:modified_time\" content=\"2017-06-23T11:29:34+00:00\" \/>\n<meta property=\"og:image\" content=\"https:\/\/i0.wp.com\/grupnexus.com\/wp-content\/uploads\/2017\/06\/2017-05-news-summer-plan.jpg?fit=1102%2C563&#038;ssl=1\" \/>\n\t<meta property=\"og:image:width\" content=\"1102\" \/>\n\t<meta property=\"og:image:height\" content=\"563\" \/>\n\t<meta property=\"og:image:type\" content=\"image\/jpeg\" \/>\n<meta name=\"twitter:card\" content=\"summary\" \/>\n<meta name=\"twitter:label1\" content=\"Escrito por\" \/>\n\t<meta name=\"twitter:data1\" content=\"Cl\u00ednica Nexus\" \/>\n\t<meta name=\"twitter:label2\" content=\"Tiempo de lectura\" \/>\n\t<meta name=\"twitter:data2\" content=\"2 minutos\" \/>\n<script type=\"application\/ld+json\" class=\"yoast-schema-graph\">{\"@context\":\"https:\/\/schema.org\",\"@graph\":[{\"@type\":\"WebSite\",\"@id\":\"https:\/\/grupnexus.com\/es\/#website\",\"url\":\"https:\/\/grupnexus.com\/es\/\",\"name\":\"Cl\u00ednica Nexus\",\"description\":\"L\u00edders en Medicina Est\u00e8tica Avan\u00e7ada\",\"potentialAction\":[{\"@type\":\"SearchAction\",\"target\":{\"@type\":\"EntryPoint\",\"urlTemplate\":\"https:\/\/grupnexus.com\/es\/?s={search_term_string}\"},\"query-input\":\"required name=search_term_string\"}],\"inLanguage\":\"es\"},{\"@type\":\"ImageObject\",\"@id\":\"https:\/\/grupnexus.com\/es\/tratamientos-para-modelar-silueta-verano\/#primaryimage\",\"inLanguage\":\"es\",\"url\":\"https:\/\/grupnexus.com\/wp-content\/uploads\/2017\/06\/2017-05-news-summer-plan.jpg\",\"contentUrl\":\"https:\/\/grupnexus.com\/wp-content\/uploads\/2017\/06\/2017-05-news-summer-plan.jpg\",\"width\":1102,\"height\":563,\"caption\":\"tractaments estiu nexus\"},{\"@type\":\"WebPage\",\"@id\":\"https:\/\/grupnexus.com\/es\/tratamientos-para-modelar-silueta-verano\/#webpage\",\"url\":\"https:\/\/grupnexus.com\/es\/tratamientos-para-modelar-silueta-verano\/\",\"name\":\"Eliminaci\u00f3n grasa localizada, celulitis Lleida, tratamientos reductores\",\"isPartOf\":{\"@id\":\"https:\/\/grupnexus.com\/es\/#website\"},\"primaryImageOfPage\":{\"@id\":\"https:\/\/grupnexus.com\/es\/tratamientos-para-modelar-silueta-verano\/#primaryimage\"},\"datePublished\":\"2017-06-12T09:41:05+00:00\",\"dateModified\":\"2017-06-23T11:29:34+00:00\",\"author\":{\"@id\":\"https:\/\/grupnexus.com\/es\/#\/schema\/person\/7d42f30e6bd203d23a2c1613b51145c3\"},\"breadcrumb\":{\"@id\":\"https:\/\/grupnexus.com\/es\/tratamientos-para-modelar-silueta-verano\/#breadcrumb\"},\"inLanguage\":\"es\",\"potentialAction\":[{\"@type\":\"ReadAction\",\"target\":[\"https:\/\/grupnexus.com\/es\/tratamientos-para-modelar-silueta-verano\/\"]}]},{\"@type\":\"BreadcrumbList\",\"@id\":\"https:\/\/grupnexus.com\/es\/tratamientos-para-modelar-silueta-verano\/#breadcrumb\",\"itemListElement\":[{\"@type\":\"ListItem\",\"position\":1,\"name\":\"Portada\",\"item\":\"https:\/\/grupnexus.com\/es\/\"},{\"@type\":\"ListItem\",\"position\":2,\"name\":\"Beauty Summer Plan\"}]},{\"@type\":\"Person\",\"@id\":\"https:\/\/grupnexus.com\/es\/#\/schema\/person\/7d42f30e6bd203d23a2c1613b51145c3\",\"name\":\"Cl\u00ednica Nexus\",\"image\":{\"@type\":\"ImageObject\",\"@id\":\"https:\/\/grupnexus.com\/es\/#personlogo\",\"inLanguage\":\"es\",\"url\":\"https:\/\/secure.gravatar.com\/avatar\/f1f98ef0d641a3a6af0accea5a5971ef?s=96&d=mm&r=g\",\"contentUrl\":\"https:\/\/secure.gravatar.com\/avatar\/f1f98ef0d641a3a6af0accea5a5971ef?s=96&d=mm&r=g\",\"caption\":\"Cl\u00ednica Nexus\"}}]}<\/script>\n<!-- \/ Yoast SEO plugin. -->","yoast_head_json":{"title":"Eliminaci\u00f3n grasa localizada, celulitis Lleida, tratamientos reductores","robots":{"index":"index","follow":"follow","max-snippet":"max-snippet:-1","max-image-preview":"max-image-preview:large","max-video-preview":"max-video-preview:-1"},"canonical":"https:\/\/grupnexus.com\/es\/tratamientos-para-modelar-silueta-verano\/","og_locale":"es_ES","og_type":"article","og_title":"Eliminaci\u00f3n grasa localizada, celulitis Lleida, tratamientos reductores","og_description":"Entramos en la recta final de la primavera, llegan m\u00e1s celebraciones, reencuentros, nuestra piel comienza a destaparse y exponerse al sol &#8230; A las puertas del verano, en qu\u00e9 estado se encuentra tu puesta a punto ? Conseguir la figura deseada o preparar tu piel para la \u00e9poca estival es cuesti\u00f3n de tiempo pero si...","og_url":"https:\/\/grupnexus.com\/es\/tratamientos-para-modelar-silueta-verano\/","og_site_name":"Cl\u00ednica Nexus","article_published_time":"2017-06-12T09:41:05+00:00","article_modified_time":"2017-06-23T11:29:34+00:00","og_image":[{"width":1102,"height":563,"url":"https:\/\/i0.wp.com\/grupnexus.com\/wp-content\/uploads\/2017\/06\/2017-05-news-summer-plan.jpg?fit=1102%2C563&ssl=1","type":"image\/jpeg"}],"twitter_card":"summary","twitter_misc":{"Escrito por":"Cl\u00ednica Nexus","Tiempo de lectura":"2 minutos"},"schema":{"@context":"https:\/\/schema.org","@graph":[{"@type":"WebSite","@id":"https:\/\/grupnexus.com\/es\/#website","url":"https:\/\/grupnexus.com\/es\/","name":"Cl\u00ednica Nexus","description":"L\u00edders en Medicina Est\u00e8tica Avan\u00e7ada","potentialAction":[{"@type":"SearchAction","target":{"@type":"EntryPoint","urlTemplate":"https:\/\/grupnexus.com\/es\/?s={search_term_string}"},"query-input":"required name=search_term_string"}],"inLanguage":"es"},{"@type":"ImageObject","@id":"https:\/\/grupnexus.com\/es\/tratamientos-para-modelar-silueta-verano\/#primaryimage","inLanguage":"es","url":"https:\/\/grupnexus.com\/wp-content\/uploads\/2017\/06\/2017-05-news-summer-plan.jpg","contentUrl":"https:\/\/grupnexus.com\/wp-content\/uploads\/2017\/06\/2017-05-news-summer-plan.jpg","width":1102,"height":563,"caption":"tractaments estiu nexus"},{"@type":"WebPage","@id":"https:\/\/grupnexus.com\/es\/tratamientos-para-modelar-silueta-verano\/#webpage","url":"https:\/\/grupnexus.com\/es\/tratamientos-para-modelar-silueta-verano\/","name":"Eliminaci\u00f3n grasa localizada, celulitis Lleida, tratamientos reductores","isPartOf":{"@id":"https:\/\/grupnexus.com\/es\/#website"},"primaryImageOfPage":{"@id":"https:\/\/grupnexus.com\/es\/tratamientos-para-modelar-silueta-verano\/#primaryimage"},"datePublished":"2017-06-12T09:41:05+00:00","dateModified":"2017-06-23T11:29:34+00:00","author":{"@id":"https:\/\/grupnexus.com\/es\/#\/schema\/person\/7d42f30e6bd203d23a2c1613b51145c3"},"breadcrumb":{"@id":"https:\/\/grupnexus.com\/es\/tratamientos-para-modelar-silueta-verano\/#breadcrumb"},"inLanguage":"es","potentialAction":[{"@type":"ReadAction","target":["https:\/\/grupnexus.com\/es\/tratamientos-para-modelar-silueta-verano\/"]}]},{"@type":"BreadcrumbList","@id":"https:\/\/grupnexus.com\/es\/tratamientos-para-modelar-silueta-verano\/#breadcrumb","itemListElement":[{"@type":"ListItem","position":1,"name":"Portada","item":"https:\/\/grupnexus.com\/es\/"},{"@type":"ListItem","position":2,"name":"Beauty Summer Plan"}]},{"@type":"Person","@id":"https:\/\/grupnexus.com\/es\/#\/schema\/person\/7d42f30e6bd203d23a2c1613b51145c3","name":"Cl\u00ednica Nexus","image":{"@type":"ImageObject","@id":"https:\/\/grupnexus.com\/es\/#personlogo","inLanguage":"es","url":"https:\/\/secure.gravatar.com\/avatar\/f1f98ef0d641a3a6af0accea5a5971ef?s=96&d=mm&r=g","contentUrl":"https:\/\/secure.gravatar.com\/avatar\/f1f98ef0d641a3a6af0accea5a5971ef?s=96&d=mm&r=g","caption":"Cl\u00ednica Nexus"}}]}},"_links":{"self":[{"href":"https:\/\/grupnexus.com\/es\/wp-json\/wp\/v2\/posts\/12707"}],"collection":[{"href":"https:\/\/grupnexus.com\/es\/wp-json\/wp\/v2\/posts"}],"about":[{"href":"https:\/\/grupnexus.com\/es\/wp-json\/wp\/v2\/types\/post"}],"author":[{"embeddable":true,"href":"https:\/\/grupnexus.com\/es\/wp-json\/wp\/v2\/users\/6"}],"replies":[{"embeddable":true,"href":"https:\/\/grupnexus.com\/es\/wp-json\/wp\/v2\/comments?post=12707"}],"version-history":[{"count":15,"href":"https:\/\/grupnexus.com\/es\/wp-json\/wp\/v2\/posts\/12707\/revisions"}],"predecessor-version":[{"id":12766,"href":"https:\/\/grupnexus.com\/es\/wp-json\/wp\/v2\/posts\/12707\/revisions\/12766"}],"wp:featuredmedia":[{"embeddable":true,"href":"https:\/\/grupnexus.com\/es\/wp-json\/wp\/v2\/media\/12692"}],"wp:attachment":[{"href":"https:\/\/grupnexus.com\/es\/wp-json\/wp\/v2\/media?parent=12707"}],"wp:term":[{"taxonomy":"category","embeddable":true,"href":"https:\/\/grupnexus.com\/es\/wp-json\/wp\/v2\/categories?post=12707"},{"taxonomy":"post_tag","embeddable":true,"href":"https:\/\/grupnexus.com\/es\/wp-json\/wp\/v2\/tags?post=12707"}],"curies":[{"name":"wp","href":"https:\/\/api.w.org\/{rel}","templated":true}]}}