{"id":12958,"date":"2017-07-23T23:17:20","date_gmt":"2017-07-23T21:17:20","guid":{"rendered":"http:\/\/www.grupnexus.com\/festa-solidaria-2017-a-benefici-de-la-fundacio-esclerosi-multiple\/"},"modified":"2017-07-24T08:55:21","modified_gmt":"2017-07-24T06:55:21","slug":"fiesta-solidaria-2017-a-beneficio-de-la-fundacion-esclerosis-multiple","status":"publish","type":"post","link":"https:\/\/grupnexus.com\/es\/fiesta-solidaria-2017-a-beneficio-de-la-fundacion-esclerosis-multiple\/","title":{"rendered":"Un a\u00f1o m\u00e1s, Cl\u00ednica Nexus colabora en la Fiesta Solidaria Funde, dedicada en esta edici\u00f3n a la Fundaci\u00f3n Esclerosis M\u00faltiple de Lleida"},"content":{"rendered":"<p>Gracias por estos momentos!<\/p>\n\n\t\t<style type=\"text\/css\">\n\t\t\t#gallery-1 {\n\t\t\t\tmargin: auto;\n\t\t\t}\n\t\t\t#gallery-1 .gallery-item {\n\t\t\t\tfloat: left;\n\t\t\t\tmargin-top: 10px;\n\t\t\t\ttext-align: center;\n\t\t\t\twidth: 33%;\n\t\t\t}\n\t\t\t#gallery-1 img {\n\t\t\t\tborder: 2px solid #cfcfcf;\n\t\t\t}\n\t\t\t#gallery-1 .gallery-caption {\n\t\t\t\tmargin-left: 0;\n\t\t\t}\n\t\t\t\/* see gallery_shortcode() in wp-includes\/media.php *\/\n\t\t<\/style>\n\t\t<div id='gallery-1' class='gallery galleryid-12958 gallery-columns-3 gallery-size-large'><dl class='gallery-item'>\n\t\t\t<dt class='gallery-icon landscape'>\n\t\t\t\t<a href='https:\/\/grupnexus.com\/wp-content\/uploads\/2017\/07\/festa2017-solidaria-2.JPG'><img width=\"640\" height=\"640\" src=\"https:\/\/grupnexus.com\/wp-content\/uploads\/2017\/07\/festa2017-solidaria-2.JPG\" class=\"attachment-large size-large\" alt=\"\" loading=\"lazy\" srcset=\"https:\/\/grupnexus.com\/wp-content\/uploads\/2017\/07\/festa2017-solidaria-2.JPG 640w, https:\/\/grupnexus.com\/wp-content\/uploads\/2017\/07\/festa2017-solidaria-2-400x400.jpg 400w, https:\/\/grupnexus.com\/wp-content\/uploads\/2017\/07\/festa2017-solidaria-2-100x100.jpg 100w, https:\/\/grupnexus.com\/wp-content\/uploads\/2017\/07\/festa2017-solidaria-2-510x510.jpg 510w, https:\/\/grupnexus.com\/wp-content\/uploads\/2017\/07\/festa2017-solidaria-2-150x150.jpg 150w, https:\/\/grupnexus.com\/wp-content\/uploads\/2017\/07\/festa2017-solidaria-2-300x300.jpg 300w, https:\/\/grupnexus.com\/wp-content\/uploads\/2017\/07\/festa2017-solidaria-2-60x60.jpg 60w, https:\/\/grupnexus.com\/wp-content\/uploads\/2017\/07\/festa2017-solidaria-2-43x43.jpg 43w, https:\/\/grupnexus.com\/wp-content\/uploads\/2017\/07\/festa2017-solidaria-2-555x555.jpg 555w, https:\/\/grupnexus.com\/wp-content\/uploads\/2017\/07\/festa2017-solidaria-2-360x360.jpg 360w, https:\/\/grupnexus.com\/wp-content\/uploads\/2017\/07\/festa2017-solidaria-2-262x262.jpg 262w\" sizes=\"(max-width: 640px) 100vw, 640px\" \/><\/a>\n\t\t\t<\/dt><\/dl><dl class='gallery-item'>\n\t\t\t<dt class='gallery-icon landscape'>\n\t\t\t\t<a href='https:\/\/grupnexus.com\/wp-content\/uploads\/2017\/07\/festa2017-solidaria-3-1.jpg'><img width=\"640\" height=\"640\" src=\"https:\/\/grupnexus.com\/wp-content\/uploads\/2017\/07\/festa2017-solidaria-3-1.jpg\" class=\"attachment-large size-large\" alt=\"\" loading=\"lazy\" srcset=\"https:\/\/grupnexus.com\/wp-content\/uploads\/2017\/07\/festa2017-solidaria-3-1.jpg 640w, https:\/\/grupnexus.com\/wp-content\/uploads\/2017\/07\/festa2017-solidaria-3-1-400x400.jpg 400w, https:\/\/grupnexus.com\/wp-content\/uploads\/2017\/07\/festa2017-solidaria-3-1-100x100.jpg 100w, https:\/\/grupnexus.com\/wp-content\/uploads\/2017\/07\/festa2017-solidaria-3-1-510x510.jpg 510w, https:\/\/grupnexus.com\/wp-content\/uploads\/2017\/07\/festa2017-solidaria-3-1-150x150.jpg 150w, https:\/\/grupnexus.com\/wp-content\/uploads\/2017\/07\/festa2017-solidaria-3-1-300x300.jpg 300w, https:\/\/grupnexus.com\/wp-content\/uploads\/2017\/07\/festa2017-solidaria-3-1-60x60.jpg 60w, https:\/\/grupnexus.com\/wp-content\/uploads\/2017\/07\/festa2017-solidaria-3-1-43x43.jpg 43w, https:\/\/grupnexus.com\/wp-content\/uploads\/2017\/07\/festa2017-solidaria-3-1-555x555.jpg 555w, https:\/\/grupnexus.com\/wp-content\/uploads\/2017\/07\/festa2017-solidaria-3-1-360x360.jpg 360w, https:\/\/grupnexus.com\/wp-content\/uploads\/2017\/07\/festa2017-solidaria-3-1-262x262.jpg 262w\" sizes=\"(max-width: 640px) 100vw, 640px\" \/><\/a>\n\t\t\t<\/dt><\/dl>\n\t\t\t<br style='clear: both' \/>\n\t\t<\/div>\n\n","protected":false},"excerpt":{"rendered":"<p>Gracias por estos momentos!<\/p>\n","protected":false},"author":5,"featured_media":12963,"comment_status":"closed","ping_status":"closed","sticky":false,"template":"","format":"standard","meta":[],"categories":[358],"tags":[383,396,388,397,393,395,394],"yoast_head":"<!-- This site is optimized with the Yoast SEO plugin v18.6 - https:\/\/yoast.com\/wordpress\/plugins\/seo\/ -->\n<title>Un a\u00f1o m\u00e1s, Cl\u00ednica Nexus colabora en la Fiesta Solidaria Funde, dedicada en esta edici\u00f3n a la Fundaci\u00f3n Esclerosis M\u00faltiple de Lleida<\/title>\n<meta name=\"robots\" content=\"index, follow, max-snippet:-1, max-image-preview:large, max-video-preview:-1\" \/>\n<link rel=\"canonical\" href=\"https:\/\/grupnexus.com\/es\/fiesta-solidaria-2017-a-beneficio-de-la-fundacion-esclerosis-multiple\/\" \/>\n<meta property=\"og:locale\" content=\"es_ES\" \/>\n<meta property=\"og:type\" content=\"article\" \/>\n<meta property=\"og:title\" content=\"Un a\u00f1o m\u00e1s, Cl\u00ednica Nexus colabora en la Fiesta Solidaria Funde, dedicada en esta edici\u00f3n a la Fundaci\u00f3n Esclerosis M\u00faltiple de Lleida\" \/>\n<meta property=\"og:description\" content=\"Gracias por estos momentos!\" \/>\n<meta property=\"og:url\" content=\"https:\/\/grupnexus.com\/es\/fiesta-solidaria-2017-a-beneficio-de-la-fundacion-esclerosis-multiple\/\" \/>\n<meta property=\"og:site_name\" content=\"Cl\u00ednica Nexus\" \/>\n<meta property=\"article:published_time\" content=\"2017-07-23T21:17:20+00:00\" \/>\n<meta property=\"article:modified_time\" content=\"2017-07-24T06:55:21+00:00\" \/>\n<meta property=\"og:image\" content=\"https:\/\/i0.wp.com\/grupnexus.com\/wp-content\/uploads\/2017\/07\/festa2017-solidaria-fundeb.jpg?fit=1320%2C1055&#038;ssl=1\" \/>\n\t<meta property=\"og:image:width\" content=\"1320\" \/>\n\t<meta property=\"og:image:height\" content=\"1055\" \/>\n\t<meta property=\"og:image:type\" content=\"image\/jpeg\" \/>\n<meta name=\"twitter:card\" content=\"summary\" \/>\n<meta name=\"twitter:label1\" content=\"Escrito por\" \/>\n\t<meta name=\"twitter:data1\" content=\"Nexus\" \/>\n<script type=\"application\/ld+json\" class=\"yoast-schema-graph\">{\"@context\":\"https:\/\/schema.org\",\"@graph\":[{\"@type\":\"WebSite\",\"@id\":\"https:\/\/grupnexus.com\/es\/#website\",\"url\":\"https:\/\/grupnexus.com\/es\/\",\"name\":\"Cl\u00ednica Nexus\",\"description\":\"L\u00edders en Medicina Est\u00e8tica Avan\u00e7ada\",\"potentialAction\":[{\"@type\":\"SearchAction\",\"target\":{\"@type\":\"EntryPoint\",\"urlTemplate\":\"https:\/\/grupnexus.com\/es\/?s={search_term_string}\"},\"query-input\":\"required name=search_term_string\"}],\"inLanguage\":\"es\"},{\"@type\":\"ImageObject\",\"@id\":\"https:\/\/grupnexus.com\/es\/fiesta-solidaria-2017-a-beneficio-de-la-fundacion-esclerosis-multiple\/#primaryimage\",\"inLanguage\":\"es\",\"url\":\"https:\/\/grupnexus.com\/wp-content\/uploads\/2017\/07\/festa2017-solidaria-fundeb.jpg\",\"contentUrl\":\"https:\/\/grupnexus.com\/wp-content\/uploads\/2017\/07\/festa2017-solidaria-fundeb.jpg\",\"width\":1320,\"height\":1055},{\"@type\":\"WebPage\",\"@id\":\"https:\/\/grupnexus.com\/es\/fiesta-solidaria-2017-a-beneficio-de-la-fundacion-esclerosis-multiple\/#webpage\",\"url\":\"https:\/\/grupnexus.com\/es\/fiesta-solidaria-2017-a-beneficio-de-la-fundacion-esclerosis-multiple\/\",\"name\":\"Un a\u00f1o m\u00e1s, Cl\u00ednica Nexus colabora en la Fiesta Solidaria Funde, dedicada en esta edici\u00f3n a la Fundaci\u00f3n Esclerosis M\u00faltiple de Lleida\",\"isPartOf\":{\"@id\":\"https:\/\/grupnexus.com\/es\/#website\"},\"primaryImageOfPage\":{\"@id\":\"https:\/\/grupnexus.com\/es\/fiesta-solidaria-2017-a-beneficio-de-la-fundacion-esclerosis-multiple\/#primaryimage\"},\"datePublished\":\"2017-07-23T21:17:20+00:00\",\"dateModified\":\"2017-07-24T06:55:21+00:00\",\"author\":{\"@id\":\"https:\/\/grupnexus.com\/es\/#\/schema\/person\/e766a805d9eadac3ecbb8c0d3dcd3355\"},\"breadcrumb\":{\"@id\":\"https:\/\/grupnexus.com\/es\/fiesta-solidaria-2017-a-beneficio-de-la-fundacion-esclerosis-multiple\/#breadcrumb\"},\"inLanguage\":\"es\",\"potentialAction\":[{\"@type\":\"ReadAction\",\"target\":[\"https:\/\/grupnexus.com\/es\/fiesta-solidaria-2017-a-beneficio-de-la-fundacion-esclerosis-multiple\/\"]}]},{\"@type\":\"BreadcrumbList\",\"@id\":\"https:\/\/grupnexus.com\/es\/fiesta-solidaria-2017-a-beneficio-de-la-fundacion-esclerosis-multiple\/#breadcrumb\",\"itemListElement\":[{\"@type\":\"ListItem\",\"position\":1,\"name\":\"Portada\",\"item\":\"https:\/\/grupnexus.com\/es\/\"},{\"@type\":\"ListItem\",\"position\":2,\"name\":\"Un a\u00f1o m\u00e1s, Cl\u00ednica Nexus colabora en la Fiesta Solidaria Funde, dedicada en esta edici\u00f3n a la Fundaci\u00f3n Esclerosis M\u00faltiple de Lleida\"}]},{\"@type\":\"Person\",\"@id\":\"https:\/\/grupnexus.com\/es\/#\/schema\/person\/e766a805d9eadac3ecbb8c0d3dcd3355\",\"name\":\"Nexus\",\"image\":{\"@type\":\"ImageObject\",\"@id\":\"https:\/\/grupnexus.com\/es\/#personlogo\",\"inLanguage\":\"es\",\"url\":\"https:\/\/secure.gravatar.com\/avatar\/8d9fa4540dd1ce6a7ed07044eb5f16c9?s=96&d=mm&r=g\",\"contentUrl\":\"https:\/\/secure.gravatar.com\/avatar\/8d9fa4540dd1ce6a7ed07044eb5f16c9?s=96&d=mm&r=g\",\"caption\":\"Nexus\"}}]}<\/script>\n<!-- \/ Yoast SEO plugin. -->","yoast_head_json":{"title":"Un a\u00f1o m\u00e1s, Cl\u00ednica Nexus colabora en la Fiesta Solidaria Funde, dedicada en esta edici\u00f3n a la Fundaci\u00f3n Esclerosis M\u00faltiple de Lleida","robots":{"index":"index","follow":"follow","max-snippet":"max-snippet:-1","max-image-preview":"max-image-preview:large","max-video-preview":"max-video-preview:-1"},"canonical":"https:\/\/grupnexus.com\/es\/fiesta-solidaria-2017-a-beneficio-de-la-fundacion-esclerosis-multiple\/","og_locale":"es_ES","og_type":"article","og_title":"Un a\u00f1o m\u00e1s, Cl\u00ednica Nexus colabora en la Fiesta Solidaria Funde, dedicada en esta edici\u00f3n a la Fundaci\u00f3n Esclerosis M\u00faltiple de Lleida","og_description":"Gracias por estos momentos!","og_url":"https:\/\/grupnexus.com\/es\/fiesta-solidaria-2017-a-beneficio-de-la-fundacion-esclerosis-multiple\/","og_site_name":"Cl\u00ednica Nexus","article_published_time":"2017-07-23T21:17:20+00:00","article_modified_time":"2017-07-24T06:55:21+00:00","og_image":[{"width":1320,"height":1055,"url":"https:\/\/i0.wp.com\/grupnexus.com\/wp-content\/uploads\/2017\/07\/festa2017-solidaria-fundeb.jpg?fit=1320%2C1055&ssl=1","type":"image\/jpeg"}],"twitter_card":"summary","twitter_misc":{"Escrito por":"Nexus"},"schema":{"@context":"https:\/\/schema.org","@graph":[{"@type":"WebSite","@id":"https:\/\/grupnexus.com\/es\/#website","url":"https:\/\/grupnexus.com\/es\/","name":"Cl\u00ednica Nexus","description":"L\u00edders en Medicina Est\u00e8tica Avan\u00e7ada","potentialAction":[{"@type":"SearchAction","target":{"@type":"EntryPoint","urlTemplate":"https:\/\/grupnexus.com\/es\/?s={search_term_string}"},"query-input":"required name=search_term_string"}],"inLanguage":"es"},{"@type":"ImageObject","@id":"https:\/\/grupnexus.com\/es\/fiesta-solidaria-2017-a-beneficio-de-la-fundacion-esclerosis-multiple\/#primaryimage","inLanguage":"es","url":"https:\/\/grupnexus.com\/wp-content\/uploads\/2017\/07\/festa2017-solidaria-fundeb.jpg","contentUrl":"https:\/\/grupnexus.com\/wp-content\/uploads\/2017\/07\/festa2017-solidaria-fundeb.jpg","width":1320,"height":1055},{"@type":"WebPage","@id":"https:\/\/grupnexus.com\/es\/fiesta-solidaria-2017-a-beneficio-de-la-fundacion-esclerosis-multiple\/#webpage","url":"https:\/\/grupnexus.com\/es\/fiesta-solidaria-2017-a-beneficio-de-la-fundacion-esclerosis-multiple\/","name":"Un a\u00f1o m\u00e1s, Cl\u00ednica Nexus colabora en la Fiesta Solidaria Funde, dedicada en esta edici\u00f3n a la Fundaci\u00f3n Esclerosis M\u00faltiple de Lleida","isPartOf":{"@id":"https:\/\/grupnexus.com\/es\/#website"},"primaryImageOfPage":{"@id":"https:\/\/grupnexus.com\/es\/fiesta-solidaria-2017-a-beneficio-de-la-fundacion-esclerosis-multiple\/#primaryimage"},"datePublished":"2017-07-23T21:17:20+00:00","dateModified":"2017-07-24T06:55:21+00:00","author":{"@id":"https:\/\/grupnexus.com\/es\/#\/schema\/person\/e766a805d9eadac3ecbb8c0d3dcd3355"},"breadcrumb":{"@id":"https:\/\/grupnexus.com\/es\/fiesta-solidaria-2017-a-beneficio-de-la-fundacion-esclerosis-multiple\/#breadcrumb"},"inLanguage":"es","potentialAction":[{"@type":"ReadAction","target":["https:\/\/grupnexus.com\/es\/fiesta-solidaria-2017-a-beneficio-de-la-fundacion-esclerosis-multiple\/"]}]},{"@type":"BreadcrumbList","@id":"https:\/\/grupnexus.com\/es\/fiesta-solidaria-2017-a-beneficio-de-la-fundacion-esclerosis-multiple\/#breadcrumb","itemListElement":[{"@type":"ListItem","position":1,"name":"Portada","item":"https:\/\/grupnexus.com\/es\/"},{"@type":"ListItem","position":2,"name":"Un a\u00f1o m\u00e1s, Cl\u00ednica Nexus colabora en la Fiesta Solidaria Funde, dedicada en esta edici\u00f3n a la Fundaci\u00f3n Esclerosis M\u00faltiple de Lleida"}]},{"@type":"Person","@id":"https:\/\/grupnexus.com\/es\/#\/schema\/person\/e766a805d9eadac3ecbb8c0d3dcd3355","name":"Nexus","image":{"@type":"ImageObject","@id":"https:\/\/grupnexus.com\/es\/#personlogo","inLanguage":"es","url":"https:\/\/secure.gravatar.com\/avatar\/8d9fa4540dd1ce6a7ed07044eb5f16c9?s=96&d=mm&r=g","contentUrl":"https:\/\/secure.gravatar.com\/avatar\/8d9fa4540dd1ce6a7ed07044eb5f16c9?s=96&d=mm&r=g","caption":"Nexus"}}]}},"_links":{"self":[{"href":"https:\/\/grupnexus.com\/es\/wp-json\/wp\/v2\/posts\/12958"}],"collection":[{"href":"https:\/\/grupnexus.com\/es\/wp-json\/wp\/v2\/posts"}],"about":[{"href":"https:\/\/grupnexus.com\/es\/wp-json\/wp\/v2\/types\/post"}],"author":[{"embeddable":true,"href":"https:\/\/grupnexus.com\/es\/wp-json\/wp\/v2\/users\/5"}],"replies":[{"embeddable":true,"href":"https:\/\/grupnexus.com\/es\/wp-json\/wp\/v2\/comments?post=12958"}],"version-history":[{"count":3,"href":"https:\/\/grupnexus.com\/es\/wp-json\/wp\/v2\/posts\/12958\/revisions"}],"predecessor-version":[{"id":12968,"href":"https:\/\/grupnexus.com\/es\/wp-json\/wp\/v2\/posts\/12958\/revisions\/12968"}],"wp:featuredmedia":[{"embeddable":true,"href":"https:\/\/grupnexus.com\/es\/wp-json\/wp\/v2\/media\/12963"}],"wp:attachment":[{"href":"https:\/\/grupnexus.com\/es\/wp-json\/wp\/v2\/media?parent=12958"}],"wp:term":[{"taxonomy":"category","embeddable":true,"href":"https:\/\/grupnexus.com\/es\/wp-json\/wp\/v2\/categories?post=12958"},{"taxonomy":"post_tag","embeddable":true,"href":"https:\/\/grupnexus.com\/es\/wp-json\/wp\/v2\/tags?post=12958"}],"curies":[{"name":"wp","href":"https:\/\/api.w.org\/{rel}","templated":true}]}}