{"id":13221,"date":"2018-09-18T10:38:42","date_gmt":"2018-09-18T08:38:42","guid":{"rendered":"http:\/\/www.grupnexus.com\/?p=13221\/"},"modified":"2018-09-20T11:31:54","modified_gmt":"2018-09-20T09:31:54","slug":"tratamientos-medicoesteticos-otono","status":"publish","type":"post","link":"https:\/\/grupnexus.com\/es\/tratamientos-medicoesteticos-otono\/","title":{"rendered":"Tratamientos medicoest\u00e9ticos post verano"},"content":{"rendered":"<h1><strong>Tratamientos\u00a0<\/strong><strong>medicoest\u00e9ticos<\/strong><strong>\u00a0post verano<\/strong><\/h1>\n<blockquote><p><strong>Se acaba el verano y entramos en la \u00e9poca del a\u00f1o en que hay que cuidarnos la piel para contrarrestar los efectos del sol y prepararla para el invierno. El equipo profesional de Nexus recomienda los tratamientos ideales durante estos meses, y que m\u00e1s triunfan:<\/strong><\/p><\/blockquote>\n<h2>Biorevitalizaci\u00f3n cut\u00e1nea<\/h2>\n<p>Infiltraciones d\u00e9rmicas de\u00a0microdip\u00f2sitos\u00a0de <strong>\u00e1cido\u00a0hialur\u00f3nico<\/strong>\u00a0y c\u00f3cteles\u00a0vitam\u00ednicos\u00a0con los cuales conseguimos una mejora de todas las propiedades de la piel (aspecto, hidrataci\u00f3n, elasticidad, tono y textura) y a la vez protecci\u00f3n frente a los radicales libres. El \u00e1cido\u00a0hialur\u00f3nico\u00a0empleado se obtiene biotecnol\u00f3gicamente (no es de origen animal) y se encuentra estabilizado. Estas caracter\u00edsticas convierten este tratamiento en un m\u00e9todo muy seguro y de larga duraci\u00f3n.<br \/>\nGracias a las propiedades inherentes del \u00e1cido\u00a0hialur\u00f3nico, conseguimos:<\/p>\n<ul>\n<li><strong>Hidrataci\u00f3n de todo tipo de piel y mejora de la funci\u00f3n de\u00a0hidroreserva<\/strong>. Esta funci\u00f3n hoy sabemos que se empieza a reducir antes de los 30 a\u00f1os y se acent\u00faa de manera notable entre los 45-50 a\u00f1os, con el\u00a0climateri.<br \/>\n<img loading=\"lazy\" class=\"alignright wp-image-10965 size-medium\" src=\"https:\/\/grupnexus.com\/wp-content\/uploads\/bioestimulacion-hombre-23961693_xl-272x300.jpeg\" alt=\"bioestimulacio\" width=\"272\" height=\"300\" srcset=\"https:\/\/grupnexus.com\/wp-content\/uploads\/bioestimulacion-hombre-23961693_xl-272x300.jpeg 272w, https:\/\/grupnexus.com\/wp-content\/uploads\/bioestimulacion-hombre-23961693_xl-510x562.jpeg 510w, https:\/\/grupnexus.com\/wp-content\/uploads\/bioestimulacion-hombre-23961693_xl-768x846.jpeg 768w, https:\/\/grupnexus.com\/wp-content\/uploads\/bioestimulacion-hombre-23961693_xl-929x1024.jpeg 929w, https:\/\/grupnexus.com\/wp-content\/uploads\/bioestimulacion-hombre-23961693_xl-697x768.jpeg 697w, https:\/\/grupnexus.com\/wp-content\/uploads\/bioestimulacion-hombre-23961693_xl-555x612.jpeg 555w, https:\/\/grupnexus.com\/wp-content\/uploads\/bioestimulacion-hombre-23961693_xl-360x397.jpeg 360w, https:\/\/grupnexus.com\/wp-content\/uploads\/bioestimulacion-hombre-23961693_xl-262x289.jpeg 262w, https:\/\/grupnexus.com\/wp-content\/uploads\/bioestimulacion-hombre-23961693_xl.jpeg 960w\" sizes=\"(max-width: 272px) 100vw, 272px\" \/><\/li>\n<li><strong>Mejora de todas las propiedades de la piel:<\/strong> aspecto, elasticidad, tono y textura.<\/li>\n<li><strong>Protecci\u00f3n ante los radicales libres,<\/strong> especialmente antes y despu\u00e9s de la exposici\u00f3n solar, hecho que convierte este tratamiento en casi imprescindible antes y\/o despu\u00e9s de la \u00e9poca estival.<\/li>\n<\/ul>\n<p>El oto\u00f1o, tambi\u00e9n, es el momento id\u00f3neo para empezar con todos aquellos tratamientos que no eran compatibles con la exposici\u00f3n solar (como la <strong>eliminaci\u00f3n de manchas y tatuajes<\/strong>, la eliminaci\u00f3n de\u00a0varices\u00a0y otras lesiones vasculares, o <strong>la depilaci\u00f3n l\u00e1ser m\u00e9dica<\/strong>), puesto que la mayor\u00eda de estos tratamientos constan de 4 a 5 sesiones, con intervalos entre ellos de 2 meses, por lo cual de media son 9 meses, y es ideal hacerlo coincidir con el curso escolar.<\/p>\n<h2>Eliminaci\u00f3n de manchas y tatuajes<\/h2>\n<p>Con el l\u00e1ser\u00a0PicoSure\u00a9, podemos eliminar todo tipo de lesiones\u00a0pigmentadas, independientemente de la causa (hormonal, edad, solo\u2026), y tatuajes, de todos los colores, incluyendo los residuales y\u00a0recalcitrantes. Todo ello, de una manera muy efectiva y sin efectos secundarios.<\/p>\n<p>PicoSure\u00a9\u00a0debe de su eficacia\u00a0inigualable\u00a0al hecho de emitir\u00a0pulsadas\u00a0ultracortas\u00a0en\u00a0billon\u00e9simas de segundo, lo cual le permite actuar principalmente mediante un efecto\u00a0fotomec\u00e1nico en cuenta del\u00a0fotot\u00e9rmico\u00a0que utilizan los l\u00e1seres tradicionales, o para decirlo m\u00e1s\u00a0planamente, actuar selectivamente sobre su diana (melanina o tinta) para fragmentarla en min\u00fasculas part\u00edculas en lugar de calentarla. Este hecho comporta un n\u00famero de sesiones menor, un respeto total sobre la piel circundante, la utilizaci\u00f3n de menos cantidades de energ\u00eda (y, por lo tanto, m\u00e1s comodidad para el paciente), la posibilidad de tratar todos los\u00a0fototipos\u00a0de piel y obtener tambi\u00e9n, gracias a su extraordinaria selectividad, m\u00e1s aclaraci\u00f3n.<\/p>\n<h2><\/h2>\n<blockquote><p>Olv\u00eddate de las\u00a0varices\u00a0con la\u00a0Pataforma\u00a0Vascular\u00a0Cynergy<\/p><\/blockquote>\n<h2><\/h2>\n<h2>Eliminaci\u00f3n varices<\/h2>\n<p>Cynergy, la plataforma vascular m\u00e1s evolucionada del mundo, consta de un l\u00e1ser de colorante\u00a0pulsdo\u00a0y un l\u00e1ser de Neodimio\u00a0Yag\u00a0que pueden ser emitidos de manera secuencial para eliminar de manera efectiva lesiones vasculares faciales como\u00a0cuperosi,\u00a0ros\u00e1cea,\u00a0telangiectasis, manchas vasculares de nacimiento, etc.<br \/>\nPor otro lado, este l\u00e1ser, tambi\u00e9n consigue <strong>eliminar las\u00a0varices<\/strong>\u00a0con grandes resultados mediante la terapia\u00a0fotodin\u00e1mica, el procedimiento del cual combina el\u00a0escleroterapia qu\u00edmica con la plataforma vascular\u00a0Cynergy.<\/p>\n<p>&nbsp;<\/p>\n<h2>Depilaci\u00f3n l\u00e1ser M\u00e9dica<\/h2>\n<p>La depilaci\u00f3n l\u00e1ser m\u00e9dica de vanguardia de Cl\u00ednica\u00a0Nexus, con 10 sistemas diferentes, permite personalizar al m\u00e1ximo cada tratamiento y conseguir as\u00ed un resultado 10. Todos ellos aprobados por el\u00a0FDA\u00a0c\u00f3mo de resultado permanente, ausencia de efectos secundarios y Certificado de Seguridad del Servicio T\u00e9cnico Oficial.<\/p>\n<p>&nbsp;<\/p>\n<p><strong>Un equipo profesional a vuestro servicio cada d\u00eda.<\/strong><\/p>\n<p>&nbsp;<\/p>\n<p style=\"text-align: center;\"><a href=\"https:\/\/grupnexus.com\/wp-content\/uploads\/2018\/09\/2018-09-Magazine-Ponent-septiembre-post-verano.pdf\">Descargar la publicaci\u00f3n en pdf.<\/a><\/p>\n<p>&nbsp;<\/p>\n","protected":false},"excerpt":{"rendered":"<p>Tratamientos\u00a0medicoest\u00e9ticos\u00a0post verano Se acaba el verano y entramos en la \u00e9poca del a\u00f1o en que hay que cuidarnos la piel para contrarrestar los efectos del sol y prepararla para el invierno. El equipo profesional de Nexus recomienda los tratamientos ideales durante estos meses, y que m\u00e1s triunfan: Biorevitalizaci\u00f3n cut\u00e1nea Infiltraciones d\u00e9rmicas de\u00a0microdip\u00f2sitos\u00a0de \u00e1cido\u00a0hialur\u00f3nico\u00a0y c\u00f3cteles\u00a0vitam\u00ednicos\u00a0con los&#8230;<\/p>\n","protected":false},"author":6,"featured_media":13228,"comment_status":"closed","ping_status":"closed","sticky":false,"template":"","format":"standard","meta":[],"categories":[2,330,7],"tags":[244,522,245,351,353,516,343],"yoast_head":"<!-- This site is optimized with the Yoast SEO plugin v18.6 - https:\/\/yoast.com\/wordpress\/plugins\/seo\/ -->\n<title>Eliminaci\u00f3n de tatuajes y otros tratamientos medicoest\u00e9ticos post verano<\/title>\n<meta name=\"robots\" content=\"index, follow, max-snippet:-1, max-image-preview:large, max-video-preview:-1\" \/>\n<link rel=\"canonical\" href=\"https:\/\/grupnexus.com\/es\/tratamientos-medicoesteticos-otono\/\" \/>\n<meta property=\"og:locale\" content=\"es_ES\" \/>\n<meta property=\"og:type\" content=\"article\" \/>\n<meta property=\"og:title\" content=\"Eliminaci\u00f3n de tatuajes y otros tratamientos medicoest\u00e9ticos post verano\" \/>\n<meta property=\"og:description\" content=\"Tratamientos\u00a0medicoest\u00e9ticos\u00a0post verano Se acaba el verano y entramos en la \u00e9poca del a\u00f1o en que hay que cuidarnos la piel para contrarrestar los efectos del sol y prepararla para el invierno. El equipo profesional de Nexus recomienda los tratamientos ideales durante estos meses, y que m\u00e1s triunfan: Biorevitalizaci\u00f3n cut\u00e1nea Infiltraciones d\u00e9rmicas de\u00a0microdip\u00f2sitos\u00a0de \u00e1cido\u00a0hialur\u00f3nico\u00a0y c\u00f3cteles\u00a0vitam\u00ednicos\u00a0con los...\" \/>\n<meta property=\"og:url\" content=\"https:\/\/grupnexus.com\/es\/tratamientos-medicoesteticos-otono\/\" \/>\n<meta property=\"og:site_name\" content=\"Cl\u00ednica Nexus\" \/>\n<meta property=\"article:published_time\" content=\"2018-09-18T08:38:42+00:00\" \/>\n<meta property=\"article:modified_time\" content=\"2018-09-20T09:31:54+00:00\" \/>\n<meta property=\"og:image\" content=\"https:\/\/i0.wp.com\/grupnexus.com\/wp-content\/uploads\/2017\/11\/Tractaments-medicoest\u00e8tics-tardor.jpg?fit=1200%2C675&#038;ssl=1\" \/>\n\t<meta property=\"og:image:width\" content=\"1200\" \/>\n\t<meta property=\"og:image:height\" content=\"675\" \/>\n\t<meta property=\"og:image:type\" content=\"image\/jpeg\" \/>\n<meta name=\"twitter:card\" content=\"summary\" \/>\n<meta name=\"twitter:label1\" content=\"Escrito por\" \/>\n\t<meta name=\"twitter:data1\" content=\"Cl\u00ednica Nexus\" \/>\n\t<meta name=\"twitter:label2\" content=\"Tiempo de lectura\" \/>\n\t<meta name=\"twitter:data2\" content=\"3 minutos\" \/>\n<script type=\"application\/ld+json\" class=\"yoast-schema-graph\">{\"@context\":\"https:\/\/schema.org\",\"@graph\":[{\"@type\":\"WebSite\",\"@id\":\"https:\/\/grupnexus.com\/es\/#website\",\"url\":\"https:\/\/grupnexus.com\/es\/\",\"name\":\"Cl\u00ednica Nexus\",\"description\":\"L\u00edders en Medicina Est\u00e8tica Avan\u00e7ada\",\"potentialAction\":[{\"@type\":\"SearchAction\",\"target\":{\"@type\":\"EntryPoint\",\"urlTemplate\":\"https:\/\/grupnexus.com\/es\/?s={search_term_string}\"},\"query-input\":\"required name=search_term_string\"}],\"inLanguage\":\"es\"},{\"@type\":\"ImageObject\",\"@id\":\"https:\/\/grupnexus.com\/es\/tratamientos-medicoesteticos-otono\/#primaryimage\",\"inLanguage\":\"es\",\"url\":\"https:\/\/grupnexus.com\/wp-content\/uploads\/2017\/11\/Tractaments-medicoest\u00e8tics-tardor.jpg\",\"contentUrl\":\"https:\/\/grupnexus.com\/wp-content\/uploads\/2017\/11\/Tractaments-medicoest\u00e8tics-tardor.jpg\",\"width\":1200,\"height\":675,\"caption\":\"tractaments tardor\"},{\"@type\":\"WebPage\",\"@id\":\"https:\/\/grupnexus.com\/es\/tratamientos-medicoesteticos-otono\/#webpage\",\"url\":\"https:\/\/grupnexus.com\/es\/tratamientos-medicoesteticos-otono\/\",\"name\":\"Eliminaci\u00f3n de tatuajes y otros tratamientos medicoest\u00e9ticos post verano\",\"isPartOf\":{\"@id\":\"https:\/\/grupnexus.com\/es\/#website\"},\"primaryImageOfPage\":{\"@id\":\"https:\/\/grupnexus.com\/es\/tratamientos-medicoesteticos-otono\/#primaryimage\"},\"datePublished\":\"2018-09-18T08:38:42+00:00\",\"dateModified\":\"2018-09-20T09:31:54+00:00\",\"author\":{\"@id\":\"https:\/\/grupnexus.com\/es\/#\/schema\/person\/7d42f30e6bd203d23a2c1613b51145c3\"},\"breadcrumb\":{\"@id\":\"https:\/\/grupnexus.com\/es\/tratamientos-medicoesteticos-otono\/#breadcrumb\"},\"inLanguage\":\"es\",\"potentialAction\":[{\"@type\":\"ReadAction\",\"target\":[\"https:\/\/grupnexus.com\/es\/tratamientos-medicoesteticos-otono\/\"]}]},{\"@type\":\"BreadcrumbList\",\"@id\":\"https:\/\/grupnexus.com\/es\/tratamientos-medicoesteticos-otono\/#breadcrumb\",\"itemListElement\":[{\"@type\":\"ListItem\",\"position\":1,\"name\":\"Portada\",\"item\":\"https:\/\/grupnexus.com\/es\/\"},{\"@type\":\"ListItem\",\"position\":2,\"name\":\"Tratamientos medicoest\u00e9ticos post verano\"}]},{\"@type\":\"Person\",\"@id\":\"https:\/\/grupnexus.com\/es\/#\/schema\/person\/7d42f30e6bd203d23a2c1613b51145c3\",\"name\":\"Cl\u00ednica Nexus\",\"image\":{\"@type\":\"ImageObject\",\"@id\":\"https:\/\/grupnexus.com\/es\/#personlogo\",\"inLanguage\":\"es\",\"url\":\"https:\/\/secure.gravatar.com\/avatar\/f1f98ef0d641a3a6af0accea5a5971ef?s=96&d=mm&r=g\",\"contentUrl\":\"https:\/\/secure.gravatar.com\/avatar\/f1f98ef0d641a3a6af0accea5a5971ef?s=96&d=mm&r=g\",\"caption\":\"Cl\u00ednica Nexus\"}}]}<\/script>\n<!-- \/ Yoast SEO plugin. -->","yoast_head_json":{"title":"Eliminaci\u00f3n de tatuajes y otros tratamientos medicoest\u00e9ticos post verano","robots":{"index":"index","follow":"follow","max-snippet":"max-snippet:-1","max-image-preview":"max-image-preview:large","max-video-preview":"max-video-preview:-1"},"canonical":"https:\/\/grupnexus.com\/es\/tratamientos-medicoesteticos-otono\/","og_locale":"es_ES","og_type":"article","og_title":"Eliminaci\u00f3n de tatuajes y otros tratamientos medicoest\u00e9ticos post verano","og_description":"Tratamientos\u00a0medicoest\u00e9ticos\u00a0post verano Se acaba el verano y entramos en la \u00e9poca del a\u00f1o en que hay que cuidarnos la piel para contrarrestar los efectos del sol y prepararla para el invierno. El equipo profesional de Nexus recomienda los tratamientos ideales durante estos meses, y que m\u00e1s triunfan: Biorevitalizaci\u00f3n cut\u00e1nea Infiltraciones d\u00e9rmicas de\u00a0microdip\u00f2sitos\u00a0de \u00e1cido\u00a0hialur\u00f3nico\u00a0y c\u00f3cteles\u00a0vitam\u00ednicos\u00a0con los...","og_url":"https:\/\/grupnexus.com\/es\/tratamientos-medicoesteticos-otono\/","og_site_name":"Cl\u00ednica Nexus","article_published_time":"2018-09-18T08:38:42+00:00","article_modified_time":"2018-09-20T09:31:54+00:00","og_image":[{"width":1200,"height":675,"url":"https:\/\/i0.wp.com\/grupnexus.com\/wp-content\/uploads\/2017\/11\/Tractaments-medicoest\u00e8tics-tardor.jpg?fit=1200%2C675&ssl=1","type":"image\/jpeg"}],"twitter_card":"summary","twitter_misc":{"Escrito por":"Cl\u00ednica Nexus","Tiempo de lectura":"3 minutos"},"schema":{"@context":"https:\/\/schema.org","@graph":[{"@type":"WebSite","@id":"https:\/\/grupnexus.com\/es\/#website","url":"https:\/\/grupnexus.com\/es\/","name":"Cl\u00ednica Nexus","description":"L\u00edders en Medicina Est\u00e8tica Avan\u00e7ada","potentialAction":[{"@type":"SearchAction","target":{"@type":"EntryPoint","urlTemplate":"https:\/\/grupnexus.com\/es\/?s={search_term_string}"},"query-input":"required name=search_term_string"}],"inLanguage":"es"},{"@type":"ImageObject","@id":"https:\/\/grupnexus.com\/es\/tratamientos-medicoesteticos-otono\/#primaryimage","inLanguage":"es","url":"https:\/\/grupnexus.com\/wp-content\/uploads\/2017\/11\/Tractaments-medicoest\u00e8tics-tardor.jpg","contentUrl":"https:\/\/grupnexus.com\/wp-content\/uploads\/2017\/11\/Tractaments-medicoest\u00e8tics-tardor.jpg","width":1200,"height":675,"caption":"tractaments tardor"},{"@type":"WebPage","@id":"https:\/\/grupnexus.com\/es\/tratamientos-medicoesteticos-otono\/#webpage","url":"https:\/\/grupnexus.com\/es\/tratamientos-medicoesteticos-otono\/","name":"Eliminaci\u00f3n de tatuajes y otros tratamientos medicoest\u00e9ticos post verano","isPartOf":{"@id":"https:\/\/grupnexus.com\/es\/#website"},"primaryImageOfPage":{"@id":"https:\/\/grupnexus.com\/es\/tratamientos-medicoesteticos-otono\/#primaryimage"},"datePublished":"2018-09-18T08:38:42+00:00","dateModified":"2018-09-20T09:31:54+00:00","author":{"@id":"https:\/\/grupnexus.com\/es\/#\/schema\/person\/7d42f30e6bd203d23a2c1613b51145c3"},"breadcrumb":{"@id":"https:\/\/grupnexus.com\/es\/tratamientos-medicoesteticos-otono\/#breadcrumb"},"inLanguage":"es","potentialAction":[{"@type":"ReadAction","target":["https:\/\/grupnexus.com\/es\/tratamientos-medicoesteticos-otono\/"]}]},{"@type":"BreadcrumbList","@id":"https:\/\/grupnexus.com\/es\/tratamientos-medicoesteticos-otono\/#breadcrumb","itemListElement":[{"@type":"ListItem","position":1,"name":"Portada","item":"https:\/\/grupnexus.com\/es\/"},{"@type":"ListItem","position":2,"name":"Tratamientos medicoest\u00e9ticos post verano"}]},{"@type":"Person","@id":"https:\/\/grupnexus.com\/es\/#\/schema\/person\/7d42f30e6bd203d23a2c1613b51145c3","name":"Cl\u00ednica Nexus","image":{"@type":"ImageObject","@id":"https:\/\/grupnexus.com\/es\/#personlogo","inLanguage":"es","url":"https:\/\/secure.gravatar.com\/avatar\/f1f98ef0d641a3a6af0accea5a5971ef?s=96&d=mm&r=g","contentUrl":"https:\/\/secure.gravatar.com\/avatar\/f1f98ef0d641a3a6af0accea5a5971ef?s=96&d=mm&r=g","caption":"Cl\u00ednica Nexus"}}]}},"_links":{"self":[{"href":"https:\/\/grupnexus.com\/es\/wp-json\/wp\/v2\/posts\/13221"}],"collection":[{"href":"https:\/\/grupnexus.com\/es\/wp-json\/wp\/v2\/posts"}],"about":[{"href":"https:\/\/grupnexus.com\/es\/wp-json\/wp\/v2\/types\/post"}],"author":[{"embeddable":true,"href":"https:\/\/grupnexus.com\/es\/wp-json\/wp\/v2\/users\/6"}],"replies":[{"embeddable":true,"href":"https:\/\/grupnexus.com\/es\/wp-json\/wp\/v2\/comments?post=13221"}],"version-history":[{"count":5,"href":"https:\/\/grupnexus.com\/es\/wp-json\/wp\/v2\/posts\/13221\/revisions"}],"predecessor-version":[{"id":17549,"href":"https:\/\/grupnexus.com\/es\/wp-json\/wp\/v2\/posts\/13221\/revisions\/17549"}],"wp:featuredmedia":[{"embeddable":true,"href":"https:\/\/grupnexus.com\/es\/wp-json\/wp\/v2\/media\/13228"}],"wp:attachment":[{"href":"https:\/\/grupnexus.com\/es\/wp-json\/wp\/v2\/media?parent=13221"}],"wp:term":[{"taxonomy":"category","embeddable":true,"href":"https:\/\/grupnexus.com\/es\/wp-json\/wp\/v2\/categories?post=13221"},{"taxonomy":"post_tag","embeddable":true,"href":"https:\/\/grupnexus.com\/es\/wp-json\/wp\/v2\/tags?post=13221"}],"curies":[{"name":"wp","href":"https:\/\/api.w.org\/{rel}","templated":true}]}}