{"id":14370,"date":"2017-11-29T15:12:08","date_gmt":"2017-11-29T13:12:08","guid":{"rendered":"http:\/\/www.grupnexus.com\/la-medicina-estetica-al-servei-la-salut-i-benestar-ara-lleida\/"},"modified":"2018-02-12T14:36:54","modified_gmt":"2018-02-12T12:36:54","slug":"la-medicina-estetica-al-servicio-de-la-salud-y-el-bienestar-ara-lleida","status":"publish","type":"post","link":"https:\/\/grupnexus.com\/es\/la-medicina-estetica-al-servicio-de-la-salud-y-el-bienestar-ara-lleida\/","title":{"rendered":"Peri\u00f3dico \u00abAra\u00bb: La medicina est\u00e9tica al servicio de la salud y el bienestar"},"content":{"rendered":"<p>&nbsp;<\/p>\n<p><strong>\u00a0<\/strong><strong>\u201c\u00bfEn qu\u00e9 puedo ayudarte?\u201d,<\/strong><\/p>\n<p>pregunta Montse Monjo a sus pacientes al inicio de cada consulta. Se trata de una cuesti\u00f3n muy abierta pero lo suficientemente concisa para captar cu\u00e1nto tiempo hace que nadie intenta ayudar a la persona que se sienta en el otro lado de la mesa. Una cuesti\u00f3n m\u00e1s bien amistosa, alejada de la relaci\u00f3n habitual entre profesional y paciente. En definitiva, una cuesti\u00f3n diametralmente opuesta a aquella que populariz\u00f3 la serie Nip \/ Tuck en mantillas del nuevo milenio: \u201c\u00bfQu\u00e9 es lo que no le gusta de su cuerpo \u201c?\u201d, preguntaron los doctores Troy y McNamara a sus clientes durante las seis temporadas emitidas en TV3? En este caso, la frivolidad de la cirug\u00eda pl\u00e1stica emerg\u00eda en todo su esplendor mediante unos personajes adictos al bistur\u00ed. <strong>Por suerte, la realidad no siempre supera la ficci\u00f3n, sino que a veces la mejora<\/strong>.<\/p>\n<p>\u201cEl espejo te dice c\u00f3mo est\u00e1s, no como realmente eres. Es decir,\u00a0<strong>si te sientes lleno por dentro, por fuera\u00a0te sentir\u00e1s la persona m\u00e1s guapa\u00a0del mundo \u201c,\u00a0<\/strong>nos confiesa\u00a0Montse, alej\u00e1ndose de la frivolidad con que la televisi\u00f3n suele tratar la medicina est\u00e9tica. De hecho, la directora de Cl\u00ednica Nexus apunta que \u201cHay que comprobar que la demanda del paciente no sea fruto de una baja autoestima, ya que la \u00e9tica profesional nos impedir\u00eda practicarle ninguna intervenci\u00f3n. Ni que le hagas el pecho m\u00e1s bonito del mundo o la nariz m\u00e1s perfecta de la historia, esa persona nunca estar\u00e1 satisfecha con el resultado, porque su vac\u00edo interior no lo llenar\u00e1 ninguna cirug\u00eda pl\u00e1stica \u201c.<\/p>\n<p><strong>Nexus es un centro de est\u00e9tica integral\u00a0para la belleza y la salud que el\u00a0Dr. Samuel Pin\u00f3s fund\u00f3 en\u00a01996 con el objetivo de convertirse\u00a0en el nexo de uni\u00f3n\u00a0<\/strong>(de aqu\u00ed el nombre)\u00a0<strong>entre la medicina tradicional y la est\u00e9tica\u00a0poniendo la primera al servicio de\u00a0la segunda.<\/strong> Ubicado originalmente dentro de un centro policl\u00ednico en la calle Enric Granados de Lleida,\u00a0<strong>actualmente\u00a0Cl\u00ednica Nexus dispone de m\u00e1s de\u00a02.000 m2\u00a0<\/strong>entre las instalaciones situadas en la calle Segri\u00e0 y el Paseo de Ronda de la misma capital del Segri\u00e1.\u00a0<strong>Una red de m\u00e1s de 120 centros\u00a0colaboradores en Catalu\u00f1a\u00a0y Arag\u00f3n consolida la presencia de\u00a0Nexus al territorio.<\/strong> En cuanto al capital humano, m\u00e1s de\u00a0<strong>veinte profesionales\u00a0preparados y experimentados\u00a0<\/strong>en los campos de la Medicina Est\u00e9tica, Cirug\u00eda Est\u00e9tica, Pl\u00e1stica y Reparadora, Ozonoterapia M\u00e9dica, Diet\u00e9tica y Nutrici\u00f3n, entre otros, <strong>ponen toda su vocaci\u00f3n y pasi\u00f3n<\/strong> en cada uno los tratamientos que ofrece Nexus.<\/p>\n<p><strong> El porqu\u00e9 de las cosas <\/strong><\/p>\n<p>\u00bfPor qu\u00e9 me cae el pelo? \u00bfO por qu\u00e9 tengo la cara llena de acn\u00e9? \u00a0Son algunas de las cuestiones que las cl\u00ednicas de medicina est\u00e9tica encargan de resolver, pero no responder.\u00a0\u201cLa mayor\u00eda de los problemas est\u00e9ticos derivan de problemas de salud. Por ejemplo, un acn\u00e9 se debe trabajar desde la medicina tradicional, ya que los factores hormonales suelen ser la causa principal. Otro caso: resulta inconcebible que ante una ca\u00edda del cabello no se programe como m\u00ednimo unas anal\u00edticas para encontrar una explicaci\u00f3n. <strong>\u201cNosotros siempre buscamos la causa, pero hay pocas cl\u00ednicas que lo hagan<\/strong> \u201c, nos explica Montse, \u201c<strong>de esta manera, a parte de obtener mejores resultados, \u00e9stos permanecen.\u201d<\/strong><\/p>\n<p>&nbsp;<\/p>\n<p>Nexus apuesta claramente por la <strong>Medicina biol\u00f3gica<\/strong>: <strong>En este campo, y especialmente en la Ozonoterapia,\u00a0Nexus es un centro\u00a0l\u00edder<\/strong><em>\u00a0<\/em>\u201cNos vienen personas con hernias discales, lumbalgias, problemas cervicales, operaciones de rodilla de las que les cuesta de recuperarse, etc.<\/p>\n<p>&nbsp;<\/p>\n<p>\u201cTambi\u00e9n tocamos otros temas puramente m\u00e9dicos, como la ginecolog\u00eda \u201c.<\/p>\n<p><strong>El rejuvenecimiento vaginal <\/strong><\/p>\n<p>La ginecolog\u00eda se ha convertido en la joya de la corona de la medicina est\u00e9tica actual. Mientras que hablar de los genitales sigue siendo un tema tab\u00fa para la mayor\u00eda de los hombres, las mujeres viven su particular liberaci\u00f3n\u00a0gracias a la cirug\u00eda l\u00e1ser reparadora\u00a0aplicada al campo ginecol\u00f3gico. En este sentido, la alta demanda de rejuvenecimientos vaginales ha obligado a Cl\u00ednica Nexus a incorporar la figura de un ginec\u00f3logo en su equipo m\u00e9dico. De nuevo, Montse argumenta que se trata de una soluci\u00f3n m\u00e9dica a un problema no necesariamente est\u00e9tico: <strong>\u201cDespu\u00e9s de uno o m\u00e1s partos\u00a0naturales, la vagina se ha dilatado tanto que puede provocar incontinencia urinaria y una reducci\u00f3n considerable del placer en las relaciones sexuales. El l\u00e1ser vaginal nos permite redensificar y retensar la vagina para eliminar estos problemas<\/strong> \u201c.<\/p>\n<p>As\u00ed pues, el futuro de la medicina est\u00e9tica pasa, en parte, por la ginecolog\u00eda, pero este futuro no lo entender\u00edamos sin la evoluci\u00f3n tecnol\u00f3gica que ha tenido lugar en este campo en los \u00faltimos a\u00f1os. De hecho, <strong>Nexus dispone de la tecnolog\u00eda m\u00e1s innovadora y las t\u00e9cnicas m\u00e1s vanguardistas<\/strong> incluso antes de que se comercialicen, previamente aprobadas por las\u00a0agencias sanitarias, y es que su <strong>prestigio internacional<\/strong> ha llevado las grandes marcas a testar sus novedades en Lleida, como el l\u00e1ser de picosegundos m\u00e1s avanzado del mundo para la eliminaci\u00f3n de todo tipo de tatuajes, manchas y revitalizaci\u00f3n cut\u00e1nea, el l\u00e1ser Picosure, que obtuvo un gran \u00e9xito durante la fase de pruebas. Ahora bien,\u00a0<strong>seg\u00fan Montse, debemos encaminarnos hacia la medicina preventiva,\u00a0a actuar antes de tener\u00a0problema:\u00a0<\/strong>\u201cTrabajamos de la mano de un laboratorio para saber qu\u00e9 dice nuestro\u00a0ADN. Si hay predisposici\u00f3n gen\u00e9tica a sufrir una enfermedad podremos empezar a actuar desde el minuto cero \u201c. Sin embargo, Montse nos continuar\u00e1 preguntando en que puede ayudarnos nos, aunque ya lo sepa.<\/p>\n","protected":false},"excerpt":{"rendered":"<p>&nbsp; \u00a0\u201c\u00bfEn qu\u00e9 puedo ayudarte?\u201d, pregunta Montse Monjo a sus pacientes al inicio de cada consulta. Se trata de una cuesti\u00f3n muy abierta pero lo suficientemente concisa para captar cu\u00e1nto tiempo hace que nadie intenta ayudar a la persona que se sienta en el otro lado de la mesa. Una cuesti\u00f3n m\u00e1s bien amistosa, alejada&#8230;<\/p>\n","protected":false},"author":5,"featured_media":14349,"comment_status":"closed","ping_status":"closed","sticky":false,"template":"","format":"standard","meta":[],"categories":[2,460,473,461],"tags":[],"yoast_head":"<!-- This site is optimized with the Yoast SEO plugin v18.6 - https:\/\/yoast.com\/wordpress\/plugins\/seo\/ -->\n<title>Peri\u00f3dico &quot;Ara&quot;: La medicina est\u00e9tica al servicio de la salud y el bienestar<\/title>\n<meta name=\"robots\" content=\"index, follow, max-snippet:-1, max-image-preview:large, max-video-preview:-1\" \/>\n<link rel=\"canonical\" href=\"https:\/\/grupnexus.com\/es\/la-medicina-estetica-al-servicio-de-la-salud-y-el-bienestar-ara-lleida\/\" \/>\n<meta property=\"og:locale\" content=\"es_ES\" \/>\n<meta property=\"og:type\" content=\"article\" \/>\n<meta property=\"og:title\" content=\"Peri\u00f3dico &quot;Ara&quot;: La medicina est\u00e9tica al servicio de la salud y el bienestar\" \/>\n<meta property=\"og:description\" content=\"&nbsp; \u00a0\u201c\u00bfEn qu\u00e9 puedo ayudarte?\u201d, pregunta Montse Monjo a sus pacientes al inicio de cada consulta. Se trata de una cuesti\u00f3n muy abierta pero lo suficientemente concisa para captar cu\u00e1nto tiempo hace que nadie intenta ayudar a la persona que se sienta en el otro lado de la mesa. Una cuesti\u00f3n m\u00e1s bien amistosa, alejada...\" \/>\n<meta property=\"og:url\" content=\"https:\/\/grupnexus.com\/es\/la-medicina-estetica-al-servicio-de-la-salud-y-el-bienestar-ara-lleida\/\" \/>\n<meta property=\"og:site_name\" content=\"Cl\u00ednica Nexus\" \/>\n<meta property=\"article:published_time\" content=\"2017-11-29T13:12:08+00:00\" \/>\n<meta property=\"article:modified_time\" content=\"2018-02-12T12:36:54+00:00\" \/>\n<meta property=\"og:image\" content=\"https:\/\/i0.wp.com\/grupnexus.com\/wp-content\/uploads\/2018\/01\/P\u00e0g-11-Ara-Lleida-Nov.jpg?fit=742%2C998&#038;ssl=1\" \/>\n\t<meta property=\"og:image:width\" content=\"742\" \/>\n\t<meta property=\"og:image:height\" content=\"998\" \/>\n\t<meta property=\"og:image:type\" content=\"image\/jpeg\" \/>\n<meta name=\"twitter:card\" content=\"summary\" \/>\n<meta name=\"twitter:label1\" content=\"Escrito por\" \/>\n\t<meta name=\"twitter:data1\" content=\"Nexus\" \/>\n\t<meta name=\"twitter:label2\" content=\"Tiempo de lectura\" \/>\n\t<meta name=\"twitter:data2\" content=\"5 minutos\" \/>\n<script type=\"application\/ld+json\" class=\"yoast-schema-graph\">{\"@context\":\"https:\/\/schema.org\",\"@graph\":[{\"@type\":\"WebSite\",\"@id\":\"https:\/\/grupnexus.com\/es\/#website\",\"url\":\"https:\/\/grupnexus.com\/es\/\",\"name\":\"Cl\u00ednica Nexus\",\"description\":\"L\u00edders en Medicina Est\u00e8tica Avan\u00e7ada\",\"potentialAction\":[{\"@type\":\"SearchAction\",\"target\":{\"@type\":\"EntryPoint\",\"urlTemplate\":\"https:\/\/grupnexus.com\/es\/?s={search_term_string}\"},\"query-input\":\"required name=search_term_string\"}],\"inLanguage\":\"es\"},{\"@type\":\"ImageObject\",\"@id\":\"https:\/\/grupnexus.com\/es\/la-medicina-estetica-al-servicio-de-la-salud-y-el-bienestar-ara-lleida\/#primaryimage\",\"inLanguage\":\"es\",\"url\":\"https:\/\/grupnexus.com\/wp-content\/uploads\/2018\/01\/P\u00e0g-11-Ara-Lleida-Nov.jpg\",\"contentUrl\":\"https:\/\/grupnexus.com\/wp-content\/uploads\/2018\/01\/P\u00e0g-11-Ara-Lleida-Nov.jpg\",\"width\":742,\"height\":998},{\"@type\":\"WebPage\",\"@id\":\"https:\/\/grupnexus.com\/es\/la-medicina-estetica-al-servicio-de-la-salud-y-el-bienestar-ara-lleida\/#webpage\",\"url\":\"https:\/\/grupnexus.com\/es\/la-medicina-estetica-al-servicio-de-la-salud-y-el-bienestar-ara-lleida\/\",\"name\":\"Peri\u00f3dico \\\"Ara\\\": La medicina est\u00e9tica al servicio de la salud y el bienestar\",\"isPartOf\":{\"@id\":\"https:\/\/grupnexus.com\/es\/#website\"},\"primaryImageOfPage\":{\"@id\":\"https:\/\/grupnexus.com\/es\/la-medicina-estetica-al-servicio-de-la-salud-y-el-bienestar-ara-lleida\/#primaryimage\"},\"datePublished\":\"2017-11-29T13:12:08+00:00\",\"dateModified\":\"2018-02-12T12:36:54+00:00\",\"author\":{\"@id\":\"https:\/\/grupnexus.com\/es\/#\/schema\/person\/e766a805d9eadac3ecbb8c0d3dcd3355\"},\"breadcrumb\":{\"@id\":\"https:\/\/grupnexus.com\/es\/la-medicina-estetica-al-servicio-de-la-salud-y-el-bienestar-ara-lleida\/#breadcrumb\"},\"inLanguage\":\"es\",\"potentialAction\":[{\"@type\":\"ReadAction\",\"target\":[\"https:\/\/grupnexus.com\/es\/la-medicina-estetica-al-servicio-de-la-salud-y-el-bienestar-ara-lleida\/\"]}]},{\"@type\":\"BreadcrumbList\",\"@id\":\"https:\/\/grupnexus.com\/es\/la-medicina-estetica-al-servicio-de-la-salud-y-el-bienestar-ara-lleida\/#breadcrumb\",\"itemListElement\":[{\"@type\":\"ListItem\",\"position\":1,\"name\":\"Portada\",\"item\":\"https:\/\/grupnexus.com\/es\/\"},{\"@type\":\"ListItem\",\"position\":2,\"name\":\"Peri\u00f3dico &#8220;Ara&#8221;: La medicina est\u00e9tica al servicio de la salud y el bienestar\"}]},{\"@type\":\"Person\",\"@id\":\"https:\/\/grupnexus.com\/es\/#\/schema\/person\/e766a805d9eadac3ecbb8c0d3dcd3355\",\"name\":\"Nexus\",\"image\":{\"@type\":\"ImageObject\",\"@id\":\"https:\/\/grupnexus.com\/es\/#personlogo\",\"inLanguage\":\"es\",\"url\":\"https:\/\/secure.gravatar.com\/avatar\/8d9fa4540dd1ce6a7ed07044eb5f16c9?s=96&d=mm&r=g\",\"contentUrl\":\"https:\/\/secure.gravatar.com\/avatar\/8d9fa4540dd1ce6a7ed07044eb5f16c9?s=96&d=mm&r=g\",\"caption\":\"Nexus\"}}]}<\/script>\n<!-- \/ Yoast SEO plugin. -->","yoast_head_json":{"title":"Peri\u00f3dico \"Ara\": La medicina est\u00e9tica al servicio de la salud y el bienestar","robots":{"index":"index","follow":"follow","max-snippet":"max-snippet:-1","max-image-preview":"max-image-preview:large","max-video-preview":"max-video-preview:-1"},"canonical":"https:\/\/grupnexus.com\/es\/la-medicina-estetica-al-servicio-de-la-salud-y-el-bienestar-ara-lleida\/","og_locale":"es_ES","og_type":"article","og_title":"Peri\u00f3dico \"Ara\": La medicina est\u00e9tica al servicio de la salud y el bienestar","og_description":"&nbsp; \u00a0\u201c\u00bfEn qu\u00e9 puedo ayudarte?\u201d, pregunta Montse Monjo a sus pacientes al inicio de cada consulta. Se trata de una cuesti\u00f3n muy abierta pero lo suficientemente concisa para captar cu\u00e1nto tiempo hace que nadie intenta ayudar a la persona que se sienta en el otro lado de la mesa. Una cuesti\u00f3n m\u00e1s bien amistosa, alejada...","og_url":"https:\/\/grupnexus.com\/es\/la-medicina-estetica-al-servicio-de-la-salud-y-el-bienestar-ara-lleida\/","og_site_name":"Cl\u00ednica Nexus","article_published_time":"2017-11-29T13:12:08+00:00","article_modified_time":"2018-02-12T12:36:54+00:00","og_image":[{"width":742,"height":998,"url":"https:\/\/i0.wp.com\/grupnexus.com\/wp-content\/uploads\/2018\/01\/P\u00e0g-11-Ara-Lleida-Nov.jpg?fit=742%2C998&ssl=1","type":"image\/jpeg"}],"twitter_card":"summary","twitter_misc":{"Escrito por":"Nexus","Tiempo de lectura":"5 minutos"},"schema":{"@context":"https:\/\/schema.org","@graph":[{"@type":"WebSite","@id":"https:\/\/grupnexus.com\/es\/#website","url":"https:\/\/grupnexus.com\/es\/","name":"Cl\u00ednica Nexus","description":"L\u00edders en Medicina Est\u00e8tica Avan\u00e7ada","potentialAction":[{"@type":"SearchAction","target":{"@type":"EntryPoint","urlTemplate":"https:\/\/grupnexus.com\/es\/?s={search_term_string}"},"query-input":"required name=search_term_string"}],"inLanguage":"es"},{"@type":"ImageObject","@id":"https:\/\/grupnexus.com\/es\/la-medicina-estetica-al-servicio-de-la-salud-y-el-bienestar-ara-lleida\/#primaryimage","inLanguage":"es","url":"https:\/\/grupnexus.com\/wp-content\/uploads\/2018\/01\/P\u00e0g-11-Ara-Lleida-Nov.jpg","contentUrl":"https:\/\/grupnexus.com\/wp-content\/uploads\/2018\/01\/P\u00e0g-11-Ara-Lleida-Nov.jpg","width":742,"height":998},{"@type":"WebPage","@id":"https:\/\/grupnexus.com\/es\/la-medicina-estetica-al-servicio-de-la-salud-y-el-bienestar-ara-lleida\/#webpage","url":"https:\/\/grupnexus.com\/es\/la-medicina-estetica-al-servicio-de-la-salud-y-el-bienestar-ara-lleida\/","name":"Peri\u00f3dico \"Ara\": La medicina est\u00e9tica al servicio de la salud y el bienestar","isPartOf":{"@id":"https:\/\/grupnexus.com\/es\/#website"},"primaryImageOfPage":{"@id":"https:\/\/grupnexus.com\/es\/la-medicina-estetica-al-servicio-de-la-salud-y-el-bienestar-ara-lleida\/#primaryimage"},"datePublished":"2017-11-29T13:12:08+00:00","dateModified":"2018-02-12T12:36:54+00:00","author":{"@id":"https:\/\/grupnexus.com\/es\/#\/schema\/person\/e766a805d9eadac3ecbb8c0d3dcd3355"},"breadcrumb":{"@id":"https:\/\/grupnexus.com\/es\/la-medicina-estetica-al-servicio-de-la-salud-y-el-bienestar-ara-lleida\/#breadcrumb"},"inLanguage":"es","potentialAction":[{"@type":"ReadAction","target":["https:\/\/grupnexus.com\/es\/la-medicina-estetica-al-servicio-de-la-salud-y-el-bienestar-ara-lleida\/"]}]},{"@type":"BreadcrumbList","@id":"https:\/\/grupnexus.com\/es\/la-medicina-estetica-al-servicio-de-la-salud-y-el-bienestar-ara-lleida\/#breadcrumb","itemListElement":[{"@type":"ListItem","position":1,"name":"Portada","item":"https:\/\/grupnexus.com\/es\/"},{"@type":"ListItem","position":2,"name":"Peri\u00f3dico &#8220;Ara&#8221;: La medicina est\u00e9tica al servicio de la salud y el bienestar"}]},{"@type":"Person","@id":"https:\/\/grupnexus.com\/es\/#\/schema\/person\/e766a805d9eadac3ecbb8c0d3dcd3355","name":"Nexus","image":{"@type":"ImageObject","@id":"https:\/\/grupnexus.com\/es\/#personlogo","inLanguage":"es","url":"https:\/\/secure.gravatar.com\/avatar\/8d9fa4540dd1ce6a7ed07044eb5f16c9?s=96&d=mm&r=g","contentUrl":"https:\/\/secure.gravatar.com\/avatar\/8d9fa4540dd1ce6a7ed07044eb5f16c9?s=96&d=mm&r=g","caption":"Nexus"}}]}},"_links":{"self":[{"href":"https:\/\/grupnexus.com\/es\/wp-json\/wp\/v2\/posts\/14370"}],"collection":[{"href":"https:\/\/grupnexus.com\/es\/wp-json\/wp\/v2\/posts"}],"about":[{"href":"https:\/\/grupnexus.com\/es\/wp-json\/wp\/v2\/types\/post"}],"author":[{"embeddable":true,"href":"https:\/\/grupnexus.com\/es\/wp-json\/wp\/v2\/users\/5"}],"replies":[{"embeddable":true,"href":"https:\/\/grupnexus.com\/es\/wp-json\/wp\/v2\/comments?post=14370"}],"version-history":[{"count":13,"href":"https:\/\/grupnexus.com\/es\/wp-json\/wp\/v2\/posts\/14370\/revisions"}],"predecessor-version":[{"id":14794,"href":"https:\/\/grupnexus.com\/es\/wp-json\/wp\/v2\/posts\/14370\/revisions\/14794"}],"wp:featuredmedia":[{"embeddable":true,"href":"https:\/\/grupnexus.com\/es\/wp-json\/wp\/v2\/media\/14349"}],"wp:attachment":[{"href":"https:\/\/grupnexus.com\/es\/wp-json\/wp\/v2\/media?parent=14370"}],"wp:term":[{"taxonomy":"category","embeddable":true,"href":"https:\/\/grupnexus.com\/es\/wp-json\/wp\/v2\/categories?post=14370"},{"taxonomy":"post_tag","embeddable":true,"href":"https:\/\/grupnexus.com\/es\/wp-json\/wp\/v2\/tags?post=14370"}],"curies":[{"name":"wp","href":"https:\/\/api.w.org\/{rel}","templated":true}]}}