{"id":1441,"date":"2015-02-16T11:06:56","date_gmt":"2015-02-16T10:06:56","guid":{"rendered":"http:\/\/www.grupnexus.com\/tecniques-per-restaurar-volums-elevar-teixits-eliminar-arruges-2\/"},"modified":"2022-06-20T10:37:49","modified_gmt":"2022-06-20T08:37:49","slug":"tecnicas-para-restaurar-volumenes-elevar-tejidos-y-elmininar-arrugas","status":"publish","type":"post","link":"https:\/\/grupnexus.com\/es\/tecnicas-para-restaurar-volumenes-elevar-tejidos-y-elmininar-arrugas\/","title":{"rendered":"T\u00c9CNICAS PARA RESTAURAR VOL\u00daMENES, ELEVAR TEJIDOS Y ELMININAR ARRUGAS"},"content":{"rendered":"<p>&nbsp;<\/p>\n<h3>no dejes de sonre\u00edr!!<\/h3>\n<p>T\u00e9cnicas para restaurar vol\u00famenes, elevar tejidos, eliminar arrugas, hidratando y mejorando la calidad y la textura de la piel:<\/p>\n<p><strong>IMPLANTES<\/strong><br \/>\nInyecci\u00f3n de biomateriales para llenar y eliminar arrugas o crear vol\u00famenes.<\/p>\n<p><strong>PROTE\u00cdNA NATURAL PURIFICADA<\/strong><br \/>\nTratamiento de referencia para las arrugas de expresi\u00f3n que proporciona un efecto tensor incomparable y una gran luminosidad.<\/p>\n<p><strong>REMODELACI\u00d3N LABIAL<\/strong><br \/>\nRedefinir el contorno labial y mejorar la forma y el volumen mediante la inyecci\u00f3n de implantes biocompatibles.<\/p>\n<p><strong>BIOMESOTERAPIA<\/strong><br \/>\nInyecci\u00f3n d\u00e9rmica de vitaminas, amino\u00e1cidos y minerales para mejorar la calidad y la textura de la piel.<\/p>\n<p><strong>BIOREVITALIZACI\u00d3N CUT\u00c1NEA<\/strong><br \/>\nMesoterapia ampliada en que se lleva a cabo, adem\u00e1s, la microinyecci\u00f3n de precursores de la matriz d\u00e9rmica para mejorar la turgencia y la elasticidad.<\/p>\n<p><strong>PLASMA RICO EN FACTORES DE CRECIMIENTO<\/strong><br \/>\nInyecci\u00f3n de los propios factores de crecimiento epid\u00e9rmico provenientes de las plaquetas que comportan un efecto revitalizador y rejuvenizador incomparable.<\/p>\n<p><strong>P\u00cdLINGS M\u00c9DICOS<\/strong><br \/>\nRenovaci\u00f3n de las capas de la piel mediante la aplicaci\u00f3n de sustancias qu\u00edmicas externas. P\u00edlings espec\u00edficos para contornos de ojos, zonas perioral y facial, cuello, escote y manso.<\/p>\n<p><strong>RADIOFRECUENCIA M\u00c9DICA<\/strong><br \/>\nTecnolog\u00eda para tratar la flacidez cut\u00e1nea de cara, cuello, escote y zonas corporales.<\/p>\n<p><strong>FOTOREJUVENICIMIENTO<\/strong><br \/>\nUna fuente de luz que frena y combate el envejecimiento de la piel y permite mejorar gradualmente la tonalidad y la textura, a la vez que elimina las manchas, enrojecimientos, poros dilatados y arrugas finas.<\/p>\n<p><strong>L\u00c1SER M\u00c9DICO<\/strong><br \/>\nPara eliminar lesiones pigmentadas, vasculares, cicatrices y renovar las capas de la piel.<\/p>\n<p><strong>MESOPLASTIA FACIAL<\/strong><br \/>\nInyecci\u00f3n de un c\u00f3ctel de sustancias bioestimuladores, oligoelementos, vitaminas y antioxidantes, junto con \u00e1cido hialur\u00f3nico de varios grados de reticulaci\u00f3n seg\u00fan los vol\u00famenes a corregir, Prote\u00edna Natural Purificada para las arrugas din\u00e1micas y otras sustancias espec\u00edficas para el tratamiento del delcolgamineto del tejido cut\u00e1neo.<\/p>\n<p><strong>L\u00cdFTING L\u00cdQUIDO<\/strong><br \/>\nEs una mesoplastia ampliada con la cual se tratan, de manera personalizada, los tres tercios faciales en funci\u00f3n de las necesidades del paciente y, adem\u00e1s, tambi\u00e9n las \u00e1reas *malar (p\u00f3mulos) y mandibular, restaur\u00e1ndolas, redefini\u00e9ndolas y redibuj\u00e1ndolas.<\/p>\n<p><strong>HILOS TENSORES<\/strong><br \/>\nNueva t\u00e9cnica m\u00e9dica, no quir\u00fargica, basada en la implantaci\u00f3n de hilos bioreabsorvibles a la dermis que mejora significativamente la flacidez\u00a0desde el interior (efecto l\u00edfting), a la vez que estimula paralelamente la inducci\u00f3n de col\u00e1geno d\u00e9rmico (efecto contra el envejecimiento).<\/p>\n<p>Todo un gran abanico de posibilidades que adaptamos dependiendo de las necesidades y el objetivo de cada paciente.<\/p>\n<p>Dr. Samuel Pin\u00f3s y Piedra<br \/>\n(colegiado n\u00ba L-2825)<br \/>\nM\u00e1ster universitario en Medicina Est\u00e9tica.<br \/>\nEspecialista universitario en Medicina Est\u00e9tica.<br \/>\nM\u00e1ster en Medicina Est\u00e9tica por la Escuela Espa\u00f1ola de Medicina Est\u00e9tica.<br \/>\nM\u00e1ster en Lipoescultura.<br \/>\nMiembro numerario de la Sociedad Espa\u00f1ola y Francesa de Medicina Est\u00e9tica.<br \/>\nMiembro numerario de la Sociedad Espa\u00f1ola de L\u00e1ser Medicoquir\u00fargico.<br \/>\nDirector de la Plataforma L\u00e1ser de Nexus Biom\u00e9dico.<br \/>\nDirector m\u00e9dico de las cl\u00ednicas Nexus.<\/p>\n<p>DESCUENTOS ESPECIALES<br \/>\n19.\u00ba ANIVERSARIO<\/p>\n<p>&nbsp;<\/p>\n","protected":false},"excerpt":{"rendered":"<p>&nbsp; no dejes de sonre\u00edr!! T\u00e9cnicas para restaurar vol\u00famenes, elevar tejidos, eliminar arrugas, hidratando y mejorando la calidad y la textura de la piel: IMPLANTES Inyecci\u00f3n de biomateriales para llenar y eliminar arrugas o crear vol\u00famenes. PROTE\u00cdNA NATURAL PURIFICADA Tratamiento de referencia para las arrugas de expresi\u00f3n que proporciona un efecto tensor incomparable y una&#8230;<\/p>\n","protected":false},"author":5,"featured_media":1289,"comment_status":"closed","ping_status":"closed","sticky":false,"template":"","format":"standard","meta":[],"categories":[7],"tags":[],"yoast_head":"<!-- This site is optimized with the Yoast SEO plugin v18.6 - https:\/\/yoast.com\/wordpress\/plugins\/seo\/ -->\n<title>T\u00c9CNICAS PARA RESTAURAR VOL\u00daMENES, ELEVAR TEJIDOS Y ELMININAR ARRUGAS<\/title>\n<meta name=\"robots\" content=\"index, follow, max-snippet:-1, max-image-preview:large, max-video-preview:-1\" \/>\n<link rel=\"canonical\" href=\"https:\/\/grupnexus.com\/es\/tecnicas-para-restaurar-volumenes-elevar-tejidos-y-elmininar-arrugas\/\" \/>\n<meta property=\"og:locale\" content=\"es_ES\" \/>\n<meta property=\"og:type\" content=\"article\" \/>\n<meta property=\"og:title\" content=\"T\u00c9CNICAS PARA RESTAURAR VOL\u00daMENES, ELEVAR TEJIDOS Y ELMININAR ARRUGAS\" \/>\n<meta property=\"og:description\" content=\"&nbsp; no dejes de sonre\u00edr!! T\u00e9cnicas para restaurar vol\u00famenes, elevar tejidos, eliminar arrugas, hidratando y mejorando la calidad y la textura de la piel: IMPLANTES Inyecci\u00f3n de biomateriales para llenar y eliminar arrugas o crear vol\u00famenes. PROTE\u00cdNA NATURAL PURIFICADA Tratamiento de referencia para las arrugas de expresi\u00f3n que proporciona un efecto tensor incomparable y una...\" \/>\n<meta property=\"og:url\" content=\"https:\/\/grupnexus.com\/es\/tecnicas-para-restaurar-volumenes-elevar-tejidos-y-elmininar-arrugas\/\" \/>\n<meta property=\"og:site_name\" content=\"Cl\u00ednica Nexus\" \/>\n<meta property=\"article:published_time\" content=\"2015-02-16T10:06:56+00:00\" \/>\n<meta property=\"article:modified_time\" content=\"2022-06-20T08:37:49+00:00\" \/>\n<meta property=\"og:image\" content=\"https:\/\/grupnexus.com\/wp-content\/uploads\/Dental-amb-logos.jpg\" \/>\n\t<meta property=\"og:image:width\" content=\"1080\" \/>\n\t<meta property=\"og:image:height\" content=\"766\" \/>\n\t<meta property=\"og:image:type\" content=\"image\/jpeg\" \/>\n<meta name=\"twitter:card\" content=\"summary\" \/>\n<meta name=\"twitter:label1\" content=\"Escrito por\" \/>\n\t<meta name=\"twitter:data1\" content=\"Nexus\" \/>\n\t<meta name=\"twitter:label2\" content=\"Tiempo de lectura\" \/>\n\t<meta name=\"twitter:data2\" content=\"3 minutos\" \/>\n<script type=\"application\/ld+json\" class=\"yoast-schema-graph\">{\"@context\":\"https:\/\/schema.org\",\"@graph\":[{\"@type\":\"WebSite\",\"@id\":\"https:\/\/grupnexus.com\/es\/#website\",\"url\":\"https:\/\/grupnexus.com\/es\/\",\"name\":\"Cl\u00ednica Nexus\",\"description\":\"L\u00edders en Medicina Est\u00e8tica Avan\u00e7ada\",\"potentialAction\":[{\"@type\":\"SearchAction\",\"target\":{\"@type\":\"EntryPoint\",\"urlTemplate\":\"https:\/\/grupnexus.com\/es\/?s={search_term_string}\"},\"query-input\":\"required name=search_term_string\"}],\"inLanguage\":\"es\"},{\"@type\":\"ImageObject\",\"@id\":\"https:\/\/grupnexus.com\/es\/tecnicas-para-restaurar-volumenes-elevar-tejidos-y-elmininar-arrugas\/#primaryimage\",\"inLanguage\":\"es\",\"url\":\"https:\/\/grupnexus.com\/wp-content\/uploads\/Dental-amb-logos.jpg\",\"contentUrl\":\"https:\/\/grupnexus.com\/wp-content\/uploads\/Dental-amb-logos.jpg\",\"width\":1080,\"height\":766},{\"@type\":\"WebPage\",\"@id\":\"https:\/\/grupnexus.com\/es\/tecnicas-para-restaurar-volumenes-elevar-tejidos-y-elmininar-arrugas\/#webpage\",\"url\":\"https:\/\/grupnexus.com\/es\/tecnicas-para-restaurar-volumenes-elevar-tejidos-y-elmininar-arrugas\/\",\"name\":\"T\u00c9CNICAS PARA RESTAURAR VOL\u00daMENES, ELEVAR TEJIDOS Y ELMININAR ARRUGAS\",\"isPartOf\":{\"@id\":\"https:\/\/grupnexus.com\/es\/#website\"},\"primaryImageOfPage\":{\"@id\":\"https:\/\/grupnexus.com\/es\/tecnicas-para-restaurar-volumenes-elevar-tejidos-y-elmininar-arrugas\/#primaryimage\"},\"datePublished\":\"2015-02-16T10:06:56+00:00\",\"dateModified\":\"2022-06-20T08:37:49+00:00\",\"author\":{\"@id\":\"https:\/\/grupnexus.com\/es\/#\/schema\/person\/e766a805d9eadac3ecbb8c0d3dcd3355\"},\"breadcrumb\":{\"@id\":\"https:\/\/grupnexus.com\/es\/tecnicas-para-restaurar-volumenes-elevar-tejidos-y-elmininar-arrugas\/#breadcrumb\"},\"inLanguage\":\"es\",\"potentialAction\":[{\"@type\":\"ReadAction\",\"target\":[\"https:\/\/grupnexus.com\/es\/tecnicas-para-restaurar-volumenes-elevar-tejidos-y-elmininar-arrugas\/\"]}]},{\"@type\":\"BreadcrumbList\",\"@id\":\"https:\/\/grupnexus.com\/es\/tecnicas-para-restaurar-volumenes-elevar-tejidos-y-elmininar-arrugas\/#breadcrumb\",\"itemListElement\":[{\"@type\":\"ListItem\",\"position\":1,\"name\":\"Portada\",\"item\":\"https:\/\/grupnexus.com\/es\/\"},{\"@type\":\"ListItem\",\"position\":2,\"name\":\"T\u00c9CNICAS PARA RESTAURAR VOL\u00daMENES, ELEVAR TEJIDOS Y ELMININAR ARRUGAS\"}]},{\"@type\":\"Person\",\"@id\":\"https:\/\/grupnexus.com\/es\/#\/schema\/person\/e766a805d9eadac3ecbb8c0d3dcd3355\",\"name\":\"Nexus\",\"image\":{\"@type\":\"ImageObject\",\"@id\":\"https:\/\/grupnexus.com\/es\/#personlogo\",\"inLanguage\":\"es\",\"url\":\"https:\/\/secure.gravatar.com\/avatar\/8d9fa4540dd1ce6a7ed07044eb5f16c9?s=96&d=mm&r=g\",\"contentUrl\":\"https:\/\/secure.gravatar.com\/avatar\/8d9fa4540dd1ce6a7ed07044eb5f16c9?s=96&d=mm&r=g\",\"caption\":\"Nexus\"}}]}<\/script>\n<!-- \/ Yoast SEO plugin. -->","yoast_head_json":{"title":"T\u00c9CNICAS PARA RESTAURAR VOL\u00daMENES, ELEVAR TEJIDOS Y ELMININAR ARRUGAS","robots":{"index":"index","follow":"follow","max-snippet":"max-snippet:-1","max-image-preview":"max-image-preview:large","max-video-preview":"max-video-preview:-1"},"canonical":"https:\/\/grupnexus.com\/es\/tecnicas-para-restaurar-volumenes-elevar-tejidos-y-elmininar-arrugas\/","og_locale":"es_ES","og_type":"article","og_title":"T\u00c9CNICAS PARA RESTAURAR VOL\u00daMENES, ELEVAR TEJIDOS Y ELMININAR ARRUGAS","og_description":"&nbsp; no dejes de sonre\u00edr!! T\u00e9cnicas para restaurar vol\u00famenes, elevar tejidos, eliminar arrugas, hidratando y mejorando la calidad y la textura de la piel: IMPLANTES Inyecci\u00f3n de biomateriales para llenar y eliminar arrugas o crear vol\u00famenes. PROTE\u00cdNA NATURAL PURIFICADA Tratamiento de referencia para las arrugas de expresi\u00f3n que proporciona un efecto tensor incomparable y una...","og_url":"https:\/\/grupnexus.com\/es\/tecnicas-para-restaurar-volumenes-elevar-tejidos-y-elmininar-arrugas\/","og_site_name":"Cl\u00ednica Nexus","article_published_time":"2015-02-16T10:06:56+00:00","article_modified_time":"2022-06-20T08:37:49+00:00","og_image":[{"width":1080,"height":766,"url":"https:\/\/grupnexus.com\/wp-content\/uploads\/Dental-amb-logos.jpg","type":"image\/jpeg"}],"twitter_card":"summary","twitter_misc":{"Escrito por":"Nexus","Tiempo de lectura":"3 minutos"},"schema":{"@context":"https:\/\/schema.org","@graph":[{"@type":"WebSite","@id":"https:\/\/grupnexus.com\/es\/#website","url":"https:\/\/grupnexus.com\/es\/","name":"Cl\u00ednica Nexus","description":"L\u00edders en Medicina Est\u00e8tica Avan\u00e7ada","potentialAction":[{"@type":"SearchAction","target":{"@type":"EntryPoint","urlTemplate":"https:\/\/grupnexus.com\/es\/?s={search_term_string}"},"query-input":"required name=search_term_string"}],"inLanguage":"es"},{"@type":"ImageObject","@id":"https:\/\/grupnexus.com\/es\/tecnicas-para-restaurar-volumenes-elevar-tejidos-y-elmininar-arrugas\/#primaryimage","inLanguage":"es","url":"https:\/\/grupnexus.com\/wp-content\/uploads\/Dental-amb-logos.jpg","contentUrl":"https:\/\/grupnexus.com\/wp-content\/uploads\/Dental-amb-logos.jpg","width":1080,"height":766},{"@type":"WebPage","@id":"https:\/\/grupnexus.com\/es\/tecnicas-para-restaurar-volumenes-elevar-tejidos-y-elmininar-arrugas\/#webpage","url":"https:\/\/grupnexus.com\/es\/tecnicas-para-restaurar-volumenes-elevar-tejidos-y-elmininar-arrugas\/","name":"T\u00c9CNICAS PARA RESTAURAR VOL\u00daMENES, ELEVAR TEJIDOS Y ELMININAR ARRUGAS","isPartOf":{"@id":"https:\/\/grupnexus.com\/es\/#website"},"primaryImageOfPage":{"@id":"https:\/\/grupnexus.com\/es\/tecnicas-para-restaurar-volumenes-elevar-tejidos-y-elmininar-arrugas\/#primaryimage"},"datePublished":"2015-02-16T10:06:56+00:00","dateModified":"2022-06-20T08:37:49+00:00","author":{"@id":"https:\/\/grupnexus.com\/es\/#\/schema\/person\/e766a805d9eadac3ecbb8c0d3dcd3355"},"breadcrumb":{"@id":"https:\/\/grupnexus.com\/es\/tecnicas-para-restaurar-volumenes-elevar-tejidos-y-elmininar-arrugas\/#breadcrumb"},"inLanguage":"es","potentialAction":[{"@type":"ReadAction","target":["https:\/\/grupnexus.com\/es\/tecnicas-para-restaurar-volumenes-elevar-tejidos-y-elmininar-arrugas\/"]}]},{"@type":"BreadcrumbList","@id":"https:\/\/grupnexus.com\/es\/tecnicas-para-restaurar-volumenes-elevar-tejidos-y-elmininar-arrugas\/#breadcrumb","itemListElement":[{"@type":"ListItem","position":1,"name":"Portada","item":"https:\/\/grupnexus.com\/es\/"},{"@type":"ListItem","position":2,"name":"T\u00c9CNICAS PARA RESTAURAR VOL\u00daMENES, ELEVAR TEJIDOS Y ELMININAR ARRUGAS"}]},{"@type":"Person","@id":"https:\/\/grupnexus.com\/es\/#\/schema\/person\/e766a805d9eadac3ecbb8c0d3dcd3355","name":"Nexus","image":{"@type":"ImageObject","@id":"https:\/\/grupnexus.com\/es\/#personlogo","inLanguage":"es","url":"https:\/\/secure.gravatar.com\/avatar\/8d9fa4540dd1ce6a7ed07044eb5f16c9?s=96&d=mm&r=g","contentUrl":"https:\/\/secure.gravatar.com\/avatar\/8d9fa4540dd1ce6a7ed07044eb5f16c9?s=96&d=mm&r=g","caption":"Nexus"}}]}},"_links":{"self":[{"href":"https:\/\/grupnexus.com\/es\/wp-json\/wp\/v2\/posts\/1441"}],"collection":[{"href":"https:\/\/grupnexus.com\/es\/wp-json\/wp\/v2\/posts"}],"about":[{"href":"https:\/\/grupnexus.com\/es\/wp-json\/wp\/v2\/types\/post"}],"author":[{"embeddable":true,"href":"https:\/\/grupnexus.com\/es\/wp-json\/wp\/v2\/users\/5"}],"replies":[{"embeddable":true,"href":"https:\/\/grupnexus.com\/es\/wp-json\/wp\/v2\/comments?post=1441"}],"version-history":[{"count":1,"href":"https:\/\/grupnexus.com\/es\/wp-json\/wp\/v2\/posts\/1441\/revisions"}],"predecessor-version":[{"id":50653,"href":"https:\/\/grupnexus.com\/es\/wp-json\/wp\/v2\/posts\/1441\/revisions\/50653"}],"wp:featuredmedia":[{"embeddable":true,"href":"https:\/\/grupnexus.com\/es\/wp-json\/wp\/v2\/media\/1289"}],"wp:attachment":[{"href":"https:\/\/grupnexus.com\/es\/wp-json\/wp\/v2\/media?parent=1441"}],"wp:term":[{"taxonomy":"category","embeddable":true,"href":"https:\/\/grupnexus.com\/es\/wp-json\/wp\/v2\/categories?post=1441"},{"taxonomy":"post_tag","embeddable":true,"href":"https:\/\/grupnexus.com\/es\/wp-json\/wp\/v2\/tags?post=1441"}],"curies":[{"name":"wp","href":"https:\/\/api.w.org\/{rel}","templated":true}]}}