{"id":14417,"date":"2017-12-17T18:17:31","date_gmt":"2017-12-17T16:17:31","guid":{"rendered":"http:\/\/www.grupnexus.com\/?p=14417\/"},"modified":"2018-01-30T19:04:32","modified_gmt":"2018-01-30T17:04:32","slug":"la-marato-tv3","status":"publish","type":"post","link":"https:\/\/grupnexus.com\/es\/la-marato-tv3\/","title":{"rendered":"La Marat\u00f3 TV3"},"content":{"rendered":"<p>Cl\u00ednica Nexus, como cada a\u00f1o, ha hecho su aportaci\u00f3n a La Marat\u00f3 de TV3, esta a\u00f1o para las Enfermedades Infecciosas.<br \/>\nY vosotros? Venga, ponemos nuestro granito de arena para que \u00abLa investigaci\u00f3n cambie la historia\u00bb!<br \/>\nJuntos lo haremos posible, una vez m\u00e1s!<\/p>\n<p><a href=\"https:\/\/l.facebook.com\/l.php?u=http%3A%2F%2Fwww.ccma.cat%2Ftv3%2Fmarato%2Fdonatiu%2F&amp;h=ATPdoUL9d3Gf6tymcNGSL2YNJghtZbJpDyzCL7QkWbMTmf_WldRsouRdY-jq_5_mGLHeEFaviA5sqTT0V0nUsymdS4-O4IeS_ydv7y1LZL6gA9TqzWOdO16gSGNz2NVjQyhAa902UyyhPaiI87IYDuqyGD-13WcProtcumxcQWYnVrrKDzfaoH-RwtW0LO6mZ0LjeWLLGcZ7pnWsww5Z2o5nj2cJrD6CPn8jjqZFW0pMq4b0S0EHl8Av8sM4UHHsGSrjdaaoDPgxydvaWbryfV1ZHGJyDMZ7xbVcUco\">http:\/\/www.ccma.cat\/tv3\/marato\/donatiu\/<\/a>#<\/p>\n","protected":false},"excerpt":{"rendered":"<p>Cl\u00ednica Nexus, como cada a\u00f1o, ha hecho su aportaci\u00f3n a La Marat\u00f3 de TV3, esta a\u00f1o para las Enfermedades Infecciosas. Y vosotros? Venga, ponemos nuestro granito de arena para que \u00abLa investigaci\u00f3n cambie la historia\u00bb! Juntos lo haremos posible, una vez m\u00e1s! http:\/\/www.ccma.cat\/tv3\/marato\/donatiu\/#<\/p>\n","protected":false},"author":5,"featured_media":14418,"comment_status":"closed","ping_status":"closed","sticky":false,"template":"","format":"standard","meta":[],"categories":[2,358],"tags":[],"yoast_head":"<!-- This site is optimized with the Yoast SEO plugin v18.6 - https:\/\/yoast.com\/wordpress\/plugins\/seo\/ -->\n<title>La Marat\u00f3 TV3<\/title>\n<meta name=\"robots\" content=\"index, follow, max-snippet:-1, max-image-preview:large, max-video-preview:-1\" \/>\n<link rel=\"canonical\" href=\"https:\/\/grupnexus.com\/es\/la-marato-tv3\/\" \/>\n<meta property=\"og:locale\" content=\"es_ES\" \/>\n<meta property=\"og:type\" content=\"article\" \/>\n<meta property=\"og:title\" content=\"La Marat\u00f3 TV3\" \/>\n<meta property=\"og:description\" content=\"Cl\u00ednica Nexus, como cada a\u00f1o, ha hecho su aportaci\u00f3n a La Marat\u00f3 de TV3, esta a\u00f1o para las Enfermedades Infecciosas. Y vosotros? Venga, ponemos nuestro granito de arena para que \u00abLa investigaci\u00f3n cambie la historia\u00bb! Juntos lo haremos posible, una vez m\u00e1s! http:\/\/www.ccma.cat\/tv3\/marato\/donatiu\/#\" \/>\n<meta property=\"og:url\" content=\"https:\/\/grupnexus.com\/es\/la-marato-tv3\/\" \/>\n<meta property=\"og:site_name\" content=\"Cl\u00ednica Nexus\" \/>\n<meta property=\"article:published_time\" content=\"2017-12-17T16:17:31+00:00\" \/>\n<meta property=\"article:modified_time\" content=\"2018-01-30T17:04:32+00:00\" \/>\n<meta property=\"og:image\" content=\"https:\/\/grupnexus.com\/wp-content\/uploads\/2018\/01\/Marat\u00f3.jpg\" \/>\n\t<meta property=\"og:image:width\" content=\"960\" \/>\n\t<meta property=\"og:image:height\" content=\"958\" \/>\n\t<meta property=\"og:image:type\" content=\"image\/jpeg\" \/>\n<meta name=\"twitter:card\" content=\"summary\" \/>\n<meta name=\"twitter:label1\" content=\"Escrito por\" \/>\n\t<meta name=\"twitter:data1\" content=\"Nexus\" \/>\n<script type=\"application\/ld+json\" class=\"yoast-schema-graph\">{\"@context\":\"https:\/\/schema.org\",\"@graph\":[{\"@type\":\"WebSite\",\"@id\":\"https:\/\/grupnexus.com\/es\/#website\",\"url\":\"https:\/\/grupnexus.com\/es\/\",\"name\":\"Cl\u00ednica Nexus\",\"description\":\"L\u00edders en Medicina Est\u00e8tica Avan\u00e7ada\",\"potentialAction\":[{\"@type\":\"SearchAction\",\"target\":{\"@type\":\"EntryPoint\",\"urlTemplate\":\"https:\/\/grupnexus.com\/es\/?s={search_term_string}\"},\"query-input\":\"required name=search_term_string\"}],\"inLanguage\":\"es\"},{\"@type\":\"ImageObject\",\"@id\":\"https:\/\/grupnexus.com\/es\/la-marato-tv3\/#primaryimage\",\"inLanguage\":\"es\",\"url\":\"https:\/\/grupnexus.com\/wp-content\/uploads\/2018\/01\/Marat\u00f3.jpg\",\"contentUrl\":\"https:\/\/grupnexus.com\/wp-content\/uploads\/2018\/01\/Marat\u00f3.jpg\",\"width\":960,\"height\":958},{\"@type\":\"WebPage\",\"@id\":\"https:\/\/grupnexus.com\/es\/la-marato-tv3\/#webpage\",\"url\":\"https:\/\/grupnexus.com\/es\/la-marato-tv3\/\",\"name\":\"La Marat\u00f3 TV3\",\"isPartOf\":{\"@id\":\"https:\/\/grupnexus.com\/es\/#website\"},\"primaryImageOfPage\":{\"@id\":\"https:\/\/grupnexus.com\/es\/la-marato-tv3\/#primaryimage\"},\"datePublished\":\"2017-12-17T16:17:31+00:00\",\"dateModified\":\"2018-01-30T17:04:32+00:00\",\"author\":{\"@id\":\"https:\/\/grupnexus.com\/es\/#\/schema\/person\/e766a805d9eadac3ecbb8c0d3dcd3355\"},\"breadcrumb\":{\"@id\":\"https:\/\/grupnexus.com\/es\/la-marato-tv3\/#breadcrumb\"},\"inLanguage\":\"es\",\"potentialAction\":[{\"@type\":\"ReadAction\",\"target\":[\"https:\/\/grupnexus.com\/es\/la-marato-tv3\/\"]}]},{\"@type\":\"BreadcrumbList\",\"@id\":\"https:\/\/grupnexus.com\/es\/la-marato-tv3\/#breadcrumb\",\"itemListElement\":[{\"@type\":\"ListItem\",\"position\":1,\"name\":\"Portada\",\"item\":\"https:\/\/grupnexus.com\/es\/\"},{\"@type\":\"ListItem\",\"position\":2,\"name\":\"La Marat\u00f3 TV3\"}]},{\"@type\":\"Person\",\"@id\":\"https:\/\/grupnexus.com\/es\/#\/schema\/person\/e766a805d9eadac3ecbb8c0d3dcd3355\",\"name\":\"Nexus\",\"image\":{\"@type\":\"ImageObject\",\"@id\":\"https:\/\/grupnexus.com\/es\/#personlogo\",\"inLanguage\":\"es\",\"url\":\"https:\/\/secure.gravatar.com\/avatar\/8d9fa4540dd1ce6a7ed07044eb5f16c9?s=96&d=mm&r=g\",\"contentUrl\":\"https:\/\/secure.gravatar.com\/avatar\/8d9fa4540dd1ce6a7ed07044eb5f16c9?s=96&d=mm&r=g\",\"caption\":\"Nexus\"}}]}<\/script>\n<!-- \/ Yoast SEO plugin. -->","yoast_head_json":{"title":"La Marat\u00f3 TV3","robots":{"index":"index","follow":"follow","max-snippet":"max-snippet:-1","max-image-preview":"max-image-preview:large","max-video-preview":"max-video-preview:-1"},"canonical":"https:\/\/grupnexus.com\/es\/la-marato-tv3\/","og_locale":"es_ES","og_type":"article","og_title":"La Marat\u00f3 TV3","og_description":"Cl\u00ednica Nexus, como cada a\u00f1o, ha hecho su aportaci\u00f3n a La Marat\u00f3 de TV3, esta a\u00f1o para las Enfermedades Infecciosas. Y vosotros? Venga, ponemos nuestro granito de arena para que \u00abLa investigaci\u00f3n cambie la historia\u00bb! Juntos lo haremos posible, una vez m\u00e1s! http:\/\/www.ccma.cat\/tv3\/marato\/donatiu\/#","og_url":"https:\/\/grupnexus.com\/es\/la-marato-tv3\/","og_site_name":"Cl\u00ednica Nexus","article_published_time":"2017-12-17T16:17:31+00:00","article_modified_time":"2018-01-30T17:04:32+00:00","og_image":[{"width":960,"height":958,"url":"https:\/\/grupnexus.com\/wp-content\/uploads\/2018\/01\/Marat\u00f3.jpg","type":"image\/jpeg"}],"twitter_card":"summary","twitter_misc":{"Escrito por":"Nexus"},"schema":{"@context":"https:\/\/schema.org","@graph":[{"@type":"WebSite","@id":"https:\/\/grupnexus.com\/es\/#website","url":"https:\/\/grupnexus.com\/es\/","name":"Cl\u00ednica Nexus","description":"L\u00edders en Medicina Est\u00e8tica Avan\u00e7ada","potentialAction":[{"@type":"SearchAction","target":{"@type":"EntryPoint","urlTemplate":"https:\/\/grupnexus.com\/es\/?s={search_term_string}"},"query-input":"required name=search_term_string"}],"inLanguage":"es"},{"@type":"ImageObject","@id":"https:\/\/grupnexus.com\/es\/la-marato-tv3\/#primaryimage","inLanguage":"es","url":"https:\/\/grupnexus.com\/wp-content\/uploads\/2018\/01\/Marat\u00f3.jpg","contentUrl":"https:\/\/grupnexus.com\/wp-content\/uploads\/2018\/01\/Marat\u00f3.jpg","width":960,"height":958},{"@type":"WebPage","@id":"https:\/\/grupnexus.com\/es\/la-marato-tv3\/#webpage","url":"https:\/\/grupnexus.com\/es\/la-marato-tv3\/","name":"La Marat\u00f3 TV3","isPartOf":{"@id":"https:\/\/grupnexus.com\/es\/#website"},"primaryImageOfPage":{"@id":"https:\/\/grupnexus.com\/es\/la-marato-tv3\/#primaryimage"},"datePublished":"2017-12-17T16:17:31+00:00","dateModified":"2018-01-30T17:04:32+00:00","author":{"@id":"https:\/\/grupnexus.com\/es\/#\/schema\/person\/e766a805d9eadac3ecbb8c0d3dcd3355"},"breadcrumb":{"@id":"https:\/\/grupnexus.com\/es\/la-marato-tv3\/#breadcrumb"},"inLanguage":"es","potentialAction":[{"@type":"ReadAction","target":["https:\/\/grupnexus.com\/es\/la-marato-tv3\/"]}]},{"@type":"BreadcrumbList","@id":"https:\/\/grupnexus.com\/es\/la-marato-tv3\/#breadcrumb","itemListElement":[{"@type":"ListItem","position":1,"name":"Portada","item":"https:\/\/grupnexus.com\/es\/"},{"@type":"ListItem","position":2,"name":"La Marat\u00f3 TV3"}]},{"@type":"Person","@id":"https:\/\/grupnexus.com\/es\/#\/schema\/person\/e766a805d9eadac3ecbb8c0d3dcd3355","name":"Nexus","image":{"@type":"ImageObject","@id":"https:\/\/grupnexus.com\/es\/#personlogo","inLanguage":"es","url":"https:\/\/secure.gravatar.com\/avatar\/8d9fa4540dd1ce6a7ed07044eb5f16c9?s=96&d=mm&r=g","contentUrl":"https:\/\/secure.gravatar.com\/avatar\/8d9fa4540dd1ce6a7ed07044eb5f16c9?s=96&d=mm&r=g","caption":"Nexus"}}]}},"_links":{"self":[{"href":"https:\/\/grupnexus.com\/es\/wp-json\/wp\/v2\/posts\/14417"}],"collection":[{"href":"https:\/\/grupnexus.com\/es\/wp-json\/wp\/v2\/posts"}],"about":[{"href":"https:\/\/grupnexus.com\/es\/wp-json\/wp\/v2\/types\/post"}],"author":[{"embeddable":true,"href":"https:\/\/grupnexus.com\/es\/wp-json\/wp\/v2\/users\/5"}],"replies":[{"embeddable":true,"href":"https:\/\/grupnexus.com\/es\/wp-json\/wp\/v2\/comments?post=14417"}],"version-history":[{"count":1,"href":"https:\/\/grupnexus.com\/es\/wp-json\/wp\/v2\/posts\/14417\/revisions"}],"predecessor-version":[{"id":14419,"href":"https:\/\/grupnexus.com\/es\/wp-json\/wp\/v2\/posts\/14417\/revisions\/14419"}],"wp:featuredmedia":[{"embeddable":true,"href":"https:\/\/grupnexus.com\/es\/wp-json\/wp\/v2\/media\/14418"}],"wp:attachment":[{"href":"https:\/\/grupnexus.com\/es\/wp-json\/wp\/v2\/media?parent=14417"}],"wp:term":[{"taxonomy":"category","embeddable":true,"href":"https:\/\/grupnexus.com\/es\/wp-json\/wp\/v2\/categories?post=14417"},{"taxonomy":"post_tag","embeddable":true,"href":"https:\/\/grupnexus.com\/es\/wp-json\/wp\/v2\/tags?post=14417"}],"curies":[{"name":"wp","href":"https:\/\/api.w.org\/{rel}","templated":true}]}}