{"id":14428,"date":"2017-12-17T19:07:03","date_gmt":"2017-12-17T17:07:03","guid":{"rendered":"http:\/\/www.grupnexus.com\/clinica-nexus-collabora-la-xxxvii-pujada-la-seu-vella-lleida\/"},"modified":"2018-01-30T19:27:20","modified_gmt":"2018-01-30T17:27:20","slug":"clinica-nexus-collabora-la-xxxvii-pujada-la-seu-vella-lleida","status":"publish","type":"post","link":"https:\/\/grupnexus.com\/es\/clinica-nexus-collabora-la-xxxvii-pujada-la-seu-vella-lleida\/","title":{"rendered":"Cl\u00ednica Nexus col\u00b7labora en la XXXVII Pujada a la Seu Vella de Lleida"},"content":{"rendered":"<p>&nbsp;<\/p>\n<p>Cl\u00ednica Nexus colabora, un a\u00f1o m\u00e1s, en la XXXVII Subida a la Seu Vella de Lleida para recaudar fondos para La Marat\u00f3 de TV3, este a\u00f1o dedicada a las \u00abEnfermedades infecciosas\u00bb.<br \/>\nNexus, siempre con el deporte, la solidaridad y los eventos de nuestra ciudad!<\/p>\n<p>&nbsp;<\/p>\n<p><img loading=\"lazy\" class=\"size-full wp-image-14425 alignleft\" src=\"https:\/\/grupnexus.com\/wp-content\/uploads\/2018\/01\/PS-2.jpg\" alt=\"\" width=\"768\" height=\"457\" srcset=\"https:\/\/grupnexus.com\/wp-content\/uploads\/2018\/01\/PS-2.jpg 768w, https:\/\/grupnexus.com\/wp-content\/uploads\/2018\/01\/PS-2-510x303.jpg 510w, https:\/\/grupnexus.com\/wp-content\/uploads\/2018\/01\/PS-2-300x179.jpg 300w, https:\/\/grupnexus.com\/wp-content\/uploads\/2018\/01\/PS-2-555x330.jpg 555w, https:\/\/grupnexus.com\/wp-content\/uploads\/2018\/01\/PS-2-360x214.jpg 360w, https:\/\/grupnexus.com\/wp-content\/uploads\/2018\/01\/PS-2-262x156.jpg 262w\" sizes=\"(max-width: 768px) 100vw, 768px\" \/> <img loading=\"lazy\" class=\"size-full wp-image-14426 alignleft\" src=\"https:\/\/grupnexus.com\/wp-content\/uploads\/2018\/01\/PS3.jpg\" alt=\"\" width=\"960\" height=\"542\" srcset=\"https:\/\/grupnexus.com\/wp-content\/uploads\/2018\/01\/PS3.jpg 960w, https:\/\/grupnexus.com\/wp-content\/uploads\/2018\/01\/PS3-510x288.jpg 510w, https:\/\/grupnexus.com\/wp-content\/uploads\/2018\/01\/PS3-300x169.jpg 300w, https:\/\/grupnexus.com\/wp-content\/uploads\/2018\/01\/PS3-768x434.jpg 768w, https:\/\/grupnexus.com\/wp-content\/uploads\/2018\/01\/PS3-555x313.jpg 555w, https:\/\/grupnexus.com\/wp-content\/uploads\/2018\/01\/PS3-360x203.jpg 360w, https:\/\/grupnexus.com\/wp-content\/uploads\/2018\/01\/PS3-262x148.jpg 262w\" sizes=\"(max-width: 960px) 100vw, 960px\" \/><\/p>\n","protected":false},"excerpt":{"rendered":"<p>&nbsp; Cl\u00ednica Nexus colabora, un a\u00f1o m\u00e1s, en la XXXVII Subida a la Seu Vella de Lleida para recaudar fondos para La Marat\u00f3 de TV3, este a\u00f1o dedicada a las \u00abEnfermedades infecciosas\u00bb. Nexus, siempre con el deporte, la solidaridad y los eventos de nuestra ciudad! &nbsp;<\/p>\n","protected":false},"author":5,"featured_media":14424,"comment_status":"closed","ping_status":"closed","sticky":false,"template":"","format":"standard","meta":[],"categories":[2,358],"tags":[],"yoast_head":"<!-- This site is optimized with the Yoast SEO plugin v18.6 - https:\/\/yoast.com\/wordpress\/plugins\/seo\/ -->\n<title>Cl\u00ednica Nexus col\u00b7labora en la XXXVII Pujada a la Seu Vella de Lleida<\/title>\n<meta name=\"robots\" content=\"index, follow, max-snippet:-1, max-image-preview:large, max-video-preview:-1\" \/>\n<link rel=\"canonical\" href=\"https:\/\/grupnexus.com\/es\/clinica-nexus-collabora-la-xxxvii-pujada-la-seu-vella-lleida\/\" \/>\n<meta property=\"og:locale\" content=\"es_ES\" \/>\n<meta property=\"og:type\" content=\"article\" \/>\n<meta property=\"og:title\" content=\"Cl\u00ednica Nexus col\u00b7labora en la XXXVII Pujada a la Seu Vella de Lleida\" \/>\n<meta property=\"og:description\" content=\"&nbsp; Cl\u00ednica Nexus colabora, un a\u00f1o m\u00e1s, en la XXXVII Subida a la Seu Vella de Lleida para recaudar fondos para La Marat\u00f3 de TV3, este a\u00f1o dedicada a las \u00abEnfermedades infecciosas\u00bb. Nexus, siempre con el deporte, la solidaridad y los eventos de nuestra ciudad! &nbsp;\" \/>\n<meta property=\"og:url\" content=\"https:\/\/grupnexus.com\/es\/clinica-nexus-collabora-la-xxxvii-pujada-la-seu-vella-lleida\/\" \/>\n<meta property=\"og:site_name\" content=\"Cl\u00ednica Nexus\" \/>\n<meta property=\"article:published_time\" content=\"2017-12-17T17:07:03+00:00\" \/>\n<meta property=\"article:modified_time\" content=\"2018-01-30T17:27:20+00:00\" \/>\n<meta property=\"og:image\" content=\"https:\/\/i0.wp.com\/grupnexus.com\/wp-content\/uploads\/2018\/01\/Pujada-Seu.jpg?fit=423%2C622&#038;ssl=1\" \/>\n\t<meta property=\"og:image:width\" content=\"423\" \/>\n\t<meta property=\"og:image:height\" content=\"622\" \/>\n\t<meta property=\"og:image:type\" content=\"image\/jpeg\" \/>\n<meta name=\"twitter:card\" content=\"summary\" \/>\n<meta name=\"twitter:label1\" content=\"Escrito por\" \/>\n\t<meta name=\"twitter:data1\" content=\"Nexus\" \/>\n<script type=\"application\/ld+json\" class=\"yoast-schema-graph\">{\"@context\":\"https:\/\/schema.org\",\"@graph\":[{\"@type\":\"WebSite\",\"@id\":\"https:\/\/grupnexus.com\/es\/#website\",\"url\":\"https:\/\/grupnexus.com\/es\/\",\"name\":\"Cl\u00ednica Nexus\",\"description\":\"L\u00edders en Medicina Est\u00e8tica Avan\u00e7ada\",\"potentialAction\":[{\"@type\":\"SearchAction\",\"target\":{\"@type\":\"EntryPoint\",\"urlTemplate\":\"https:\/\/grupnexus.com\/es\/?s={search_term_string}\"},\"query-input\":\"required name=search_term_string\"}],\"inLanguage\":\"es\"},{\"@type\":\"ImageObject\",\"@id\":\"https:\/\/grupnexus.com\/es\/clinica-nexus-collabora-la-xxxvii-pujada-la-seu-vella-lleida\/#primaryimage\",\"inLanguage\":\"es\",\"url\":\"https:\/\/grupnexus.com\/wp-content\/uploads\/2018\/01\/Pujada-Seu.jpg\",\"contentUrl\":\"https:\/\/grupnexus.com\/wp-content\/uploads\/2018\/01\/Pujada-Seu.jpg\",\"width\":423,\"height\":622},{\"@type\":\"WebPage\",\"@id\":\"https:\/\/grupnexus.com\/es\/clinica-nexus-collabora-la-xxxvii-pujada-la-seu-vella-lleida\/#webpage\",\"url\":\"https:\/\/grupnexus.com\/es\/clinica-nexus-collabora-la-xxxvii-pujada-la-seu-vella-lleida\/\",\"name\":\"Cl\u00ednica Nexus col\u00b7labora en la XXXVII Pujada a la Seu Vella de Lleida\",\"isPartOf\":{\"@id\":\"https:\/\/grupnexus.com\/es\/#website\"},\"primaryImageOfPage\":{\"@id\":\"https:\/\/grupnexus.com\/es\/clinica-nexus-collabora-la-xxxvii-pujada-la-seu-vella-lleida\/#primaryimage\"},\"datePublished\":\"2017-12-17T17:07:03+00:00\",\"dateModified\":\"2018-01-30T17:27:20+00:00\",\"author\":{\"@id\":\"https:\/\/grupnexus.com\/es\/#\/schema\/person\/e766a805d9eadac3ecbb8c0d3dcd3355\"},\"breadcrumb\":{\"@id\":\"https:\/\/grupnexus.com\/es\/clinica-nexus-collabora-la-xxxvii-pujada-la-seu-vella-lleida\/#breadcrumb\"},\"inLanguage\":\"es\",\"potentialAction\":[{\"@type\":\"ReadAction\",\"target\":[\"https:\/\/grupnexus.com\/es\/clinica-nexus-collabora-la-xxxvii-pujada-la-seu-vella-lleida\/\"]}]},{\"@type\":\"BreadcrumbList\",\"@id\":\"https:\/\/grupnexus.com\/es\/clinica-nexus-collabora-la-xxxvii-pujada-la-seu-vella-lleida\/#breadcrumb\",\"itemListElement\":[{\"@type\":\"ListItem\",\"position\":1,\"name\":\"Portada\",\"item\":\"https:\/\/grupnexus.com\/es\/\"},{\"@type\":\"ListItem\",\"position\":2,\"name\":\"Cl\u00ednica Nexus col\u00b7labora en la XXXVII Pujada a la Seu Vella de Lleida\"}]},{\"@type\":\"Person\",\"@id\":\"https:\/\/grupnexus.com\/es\/#\/schema\/person\/e766a805d9eadac3ecbb8c0d3dcd3355\",\"name\":\"Nexus\",\"image\":{\"@type\":\"ImageObject\",\"@id\":\"https:\/\/grupnexus.com\/es\/#personlogo\",\"inLanguage\":\"es\",\"url\":\"https:\/\/secure.gravatar.com\/avatar\/8d9fa4540dd1ce6a7ed07044eb5f16c9?s=96&d=mm&r=g\",\"contentUrl\":\"https:\/\/secure.gravatar.com\/avatar\/8d9fa4540dd1ce6a7ed07044eb5f16c9?s=96&d=mm&r=g\",\"caption\":\"Nexus\"}}]}<\/script>\n<!-- \/ Yoast SEO plugin. -->","yoast_head_json":{"title":"Cl\u00ednica Nexus col\u00b7labora en la XXXVII Pujada a la Seu Vella de Lleida","robots":{"index":"index","follow":"follow","max-snippet":"max-snippet:-1","max-image-preview":"max-image-preview:large","max-video-preview":"max-video-preview:-1"},"canonical":"https:\/\/grupnexus.com\/es\/clinica-nexus-collabora-la-xxxvii-pujada-la-seu-vella-lleida\/","og_locale":"es_ES","og_type":"article","og_title":"Cl\u00ednica Nexus col\u00b7labora en la XXXVII Pujada a la Seu Vella de Lleida","og_description":"&nbsp; Cl\u00ednica Nexus colabora, un a\u00f1o m\u00e1s, en la XXXVII Subida a la Seu Vella de Lleida para recaudar fondos para La Marat\u00f3 de TV3, este a\u00f1o dedicada a las \u00abEnfermedades infecciosas\u00bb. Nexus, siempre con el deporte, la solidaridad y los eventos de nuestra ciudad! &nbsp;","og_url":"https:\/\/grupnexus.com\/es\/clinica-nexus-collabora-la-xxxvii-pujada-la-seu-vella-lleida\/","og_site_name":"Cl\u00ednica Nexus","article_published_time":"2017-12-17T17:07:03+00:00","article_modified_time":"2018-01-30T17:27:20+00:00","og_image":[{"width":423,"height":622,"url":"https:\/\/i0.wp.com\/grupnexus.com\/wp-content\/uploads\/2018\/01\/Pujada-Seu.jpg?fit=423%2C622&ssl=1","type":"image\/jpeg"}],"twitter_card":"summary","twitter_misc":{"Escrito por":"Nexus"},"schema":{"@context":"https:\/\/schema.org","@graph":[{"@type":"WebSite","@id":"https:\/\/grupnexus.com\/es\/#website","url":"https:\/\/grupnexus.com\/es\/","name":"Cl\u00ednica Nexus","description":"L\u00edders en Medicina Est\u00e8tica Avan\u00e7ada","potentialAction":[{"@type":"SearchAction","target":{"@type":"EntryPoint","urlTemplate":"https:\/\/grupnexus.com\/es\/?s={search_term_string}"},"query-input":"required name=search_term_string"}],"inLanguage":"es"},{"@type":"ImageObject","@id":"https:\/\/grupnexus.com\/es\/clinica-nexus-collabora-la-xxxvii-pujada-la-seu-vella-lleida\/#primaryimage","inLanguage":"es","url":"https:\/\/grupnexus.com\/wp-content\/uploads\/2018\/01\/Pujada-Seu.jpg","contentUrl":"https:\/\/grupnexus.com\/wp-content\/uploads\/2018\/01\/Pujada-Seu.jpg","width":423,"height":622},{"@type":"WebPage","@id":"https:\/\/grupnexus.com\/es\/clinica-nexus-collabora-la-xxxvii-pujada-la-seu-vella-lleida\/#webpage","url":"https:\/\/grupnexus.com\/es\/clinica-nexus-collabora-la-xxxvii-pujada-la-seu-vella-lleida\/","name":"Cl\u00ednica Nexus col\u00b7labora en la XXXVII Pujada a la Seu Vella de Lleida","isPartOf":{"@id":"https:\/\/grupnexus.com\/es\/#website"},"primaryImageOfPage":{"@id":"https:\/\/grupnexus.com\/es\/clinica-nexus-collabora-la-xxxvii-pujada-la-seu-vella-lleida\/#primaryimage"},"datePublished":"2017-12-17T17:07:03+00:00","dateModified":"2018-01-30T17:27:20+00:00","author":{"@id":"https:\/\/grupnexus.com\/es\/#\/schema\/person\/e766a805d9eadac3ecbb8c0d3dcd3355"},"breadcrumb":{"@id":"https:\/\/grupnexus.com\/es\/clinica-nexus-collabora-la-xxxvii-pujada-la-seu-vella-lleida\/#breadcrumb"},"inLanguage":"es","potentialAction":[{"@type":"ReadAction","target":["https:\/\/grupnexus.com\/es\/clinica-nexus-collabora-la-xxxvii-pujada-la-seu-vella-lleida\/"]}]},{"@type":"BreadcrumbList","@id":"https:\/\/grupnexus.com\/es\/clinica-nexus-collabora-la-xxxvii-pujada-la-seu-vella-lleida\/#breadcrumb","itemListElement":[{"@type":"ListItem","position":1,"name":"Portada","item":"https:\/\/grupnexus.com\/es\/"},{"@type":"ListItem","position":2,"name":"Cl\u00ednica Nexus col\u00b7labora en la XXXVII Pujada a la Seu Vella de Lleida"}]},{"@type":"Person","@id":"https:\/\/grupnexus.com\/es\/#\/schema\/person\/e766a805d9eadac3ecbb8c0d3dcd3355","name":"Nexus","image":{"@type":"ImageObject","@id":"https:\/\/grupnexus.com\/es\/#personlogo","inLanguage":"es","url":"https:\/\/secure.gravatar.com\/avatar\/8d9fa4540dd1ce6a7ed07044eb5f16c9?s=96&d=mm&r=g","contentUrl":"https:\/\/secure.gravatar.com\/avatar\/8d9fa4540dd1ce6a7ed07044eb5f16c9?s=96&d=mm&r=g","caption":"Nexus"}}]}},"_links":{"self":[{"href":"https:\/\/grupnexus.com\/es\/wp-json\/wp\/v2\/posts\/14428"}],"collection":[{"href":"https:\/\/grupnexus.com\/es\/wp-json\/wp\/v2\/posts"}],"about":[{"href":"https:\/\/grupnexus.com\/es\/wp-json\/wp\/v2\/types\/post"}],"author":[{"embeddable":true,"href":"https:\/\/grupnexus.com\/es\/wp-json\/wp\/v2\/users\/5"}],"replies":[{"embeddable":true,"href":"https:\/\/grupnexus.com\/es\/wp-json\/wp\/v2\/comments?post=14428"}],"version-history":[{"count":2,"href":"https:\/\/grupnexus.com\/es\/wp-json\/wp\/v2\/posts\/14428\/revisions"}],"predecessor-version":[{"id":14430,"href":"https:\/\/grupnexus.com\/es\/wp-json\/wp\/v2\/posts\/14428\/revisions\/14430"}],"wp:featuredmedia":[{"embeddable":true,"href":"https:\/\/grupnexus.com\/es\/wp-json\/wp\/v2\/media\/14424"}],"wp:attachment":[{"href":"https:\/\/grupnexus.com\/es\/wp-json\/wp\/v2\/media?parent=14428"}],"wp:term":[{"taxonomy":"category","embeddable":true,"href":"https:\/\/grupnexus.com\/es\/wp-json\/wp\/v2\/categories?post=14428"},{"taxonomy":"post_tag","embeddable":true,"href":"https:\/\/grupnexus.com\/es\/wp-json\/wp\/v2\/tags?post=14428"}],"curies":[{"name":"wp","href":"https:\/\/api.w.org\/{rel}","templated":true}]}}