{"id":14459,"date":"2017-09-02T10:42:13","date_gmt":"2017-09-02T08:42:13","guid":{"rendered":"http:\/\/www.grupnexus.com\/clinica-nexus-al-congres-internacional-5cc\/"},"modified":"2018-01-31T10:51:39","modified_gmt":"2018-01-31T08:51:39","slug":"clinica-nexus-en-el-congreso-internacional-5cc","status":"publish","type":"post","link":"https:\/\/grupnexus.com\/es\/clinica-nexus-en-el-congreso-internacional-5cc\/","title":{"rendered":"Cl\u00ednica Nexus al Congr\u00e9s Internacional 5CC"},"content":{"rendered":"<p>&nbsp;<\/p>\n<p>Un any m\u00e9s l&#8217;Equip Directiu de Cl\u00ednica Nexus al Congr\u00e9s Internacional 5cc de l\u00e0sers i Medicina Est\u00e8tica, per seguir vaig sentir a els Referents a nivell professional i tecnol\u00f2gic, aixi com capdavanters con los tractaments m\u00e9s innovadors.<\/p>\n<p><a href=\"https:\/\/www.facebook.com\/hashtag\/clinicanexus?source=feed_text&amp;story_id=1783305058364278\">#clinicanexus<\/a>\u00a0<a href=\"https:\/\/www.facebook.com\/hashtag\/avantguarda?source=feed_text&amp;story_id=1783305058364278\">#avantguarda<\/a>\u00a0<a href=\"https:\/\/www.facebook.com\/hashtag\/novetats2017?source=feed_text&amp;story_id=1783305058364278\">#novetats2017\/18<\/a><\/p>\n<p><img loading=\"lazy\" class=\"size-full wp-image-14455 alignleft\" src=\"https:\/\/grupnexus.com\/wp-content\/uploads\/2018\/01\/5cc-2.jpg\" alt=\"\" width=\"836\" height=\"960\" srcset=\"https:\/\/grupnexus.com\/wp-content\/uploads\/2018\/01\/5cc-2.jpg 836w, https:\/\/grupnexus.com\/wp-content\/uploads\/2018\/01\/5cc-2-510x586.jpg 510w, https:\/\/grupnexus.com\/wp-content\/uploads\/2018\/01\/5cc-2-261x300.jpg 261w, https:\/\/grupnexus.com\/wp-content\/uploads\/2018\/01\/5cc-2-768x882.jpg 768w, https:\/\/grupnexus.com\/wp-content\/uploads\/2018\/01\/5cc-2-669x768.jpg 669w, https:\/\/grupnexus.com\/wp-content\/uploads\/2018\/01\/5cc-2-555x637.jpg 555w, https:\/\/grupnexus.com\/wp-content\/uploads\/2018\/01\/5cc-2-360x413.jpg 360w, https:\/\/grupnexus.com\/wp-content\/uploads\/2018\/01\/5cc-2-262x301.jpg 262w\" sizes=\"(max-width: 836px) 100vw, 836px\" \/> <img loading=\"lazy\" class=\"size-full wp-image-14454 alignleft\" src=\"https:\/\/grupnexus.com\/wp-content\/uploads\/2018\/01\/5cc3.jpg\" alt=\"\" width=\"960\" height=\"720\" srcset=\"https:\/\/grupnexus.com\/wp-content\/uploads\/2018\/01\/5cc3.jpg 960w, https:\/\/grupnexus.com\/wp-content\/uploads\/2018\/01\/5cc3-510x383.jpg 510w, https:\/\/grupnexus.com\/wp-content\/uploads\/2018\/01\/5cc3-300x225.jpg 300w, https:\/\/grupnexus.com\/wp-content\/uploads\/2018\/01\/5cc3-768x576.jpg 768w, https:\/\/grupnexus.com\/wp-content\/uploads\/2018\/01\/5cc3-555x416.jpg 555w, https:\/\/grupnexus.com\/wp-content\/uploads\/2018\/01\/5cc3-360x270.jpg 360w, https:\/\/grupnexus.com\/wp-content\/uploads\/2018\/01\/5cc3-262x197.jpg 262w\" sizes=\"(max-width: 960px) 100vw, 960px\" \/><\/p>\n","protected":false},"excerpt":{"rendered":"<p>&nbsp; Un any m\u00e9s l&#8217;Equip Directiu de Cl\u00ednica Nexus al Congr\u00e9s Internacional 5cc de l\u00e0sers i Medicina Est\u00e8tica, per seguir vaig sentir a els Referents a nivell professional i tecnol\u00f2gic, aixi com capdavanters con los tractaments m\u00e9s innovadors. #clinicanexus\u00a0#avantguarda\u00a0#novetats2017\/18<\/p>\n","protected":false},"author":5,"featured_media":14453,"comment_status":"closed","ping_status":"closed","sticky":false,"template":"","format":"standard","meta":[],"categories":[2,526],"tags":[],"yoast_head":"<!-- This site is optimized with the Yoast SEO plugin v18.6 - https:\/\/yoast.com\/wordpress\/plugins\/seo\/ -->\n<title>Cl\u00ednica Nexus al Congr\u00e9s Internacional 5CC<\/title>\n<meta name=\"robots\" content=\"index, follow, max-snippet:-1, max-image-preview:large, max-video-preview:-1\" \/>\n<link rel=\"canonical\" href=\"https:\/\/grupnexus.com\/es\/clinica-nexus-en-el-congreso-internacional-5cc\/\" \/>\n<meta property=\"og:locale\" content=\"es_ES\" \/>\n<meta property=\"og:type\" content=\"article\" \/>\n<meta property=\"og:title\" content=\"Cl\u00ednica Nexus al Congr\u00e9s Internacional 5CC\" \/>\n<meta property=\"og:description\" content=\"&nbsp; Un any m\u00e9s l&#8217;Equip Directiu de Cl\u00ednica Nexus al Congr\u00e9s Internacional 5cc de l\u00e0sers i Medicina Est\u00e8tica, per seguir vaig sentir a els Referents a nivell professional i tecnol\u00f2gic, aixi com capdavanters con los tractaments m\u00e9s innovadors. #clinicanexus\u00a0#avantguarda\u00a0#novetats2017\/18\" \/>\n<meta property=\"og:url\" content=\"https:\/\/grupnexus.com\/es\/clinica-nexus-en-el-congreso-internacional-5cc\/\" \/>\n<meta property=\"og:site_name\" content=\"Cl\u00ednica Nexus\" \/>\n<meta property=\"article:published_time\" content=\"2017-09-02T08:42:13+00:00\" \/>\n<meta property=\"article:modified_time\" content=\"2018-01-31T08:51:39+00:00\" \/>\n<meta property=\"og:image\" content=\"https:\/\/i0.wp.com\/grupnexus.com\/wp-content\/uploads\/2018\/01\/5cc.jpg?fit=960%2C646&#038;ssl=1\" \/>\n\t<meta property=\"og:image:width\" content=\"960\" \/>\n\t<meta property=\"og:image:height\" content=\"646\" \/>\n\t<meta property=\"og:image:type\" content=\"image\/jpeg\" \/>\n<meta name=\"twitter:card\" content=\"summary\" \/>\n<meta name=\"twitter:label1\" content=\"Escrito por\" \/>\n\t<meta name=\"twitter:data1\" content=\"Nexus\" \/>\n<script type=\"application\/ld+json\" class=\"yoast-schema-graph\">{\"@context\":\"https:\/\/schema.org\",\"@graph\":[{\"@type\":\"WebSite\",\"@id\":\"https:\/\/grupnexus.com\/es\/#website\",\"url\":\"https:\/\/grupnexus.com\/es\/\",\"name\":\"Cl\u00ednica Nexus\",\"description\":\"L\u00edders en Medicina Est\u00e8tica Avan\u00e7ada\",\"potentialAction\":[{\"@type\":\"SearchAction\",\"target\":{\"@type\":\"EntryPoint\",\"urlTemplate\":\"https:\/\/grupnexus.com\/es\/?s={search_term_string}\"},\"query-input\":\"required name=search_term_string\"}],\"inLanguage\":\"es\"},{\"@type\":\"ImageObject\",\"@id\":\"https:\/\/grupnexus.com\/es\/clinica-nexus-en-el-congreso-internacional-5cc\/#primaryimage\",\"inLanguage\":\"es\",\"url\":\"https:\/\/grupnexus.com\/wp-content\/uploads\/2018\/01\/5cc.jpg\",\"contentUrl\":\"https:\/\/grupnexus.com\/wp-content\/uploads\/2018\/01\/5cc.jpg\",\"width\":960,\"height\":646},{\"@type\":\"WebPage\",\"@id\":\"https:\/\/grupnexus.com\/es\/clinica-nexus-en-el-congreso-internacional-5cc\/#webpage\",\"url\":\"https:\/\/grupnexus.com\/es\/clinica-nexus-en-el-congreso-internacional-5cc\/\",\"name\":\"Cl\u00ednica Nexus al Congr\u00e9s Internacional 5CC\",\"isPartOf\":{\"@id\":\"https:\/\/grupnexus.com\/es\/#website\"},\"primaryImageOfPage\":{\"@id\":\"https:\/\/grupnexus.com\/es\/clinica-nexus-en-el-congreso-internacional-5cc\/#primaryimage\"},\"datePublished\":\"2017-09-02T08:42:13+00:00\",\"dateModified\":\"2018-01-31T08:51:39+00:00\",\"author\":{\"@id\":\"https:\/\/grupnexus.com\/es\/#\/schema\/person\/e766a805d9eadac3ecbb8c0d3dcd3355\"},\"breadcrumb\":{\"@id\":\"https:\/\/grupnexus.com\/es\/clinica-nexus-en-el-congreso-internacional-5cc\/#breadcrumb\"},\"inLanguage\":\"es\",\"potentialAction\":[{\"@type\":\"ReadAction\",\"target\":[\"https:\/\/grupnexus.com\/es\/clinica-nexus-en-el-congreso-internacional-5cc\/\"]}]},{\"@type\":\"BreadcrumbList\",\"@id\":\"https:\/\/grupnexus.com\/es\/clinica-nexus-en-el-congreso-internacional-5cc\/#breadcrumb\",\"itemListElement\":[{\"@type\":\"ListItem\",\"position\":1,\"name\":\"Portada\",\"item\":\"https:\/\/grupnexus.com\/es\/\"},{\"@type\":\"ListItem\",\"position\":2,\"name\":\"Cl\u00ednica Nexus al Congr\u00e9s Internacional 5CC\"}]},{\"@type\":\"Person\",\"@id\":\"https:\/\/grupnexus.com\/es\/#\/schema\/person\/e766a805d9eadac3ecbb8c0d3dcd3355\",\"name\":\"Nexus\",\"image\":{\"@type\":\"ImageObject\",\"@id\":\"https:\/\/grupnexus.com\/es\/#personlogo\",\"inLanguage\":\"es\",\"url\":\"https:\/\/secure.gravatar.com\/avatar\/8d9fa4540dd1ce6a7ed07044eb5f16c9?s=96&d=mm&r=g\",\"contentUrl\":\"https:\/\/secure.gravatar.com\/avatar\/8d9fa4540dd1ce6a7ed07044eb5f16c9?s=96&d=mm&r=g\",\"caption\":\"Nexus\"}}]}<\/script>\n<!-- \/ Yoast SEO plugin. -->","yoast_head_json":{"title":"Cl\u00ednica Nexus al Congr\u00e9s Internacional 5CC","robots":{"index":"index","follow":"follow","max-snippet":"max-snippet:-1","max-image-preview":"max-image-preview:large","max-video-preview":"max-video-preview:-1"},"canonical":"https:\/\/grupnexus.com\/es\/clinica-nexus-en-el-congreso-internacional-5cc\/","og_locale":"es_ES","og_type":"article","og_title":"Cl\u00ednica Nexus al Congr\u00e9s Internacional 5CC","og_description":"&nbsp; Un any m\u00e9s l&#8217;Equip Directiu de Cl\u00ednica Nexus al Congr\u00e9s Internacional 5cc de l\u00e0sers i Medicina Est\u00e8tica, per seguir vaig sentir a els Referents a nivell professional i tecnol\u00f2gic, aixi com capdavanters con los tractaments m\u00e9s innovadors. #clinicanexus\u00a0#avantguarda\u00a0#novetats2017\/18","og_url":"https:\/\/grupnexus.com\/es\/clinica-nexus-en-el-congreso-internacional-5cc\/","og_site_name":"Cl\u00ednica Nexus","article_published_time":"2017-09-02T08:42:13+00:00","article_modified_time":"2018-01-31T08:51:39+00:00","og_image":[{"width":960,"height":646,"url":"https:\/\/i0.wp.com\/grupnexus.com\/wp-content\/uploads\/2018\/01\/5cc.jpg?fit=960%2C646&ssl=1","type":"image\/jpeg"}],"twitter_card":"summary","twitter_misc":{"Escrito por":"Nexus"},"schema":{"@context":"https:\/\/schema.org","@graph":[{"@type":"WebSite","@id":"https:\/\/grupnexus.com\/es\/#website","url":"https:\/\/grupnexus.com\/es\/","name":"Cl\u00ednica Nexus","description":"L\u00edders en Medicina Est\u00e8tica Avan\u00e7ada","potentialAction":[{"@type":"SearchAction","target":{"@type":"EntryPoint","urlTemplate":"https:\/\/grupnexus.com\/es\/?s={search_term_string}"},"query-input":"required name=search_term_string"}],"inLanguage":"es"},{"@type":"ImageObject","@id":"https:\/\/grupnexus.com\/es\/clinica-nexus-en-el-congreso-internacional-5cc\/#primaryimage","inLanguage":"es","url":"https:\/\/grupnexus.com\/wp-content\/uploads\/2018\/01\/5cc.jpg","contentUrl":"https:\/\/grupnexus.com\/wp-content\/uploads\/2018\/01\/5cc.jpg","width":960,"height":646},{"@type":"WebPage","@id":"https:\/\/grupnexus.com\/es\/clinica-nexus-en-el-congreso-internacional-5cc\/#webpage","url":"https:\/\/grupnexus.com\/es\/clinica-nexus-en-el-congreso-internacional-5cc\/","name":"Cl\u00ednica Nexus al Congr\u00e9s Internacional 5CC","isPartOf":{"@id":"https:\/\/grupnexus.com\/es\/#website"},"primaryImageOfPage":{"@id":"https:\/\/grupnexus.com\/es\/clinica-nexus-en-el-congreso-internacional-5cc\/#primaryimage"},"datePublished":"2017-09-02T08:42:13+00:00","dateModified":"2018-01-31T08:51:39+00:00","author":{"@id":"https:\/\/grupnexus.com\/es\/#\/schema\/person\/e766a805d9eadac3ecbb8c0d3dcd3355"},"breadcrumb":{"@id":"https:\/\/grupnexus.com\/es\/clinica-nexus-en-el-congreso-internacional-5cc\/#breadcrumb"},"inLanguage":"es","potentialAction":[{"@type":"ReadAction","target":["https:\/\/grupnexus.com\/es\/clinica-nexus-en-el-congreso-internacional-5cc\/"]}]},{"@type":"BreadcrumbList","@id":"https:\/\/grupnexus.com\/es\/clinica-nexus-en-el-congreso-internacional-5cc\/#breadcrumb","itemListElement":[{"@type":"ListItem","position":1,"name":"Portada","item":"https:\/\/grupnexus.com\/es\/"},{"@type":"ListItem","position":2,"name":"Cl\u00ednica Nexus al Congr\u00e9s Internacional 5CC"}]},{"@type":"Person","@id":"https:\/\/grupnexus.com\/es\/#\/schema\/person\/e766a805d9eadac3ecbb8c0d3dcd3355","name":"Nexus","image":{"@type":"ImageObject","@id":"https:\/\/grupnexus.com\/es\/#personlogo","inLanguage":"es","url":"https:\/\/secure.gravatar.com\/avatar\/8d9fa4540dd1ce6a7ed07044eb5f16c9?s=96&d=mm&r=g","contentUrl":"https:\/\/secure.gravatar.com\/avatar\/8d9fa4540dd1ce6a7ed07044eb5f16c9?s=96&d=mm&r=g","caption":"Nexus"}}]}},"_links":{"self":[{"href":"https:\/\/grupnexus.com\/es\/wp-json\/wp\/v2\/posts\/14459"}],"collection":[{"href":"https:\/\/grupnexus.com\/es\/wp-json\/wp\/v2\/posts"}],"about":[{"href":"https:\/\/grupnexus.com\/es\/wp-json\/wp\/v2\/types\/post"}],"author":[{"embeddable":true,"href":"https:\/\/grupnexus.com\/es\/wp-json\/wp\/v2\/users\/5"}],"replies":[{"embeddable":true,"href":"https:\/\/grupnexus.com\/es\/wp-json\/wp\/v2\/comments?post=14459"}],"version-history":[{"count":2,"href":"https:\/\/grupnexus.com\/es\/wp-json\/wp\/v2\/posts\/14459\/revisions"}],"predecessor-version":[{"id":14461,"href":"https:\/\/grupnexus.com\/es\/wp-json\/wp\/v2\/posts\/14459\/revisions\/14461"}],"wp:featuredmedia":[{"embeddable":true,"href":"https:\/\/grupnexus.com\/es\/wp-json\/wp\/v2\/media\/14453"}],"wp:attachment":[{"href":"https:\/\/grupnexus.com\/es\/wp-json\/wp\/v2\/media?parent=14459"}],"wp:term":[{"taxonomy":"category","embeddable":true,"href":"https:\/\/grupnexus.com\/es\/wp-json\/wp\/v2\/categories?post=14459"},{"taxonomy":"post_tag","embeddable":true,"href":"https:\/\/grupnexus.com\/es\/wp-json\/wp\/v2\/tags?post=14459"}],"curies":[{"name":"wp","href":"https:\/\/api.w.org\/{rel}","templated":true}]}}