{"id":14487,"date":"2018-01-31T11:29:29","date_gmt":"2018-01-31T09:29:29","guid":{"rendered":"http:\/\/www.grupnexus.com\/nexus-col-labora-amb-5a-caminada-aecc-lleida-per-combatre-cancer-mama\/"},"modified":"2018-02-06T14:10:18","modified_gmt":"2018-02-06T12:10:18","slug":"nexus-colabora-con-5a-caminata-aecc-lleida-para-combatir-el-cancer-de-mama","status":"publish","type":"post","link":"https:\/\/grupnexus.com\/es\/nexus-colabora-con-5a-caminata-aecc-lleida-para-combatir-el-cancer-de-mama\/","title":{"rendered":"Nexus colabora con 5\u00aa caminata Aecc Lleida, para combatir el c\u00e1ncer de mama"},"content":{"rendered":"<p>En Cl\u00ednica Nexus, un a\u00f1o m\u00e1s, nos hemos vuelto a sumar al rosa!<\/p>\n<p>Para que tu lucha es nuestra lucha!<\/p>\n<p>5\u00aa caminata Aecc Lleida, para combatir el c\u00e1ncer de mama con \u00e9xito de participantes, m\u00e1s de 2.000 y de recaudaci\u00f3n, m\u00e1s de 20.000 \u20ac!<br \/>\nNos mueve la solidaridad y la gente de nuestra ciudad!<br \/>\n<a href=\"https:\/\/www.facebook.com\/hashtag\/nexusolisari?source=feed_text&amp;story_id=1833065056721611\">#nexusolisari<\/a>\u00a0<a href=\"https:\/\/www.facebook.com\/hashtag\/lluitemcontrac%C3%A0ncermama?source=feed_text&amp;story_id=1833065056721611\">#lluitemcontrac\u00e0ncermama<\/a>\u00a0<a href=\"https:\/\/www.facebook.com\/hashtag\/noesteusoles?source=feed_text&amp;story_id=1833065056721611\">#noesteusoles<\/a>\u00a0<a href=\"https:\/\/www.facebook.com\/hashtag\/vencerem?source=feed_text&amp;story_id=1833065056721611\">#vencerem<\/a>\u00a0&#x1f4aa;&#x1f3fc;&#x1f493;&#x1f337;&#x1f469;&#x200d;&#x1f52c;&#x1f468;&#x1f3fb;&#x200d;&#x2695;&#xfe0f;<\/p>\n<p>&nbsp;<\/p>\n<p><img loading=\"lazy\" class=\"size-full wp-image-14484 alignleft\" src=\"https:\/\/grupnexus.com\/wp-content\/uploads\/2018\/01\/CM2.jpg\" alt=\"\" width=\"658\" height=\"960\" srcset=\"https:\/\/grupnexus.com\/wp-content\/uploads\/2018\/01\/CM2.jpg 658w, https:\/\/grupnexus.com\/wp-content\/uploads\/2018\/01\/CM2-510x744.jpg 510w, https:\/\/grupnexus.com\/wp-content\/uploads\/2018\/01\/CM2-206x300.jpg 206w, https:\/\/grupnexus.com\/wp-content\/uploads\/2018\/01\/CM2-526x768.jpg 526w, https:\/\/grupnexus.com\/wp-content\/uploads\/2018\/01\/CM2-555x810.jpg 555w, https:\/\/grupnexus.com\/wp-content\/uploads\/2018\/01\/CM2-360x525.jpg 360w, https:\/\/grupnexus.com\/wp-content\/uploads\/2018\/01\/CM2-262x382.jpg 262w\" sizes=\"(max-width: 658px) 100vw, 658px\" \/> <img loading=\"lazy\" class=\"size-full wp-image-14485 alignleft\" src=\"https:\/\/grupnexus.com\/wp-content\/uploads\/2018\/01\/CM3.jpg\" alt=\"\" width=\"960\" height=\"720\" srcset=\"https:\/\/grupnexus.com\/wp-content\/uploads\/2018\/01\/CM3.jpg 960w, https:\/\/grupnexus.com\/wp-content\/uploads\/2018\/01\/CM3-510x383.jpg 510w, https:\/\/grupnexus.com\/wp-content\/uploads\/2018\/01\/CM3-300x225.jpg 300w, https:\/\/grupnexus.com\/wp-content\/uploads\/2018\/01\/CM3-768x576.jpg 768w, https:\/\/grupnexus.com\/wp-content\/uploads\/2018\/01\/CM3-555x416.jpg 555w, https:\/\/grupnexus.com\/wp-content\/uploads\/2018\/01\/CM3-360x270.jpg 360w, https:\/\/grupnexus.com\/wp-content\/uploads\/2018\/01\/CM3-262x197.jpg 262w\" sizes=\"(max-width: 960px) 100vw, 960px\" \/><\/p>\n","protected":false},"excerpt":{"rendered":"<p>En Cl\u00ednica Nexus, un a\u00f1o m\u00e1s, nos hemos vuelto a sumar al rosa! Para que tu lucha es nuestra lucha! 5\u00aa caminata Aecc Lleida, para combatir el c\u00e1ncer de mama con \u00e9xito de participantes, m\u00e1s de 2.000 y de recaudaci\u00f3n, m\u00e1s de 20.000 \u20ac! Nos mueve la solidaridad y la gente de nuestra ciudad! #nexusolisari\u00a0#lluitemcontrac\u00e0ncermama\u00a0#noesteusoles\u00a0#vencerem\u00a0&#x1f4aa;&#x1f3fc;&#x1f493;&#x1f337;&#x1f469;&#x200d;&#x1f52c;&#x1f468;&#x1f3fb;&#x200d;&#x2695;&#xfe0f;&#8230;<\/p>\n","protected":false},"author":5,"featured_media":14483,"comment_status":"closed","ping_status":"closed","sticky":false,"template":"","format":"standard","meta":[],"categories":[2,358],"tags":[],"yoast_head":"<!-- This site is optimized with the Yoast SEO plugin v18.6 - https:\/\/yoast.com\/wordpress\/plugins\/seo\/ -->\n<title>Nexus colabora con 5\u00aa caminata Aecc Lleida, para combatir el c\u00e1ncer de mama<\/title>\n<meta name=\"robots\" content=\"index, follow, max-snippet:-1, max-image-preview:large, max-video-preview:-1\" \/>\n<link rel=\"canonical\" href=\"https:\/\/grupnexus.com\/es\/nexus-colabora-con-5a-caminata-aecc-lleida-para-combatir-el-cancer-de-mama\/\" \/>\n<meta property=\"og:locale\" content=\"es_ES\" \/>\n<meta property=\"og:type\" content=\"article\" \/>\n<meta property=\"og:title\" content=\"Nexus colabora con 5\u00aa caminata Aecc Lleida, para combatir el c\u00e1ncer de mama\" \/>\n<meta property=\"og:description\" content=\"En Cl\u00ednica Nexus, un a\u00f1o m\u00e1s, nos hemos vuelto a sumar al rosa! Para que tu lucha es nuestra lucha! 5\u00aa caminata Aecc Lleida, para combatir el c\u00e1ncer de mama con \u00e9xito de participantes, m\u00e1s de 2.000 y de recaudaci\u00f3n, m\u00e1s de 20.000 \u20ac! Nos mueve la solidaridad y la gente de nuestra ciudad! #nexusolisari\u00a0#lluitemcontrac\u00e0ncermama\u00a0#noesteusoles\u00a0#vencerem\u00a0&#x1f4aa;&#x1f3fc;&#x1f493;&#x1f337;&#x1f469;&#x200d;&#x1f52c;&#x1f468;&#x1f3fb;&#x200d;&#x2695;&#xfe0f;...\" \/>\n<meta property=\"og:url\" content=\"https:\/\/grupnexus.com\/es\/nexus-colabora-con-5a-caminata-aecc-lleida-para-combatir-el-cancer-de-mama\/\" \/>\n<meta property=\"og:site_name\" content=\"Cl\u00ednica Nexus\" \/>\n<meta property=\"article:published_time\" content=\"2018-01-31T09:29:29+00:00\" \/>\n<meta property=\"article:modified_time\" content=\"2018-02-06T12:10:18+00:00\" \/>\n<meta property=\"og:image\" content=\"https:\/\/i0.wp.com\/grupnexus.com\/wp-content\/uploads\/2018\/01\/CM.jpg?fit=563%2C354&#038;ssl=1\" \/>\n\t<meta property=\"og:image:width\" content=\"563\" \/>\n\t<meta property=\"og:image:height\" content=\"354\" \/>\n\t<meta property=\"og:image:type\" content=\"image\/jpeg\" \/>\n<meta name=\"twitter:card\" content=\"summary\" \/>\n<meta name=\"twitter:label1\" content=\"Escrito por\" \/>\n\t<meta name=\"twitter:data1\" content=\"Nexus\" \/>\n<script type=\"application\/ld+json\" class=\"yoast-schema-graph\">{\"@context\":\"https:\/\/schema.org\",\"@graph\":[{\"@type\":\"WebSite\",\"@id\":\"https:\/\/grupnexus.com\/es\/#website\",\"url\":\"https:\/\/grupnexus.com\/es\/\",\"name\":\"Cl\u00ednica Nexus\",\"description\":\"L\u00edders en Medicina Est\u00e8tica Avan\u00e7ada\",\"potentialAction\":[{\"@type\":\"SearchAction\",\"target\":{\"@type\":\"EntryPoint\",\"urlTemplate\":\"https:\/\/grupnexus.com\/es\/?s={search_term_string}\"},\"query-input\":\"required name=search_term_string\"}],\"inLanguage\":\"es\"},{\"@type\":\"ImageObject\",\"@id\":\"https:\/\/grupnexus.com\/es\/nexus-colabora-con-5a-caminata-aecc-lleida-para-combatir-el-cancer-de-mama\/#primaryimage\",\"inLanguage\":\"es\",\"url\":\"https:\/\/grupnexus.com\/wp-content\/uploads\/2018\/01\/CM.jpg\",\"contentUrl\":\"https:\/\/grupnexus.com\/wp-content\/uploads\/2018\/01\/CM.jpg\",\"width\":563,\"height\":354},{\"@type\":\"WebPage\",\"@id\":\"https:\/\/grupnexus.com\/es\/nexus-colabora-con-5a-caminata-aecc-lleida-para-combatir-el-cancer-de-mama\/#webpage\",\"url\":\"https:\/\/grupnexus.com\/es\/nexus-colabora-con-5a-caminata-aecc-lleida-para-combatir-el-cancer-de-mama\/\",\"name\":\"Nexus colabora con 5\u00aa caminata Aecc Lleida, para combatir el c\u00e1ncer de mama\",\"isPartOf\":{\"@id\":\"https:\/\/grupnexus.com\/es\/#website\"},\"primaryImageOfPage\":{\"@id\":\"https:\/\/grupnexus.com\/es\/nexus-colabora-con-5a-caminata-aecc-lleida-para-combatir-el-cancer-de-mama\/#primaryimage\"},\"datePublished\":\"2018-01-31T09:29:29+00:00\",\"dateModified\":\"2018-02-06T12:10:18+00:00\",\"author\":{\"@id\":\"https:\/\/grupnexus.com\/es\/#\/schema\/person\/e766a805d9eadac3ecbb8c0d3dcd3355\"},\"breadcrumb\":{\"@id\":\"https:\/\/grupnexus.com\/es\/nexus-colabora-con-5a-caminata-aecc-lleida-para-combatir-el-cancer-de-mama\/#breadcrumb\"},\"inLanguage\":\"es\",\"potentialAction\":[{\"@type\":\"ReadAction\",\"target\":[\"https:\/\/grupnexus.com\/es\/nexus-colabora-con-5a-caminata-aecc-lleida-para-combatir-el-cancer-de-mama\/\"]}]},{\"@type\":\"BreadcrumbList\",\"@id\":\"https:\/\/grupnexus.com\/es\/nexus-colabora-con-5a-caminata-aecc-lleida-para-combatir-el-cancer-de-mama\/#breadcrumb\",\"itemListElement\":[{\"@type\":\"ListItem\",\"position\":1,\"name\":\"Portada\",\"item\":\"https:\/\/grupnexus.com\/es\/\"},{\"@type\":\"ListItem\",\"position\":2,\"name\":\"Nexus colabora con 5\u00aa caminata Aecc Lleida, para combatir el c\u00e1ncer de mama\"}]},{\"@type\":\"Person\",\"@id\":\"https:\/\/grupnexus.com\/es\/#\/schema\/person\/e766a805d9eadac3ecbb8c0d3dcd3355\",\"name\":\"Nexus\",\"image\":{\"@type\":\"ImageObject\",\"@id\":\"https:\/\/grupnexus.com\/es\/#personlogo\",\"inLanguage\":\"es\",\"url\":\"https:\/\/secure.gravatar.com\/avatar\/8d9fa4540dd1ce6a7ed07044eb5f16c9?s=96&d=mm&r=g\",\"contentUrl\":\"https:\/\/secure.gravatar.com\/avatar\/8d9fa4540dd1ce6a7ed07044eb5f16c9?s=96&d=mm&r=g\",\"caption\":\"Nexus\"}}]}<\/script>\n<!-- \/ Yoast SEO plugin. -->","yoast_head_json":{"title":"Nexus colabora con 5\u00aa caminata Aecc Lleida, para combatir el c\u00e1ncer de mama","robots":{"index":"index","follow":"follow","max-snippet":"max-snippet:-1","max-image-preview":"max-image-preview:large","max-video-preview":"max-video-preview:-1"},"canonical":"https:\/\/grupnexus.com\/es\/nexus-colabora-con-5a-caminata-aecc-lleida-para-combatir-el-cancer-de-mama\/","og_locale":"es_ES","og_type":"article","og_title":"Nexus colabora con 5\u00aa caminata Aecc Lleida, para combatir el c\u00e1ncer de mama","og_description":"En Cl\u00ednica Nexus, un a\u00f1o m\u00e1s, nos hemos vuelto a sumar al rosa! Para que tu lucha es nuestra lucha! 5\u00aa caminata Aecc Lleida, para combatir el c\u00e1ncer de mama con \u00e9xito de participantes, m\u00e1s de 2.000 y de recaudaci\u00f3n, m\u00e1s de 20.000 \u20ac! Nos mueve la solidaridad y la gente de nuestra ciudad! #nexusolisari\u00a0#lluitemcontrac\u00e0ncermama\u00a0#noesteusoles\u00a0#vencerem\u00a0&#x1f4aa;&#x1f3fc;&#x1f493;&#x1f337;&#x1f469;&#x200d;&#x1f52c;&#x1f468;&#x1f3fb;&#x200d;&#x2695;&#xfe0f;...","og_url":"https:\/\/grupnexus.com\/es\/nexus-colabora-con-5a-caminata-aecc-lleida-para-combatir-el-cancer-de-mama\/","og_site_name":"Cl\u00ednica Nexus","article_published_time":"2018-01-31T09:29:29+00:00","article_modified_time":"2018-02-06T12:10:18+00:00","og_image":[{"width":563,"height":354,"url":"https:\/\/i0.wp.com\/grupnexus.com\/wp-content\/uploads\/2018\/01\/CM.jpg?fit=563%2C354&ssl=1","type":"image\/jpeg"}],"twitter_card":"summary","twitter_misc":{"Escrito por":"Nexus"},"schema":{"@context":"https:\/\/schema.org","@graph":[{"@type":"WebSite","@id":"https:\/\/grupnexus.com\/es\/#website","url":"https:\/\/grupnexus.com\/es\/","name":"Cl\u00ednica Nexus","description":"L\u00edders en Medicina Est\u00e8tica Avan\u00e7ada","potentialAction":[{"@type":"SearchAction","target":{"@type":"EntryPoint","urlTemplate":"https:\/\/grupnexus.com\/es\/?s={search_term_string}"},"query-input":"required name=search_term_string"}],"inLanguage":"es"},{"@type":"ImageObject","@id":"https:\/\/grupnexus.com\/es\/nexus-colabora-con-5a-caminata-aecc-lleida-para-combatir-el-cancer-de-mama\/#primaryimage","inLanguage":"es","url":"https:\/\/grupnexus.com\/wp-content\/uploads\/2018\/01\/CM.jpg","contentUrl":"https:\/\/grupnexus.com\/wp-content\/uploads\/2018\/01\/CM.jpg","width":563,"height":354},{"@type":"WebPage","@id":"https:\/\/grupnexus.com\/es\/nexus-colabora-con-5a-caminata-aecc-lleida-para-combatir-el-cancer-de-mama\/#webpage","url":"https:\/\/grupnexus.com\/es\/nexus-colabora-con-5a-caminata-aecc-lleida-para-combatir-el-cancer-de-mama\/","name":"Nexus colabora con 5\u00aa caminata Aecc Lleida, para combatir el c\u00e1ncer de mama","isPartOf":{"@id":"https:\/\/grupnexus.com\/es\/#website"},"primaryImageOfPage":{"@id":"https:\/\/grupnexus.com\/es\/nexus-colabora-con-5a-caminata-aecc-lleida-para-combatir-el-cancer-de-mama\/#primaryimage"},"datePublished":"2018-01-31T09:29:29+00:00","dateModified":"2018-02-06T12:10:18+00:00","author":{"@id":"https:\/\/grupnexus.com\/es\/#\/schema\/person\/e766a805d9eadac3ecbb8c0d3dcd3355"},"breadcrumb":{"@id":"https:\/\/grupnexus.com\/es\/nexus-colabora-con-5a-caminata-aecc-lleida-para-combatir-el-cancer-de-mama\/#breadcrumb"},"inLanguage":"es","potentialAction":[{"@type":"ReadAction","target":["https:\/\/grupnexus.com\/es\/nexus-colabora-con-5a-caminata-aecc-lleida-para-combatir-el-cancer-de-mama\/"]}]},{"@type":"BreadcrumbList","@id":"https:\/\/grupnexus.com\/es\/nexus-colabora-con-5a-caminata-aecc-lleida-para-combatir-el-cancer-de-mama\/#breadcrumb","itemListElement":[{"@type":"ListItem","position":1,"name":"Portada","item":"https:\/\/grupnexus.com\/es\/"},{"@type":"ListItem","position":2,"name":"Nexus colabora con 5\u00aa caminata Aecc Lleida, para combatir el c\u00e1ncer de mama"}]},{"@type":"Person","@id":"https:\/\/grupnexus.com\/es\/#\/schema\/person\/e766a805d9eadac3ecbb8c0d3dcd3355","name":"Nexus","image":{"@type":"ImageObject","@id":"https:\/\/grupnexus.com\/es\/#personlogo","inLanguage":"es","url":"https:\/\/secure.gravatar.com\/avatar\/8d9fa4540dd1ce6a7ed07044eb5f16c9?s=96&d=mm&r=g","contentUrl":"https:\/\/secure.gravatar.com\/avatar\/8d9fa4540dd1ce6a7ed07044eb5f16c9?s=96&d=mm&r=g","caption":"Nexus"}}]}},"_links":{"self":[{"href":"https:\/\/grupnexus.com\/es\/wp-json\/wp\/v2\/posts\/14487"}],"collection":[{"href":"https:\/\/grupnexus.com\/es\/wp-json\/wp\/v2\/posts"}],"about":[{"href":"https:\/\/grupnexus.com\/es\/wp-json\/wp\/v2\/types\/post"}],"author":[{"embeddable":true,"href":"https:\/\/grupnexus.com\/es\/wp-json\/wp\/v2\/users\/5"}],"replies":[{"embeddable":true,"href":"https:\/\/grupnexus.com\/es\/wp-json\/wp\/v2\/comments?post=14487"}],"version-history":[{"count":4,"href":"https:\/\/grupnexus.com\/es\/wp-json\/wp\/v2\/posts\/14487\/revisions"}],"predecessor-version":[{"id":14507,"href":"https:\/\/grupnexus.com\/es\/wp-json\/wp\/v2\/posts\/14487\/revisions\/14507"}],"wp:featuredmedia":[{"embeddable":true,"href":"https:\/\/grupnexus.com\/es\/wp-json\/wp\/v2\/media\/14483"}],"wp:attachment":[{"href":"https:\/\/grupnexus.com\/es\/wp-json\/wp\/v2\/media?parent=14487"}],"wp:term":[{"taxonomy":"category","embeddable":true,"href":"https:\/\/grupnexus.com\/es\/wp-json\/wp\/v2\/categories?post=14487"},{"taxonomy":"post_tag","embeddable":true,"href":"https:\/\/grupnexus.com\/es\/wp-json\/wp\/v2\/tags?post=14487"}],"curies":[{"name":"wp","href":"https:\/\/api.w.org\/{rel}","templated":true}]}}