{"id":1449,"date":"2014-11-25T11:45:36","date_gmt":"2014-11-25T10:45:36","guid":{"rendered":"http:\/\/www.grupnexus.com\/cap-de-setmana-solidari-la-diada-de-bons-proposits-2\/"},"modified":"2015-10-04T17:37:27","modified_gmt":"2015-10-04T15:37:27","slug":"fin-de-semana-solidario-en-la-diada-de-bons-proposits","status":"publish","type":"post","link":"https:\/\/grupnexus.com\/es\/fin-de-semana-solidario-en-la-diada-de-bons-proposits\/","title":{"rendered":"Fin de semana solidario en la Diada de Bons Prop\u00f2sits"},"content":{"rendered":"<p>&nbsp;<\/p>\n<p>Fin de semana solidario a la Fiesta de Buenos Prop\u00f3sitos donde nos unimos a la causa ben\u00e9fica de las ONG&#8217;s \u00c0ngel Olaran y el Centro Abierto Padre Palau, ESTALLIDO. Nuestro mejor prop\u00f3sito? Sumarnos en esta causa y ofrecer las mejores ventajas a todos los que visitasteis nuestro estand.<\/p>\n<p>CL\u00cdNICA NEXUS, ESENCIA SOLIDARIA<\/p>\n<p>&nbsp;<\/p>\n\n\t\t<style type=\"text\/css\">\n\t\t\t#gallery-1 {\n\t\t\t\tmargin: auto;\n\t\t\t}\n\t\t\t#gallery-1 .gallery-item {\n\t\t\t\tfloat: left;\n\t\t\t\tmargin-top: 10px;\n\t\t\t\ttext-align: center;\n\t\t\t\twidth: 33%;\n\t\t\t}\n\t\t\t#gallery-1 img {\n\t\t\t\tborder: 2px solid #cfcfcf;\n\t\t\t}\n\t\t\t#gallery-1 .gallery-caption {\n\t\t\t\tmargin-left: 0;\n\t\t\t}\n\t\t\t\/* see gallery_shortcode() in wp-includes\/media.php *\/\n\t\t<\/style>\n\t\t<div id='gallery-1' class='gallery galleryid-1449 gallery-columns-3 gallery-size-thumbnail'><dl class='gallery-item'>\n\t\t\t<dt class='gallery-icon landscape'>\n\t\t\t\t<a href='https:\/\/grupnexus.com\/wp-content\/uploads\/10830473_952212638140195_5639673874542448160_o.jpg'><img width=\"150\" height=\"150\" src=\"https:\/\/grupnexus.com\/wp-content\/uploads\/10830473_952212638140195_5639673874542448160_o-150x150.jpg\" class=\"attachment-thumbnail size-thumbnail\" alt=\"\" loading=\"lazy\" srcset=\"https:\/\/grupnexus.com\/wp-content\/uploads\/10830473_952212638140195_5639673874542448160_o-150x150.jpg 150w, https:\/\/grupnexus.com\/wp-content\/uploads\/10830473_952212638140195_5639673874542448160_o-400x400.jpg 400w, https:\/\/grupnexus.com\/wp-content\/uploads\/10830473_952212638140195_5639673874542448160_o-100x100.jpg 100w, https:\/\/grupnexus.com\/wp-content\/uploads\/10830473_952212638140195_5639673874542448160_o-45x45.jpg 45w\" sizes=\"(max-width: 150px) 100vw, 150px\" \/><\/a>\n\t\t\t<\/dt><\/dl><dl class='gallery-item'>\n\t\t\t<dt class='gallery-icon landscape'>\n\t\t\t\t<a href='https:\/\/grupnexus.com\/wp-content\/uploads\/10750351_952213038140155_5030643776516162969_o.jpg'><img width=\"150\" height=\"150\" src=\"https:\/\/grupnexus.com\/wp-content\/uploads\/10750351_952213038140155_5030643776516162969_o-150x150.jpg\" class=\"attachment-thumbnail size-thumbnail\" alt=\"\" loading=\"lazy\" srcset=\"https:\/\/grupnexus.com\/wp-content\/uploads\/10750351_952213038140155_5030643776516162969_o-150x150.jpg 150w, https:\/\/grupnexus.com\/wp-content\/uploads\/10750351_952213038140155_5030643776516162969_o-400x400.jpg 400w, https:\/\/grupnexus.com\/wp-content\/uploads\/10750351_952213038140155_5030643776516162969_o-100x100.jpg 100w, https:\/\/grupnexus.com\/wp-content\/uploads\/10750351_952213038140155_5030643776516162969_o-45x45.jpg 45w\" sizes=\"(max-width: 150px) 100vw, 150px\" \/><\/a>\n\t\t\t<\/dt><\/dl><dl class='gallery-item'>\n\t\t\t<dt class='gallery-icon landscape'>\n\t\t\t\t<a href='https:\/\/grupnexus.com\/wp-content\/uploads\/10608398_952212711473521_5373299211907511527_o.jpg'><img width=\"150\" height=\"150\" src=\"https:\/\/grupnexus.com\/wp-content\/uploads\/10608398_952212711473521_5373299211907511527_o-150x150.jpg\" class=\"attachment-thumbnail size-thumbnail\" alt=\"\" loading=\"lazy\" srcset=\"https:\/\/grupnexus.com\/wp-content\/uploads\/10608398_952212711473521_5373299211907511527_o-150x150.jpg 150w, https:\/\/grupnexus.com\/wp-content\/uploads\/10608398_952212711473521_5373299211907511527_o-400x400.jpg 400w, https:\/\/grupnexus.com\/wp-content\/uploads\/10608398_952212711473521_5373299211907511527_o-100x100.jpg 100w, https:\/\/grupnexus.com\/wp-content\/uploads\/10608398_952212711473521_5373299211907511527_o-45x45.jpg 45w\" sizes=\"(max-width: 150px) 100vw, 150px\" \/><\/a>\n\t\t\t<\/dt><\/dl><br style=\"clear: both\" \/><dl class='gallery-item'>\n\t\t\t<dt class='gallery-icon landscape'>\n\t\t\t\t<a href='https:\/\/grupnexus.com\/wp-content\/uploads\/10257326_952212764806849_3635335799028093138_o.jpg'><img width=\"150\" height=\"150\" src=\"https:\/\/grupnexus.com\/wp-content\/uploads\/10257326_952212764806849_3635335799028093138_o-150x150.jpg\" class=\"attachment-thumbnail size-thumbnail\" alt=\"\" loading=\"lazy\" srcset=\"https:\/\/grupnexus.com\/wp-content\/uploads\/10257326_952212764806849_3635335799028093138_o-150x150.jpg 150w, https:\/\/grupnexus.com\/wp-content\/uploads\/10257326_952212764806849_3635335799028093138_o-400x400.jpg 400w, https:\/\/grupnexus.com\/wp-content\/uploads\/10257326_952212764806849_3635335799028093138_o-100x100.jpg 100w, https:\/\/grupnexus.com\/wp-content\/uploads\/10257326_952212764806849_3635335799028093138_o-45x45.jpg 45w\" sizes=\"(max-width: 150px) 100vw, 150px\" \/><\/a>\n\t\t\t<\/dt><\/dl><dl class='gallery-item'>\n\t\t\t<dt class='gallery-icon landscape'>\n\t\t\t\t<a href='https:\/\/grupnexus.com\/wp-content\/uploads\/616620_952212664806859_5294129008222482276_o.jpg'><img width=\"150\" height=\"150\" src=\"https:\/\/grupnexus.com\/wp-content\/uploads\/616620_952212664806859_5294129008222482276_o-150x150.jpg\" class=\"attachment-thumbnail size-thumbnail\" alt=\"\" loading=\"lazy\" srcset=\"https:\/\/grupnexus.com\/wp-content\/uploads\/616620_952212664806859_5294129008222482276_o-150x150.jpg 150w, https:\/\/grupnexus.com\/wp-content\/uploads\/616620_952212664806859_5294129008222482276_o-400x400.jpg 400w, https:\/\/grupnexus.com\/wp-content\/uploads\/616620_952212664806859_5294129008222482276_o-100x100.jpg 100w, https:\/\/grupnexus.com\/wp-content\/uploads\/616620_952212664806859_5294129008222482276_o-45x45.jpg 45w\" sizes=\"(max-width: 150px) 100vw, 150px\" \/><\/a>\n\t\t\t<\/dt><\/dl><dl class='gallery-item'>\n\t\t\t<dt class='gallery-icon landscape'>\n\t\t\t\t<a href='https:\/\/grupnexus.com\/wp-content\/uploads\/241107_952212771473515_6247103589846401166_o.jpg'><img width=\"150\" height=\"150\" src=\"https:\/\/grupnexus.com\/wp-content\/uploads\/241107_952212771473515_6247103589846401166_o-150x150.jpg\" class=\"attachment-thumbnail size-thumbnail\" alt=\"\" loading=\"lazy\" srcset=\"https:\/\/grupnexus.com\/wp-content\/uploads\/241107_952212771473515_6247103589846401166_o-150x150.jpg 150w, https:\/\/grupnexus.com\/wp-content\/uploads\/241107_952212771473515_6247103589846401166_o-400x400.jpg 400w, https:\/\/grupnexus.com\/wp-content\/uploads\/241107_952212771473515_6247103589846401166_o-100x100.jpg 100w, https:\/\/grupnexus.com\/wp-content\/uploads\/241107_952212771473515_6247103589846401166_o-45x45.jpg 45w\" sizes=\"(max-width: 150px) 100vw, 150px\" \/><\/a>\n\t\t\t<\/dt><\/dl><br style=\"clear: both\" \/>\n\t\t<\/div>\n\n<p>&nbsp;<\/p>\n<p>&nbsp;<\/p>\n","protected":false},"excerpt":{"rendered":"<p>&nbsp; Fin de semana solidario a la Fiesta de Buenos Prop\u00f3sitos donde nos unimos a la causa ben\u00e9fica de las ONG&#8217;s \u00c0ngel Olaran y el Centro Abierto Padre Palau, ESTALLIDO. Nuestro mejor prop\u00f3sito? Sumarnos en esta causa y ofrecer las mejores ventajas a todos los que visitasteis nuestro estand. CL\u00cdNICA NEXUS, ESENCIA SOLIDARIA &nbsp; &nbsp;&#8230;<\/p>\n","protected":false},"author":5,"featured_media":1331,"comment_status":"closed","ping_status":"closed","sticky":false,"template":"","format":"standard","meta":[],"categories":[2,358],"tags":[],"yoast_head":"<!-- This site is optimized with the Yoast SEO plugin v18.6 - https:\/\/yoast.com\/wordpress\/plugins\/seo\/ -->\n<title>Fin de semana solidario en la Diada de Bons Prop\u00f2sits<\/title>\n<meta name=\"robots\" content=\"index, follow, max-snippet:-1, max-image-preview:large, max-video-preview:-1\" \/>\n<link rel=\"canonical\" href=\"https:\/\/grupnexus.com\/es\/fin-de-semana-solidario-en-la-diada-de-bons-proposits\/\" \/>\n<meta property=\"og:locale\" content=\"es_ES\" \/>\n<meta property=\"og:type\" content=\"article\" \/>\n<meta property=\"og:title\" content=\"Fin de semana solidario en la Diada de Bons Prop\u00f2sits\" \/>\n<meta property=\"og:description\" content=\"&nbsp; Fin de semana solidario a la Fiesta de Buenos Prop\u00f3sitos donde nos unimos a la causa ben\u00e9fica de las ONG&#8217;s \u00c0ngel Olaran y el Centro Abierto Padre Palau, ESTALLIDO. Nuestro mejor prop\u00f3sito? Sumarnos en esta causa y ofrecer las mejores ventajas a todos los que visitasteis nuestro estand. CL\u00cdNICA NEXUS, ESENCIA SOLIDARIA &nbsp; &nbsp;...\" \/>\n<meta property=\"og:url\" content=\"https:\/\/grupnexus.com\/es\/fin-de-semana-solidario-en-la-diada-de-bons-proposits\/\" \/>\n<meta property=\"og:site_name\" content=\"Cl\u00ednica Nexus\" \/>\n<meta property=\"article:published_time\" content=\"2014-11-25T10:45:36+00:00\" \/>\n<meta property=\"article:modified_time\" content=\"2015-10-04T15:37:27+00:00\" \/>\n<meta property=\"og:image\" content=\"https:\/\/i0.wp.com\/grupnexus.com\/wp-content\/uploads\/10257326_952212764806849_3635335799028093138_o.jpg?fit=1080%2C720&#038;ssl=1\" \/>\n\t<meta property=\"og:image:width\" content=\"1080\" \/>\n\t<meta property=\"og:image:height\" content=\"720\" \/>\n\t<meta property=\"og:image:type\" content=\"image\/jpeg\" \/>\n<meta name=\"twitter:card\" content=\"summary\" \/>\n<meta name=\"twitter:label1\" content=\"Escrito por\" \/>\n\t<meta name=\"twitter:data1\" content=\"Nexus\" \/>\n<script type=\"application\/ld+json\" class=\"yoast-schema-graph\">{\"@context\":\"https:\/\/schema.org\",\"@graph\":[{\"@type\":\"WebSite\",\"@id\":\"https:\/\/grupnexus.com\/es\/#website\",\"url\":\"https:\/\/grupnexus.com\/es\/\",\"name\":\"Cl\u00ednica Nexus\",\"description\":\"L\u00edders en Medicina Est\u00e8tica Avan\u00e7ada\",\"potentialAction\":[{\"@type\":\"SearchAction\",\"target\":{\"@type\":\"EntryPoint\",\"urlTemplate\":\"https:\/\/grupnexus.com\/es\/?s={search_term_string}\"},\"query-input\":\"required name=search_term_string\"}],\"inLanguage\":\"es\"},{\"@type\":\"ImageObject\",\"@id\":\"https:\/\/grupnexus.com\/es\/fin-de-semana-solidario-en-la-diada-de-bons-proposits\/#primaryimage\",\"inLanguage\":\"es\",\"url\":\"https:\/\/grupnexus.com\/wp-content\/uploads\/10257326_952212764806849_3635335799028093138_o.jpg\",\"contentUrl\":\"https:\/\/grupnexus.com\/wp-content\/uploads\/10257326_952212764806849_3635335799028093138_o.jpg\",\"width\":1080,\"height\":720},{\"@type\":\"WebPage\",\"@id\":\"https:\/\/grupnexus.com\/es\/fin-de-semana-solidario-en-la-diada-de-bons-proposits\/#webpage\",\"url\":\"https:\/\/grupnexus.com\/es\/fin-de-semana-solidario-en-la-diada-de-bons-proposits\/\",\"name\":\"Fin de semana solidario en la Diada de Bons Prop\u00f2sits\",\"isPartOf\":{\"@id\":\"https:\/\/grupnexus.com\/es\/#website\"},\"primaryImageOfPage\":{\"@id\":\"https:\/\/grupnexus.com\/es\/fin-de-semana-solidario-en-la-diada-de-bons-proposits\/#primaryimage\"},\"datePublished\":\"2014-11-25T10:45:36+00:00\",\"dateModified\":\"2015-10-04T15:37:27+00:00\",\"author\":{\"@id\":\"https:\/\/grupnexus.com\/es\/#\/schema\/person\/e766a805d9eadac3ecbb8c0d3dcd3355\"},\"breadcrumb\":{\"@id\":\"https:\/\/grupnexus.com\/es\/fin-de-semana-solidario-en-la-diada-de-bons-proposits\/#breadcrumb\"},\"inLanguage\":\"es\",\"potentialAction\":[{\"@type\":\"ReadAction\",\"target\":[\"https:\/\/grupnexus.com\/es\/fin-de-semana-solidario-en-la-diada-de-bons-proposits\/\"]}]},{\"@type\":\"BreadcrumbList\",\"@id\":\"https:\/\/grupnexus.com\/es\/fin-de-semana-solidario-en-la-diada-de-bons-proposits\/#breadcrumb\",\"itemListElement\":[{\"@type\":\"ListItem\",\"position\":1,\"name\":\"Portada\",\"item\":\"https:\/\/grupnexus.com\/es\/\"},{\"@type\":\"ListItem\",\"position\":2,\"name\":\"Fin de semana solidario en la Diada de Bons Prop\u00f2sits\"}]},{\"@type\":\"Person\",\"@id\":\"https:\/\/grupnexus.com\/es\/#\/schema\/person\/e766a805d9eadac3ecbb8c0d3dcd3355\",\"name\":\"Nexus\",\"image\":{\"@type\":\"ImageObject\",\"@id\":\"https:\/\/grupnexus.com\/es\/#personlogo\",\"inLanguage\":\"es\",\"url\":\"https:\/\/secure.gravatar.com\/avatar\/8d9fa4540dd1ce6a7ed07044eb5f16c9?s=96&d=mm&r=g\",\"contentUrl\":\"https:\/\/secure.gravatar.com\/avatar\/8d9fa4540dd1ce6a7ed07044eb5f16c9?s=96&d=mm&r=g\",\"caption\":\"Nexus\"}}]}<\/script>\n<!-- \/ Yoast SEO plugin. -->","yoast_head_json":{"title":"Fin de semana solidario en la Diada de Bons Prop\u00f2sits","robots":{"index":"index","follow":"follow","max-snippet":"max-snippet:-1","max-image-preview":"max-image-preview:large","max-video-preview":"max-video-preview:-1"},"canonical":"https:\/\/grupnexus.com\/es\/fin-de-semana-solidario-en-la-diada-de-bons-proposits\/","og_locale":"es_ES","og_type":"article","og_title":"Fin de semana solidario en la Diada de Bons Prop\u00f2sits","og_description":"&nbsp; Fin de semana solidario a la Fiesta de Buenos Prop\u00f3sitos donde nos unimos a la causa ben\u00e9fica de las ONG&#8217;s \u00c0ngel Olaran y el Centro Abierto Padre Palau, ESTALLIDO. Nuestro mejor prop\u00f3sito? Sumarnos en esta causa y ofrecer las mejores ventajas a todos los que visitasteis nuestro estand. CL\u00cdNICA NEXUS, ESENCIA SOLIDARIA &nbsp; &nbsp;...","og_url":"https:\/\/grupnexus.com\/es\/fin-de-semana-solidario-en-la-diada-de-bons-proposits\/","og_site_name":"Cl\u00ednica Nexus","article_published_time":"2014-11-25T10:45:36+00:00","article_modified_time":"2015-10-04T15:37:27+00:00","og_image":[{"width":1080,"height":720,"url":"https:\/\/i0.wp.com\/grupnexus.com\/wp-content\/uploads\/10257326_952212764806849_3635335799028093138_o.jpg?fit=1080%2C720&ssl=1","type":"image\/jpeg"}],"twitter_card":"summary","twitter_misc":{"Escrito por":"Nexus"},"schema":{"@context":"https:\/\/schema.org","@graph":[{"@type":"WebSite","@id":"https:\/\/grupnexus.com\/es\/#website","url":"https:\/\/grupnexus.com\/es\/","name":"Cl\u00ednica Nexus","description":"L\u00edders en Medicina Est\u00e8tica Avan\u00e7ada","potentialAction":[{"@type":"SearchAction","target":{"@type":"EntryPoint","urlTemplate":"https:\/\/grupnexus.com\/es\/?s={search_term_string}"},"query-input":"required name=search_term_string"}],"inLanguage":"es"},{"@type":"ImageObject","@id":"https:\/\/grupnexus.com\/es\/fin-de-semana-solidario-en-la-diada-de-bons-proposits\/#primaryimage","inLanguage":"es","url":"https:\/\/grupnexus.com\/wp-content\/uploads\/10257326_952212764806849_3635335799028093138_o.jpg","contentUrl":"https:\/\/grupnexus.com\/wp-content\/uploads\/10257326_952212764806849_3635335799028093138_o.jpg","width":1080,"height":720},{"@type":"WebPage","@id":"https:\/\/grupnexus.com\/es\/fin-de-semana-solidario-en-la-diada-de-bons-proposits\/#webpage","url":"https:\/\/grupnexus.com\/es\/fin-de-semana-solidario-en-la-diada-de-bons-proposits\/","name":"Fin de semana solidario en la Diada de Bons Prop\u00f2sits","isPartOf":{"@id":"https:\/\/grupnexus.com\/es\/#website"},"primaryImageOfPage":{"@id":"https:\/\/grupnexus.com\/es\/fin-de-semana-solidario-en-la-diada-de-bons-proposits\/#primaryimage"},"datePublished":"2014-11-25T10:45:36+00:00","dateModified":"2015-10-04T15:37:27+00:00","author":{"@id":"https:\/\/grupnexus.com\/es\/#\/schema\/person\/e766a805d9eadac3ecbb8c0d3dcd3355"},"breadcrumb":{"@id":"https:\/\/grupnexus.com\/es\/fin-de-semana-solidario-en-la-diada-de-bons-proposits\/#breadcrumb"},"inLanguage":"es","potentialAction":[{"@type":"ReadAction","target":["https:\/\/grupnexus.com\/es\/fin-de-semana-solidario-en-la-diada-de-bons-proposits\/"]}]},{"@type":"BreadcrumbList","@id":"https:\/\/grupnexus.com\/es\/fin-de-semana-solidario-en-la-diada-de-bons-proposits\/#breadcrumb","itemListElement":[{"@type":"ListItem","position":1,"name":"Portada","item":"https:\/\/grupnexus.com\/es\/"},{"@type":"ListItem","position":2,"name":"Fin de semana solidario en la Diada de Bons Prop\u00f2sits"}]},{"@type":"Person","@id":"https:\/\/grupnexus.com\/es\/#\/schema\/person\/e766a805d9eadac3ecbb8c0d3dcd3355","name":"Nexus","image":{"@type":"ImageObject","@id":"https:\/\/grupnexus.com\/es\/#personlogo","inLanguage":"es","url":"https:\/\/secure.gravatar.com\/avatar\/8d9fa4540dd1ce6a7ed07044eb5f16c9?s=96&d=mm&r=g","contentUrl":"https:\/\/secure.gravatar.com\/avatar\/8d9fa4540dd1ce6a7ed07044eb5f16c9?s=96&d=mm&r=g","caption":"Nexus"}}]}},"_links":{"self":[{"href":"https:\/\/grupnexus.com\/es\/wp-json\/wp\/v2\/posts\/1449"}],"collection":[{"href":"https:\/\/grupnexus.com\/es\/wp-json\/wp\/v2\/posts"}],"about":[{"href":"https:\/\/grupnexus.com\/es\/wp-json\/wp\/v2\/types\/post"}],"author":[{"embeddable":true,"href":"https:\/\/grupnexus.com\/es\/wp-json\/wp\/v2\/users\/5"}],"replies":[{"embeddable":true,"href":"https:\/\/grupnexus.com\/es\/wp-json\/wp\/v2\/comments?post=1449"}],"version-history":[{"count":0,"href":"https:\/\/grupnexus.com\/es\/wp-json\/wp\/v2\/posts\/1449\/revisions"}],"wp:featuredmedia":[{"embeddable":true,"href":"https:\/\/grupnexus.com\/es\/wp-json\/wp\/v2\/media\/1331"}],"wp:attachment":[{"href":"https:\/\/grupnexus.com\/es\/wp-json\/wp\/v2\/media?parent=1449"}],"wp:term":[{"taxonomy":"category","embeddable":true,"href":"https:\/\/grupnexus.com\/es\/wp-json\/wp\/v2\/categories?post=1449"},{"taxonomy":"post_tag","embeddable":true,"href":"https:\/\/grupnexus.com\/es\/wp-json\/wp\/v2\/tags?post=1449"}],"curies":[{"name":"wp","href":"https:\/\/api.w.org\/{rel}","templated":true}]}}