{"id":1457,"date":"2014-08-21T11:24:10","date_gmt":"2014-08-21T10:24:10","guid":{"rendered":"http:\/\/www.grupnexus.com\/jornades-de-montanya-2\/"},"modified":"2015-10-04T17:46:35","modified_gmt":"2015-10-04T15:46:35","slug":"jornadas-de-montana","status":"publish","type":"post","link":"https:\/\/grupnexus.com\/es\/jornadas-de-montana\/","title":{"rendered":"JORNADAS DE MONTA\u00d1A"},"content":{"rendered":"<p>&nbsp;<\/p>\n<p>Las primeras Jornadas de Monta\u00f1a\/Jornadas para la excelencia, en que\u00a0Nexus ha querido colaborar con su apoyo. Un proyecto para desarrollar los valores de excelencia profesional de las empresas. Cl\u00ednica Nexus, como siempre, junto a ideas innovadoras y emprendedoras!<\/p>\n<p>Hoy se acontece una cita de referencia en Esterri d&#8217;\u00c0neu, las primeras Jornadas de Monta\u00f1a\/Jornadas para la excelencia, en que Nexus ha querido colaborar con su apoyo. Un proyecto para desarrollar los valores de excelencia profesional de las empresas. Cl\u00ednica Nexus, como siempre, junto a ideas innovadoras y emprendedoras!<\/p>\n<p>&nbsp;<\/p>\n<p>&nbsp;<\/p>\n<p>&nbsp;<\/p>\n","protected":false},"excerpt":{"rendered":"<p>&nbsp; Las primeras Jornadas de Monta\u00f1a\/Jornadas para la excelencia, en que\u00a0Nexus ha querido colaborar con su apoyo. Un proyecto para desarrollar los valores de excelencia profesional de las empresas. Cl\u00ednica Nexus, como siempre, junto a ideas innovadoras y emprendedoras! Hoy se acontece una cita de referencia en Esterri d&#8217;\u00c0neu, las primeras Jornadas de Monta\u00f1a\/Jornadas para&#8230;<\/p>\n","protected":false},"author":5,"featured_media":0,"comment_status":"closed","ping_status":"closed","sticky":false,"template":"","format":"standard","meta":[],"categories":[2,526],"tags":[],"yoast_head":"<!-- This site is optimized with the Yoast SEO plugin v18.6 - https:\/\/yoast.com\/wordpress\/plugins\/seo\/ -->\n<title>JORNADAS DE MONTA\u00d1A<\/title>\n<meta name=\"robots\" content=\"index, follow, max-snippet:-1, max-image-preview:large, max-video-preview:-1\" \/>\n<link rel=\"canonical\" href=\"https:\/\/grupnexus.com\/es\/jornadas-de-montana\/\" \/>\n<meta property=\"og:locale\" content=\"es_ES\" \/>\n<meta property=\"og:type\" content=\"article\" \/>\n<meta property=\"og:title\" content=\"JORNADAS DE MONTA\u00d1A\" \/>\n<meta property=\"og:description\" content=\"&nbsp; Las primeras Jornadas de Monta\u00f1a\/Jornadas para la excelencia, en que\u00a0Nexus ha querido colaborar con su apoyo. Un proyecto para desarrollar los valores de excelencia profesional de las empresas. Cl\u00ednica Nexus, como siempre, junto a ideas innovadoras y emprendedoras! Hoy se acontece una cita de referencia en Esterri d&#8217;\u00c0neu, las primeras Jornadas de Monta\u00f1a\/Jornadas para...\" \/>\n<meta property=\"og:url\" content=\"https:\/\/grupnexus.com\/es\/jornadas-de-montana\/\" \/>\n<meta property=\"og:site_name\" content=\"Cl\u00ednica Nexus\" \/>\n<meta property=\"article:published_time\" content=\"2014-08-21T10:24:10+00:00\" \/>\n<meta property=\"article:modified_time\" content=\"2015-10-04T15:46:35+00:00\" \/>\n<meta name=\"twitter:card\" content=\"summary\" \/>\n<meta name=\"twitter:label1\" content=\"Escrito por\" \/>\n\t<meta name=\"twitter:data1\" content=\"Nexus\" \/>\n<script type=\"application\/ld+json\" class=\"yoast-schema-graph\">{\"@context\":\"https:\/\/schema.org\",\"@graph\":[{\"@type\":\"WebSite\",\"@id\":\"https:\/\/grupnexus.com\/es\/#website\",\"url\":\"https:\/\/grupnexus.com\/es\/\",\"name\":\"Cl\u00ednica Nexus\",\"description\":\"L\u00edders en Medicina Est\u00e8tica Avan\u00e7ada\",\"potentialAction\":[{\"@type\":\"SearchAction\",\"target\":{\"@type\":\"EntryPoint\",\"urlTemplate\":\"https:\/\/grupnexus.com\/es\/?s={search_term_string}\"},\"query-input\":\"required name=search_term_string\"}],\"inLanguage\":\"es\"},{\"@type\":\"WebPage\",\"@id\":\"https:\/\/grupnexus.com\/es\/jornadas-de-montana\/#webpage\",\"url\":\"https:\/\/grupnexus.com\/es\/jornadas-de-montana\/\",\"name\":\"JORNADAS DE MONTA\u00d1A\",\"isPartOf\":{\"@id\":\"https:\/\/grupnexus.com\/es\/#website\"},\"datePublished\":\"2014-08-21T10:24:10+00:00\",\"dateModified\":\"2015-10-04T15:46:35+00:00\",\"author\":{\"@id\":\"https:\/\/grupnexus.com\/es\/#\/schema\/person\/e766a805d9eadac3ecbb8c0d3dcd3355\"},\"breadcrumb\":{\"@id\":\"https:\/\/grupnexus.com\/es\/jornadas-de-montana\/#breadcrumb\"},\"inLanguage\":\"es\",\"potentialAction\":[{\"@type\":\"ReadAction\",\"target\":[\"https:\/\/grupnexus.com\/es\/jornadas-de-montana\/\"]}]},{\"@type\":\"BreadcrumbList\",\"@id\":\"https:\/\/grupnexus.com\/es\/jornadas-de-montana\/#breadcrumb\",\"itemListElement\":[{\"@type\":\"ListItem\",\"position\":1,\"name\":\"Portada\",\"item\":\"https:\/\/grupnexus.com\/es\/\"},{\"@type\":\"ListItem\",\"position\":2,\"name\":\"JORNADAS DE MONTA\u00d1A\"}]},{\"@type\":\"Person\",\"@id\":\"https:\/\/grupnexus.com\/es\/#\/schema\/person\/e766a805d9eadac3ecbb8c0d3dcd3355\",\"name\":\"Nexus\",\"image\":{\"@type\":\"ImageObject\",\"@id\":\"https:\/\/grupnexus.com\/es\/#personlogo\",\"inLanguage\":\"es\",\"url\":\"https:\/\/secure.gravatar.com\/avatar\/8d9fa4540dd1ce6a7ed07044eb5f16c9?s=96&d=mm&r=g\",\"contentUrl\":\"https:\/\/secure.gravatar.com\/avatar\/8d9fa4540dd1ce6a7ed07044eb5f16c9?s=96&d=mm&r=g\",\"caption\":\"Nexus\"}}]}<\/script>\n<!-- \/ Yoast SEO plugin. -->","yoast_head_json":{"title":"JORNADAS DE MONTA\u00d1A","robots":{"index":"index","follow":"follow","max-snippet":"max-snippet:-1","max-image-preview":"max-image-preview:large","max-video-preview":"max-video-preview:-1"},"canonical":"https:\/\/grupnexus.com\/es\/jornadas-de-montana\/","og_locale":"es_ES","og_type":"article","og_title":"JORNADAS DE MONTA\u00d1A","og_description":"&nbsp; Las primeras Jornadas de Monta\u00f1a\/Jornadas para la excelencia, en que\u00a0Nexus ha querido colaborar con su apoyo. Un proyecto para desarrollar los valores de excelencia profesional de las empresas. Cl\u00ednica Nexus, como siempre, junto a ideas innovadoras y emprendedoras! Hoy se acontece una cita de referencia en Esterri d&#8217;\u00c0neu, las primeras Jornadas de Monta\u00f1a\/Jornadas para...","og_url":"https:\/\/grupnexus.com\/es\/jornadas-de-montana\/","og_site_name":"Cl\u00ednica Nexus","article_published_time":"2014-08-21T10:24:10+00:00","article_modified_time":"2015-10-04T15:46:35+00:00","twitter_card":"summary","twitter_misc":{"Escrito por":"Nexus"},"schema":{"@context":"https:\/\/schema.org","@graph":[{"@type":"WebSite","@id":"https:\/\/grupnexus.com\/es\/#website","url":"https:\/\/grupnexus.com\/es\/","name":"Cl\u00ednica Nexus","description":"L\u00edders en Medicina Est\u00e8tica Avan\u00e7ada","potentialAction":[{"@type":"SearchAction","target":{"@type":"EntryPoint","urlTemplate":"https:\/\/grupnexus.com\/es\/?s={search_term_string}"},"query-input":"required name=search_term_string"}],"inLanguage":"es"},{"@type":"WebPage","@id":"https:\/\/grupnexus.com\/es\/jornadas-de-montana\/#webpage","url":"https:\/\/grupnexus.com\/es\/jornadas-de-montana\/","name":"JORNADAS DE MONTA\u00d1A","isPartOf":{"@id":"https:\/\/grupnexus.com\/es\/#website"},"datePublished":"2014-08-21T10:24:10+00:00","dateModified":"2015-10-04T15:46:35+00:00","author":{"@id":"https:\/\/grupnexus.com\/es\/#\/schema\/person\/e766a805d9eadac3ecbb8c0d3dcd3355"},"breadcrumb":{"@id":"https:\/\/grupnexus.com\/es\/jornadas-de-montana\/#breadcrumb"},"inLanguage":"es","potentialAction":[{"@type":"ReadAction","target":["https:\/\/grupnexus.com\/es\/jornadas-de-montana\/"]}]},{"@type":"BreadcrumbList","@id":"https:\/\/grupnexus.com\/es\/jornadas-de-montana\/#breadcrumb","itemListElement":[{"@type":"ListItem","position":1,"name":"Portada","item":"https:\/\/grupnexus.com\/es\/"},{"@type":"ListItem","position":2,"name":"JORNADAS DE MONTA\u00d1A"}]},{"@type":"Person","@id":"https:\/\/grupnexus.com\/es\/#\/schema\/person\/e766a805d9eadac3ecbb8c0d3dcd3355","name":"Nexus","image":{"@type":"ImageObject","@id":"https:\/\/grupnexus.com\/es\/#personlogo","inLanguage":"es","url":"https:\/\/secure.gravatar.com\/avatar\/8d9fa4540dd1ce6a7ed07044eb5f16c9?s=96&d=mm&r=g","contentUrl":"https:\/\/secure.gravatar.com\/avatar\/8d9fa4540dd1ce6a7ed07044eb5f16c9?s=96&d=mm&r=g","caption":"Nexus"}}]}},"_links":{"self":[{"href":"https:\/\/grupnexus.com\/es\/wp-json\/wp\/v2\/posts\/1457"}],"collection":[{"href":"https:\/\/grupnexus.com\/es\/wp-json\/wp\/v2\/posts"}],"about":[{"href":"https:\/\/grupnexus.com\/es\/wp-json\/wp\/v2\/types\/post"}],"author":[{"embeddable":true,"href":"https:\/\/grupnexus.com\/es\/wp-json\/wp\/v2\/users\/5"}],"replies":[{"embeddable":true,"href":"https:\/\/grupnexus.com\/es\/wp-json\/wp\/v2\/comments?post=1457"}],"version-history":[{"count":0,"href":"https:\/\/grupnexus.com\/es\/wp-json\/wp\/v2\/posts\/1457\/revisions"}],"wp:attachment":[{"href":"https:\/\/grupnexus.com\/es\/wp-json\/wp\/v2\/media?parent=1457"}],"wp:term":[{"taxonomy":"category","embeddable":true,"href":"https:\/\/grupnexus.com\/es\/wp-json\/wp\/v2\/categories?post=1457"},{"taxonomy":"post_tag","embeddable":true,"href":"https:\/\/grupnexus.com\/es\/wp-json\/wp\/v2\/tags?post=1457"}],"curies":[{"name":"wp","href":"https:\/\/api.w.org\/{rel}","templated":true}]}}