{"id":14854,"date":"2018-02-19T11:03:28","date_gmt":"2018-02-19T09:03:28","guid":{"rendered":"http:\/\/www.grupnexus.com\/?p=14854\/"},"modified":"2018-09-10T17:01:30","modified_gmt":"2018-09-10T15:01:30","slug":"depilacion-laser-testimonio-laiaviudez","status":"publish","type":"post","link":"https:\/\/grupnexus.com\/es\/depilacion-laser-testimonio-laiaviudez\/","title":{"rendered":"Laia Viudez: \u201cHe conseguido olvidarme de la depilaci\u00f3n\u201d"},"content":{"rendered":"<p>\u201cDesde muy jovencita la depilaci\u00f3n fue mi gran pesadilla porque ten\u00eda mucho vello y tuve que recurrir a las t\u00e9cnicas de la cera, cremas y hojas\u00a0depilatorias\u00a0desde la edad de los 12 a\u00f1os. Recuerdo que la cera era tan dolorosa que a partir de los 20 las cuchillas\u00a0se convirtieron en mis eternas aliadas, puesto que me rasuraba casi cada d\u00eda para no notar que pinchaba. Ahora tengo 30 y puedo decir que <strong>me he olvidado gracias a Cl\u00ednica\u00a0<\/strong><strong>Nexus!\u201d<\/strong><strong>\u00a0<\/strong><\/p>\n<p>\u201cCuando uno piensa en la depilaci\u00f3n l\u00e1ser lo primero que le viene a la cabeza es si ser\u00e1 un m\u00e9todo molesto, si ser\u00e1 muy caro o si tendr\u00e1 alg\u00fan efecto secundario; a m\u00ed me vinieron a la cabeza todas estas dudas, pero <strong>el que ten\u00eda muy claro era que quer\u00eda un centro de confianza con tecnolog\u00eda avanzada y personal cualificado.<\/strong> As\u00ed que, confi\u00e9 en las buenas referencias que me hab\u00edan llegado de Cl\u00ednica\u00a0Nexus, y ya en la primera visita informativa pude corroborar su profesionalidad. Fui atendida por <strong>la directora gerente, Montse Monjo, quien me efectu\u00f3 un an\u00e1lisis previo de mi\u00a0<\/strong><strong>fototipo\u00a0de piel y de mi pelo<\/strong>. R\u00e1pidamente identific\u00f3 que soy una persona que me gusta mantener un cierto bronceado durante todo el a\u00f1o pero me inform\u00f3 que este hecho, no supon\u00eda ning\u00fan inconveniente puesto que <strong>de entre los 10 sistemas de depilaci\u00f3n l\u00e1ser m\u00e9dico que disponen, existen espec\u00edficos para trabajar con\u00a0<\/strong><strong>fototipos\u00a0altos y bronceados.<\/strong><\/p>\n<p>&nbsp;<\/p>\n<p><img loading=\"lazy\" class=\"size-large wp-image-14843 aligncenter\" src=\"https:\/\/grupnexus.com\/wp-content\/uploads\/2018\/02\/2.Laia-tract.-1024x472.jpg\" alt=\"depilaci\u00f3 l\u00e0ser nexus\" width=\"1024\" height=\"472\" srcset=\"https:\/\/grupnexus.com\/wp-content\/uploads\/2018\/02\/2.Laia-tract.-1024x472.jpg 1024w, https:\/\/grupnexus.com\/wp-content\/uploads\/2018\/02\/2.Laia-tract.-510x235.jpg 510w, https:\/\/grupnexus.com\/wp-content\/uploads\/2018\/02\/2.Laia-tract.-300x138.jpg 300w, https:\/\/grupnexus.com\/wp-content\/uploads\/2018\/02\/2.Laia-tract.-768x354.jpg 768w, https:\/\/grupnexus.com\/wp-content\/uploads\/2018\/02\/2.Laia-tract.-1140x526.jpg 1140w, https:\/\/grupnexus.com\/wp-content\/uploads\/2018\/02\/2.Laia-tract.-555x256.jpg 555w, https:\/\/grupnexus.com\/wp-content\/uploads\/2018\/02\/2.Laia-tract.-360x166.jpg 360w, https:\/\/grupnexus.com\/wp-content\/uploads\/2018\/02\/2.Laia-tract.-262x121.jpg 262w\" sizes=\"(max-width: 1024px) 100vw, 1024px\" \/><\/p>\n<p>&nbsp;<\/p>\n<p>&nbsp;<\/p>\n<p>\u201cA partir de esta visita todo fueron ventajas. En mi primera sesi\u00f3n, no sent\u00ed ni la mitad de dolor que con la cera y, en pocas semanas, mi vello se debilit\u00f3. De una sesi\u00f3n a otra han de pasar unos meses, y a medida que el pelo va desapareciendo, cambian de sistema l\u00e1ser para evitar el estancamiento y poder eliminar, tambi\u00e9n, el pelo fino y residual. <strong>En pocas sesiones puedo afirmar que mi pelo ha desaparecido gracias a la profesionalidad, personalizaci\u00f3n y control m\u00e9dico de todo el equipo de\u00a0<\/strong><strong>Nexus<\/strong>\u201d<\/p>\n<p>&nbsp;<\/p>\n<p><strong><img loading=\"lazy\" class=\"alignright wp-image-14844\" src=\"https:\/\/grupnexus.com\/wp-content\/uploads\/2018\/02\/3.Sala-L\u00e0sers-1024x576.jpg\" alt=\"depilaci\u00f3 laser \" width=\"500\" height=\"281\" srcset=\"https:\/\/grupnexus.com\/wp-content\/uploads\/2018\/02\/3.Sala-L\u00e0sers-1024x576.jpg 1024w, https:\/\/grupnexus.com\/wp-content\/uploads\/2018\/02\/3.Sala-L\u00e0sers-510x287.jpg 510w, https:\/\/grupnexus.com\/wp-content\/uploads\/2018\/02\/3.Sala-L\u00e0sers-300x169.jpg 300w, https:\/\/grupnexus.com\/wp-content\/uploads\/2018\/02\/3.Sala-L\u00e0sers-768x432.jpg 768w, https:\/\/grupnexus.com\/wp-content\/uploads\/2018\/02\/3.Sala-L\u00e0sers-1140x641.jpg 1140w, https:\/\/grupnexus.com\/wp-content\/uploads\/2018\/02\/3.Sala-L\u00e0sers-555x312.jpg 555w, https:\/\/grupnexus.com\/wp-content\/uploads\/2018\/02\/3.Sala-L\u00e0sers-360x203.jpg 360w, https:\/\/grupnexus.com\/wp-content\/uploads\/2018\/02\/3.Sala-L\u00e0sers-262x147.jpg 262w, https:\/\/grupnexus.com\/wp-content\/uploads\/2018\/02\/3.Sala-L\u00e0sers.jpg 1920w\" sizes=\"(max-width: 500px) 100vw, 500px\" \/><\/strong><\/p>\n<p><strong>\u201cLo recomiendo a todas aquellas personas que quieren olvidarse de la depilaci\u00f3n y sentirse con una piel suave cada d\u00eda. Es una comodidad excepcional.<\/strong> En cualquier momento estoy lista para ir a la piscina, ponerme unos pantalones cortos o preparada para que me acaricien la piel.\u201d<\/p>\n<p>&nbsp;<\/p>\n<p>&nbsp;<\/p>\n<p>&nbsp;<\/p>\n<p><em>Quiz\u00e1s estabas buscando:<\/em><\/p>\n<p><em>Depilaci\u00f3n l\u00e1ser Lleida, depilaci\u00f3n l\u00e1ser m\u00e9dica Lleida, cl\u00ednica profesional depilaci\u00f3n l\u00e1ser, centro especializado en depilaci\u00f3n l\u00e1ser m\u00e9dica en Lleida.<\/em><\/p>\n","protected":false},"excerpt":{"rendered":"<p>\u201cDesde muy jovencita la depilaci\u00f3n fue mi gran pesadilla porque ten\u00eda mucho vello y tuve que recurrir a las t\u00e9cnicas de la cera, cremas y hojas\u00a0depilatorias\u00a0desde la edad de los 12 a\u00f1os. Recuerdo que la cera era tan dolorosa que a partir de los 20 las cuchillas\u00a0se convirtieron en mis eternas aliadas, puesto que me&#8230;<\/p>\n","protected":false},"author":6,"featured_media":14842,"comment_status":"closed","ping_status":"closed","sticky":false,"template":"","format":"standard","meta":[],"categories":[2,464],"tags":[504],"yoast_head":"<!-- This site is optimized with the Yoast SEO plugin v18.6 - https:\/\/yoast.com\/wordpress\/plugins\/seo\/ -->\n<title>Depilaci\u00f3n l\u00e1ser m\u00e9dica - Testimonio Laia<\/title>\n<meta name=\"robots\" content=\"index, follow, max-snippet:-1, max-image-preview:large, max-video-preview:-1\" \/>\n<link rel=\"canonical\" href=\"https:\/\/grupnexus.com\/es\/depilacion-laser-testimonio-laiaviudez\/\" \/>\n<meta property=\"og:locale\" content=\"es_ES\" \/>\n<meta property=\"og:type\" content=\"article\" \/>\n<meta property=\"og:title\" content=\"Depilaci\u00f3n l\u00e1ser m\u00e9dica - Testimonio Laia\" \/>\n<meta property=\"og:description\" content=\"\u201cDesde muy jovencita la depilaci\u00f3n fue mi gran pesadilla porque ten\u00eda mucho vello y tuve que recurrir a las t\u00e9cnicas de la cera, cremas y hojas\u00a0depilatorias\u00a0desde la edad de los 12 a\u00f1os. Recuerdo que la cera era tan dolorosa que a partir de los 20 las cuchillas\u00a0se convirtieron en mis eternas aliadas, puesto que me...\" \/>\n<meta property=\"og:url\" content=\"https:\/\/grupnexus.com\/es\/depilacion-laser-testimonio-laiaviudez\/\" \/>\n<meta property=\"og:site_name\" content=\"Cl\u00ednica Nexus\" \/>\n<meta property=\"article:published_time\" content=\"2018-02-19T09:03:28+00:00\" \/>\n<meta property=\"article:modified_time\" content=\"2018-09-10T15:01:30+00:00\" \/>\n<meta property=\"og:image\" content=\"https:\/\/i0.wp.com\/grupnexus.com\/wp-content\/uploads\/2018\/02\/1.Laia_.jpg?fit=1600%2C1200&#038;ssl=1\" \/>\n\t<meta property=\"og:image:width\" content=\"1600\" \/>\n\t<meta property=\"og:image:height\" content=\"1200\" \/>\n\t<meta property=\"og:image:type\" content=\"image\/jpeg\" \/>\n<meta name=\"twitter:card\" content=\"summary\" \/>\n<meta name=\"twitter:label1\" content=\"Escrito por\" \/>\n\t<meta name=\"twitter:data1\" content=\"Cl\u00ednica Nexus\" \/>\n\t<meta name=\"twitter:label2\" content=\"Tiempo de lectura\" \/>\n\t<meta name=\"twitter:data2\" content=\"2 minutos\" \/>\n<script type=\"application\/ld+json\" class=\"yoast-schema-graph\">{\"@context\":\"https:\/\/schema.org\",\"@graph\":[{\"@type\":\"WebSite\",\"@id\":\"https:\/\/grupnexus.com\/es\/#website\",\"url\":\"https:\/\/grupnexus.com\/es\/\",\"name\":\"Cl\u00ednica Nexus\",\"description\":\"L\u00edders en Medicina Est\u00e8tica Avan\u00e7ada\",\"potentialAction\":[{\"@type\":\"SearchAction\",\"target\":{\"@type\":\"EntryPoint\",\"urlTemplate\":\"https:\/\/grupnexus.com\/es\/?s={search_term_string}\"},\"query-input\":\"required name=search_term_string\"}],\"inLanguage\":\"es\"},{\"@type\":\"ImageObject\",\"@id\":\"https:\/\/grupnexus.com\/es\/depilacion-laser-testimonio-laiaviudez\/#primaryimage\",\"inLanguage\":\"es\",\"url\":\"https:\/\/grupnexus.com\/wp-content\/uploads\/2018\/02\/1.Laia_.jpg\",\"contentUrl\":\"https:\/\/grupnexus.com\/wp-content\/uploads\/2018\/02\/1.Laia_.jpg\",\"width\":1600,\"height\":1200,\"caption\":\"testimoni Laia\"},{\"@type\":\"WebPage\",\"@id\":\"https:\/\/grupnexus.com\/es\/depilacion-laser-testimonio-laiaviudez\/#webpage\",\"url\":\"https:\/\/grupnexus.com\/es\/depilacion-laser-testimonio-laiaviudez\/\",\"name\":\"Depilaci\u00f3n l\u00e1ser m\u00e9dica - Testimonio Laia\",\"isPartOf\":{\"@id\":\"https:\/\/grupnexus.com\/es\/#website\"},\"primaryImageOfPage\":{\"@id\":\"https:\/\/grupnexus.com\/es\/depilacion-laser-testimonio-laiaviudez\/#primaryimage\"},\"datePublished\":\"2018-02-19T09:03:28+00:00\",\"dateModified\":\"2018-09-10T15:01:30+00:00\",\"author\":{\"@id\":\"https:\/\/grupnexus.com\/es\/#\/schema\/person\/7d42f30e6bd203d23a2c1613b51145c3\"},\"breadcrumb\":{\"@id\":\"https:\/\/grupnexus.com\/es\/depilacion-laser-testimonio-laiaviudez\/#breadcrumb\"},\"inLanguage\":\"es\",\"potentialAction\":[{\"@type\":\"ReadAction\",\"target\":[\"https:\/\/grupnexus.com\/es\/depilacion-laser-testimonio-laiaviudez\/\"]}]},{\"@type\":\"BreadcrumbList\",\"@id\":\"https:\/\/grupnexus.com\/es\/depilacion-laser-testimonio-laiaviudez\/#breadcrumb\",\"itemListElement\":[{\"@type\":\"ListItem\",\"position\":1,\"name\":\"Portada\",\"item\":\"https:\/\/grupnexus.com\/es\/\"},{\"@type\":\"ListItem\",\"position\":2,\"name\":\"Laia Viudez: \u201cHe conseguido olvidarme de la depilaci\u00f3n\u201d\"}]},{\"@type\":\"Person\",\"@id\":\"https:\/\/grupnexus.com\/es\/#\/schema\/person\/7d42f30e6bd203d23a2c1613b51145c3\",\"name\":\"Cl\u00ednica Nexus\",\"image\":{\"@type\":\"ImageObject\",\"@id\":\"https:\/\/grupnexus.com\/es\/#personlogo\",\"inLanguage\":\"es\",\"url\":\"https:\/\/secure.gravatar.com\/avatar\/f1f98ef0d641a3a6af0accea5a5971ef?s=96&d=mm&r=g\",\"contentUrl\":\"https:\/\/secure.gravatar.com\/avatar\/f1f98ef0d641a3a6af0accea5a5971ef?s=96&d=mm&r=g\",\"caption\":\"Cl\u00ednica Nexus\"}}]}<\/script>\n<!-- \/ Yoast SEO plugin. -->","yoast_head_json":{"title":"Depilaci\u00f3n l\u00e1ser m\u00e9dica - Testimonio Laia","robots":{"index":"index","follow":"follow","max-snippet":"max-snippet:-1","max-image-preview":"max-image-preview:large","max-video-preview":"max-video-preview:-1"},"canonical":"https:\/\/grupnexus.com\/es\/depilacion-laser-testimonio-laiaviudez\/","og_locale":"es_ES","og_type":"article","og_title":"Depilaci\u00f3n l\u00e1ser m\u00e9dica - Testimonio Laia","og_description":"\u201cDesde muy jovencita la depilaci\u00f3n fue mi gran pesadilla porque ten\u00eda mucho vello y tuve que recurrir a las t\u00e9cnicas de la cera, cremas y hojas\u00a0depilatorias\u00a0desde la edad de los 12 a\u00f1os. Recuerdo que la cera era tan dolorosa que a partir de los 20 las cuchillas\u00a0se convirtieron en mis eternas aliadas, puesto que me...","og_url":"https:\/\/grupnexus.com\/es\/depilacion-laser-testimonio-laiaviudez\/","og_site_name":"Cl\u00ednica Nexus","article_published_time":"2018-02-19T09:03:28+00:00","article_modified_time":"2018-09-10T15:01:30+00:00","og_image":[{"width":1600,"height":1200,"url":"https:\/\/i0.wp.com\/grupnexus.com\/wp-content\/uploads\/2018\/02\/1.Laia_.jpg?fit=1600%2C1200&ssl=1","type":"image\/jpeg"}],"twitter_card":"summary","twitter_misc":{"Escrito por":"Cl\u00ednica Nexus","Tiempo de lectura":"2 minutos"},"schema":{"@context":"https:\/\/schema.org","@graph":[{"@type":"WebSite","@id":"https:\/\/grupnexus.com\/es\/#website","url":"https:\/\/grupnexus.com\/es\/","name":"Cl\u00ednica Nexus","description":"L\u00edders en Medicina Est\u00e8tica Avan\u00e7ada","potentialAction":[{"@type":"SearchAction","target":{"@type":"EntryPoint","urlTemplate":"https:\/\/grupnexus.com\/es\/?s={search_term_string}"},"query-input":"required name=search_term_string"}],"inLanguage":"es"},{"@type":"ImageObject","@id":"https:\/\/grupnexus.com\/es\/depilacion-laser-testimonio-laiaviudez\/#primaryimage","inLanguage":"es","url":"https:\/\/grupnexus.com\/wp-content\/uploads\/2018\/02\/1.Laia_.jpg","contentUrl":"https:\/\/grupnexus.com\/wp-content\/uploads\/2018\/02\/1.Laia_.jpg","width":1600,"height":1200,"caption":"testimoni Laia"},{"@type":"WebPage","@id":"https:\/\/grupnexus.com\/es\/depilacion-laser-testimonio-laiaviudez\/#webpage","url":"https:\/\/grupnexus.com\/es\/depilacion-laser-testimonio-laiaviudez\/","name":"Depilaci\u00f3n l\u00e1ser m\u00e9dica - Testimonio Laia","isPartOf":{"@id":"https:\/\/grupnexus.com\/es\/#website"},"primaryImageOfPage":{"@id":"https:\/\/grupnexus.com\/es\/depilacion-laser-testimonio-laiaviudez\/#primaryimage"},"datePublished":"2018-02-19T09:03:28+00:00","dateModified":"2018-09-10T15:01:30+00:00","author":{"@id":"https:\/\/grupnexus.com\/es\/#\/schema\/person\/7d42f30e6bd203d23a2c1613b51145c3"},"breadcrumb":{"@id":"https:\/\/grupnexus.com\/es\/depilacion-laser-testimonio-laiaviudez\/#breadcrumb"},"inLanguage":"es","potentialAction":[{"@type":"ReadAction","target":["https:\/\/grupnexus.com\/es\/depilacion-laser-testimonio-laiaviudez\/"]}]},{"@type":"BreadcrumbList","@id":"https:\/\/grupnexus.com\/es\/depilacion-laser-testimonio-laiaviudez\/#breadcrumb","itemListElement":[{"@type":"ListItem","position":1,"name":"Portada","item":"https:\/\/grupnexus.com\/es\/"},{"@type":"ListItem","position":2,"name":"Laia Viudez: \u201cHe conseguido olvidarme de la depilaci\u00f3n\u201d"}]},{"@type":"Person","@id":"https:\/\/grupnexus.com\/es\/#\/schema\/person\/7d42f30e6bd203d23a2c1613b51145c3","name":"Cl\u00ednica Nexus","image":{"@type":"ImageObject","@id":"https:\/\/grupnexus.com\/es\/#personlogo","inLanguage":"es","url":"https:\/\/secure.gravatar.com\/avatar\/f1f98ef0d641a3a6af0accea5a5971ef?s=96&d=mm&r=g","contentUrl":"https:\/\/secure.gravatar.com\/avatar\/f1f98ef0d641a3a6af0accea5a5971ef?s=96&d=mm&r=g","caption":"Cl\u00ednica Nexus"}}]}},"_links":{"self":[{"href":"https:\/\/grupnexus.com\/es\/wp-json\/wp\/v2\/posts\/14854"}],"collection":[{"href":"https:\/\/grupnexus.com\/es\/wp-json\/wp\/v2\/posts"}],"about":[{"href":"https:\/\/grupnexus.com\/es\/wp-json\/wp\/v2\/types\/post"}],"author":[{"embeddable":true,"href":"https:\/\/grupnexus.com\/es\/wp-json\/wp\/v2\/users\/6"}],"replies":[{"embeddable":true,"href":"https:\/\/grupnexus.com\/es\/wp-json\/wp\/v2\/comments?post=14854"}],"version-history":[{"count":4,"href":"https:\/\/grupnexus.com\/es\/wp-json\/wp\/v2\/posts\/14854\/revisions"}],"predecessor-version":[{"id":14859,"href":"https:\/\/grupnexus.com\/es\/wp-json\/wp\/v2\/posts\/14854\/revisions\/14859"}],"wp:featuredmedia":[{"embeddable":true,"href":"https:\/\/grupnexus.com\/es\/wp-json\/wp\/v2\/media\/14842"}],"wp:attachment":[{"href":"https:\/\/grupnexus.com\/es\/wp-json\/wp\/v2\/media?parent=14854"}],"wp:term":[{"taxonomy":"category","embeddable":true,"href":"https:\/\/grupnexus.com\/es\/wp-json\/wp\/v2\/categories?post=14854"},{"taxonomy":"post_tag","embeddable":true,"href":"https:\/\/grupnexus.com\/es\/wp-json\/wp\/v2\/tags?post=14854"}],"curies":[{"name":"wp","href":"https:\/\/api.w.org\/{rel}","templated":true}]}}