{"id":14973,"date":"2018-09-17T14:13:42","date_gmt":"2018-09-17T12:13:42","guid":{"rendered":"http:\/\/www.grupnexus.com\/videoconsells-tractaments-estetics-ideals-per-la-tardor\/"},"modified":"2018-09-18T11:06:32","modified_gmt":"2018-09-18T09:06:32","slug":"videoconsejos-tratamientos-esteticos-ideales-para-el-otono","status":"publish","type":"post","link":"https:\/\/grupnexus.com\/es\/videoconsejos-tratamientos-esteticos-ideales-para-el-otono\/","title":{"rendered":"Tratamientos est\u00e9ticos ideales para el oto\u00f1o"},"content":{"rendered":"<p>Esta \u00e9poca del a\u00f1o es id\u00f3nea para contrarrestar los efectos del sol. Hoy hablamos de: <strong>Biorevitalizaci\u00f3n cut\u00e1nea; eliminaci\u00f3n de manchas y tatuajes; lesiones vasculares: varices y depilaci\u00f3n l\u00e1ser m\u00e9dica.<\/strong><br \/>\n<!--more--><\/p>\n<p>M\u00e1s info: <a href=\"https:\/\/grupnexus.com\/es\/tratamientos-medicoesteticos-otono\/\" target=\"_blank\" rel=\"noopener\">https:\/\/grupnexus.com\/es\/tratamientos-medicoesteticos-otono\/<\/a><\/p>\n","protected":false},"excerpt":{"rendered":"<p>Esta \u00e9poca del a\u00f1o es id\u00f3nea para contrarrestar los efectos del sol. Hoy hablamos de: Biorevitalizaci\u00f3n cut\u00e1nea; eliminaci\u00f3n de manchas y tatuajes; lesiones vasculares: varices y depilaci\u00f3n l\u00e1ser m\u00e9dica.<\/p>\n","protected":false},"author":5,"featured_media":0,"comment_status":"closed","ping_status":"closed","sticky":false,"template":"","format":"video","meta":[],"categories":[462],"tags":[],"yoast_head":"<!-- This site is optimized with the Yoast SEO plugin v18.6 - https:\/\/yoast.com\/wordpress\/plugins\/seo\/ -->\n<title>Tratamientos est\u00e9ticos ideales para el oto\u00f1o<\/title>\n<meta name=\"robots\" content=\"index, follow, max-snippet:-1, max-image-preview:large, max-video-preview:-1\" \/>\n<link rel=\"canonical\" href=\"https:\/\/grupnexus.com\/es\/videoconsejos-tratamientos-esteticos-ideales-para-el-otono\/\" \/>\n<meta property=\"og:locale\" content=\"es_ES\" \/>\n<meta property=\"og:type\" content=\"article\" \/>\n<meta property=\"og:title\" content=\"Tratamientos est\u00e9ticos ideales para el oto\u00f1o\" \/>\n<meta property=\"og:description\" content=\"Esta \u00e9poca del a\u00f1o es id\u00f3nea para contrarrestar los efectos del sol. Hoy hablamos de: Biorevitalizaci\u00f3n cut\u00e1nea; eliminaci\u00f3n de manchas y tatuajes; lesiones vasculares: varices y depilaci\u00f3n l\u00e1ser m\u00e9dica.\" \/>\n<meta property=\"og:url\" content=\"https:\/\/grupnexus.com\/es\/videoconsejos-tratamientos-esteticos-ideales-para-el-otono\/\" \/>\n<meta property=\"og:site_name\" content=\"Cl\u00ednica Nexus\" \/>\n<meta property=\"article:published_time\" content=\"2018-09-17T12:13:42+00:00\" \/>\n<meta property=\"article:modified_time\" content=\"2018-09-18T09:06:32+00:00\" \/>\n<meta name=\"twitter:card\" content=\"summary\" \/>\n<meta name=\"twitter:label1\" content=\"Escrito por\" \/>\n\t<meta name=\"twitter:data1\" content=\"Nexus\" \/>\n<script type=\"application\/ld+json\" class=\"yoast-schema-graph\">{\"@context\":\"https:\/\/schema.org\",\"@graph\":[{\"@type\":\"WebSite\",\"@id\":\"https:\/\/grupnexus.com\/es\/#website\",\"url\":\"https:\/\/grupnexus.com\/es\/\",\"name\":\"Cl\u00ednica Nexus\",\"description\":\"L\u00edders en Medicina Est\u00e8tica Avan\u00e7ada\",\"potentialAction\":[{\"@type\":\"SearchAction\",\"target\":{\"@type\":\"EntryPoint\",\"urlTemplate\":\"https:\/\/grupnexus.com\/es\/?s={search_term_string}\"},\"query-input\":\"required name=search_term_string\"}],\"inLanguage\":\"es\"},{\"@type\":\"WebPage\",\"@id\":\"https:\/\/grupnexus.com\/es\/videoconsejos-tratamientos-esteticos-ideales-para-el-otono\/#webpage\",\"url\":\"https:\/\/grupnexus.com\/es\/videoconsejos-tratamientos-esteticos-ideales-para-el-otono\/\",\"name\":\"Tratamientos est\u00e9ticos ideales para el oto\u00f1o\",\"isPartOf\":{\"@id\":\"https:\/\/grupnexus.com\/es\/#website\"},\"datePublished\":\"2018-09-17T12:13:42+00:00\",\"dateModified\":\"2018-09-18T09:06:32+00:00\",\"author\":{\"@id\":\"https:\/\/grupnexus.com\/es\/#\/schema\/person\/e766a805d9eadac3ecbb8c0d3dcd3355\"},\"breadcrumb\":{\"@id\":\"https:\/\/grupnexus.com\/es\/videoconsejos-tratamientos-esteticos-ideales-para-el-otono\/#breadcrumb\"},\"inLanguage\":\"es\",\"potentialAction\":[{\"@type\":\"ReadAction\",\"target\":[\"https:\/\/grupnexus.com\/es\/videoconsejos-tratamientos-esteticos-ideales-para-el-otono\/\"]}]},{\"@type\":\"BreadcrumbList\",\"@id\":\"https:\/\/grupnexus.com\/es\/videoconsejos-tratamientos-esteticos-ideales-para-el-otono\/#breadcrumb\",\"itemListElement\":[{\"@type\":\"ListItem\",\"position\":1,\"name\":\"Portada\",\"item\":\"https:\/\/grupnexus.com\/es\/\"},{\"@type\":\"ListItem\",\"position\":2,\"name\":\"Tratamientos est\u00e9ticos ideales para el oto\u00f1o\"}]},{\"@type\":\"Person\",\"@id\":\"https:\/\/grupnexus.com\/es\/#\/schema\/person\/e766a805d9eadac3ecbb8c0d3dcd3355\",\"name\":\"Nexus\",\"image\":{\"@type\":\"ImageObject\",\"@id\":\"https:\/\/grupnexus.com\/es\/#personlogo\",\"inLanguage\":\"es\",\"url\":\"https:\/\/secure.gravatar.com\/avatar\/8d9fa4540dd1ce6a7ed07044eb5f16c9?s=96&d=mm&r=g\",\"contentUrl\":\"https:\/\/secure.gravatar.com\/avatar\/8d9fa4540dd1ce6a7ed07044eb5f16c9?s=96&d=mm&r=g\",\"caption\":\"Nexus\"}}]}<\/script>\n<!-- \/ Yoast SEO plugin. -->","yoast_head_json":{"title":"Tratamientos est\u00e9ticos ideales para el oto\u00f1o","robots":{"index":"index","follow":"follow","max-snippet":"max-snippet:-1","max-image-preview":"max-image-preview:large","max-video-preview":"max-video-preview:-1"},"canonical":"https:\/\/grupnexus.com\/es\/videoconsejos-tratamientos-esteticos-ideales-para-el-otono\/","og_locale":"es_ES","og_type":"article","og_title":"Tratamientos est\u00e9ticos ideales para el oto\u00f1o","og_description":"Esta \u00e9poca del a\u00f1o es id\u00f3nea para contrarrestar los efectos del sol. Hoy hablamos de: Biorevitalizaci\u00f3n cut\u00e1nea; eliminaci\u00f3n de manchas y tatuajes; lesiones vasculares: varices y depilaci\u00f3n l\u00e1ser m\u00e9dica.","og_url":"https:\/\/grupnexus.com\/es\/videoconsejos-tratamientos-esteticos-ideales-para-el-otono\/","og_site_name":"Cl\u00ednica Nexus","article_published_time":"2018-09-17T12:13:42+00:00","article_modified_time":"2018-09-18T09:06:32+00:00","twitter_card":"summary","twitter_misc":{"Escrito por":"Nexus"},"schema":{"@context":"https:\/\/schema.org","@graph":[{"@type":"WebSite","@id":"https:\/\/grupnexus.com\/es\/#website","url":"https:\/\/grupnexus.com\/es\/","name":"Cl\u00ednica Nexus","description":"L\u00edders en Medicina Est\u00e8tica Avan\u00e7ada","potentialAction":[{"@type":"SearchAction","target":{"@type":"EntryPoint","urlTemplate":"https:\/\/grupnexus.com\/es\/?s={search_term_string}"},"query-input":"required name=search_term_string"}],"inLanguage":"es"},{"@type":"WebPage","@id":"https:\/\/grupnexus.com\/es\/videoconsejos-tratamientos-esteticos-ideales-para-el-otono\/#webpage","url":"https:\/\/grupnexus.com\/es\/videoconsejos-tratamientos-esteticos-ideales-para-el-otono\/","name":"Tratamientos est\u00e9ticos ideales para el oto\u00f1o","isPartOf":{"@id":"https:\/\/grupnexus.com\/es\/#website"},"datePublished":"2018-09-17T12:13:42+00:00","dateModified":"2018-09-18T09:06:32+00:00","author":{"@id":"https:\/\/grupnexus.com\/es\/#\/schema\/person\/e766a805d9eadac3ecbb8c0d3dcd3355"},"breadcrumb":{"@id":"https:\/\/grupnexus.com\/es\/videoconsejos-tratamientos-esteticos-ideales-para-el-otono\/#breadcrumb"},"inLanguage":"es","potentialAction":[{"@type":"ReadAction","target":["https:\/\/grupnexus.com\/es\/videoconsejos-tratamientos-esteticos-ideales-para-el-otono\/"]}]},{"@type":"BreadcrumbList","@id":"https:\/\/grupnexus.com\/es\/videoconsejos-tratamientos-esteticos-ideales-para-el-otono\/#breadcrumb","itemListElement":[{"@type":"ListItem","position":1,"name":"Portada","item":"https:\/\/grupnexus.com\/es\/"},{"@type":"ListItem","position":2,"name":"Tratamientos est\u00e9ticos ideales para el oto\u00f1o"}]},{"@type":"Person","@id":"https:\/\/grupnexus.com\/es\/#\/schema\/person\/e766a805d9eadac3ecbb8c0d3dcd3355","name":"Nexus","image":{"@type":"ImageObject","@id":"https:\/\/grupnexus.com\/es\/#personlogo","inLanguage":"es","url":"https:\/\/secure.gravatar.com\/avatar\/8d9fa4540dd1ce6a7ed07044eb5f16c9?s=96&d=mm&r=g","contentUrl":"https:\/\/secure.gravatar.com\/avatar\/8d9fa4540dd1ce6a7ed07044eb5f16c9?s=96&d=mm&r=g","caption":"Nexus"}}]}},"_links":{"self":[{"href":"https:\/\/grupnexus.com\/es\/wp-json\/wp\/v2\/posts\/14973"}],"collection":[{"href":"https:\/\/grupnexus.com\/es\/wp-json\/wp\/v2\/posts"}],"about":[{"href":"https:\/\/grupnexus.com\/es\/wp-json\/wp\/v2\/types\/post"}],"author":[{"embeddable":true,"href":"https:\/\/grupnexus.com\/es\/wp-json\/wp\/v2\/users\/5"}],"replies":[{"embeddable":true,"href":"https:\/\/grupnexus.com\/es\/wp-json\/wp\/v2\/comments?post=14973"}],"version-history":[{"count":3,"href":"https:\/\/grupnexus.com\/es\/wp-json\/wp\/v2\/posts\/14973\/revisions"}],"predecessor-version":[{"id":14977,"href":"https:\/\/grupnexus.com\/es\/wp-json\/wp\/v2\/posts\/14973\/revisions\/14977"}],"wp:attachment":[{"href":"https:\/\/grupnexus.com\/es\/wp-json\/wp\/v2\/media?parent=14973"}],"wp:term":[{"taxonomy":"category","embeddable":true,"href":"https:\/\/grupnexus.com\/es\/wp-json\/wp\/v2\/categories?post=14973"},{"taxonomy":"post_tag","embeddable":true,"href":"https:\/\/grupnexus.com\/es\/wp-json\/wp\/v2\/tags?post=14973"}],"curies":[{"name":"wp","href":"https:\/\/api.w.org\/{rel}","templated":true}]}}