{"id":15115,"date":"2019-10-09T11:01:00","date_gmt":"2019-10-09T09:01:00","guid":{"rendered":"https:\/\/www.grupnexus.com\/eliminacio-varius-uau-radio17-febrer-2018\/"},"modified":"2019-10-09T14:55:15","modified_gmt":"2019-10-09T12:55:15","slug":"eliminacion-de-varices-uau-radio17-febrero-de-2018","status":"publish","type":"post","link":"https:\/\/grupnexus.com\/es\/eliminacion-de-varices-uau-radio17-febrero-de-2018\/","title":{"rendered":"Terapia fotodin\u00e1mica para eliminar varices"},"content":{"rendered":"<p><!--more--><\/p>\n<!--[if lt IE 9]><script>document.createElement('audio');<\/script><![endif]-->\n<audio class=\"wp-audio-shortcode\" id=\"audio-15115-1\" preload=\"none\" style=\"width: 100%;\" controls=\"controls\"><source type=\"audio\/mpeg\" src=\"https:\/\/grupnexus.com\/wp-content\/uploads\/2018\/03\/Varius_Nexus.mp3?_=1\" \/><a href=\"https:\/\/grupnexus.com\/wp-content\/uploads\/2018\/03\/Varius_Nexus.mp3\">https:\/\/grupnexus.com\/wp-content\/uploads\/2018\/03\/Varius_Nexus.mp3<\/a><\/audio>\n<p><strong>Las varices<\/strong><\/p>\n<p>Montse Monjo, directora gerente de Cl\u00ednica Nexus y el Dr. Samuel Pin\u00f3s, director m\u00e9dico de Cl\u00ednica Nexus nos hablan sobre la Terapia Fotodin\u00e1mica,<strong> el tratamiento m\u00e1s efectivo hoy en d\u00eda para eliminar varices.<\/strong><img loading=\"lazy\" class=\"alignright wp-image-38336 size-medium\" src=\"https:\/\/grupnexus.com\/wp-content\/uploads\/2018\/03\/IMG-4803-225x300.jpg\" alt=\"montse monjo Nexus\" width=\"225\" height=\"300\" srcset=\"https:\/\/grupnexus.com\/wp-content\/uploads\/2018\/03\/IMG-4803-225x300.jpg 225w, https:\/\/grupnexus.com\/wp-content\/uploads\/2018\/03\/IMG-4803-510x680.jpg 510w, https:\/\/grupnexus.com\/wp-content\/uploads\/2018\/03\/IMG-4803-576x768.jpg 576w, https:\/\/grupnexus.com\/wp-content\/uploads\/2018\/03\/IMG-4803-555x740.jpg 555w, https:\/\/grupnexus.com\/wp-content\/uploads\/2018\/03\/IMG-4803-360x480.jpg 360w, https:\/\/grupnexus.com\/wp-content\/uploads\/2018\/03\/IMG-4803-262x349.jpg 262w, https:\/\/grupnexus.com\/wp-content\/uploads\/2018\/03\/IMG-4803.jpg 720w\" sizes=\"(max-width: 225px) 100vw, 225px\" \/><\/p>\n<p><strong>\u00bfQu\u00e9 son las varices?<\/strong><\/p>\n<p>Las varices o venas varicosas son aquellas que debido a un mal retorno sangu\u00edneo aumentan de volumen, ya que la sangre, al tener dificultades para ascender, se estanca en la vena provocando el aspecto agrandado, e incluso retorcido de esta.<\/p>\n<p>Suelen aparecer en las piernas y pueden llegar a causar dolor o pesadez, e incluso alg\u00fan otro problema de salud. Es, por tanto, conveniente seguir un control m\u00e9dico y tomar, no s\u00f3lo medidas preventivas, sino que aconsejamos someterse a<strong> tratamientos m\u00e9dicos para eliminar las varices<\/strong>, de esta manera se puede llegar a prevenir una cirug\u00eda.<\/p>\n<p>Tambi\u00e9n hay que hablar de las ara\u00f1as vasculares, que son m\u00e1s leves y peque\u00f1as. Como su nombre indica parecen telara\u00f1as de venas delgadas y pueden ser rojizas o azuladas. Normalmente nacen en los tobillos, piernas o cara, y no suelen causar dolor, tan s\u00f3lo son antiest\u00e9ticas.<\/p>\n<p><strong>\u00bfCu\u00e1l es el tratamiento m\u00e1s efectivo para la eliminaci\u00f3n de las varices?<\/strong><\/p>\n<p>Es, sin duda, la &#8216;Terapia fotodin\u00e1mica de varices&#8217;, un procedimiento que combina la escleroterapia qu\u00edmica con microespuma y el l\u00e1ser de Neodimio-Yag de 1064 nan\u00f3metros de longitud de onda.<\/p>\n<p><strong>\u00bfEn qu\u00e9 consiste?<\/strong><\/p>\n<p>Este tratamiento consiste en la inyecci\u00f3n previa de microespuma de polidocanol, en una concentraci\u00f3n y caracter\u00edsticas determinadas, para conseguir optimizar el efecto fotot\u00e9rmico en la emisi\u00f3n posterior del l\u00e1ser de Neodimio-Yag. De este modo mejora la captaci\u00f3n de energ\u00eda por la sangre y la transmisi\u00f3n de calor a lo largo del vaso sangu\u00edneo.<\/p>\n<p><strong>\u00bfCu\u00e1les son las ventajas respecto a las t\u00e9cnicas cl\u00e1sicas?<\/strong><\/p>\n<p>Sin duda obtenemos mejores resultados, una menor incidencia de efectos secundarios, una disminuci\u00f3n de las sesiones necesarias para alcanzar unos resultados \u00f3ptimos y la posibilidad de tratar vasos superiores a 5 mm de di\u00e1metro, lo que hasta ahora era poco viable en tratamientos exclusivamente con terapias fotolum\u00ednicas.<\/p>\n<p><strong>\u00bfC\u00f3mo es el procedimiento, se necesita reposo o convalecencia?<\/strong><\/p>\n<p>No, no se necesita convalecencia ni baja laboral, ya que el procedimiento es totalmente ambulatorio y no incapacita al paciente para su actividad normal. No requiere ning\u00fan tipo de anestesia (o como m\u00e1ximo una crema anest\u00e9sica t\u00f3pica) y su tolerancia es excelente. Posteriormente al tratamiento s\u00f3lo hay que aplicar una crema antiinflamatoria durante unos d\u00edas y llevar unas medias el\u00e1sticas de compresi\u00f3n media de 1 a 2 semanas.<\/p>\n<p>Hace falta decir que, s\u00f3lo un m\u00e9dico especializado en esta t\u00e9cnica puede proporcionarle los resultados esperados, con la previa historia cl\u00ednica y exploraci\u00f3n vascular pertinente.<\/p>\n<p><strong>\u00bfCu\u00e1ntas sesiones son necesarias?<\/strong><\/p>\n<p>Unas 4 de media.<\/p>\n<p><strong>\u00bfY qu\u00e9 intervalo hay entre ellas?<\/strong><\/p>\n<p>Unos 2 meses.<\/p>\n<p><strong>\u00bfPueden volver a salir las varices tratadas?<\/strong><\/p>\n<p>En un seguimiento practicado durante los \u00faltimos a\u00f1os en 468 pacientes tratados con esta t\u00e9cnica, no se ha evidenciado ning\u00fan caso de reapariciones.<\/p>\n<p>En resumen, gracias a esta t\u00e9cnica que combina la esclerosis qu\u00edmica y el l\u00e1ser, se ha conseguido mejorar sustancialmente en todos los \u00e1mbitos los resultados que hasta ahora se consegu\u00edan con cada una de estas por separado, erigi\u00e9ndose \u00e9sta como una terapia de primer orden, en los casos indicados, el tratamiento de las varices de las extremidades inferiores.<\/p>\n<p><img loading=\"lazy\" class=\"size-large wp-image-38341 aligncenter\" src=\"https:\/\/grupnexus.com\/wp-content\/uploads\/2018\/03\/2017-02-10-NEXUS-4282ok-1024x576.jpg\" alt=\"clinica nexus eliminaci\u00f3 varius\" width=\"1024\" height=\"576\" srcset=\"https:\/\/grupnexus.com\/wp-content\/uploads\/2018\/03\/2017-02-10-NEXUS-4282ok-1024x576.jpg 1024w, https:\/\/grupnexus.com\/wp-content\/uploads\/2018\/03\/2017-02-10-NEXUS-4282ok-510x287.jpg 510w, https:\/\/grupnexus.com\/wp-content\/uploads\/2018\/03\/2017-02-10-NEXUS-4282ok-300x169.jpg 300w, https:\/\/grupnexus.com\/wp-content\/uploads\/2018\/03\/2017-02-10-NEXUS-4282ok-768x432.jpg 768w, https:\/\/grupnexus.com\/wp-content\/uploads\/2018\/03\/2017-02-10-NEXUS-4282ok-1140x641.jpg 1140w, https:\/\/grupnexus.com\/wp-content\/uploads\/2018\/03\/2017-02-10-NEXUS-4282ok-555x312.jpg 555w, https:\/\/grupnexus.com\/wp-content\/uploads\/2018\/03\/2017-02-10-NEXUS-4282ok-360x203.jpg 360w, https:\/\/grupnexus.com\/wp-content\/uploads\/2018\/03\/2017-02-10-NEXUS-4282ok-262x147.jpg 262w, https:\/\/grupnexus.com\/wp-content\/uploads\/2018\/03\/2017-02-10-NEXUS-4282ok.jpg 1920w\" sizes=\"(max-width: 1024px) 100vw, 1024px\" \/><\/p>\n<p><strong>\u00bfExisten otros tipos de lesiones vasculares que no son las varices, tambi\u00e9n las trat\u00e1is?<\/strong><\/p>\n<p>\u00a1Por supuesto que s\u00ed! Tenemos la Plataforma l\u00e1ser vascular m\u00e1s evolucionada del mundo: Plataforma Cynergy, con el exclusivo sistema Multiplex.<\/p>\n<p><strong>\u00bfNos puede explicar qu\u00e9 significa sistema Multiplex?<\/strong><\/p>\n<p>Multiplex consta de un l\u00e1ser de colorante pulsado de 585 nm y un l\u00e1ser Nd: Yag de 1064 nm que, adem\u00e1s, pueden ser emitidos de manera secuencial (1\u00ba un e inmediatamente otro). Este sistema patentado es exclusivo de este equipo y optimiza la efectividad y la seguridad del tratamiento, a la vez que aumenta la comodidad y satisfacci\u00f3n de los pacientes.<\/p>\n<p><strong>\u00bfQu\u00e9 otras lesiones vasculares trat\u00e1is con \u00e9xito?<\/strong><\/p>\n<ul>\n<li>Ros\u00e1cea<\/li>\n<li>Cuperosis<\/li>\n<li>Angiomas<\/li>\n<li>Hemangiomas<\/li>\n<li>Manchas vino de Oporto<\/li>\n<li>telangiectasias y ara\u00f1as vasculares faciales<\/li>\n<li>Poiquilod\u00e8rmia<\/li>\n<li>Puntos rub\u00ed<\/li>\n<li>Otras<\/li>\n<\/ul>\n<p style=\"text-align: center;\"><a href=\"https:\/\/grupnexus.com\/wp-content\/uploads\/2019\/10\/VaricesNexusOCT2019.pdf\" target=\"_blank\" rel=\"noopener noreferrer\">Descargar la publicaci\u00f3n en pdf<\/a><\/p>\n<p>&nbsp;<\/p>\n<blockquote><p>Un equipo profesional a vuestro servicio cada d\u00eda<\/p><\/blockquote>\n<p>&nbsp;<\/p>\n<p>Montse Monjo. Directora Gerente de Cl\u00ednica Nexus<\/p>\n<p>Dr. Samuel Pin\u00f3s. Director M\u00e9dico de Cl\u00ednica Nexus<\/p>\n","protected":false},"excerpt":{"rendered":"","protected":false},"author":5,"featured_media":38334,"comment_status":"closed","ping_status":"closed","sticky":false,"template":"","format":"standard","meta":[],"categories":[2,330,472,461],"tags":[],"yoast_head":"<!-- This site is optimized with the Yoast SEO plugin v18.6 - https:\/\/yoast.com\/wordpress\/plugins\/seo\/ -->\n<title>Eliminaci\u00f3n de varices con terapia fotodin\u00e1mica<\/title>\n<meta name=\"description\" content=\"Cl\u00ednica m\u00e9dico est\u00e9tica especialista en eliminaci\u00f3n de varices y ara\u00f1as vasculares. Te asesoramos con los mejores tratamientos.\" \/>\n<meta name=\"robots\" content=\"index, follow, max-snippet:-1, max-image-preview:large, max-video-preview:-1\" \/>\n<link rel=\"canonical\" href=\"https:\/\/grupnexus.com\/es\/eliminacion-de-varices-uau-radio17-febrero-de-2018\/\" \/>\n<meta property=\"og:locale\" content=\"es_ES\" \/>\n<meta property=\"og:type\" content=\"article\" \/>\n<meta property=\"og:title\" content=\"Eliminaci\u00f3n de varices con terapia fotodin\u00e1mica\" \/>\n<meta property=\"og:description\" content=\"Cl\u00ednica m\u00e9dico est\u00e9tica especialista en eliminaci\u00f3n de varices y ara\u00f1as vasculares. Te asesoramos con los mejores tratamientos.\" \/>\n<meta property=\"og:url\" content=\"https:\/\/grupnexus.com\/es\/eliminacion-de-varices-uau-radio17-febrero-de-2018\/\" \/>\n<meta property=\"og:site_name\" content=\"Cl\u00ednica Nexus\" \/>\n<meta property=\"article:published_time\" content=\"2019-10-09T09:01:00+00:00\" \/>\n<meta property=\"article:modified_time\" content=\"2019-10-09T12:55:15+00:00\" \/>\n<meta property=\"og:image\" content=\"https:\/\/i0.wp.com\/grupnexus.com\/wp-content\/uploads\/2018\/03\/Varius-edit.jpg?fit=2187%2C1080&#038;ssl=1\" \/>\n\t<meta property=\"og:image:width\" content=\"2187\" \/>\n\t<meta property=\"og:image:height\" content=\"1080\" \/>\n\t<meta property=\"og:image:type\" content=\"image\/jpeg\" \/>\n<meta name=\"twitter:card\" content=\"summary\" \/>\n<meta name=\"twitter:label1\" content=\"Escrito por\" \/>\n\t<meta name=\"twitter:data1\" content=\"Nexus\" \/>\n\t<meta name=\"twitter:label2\" content=\"Tiempo de lectura\" \/>\n\t<meta name=\"twitter:data2\" content=\"4 minutos\" \/>\n<script type=\"application\/ld+json\" class=\"yoast-schema-graph\">{\"@context\":\"https:\/\/schema.org\",\"@graph\":[{\"@type\":\"WebSite\",\"@id\":\"https:\/\/grupnexus.com\/es\/#website\",\"url\":\"https:\/\/grupnexus.com\/es\/\",\"name\":\"Cl\u00ednica Nexus\",\"description\":\"L\u00edders en Medicina Est\u00e8tica Avan\u00e7ada\",\"potentialAction\":[{\"@type\":\"SearchAction\",\"target\":{\"@type\":\"EntryPoint\",\"urlTemplate\":\"https:\/\/grupnexus.com\/es\/?s={search_term_string}\"},\"query-input\":\"required name=search_term_string\"}],\"inLanguage\":\"es\"},{\"@type\":\"ImageObject\",\"@id\":\"https:\/\/grupnexus.com\/es\/eliminacion-de-varices-uau-radio17-febrero-de-2018\/#primaryimage\",\"inLanguage\":\"es\",\"url\":\"https:\/\/grupnexus.com\/wp-content\/uploads\/2018\/03\/Varius-edit.jpg\",\"contentUrl\":\"https:\/\/grupnexus.com\/wp-content\/uploads\/2018\/03\/Varius-edit.jpg\",\"width\":2187,\"height\":1080,\"caption\":\"tractament varius\"},{\"@type\":\"WebPage\",\"@id\":\"https:\/\/grupnexus.com\/es\/eliminacion-de-varices-uau-radio17-febrero-de-2018\/#webpage\",\"url\":\"https:\/\/grupnexus.com\/es\/eliminacion-de-varices-uau-radio17-febrero-de-2018\/\",\"name\":\"Eliminaci\u00f3n de varices con terapia fotodin\u00e1mica\",\"isPartOf\":{\"@id\":\"https:\/\/grupnexus.com\/es\/#website\"},\"primaryImageOfPage\":{\"@id\":\"https:\/\/grupnexus.com\/es\/eliminacion-de-varices-uau-radio17-febrero-de-2018\/#primaryimage\"},\"datePublished\":\"2019-10-09T09:01:00+00:00\",\"dateModified\":\"2019-10-09T12:55:15+00:00\",\"author\":{\"@id\":\"https:\/\/grupnexus.com\/es\/#\/schema\/person\/e766a805d9eadac3ecbb8c0d3dcd3355\"},\"description\":\"Cl\u00ednica m\u00e9dico est\u00e9tica especialista en eliminaci\u00f3n de varices y ara\u00f1as vasculares. Te asesoramos con los mejores tratamientos.\",\"breadcrumb\":{\"@id\":\"https:\/\/grupnexus.com\/es\/eliminacion-de-varices-uau-radio17-febrero-de-2018\/#breadcrumb\"},\"inLanguage\":\"es\",\"potentialAction\":[{\"@type\":\"ReadAction\",\"target\":[\"https:\/\/grupnexus.com\/es\/eliminacion-de-varices-uau-radio17-febrero-de-2018\/\"]}]},{\"@type\":\"BreadcrumbList\",\"@id\":\"https:\/\/grupnexus.com\/es\/eliminacion-de-varices-uau-radio17-febrero-de-2018\/#breadcrumb\",\"itemListElement\":[{\"@type\":\"ListItem\",\"position\":1,\"name\":\"Portada\",\"item\":\"https:\/\/grupnexus.com\/es\/\"},{\"@type\":\"ListItem\",\"position\":2,\"name\":\"Terapia fotodin\u00e1mica para eliminar varices\"}]},{\"@type\":\"Person\",\"@id\":\"https:\/\/grupnexus.com\/es\/#\/schema\/person\/e766a805d9eadac3ecbb8c0d3dcd3355\",\"name\":\"Nexus\",\"image\":{\"@type\":\"ImageObject\",\"@id\":\"https:\/\/grupnexus.com\/es\/#personlogo\",\"inLanguage\":\"es\",\"url\":\"https:\/\/secure.gravatar.com\/avatar\/8d9fa4540dd1ce6a7ed07044eb5f16c9?s=96&d=mm&r=g\",\"contentUrl\":\"https:\/\/secure.gravatar.com\/avatar\/8d9fa4540dd1ce6a7ed07044eb5f16c9?s=96&d=mm&r=g\",\"caption\":\"Nexus\"}}]}<\/script>\n<!-- \/ Yoast SEO plugin. -->","yoast_head_json":{"title":"Eliminaci\u00f3n de varices con terapia fotodin\u00e1mica","description":"Cl\u00ednica m\u00e9dico est\u00e9tica especialista en eliminaci\u00f3n de varices y ara\u00f1as vasculares. Te asesoramos con los mejores tratamientos.","robots":{"index":"index","follow":"follow","max-snippet":"max-snippet:-1","max-image-preview":"max-image-preview:large","max-video-preview":"max-video-preview:-1"},"canonical":"https:\/\/grupnexus.com\/es\/eliminacion-de-varices-uau-radio17-febrero-de-2018\/","og_locale":"es_ES","og_type":"article","og_title":"Eliminaci\u00f3n de varices con terapia fotodin\u00e1mica","og_description":"Cl\u00ednica m\u00e9dico est\u00e9tica especialista en eliminaci\u00f3n de varices y ara\u00f1as vasculares. Te asesoramos con los mejores tratamientos.","og_url":"https:\/\/grupnexus.com\/es\/eliminacion-de-varices-uau-radio17-febrero-de-2018\/","og_site_name":"Cl\u00ednica Nexus","article_published_time":"2019-10-09T09:01:00+00:00","article_modified_time":"2019-10-09T12:55:15+00:00","og_image":[{"width":2187,"height":1080,"url":"https:\/\/i0.wp.com\/grupnexus.com\/wp-content\/uploads\/2018\/03\/Varius-edit.jpg?fit=2187%2C1080&ssl=1","type":"image\/jpeg"}],"twitter_card":"summary","twitter_misc":{"Escrito por":"Nexus","Tiempo de lectura":"4 minutos"},"schema":{"@context":"https:\/\/schema.org","@graph":[{"@type":"WebSite","@id":"https:\/\/grupnexus.com\/es\/#website","url":"https:\/\/grupnexus.com\/es\/","name":"Cl\u00ednica Nexus","description":"L\u00edders en Medicina Est\u00e8tica Avan\u00e7ada","potentialAction":[{"@type":"SearchAction","target":{"@type":"EntryPoint","urlTemplate":"https:\/\/grupnexus.com\/es\/?s={search_term_string}"},"query-input":"required name=search_term_string"}],"inLanguage":"es"},{"@type":"ImageObject","@id":"https:\/\/grupnexus.com\/es\/eliminacion-de-varices-uau-radio17-febrero-de-2018\/#primaryimage","inLanguage":"es","url":"https:\/\/grupnexus.com\/wp-content\/uploads\/2018\/03\/Varius-edit.jpg","contentUrl":"https:\/\/grupnexus.com\/wp-content\/uploads\/2018\/03\/Varius-edit.jpg","width":2187,"height":1080,"caption":"tractament varius"},{"@type":"WebPage","@id":"https:\/\/grupnexus.com\/es\/eliminacion-de-varices-uau-radio17-febrero-de-2018\/#webpage","url":"https:\/\/grupnexus.com\/es\/eliminacion-de-varices-uau-radio17-febrero-de-2018\/","name":"Eliminaci\u00f3n de varices con terapia fotodin\u00e1mica","isPartOf":{"@id":"https:\/\/grupnexus.com\/es\/#website"},"primaryImageOfPage":{"@id":"https:\/\/grupnexus.com\/es\/eliminacion-de-varices-uau-radio17-febrero-de-2018\/#primaryimage"},"datePublished":"2019-10-09T09:01:00+00:00","dateModified":"2019-10-09T12:55:15+00:00","author":{"@id":"https:\/\/grupnexus.com\/es\/#\/schema\/person\/e766a805d9eadac3ecbb8c0d3dcd3355"},"description":"Cl\u00ednica m\u00e9dico est\u00e9tica especialista en eliminaci\u00f3n de varices y ara\u00f1as vasculares. Te asesoramos con los mejores tratamientos.","breadcrumb":{"@id":"https:\/\/grupnexus.com\/es\/eliminacion-de-varices-uau-radio17-febrero-de-2018\/#breadcrumb"},"inLanguage":"es","potentialAction":[{"@type":"ReadAction","target":["https:\/\/grupnexus.com\/es\/eliminacion-de-varices-uau-radio17-febrero-de-2018\/"]}]},{"@type":"BreadcrumbList","@id":"https:\/\/grupnexus.com\/es\/eliminacion-de-varices-uau-radio17-febrero-de-2018\/#breadcrumb","itemListElement":[{"@type":"ListItem","position":1,"name":"Portada","item":"https:\/\/grupnexus.com\/es\/"},{"@type":"ListItem","position":2,"name":"Terapia fotodin\u00e1mica para eliminar varices"}]},{"@type":"Person","@id":"https:\/\/grupnexus.com\/es\/#\/schema\/person\/e766a805d9eadac3ecbb8c0d3dcd3355","name":"Nexus","image":{"@type":"ImageObject","@id":"https:\/\/grupnexus.com\/es\/#personlogo","inLanguage":"es","url":"https:\/\/secure.gravatar.com\/avatar\/8d9fa4540dd1ce6a7ed07044eb5f16c9?s=96&d=mm&r=g","contentUrl":"https:\/\/secure.gravatar.com\/avatar\/8d9fa4540dd1ce6a7ed07044eb5f16c9?s=96&d=mm&r=g","caption":"Nexus"}}]}},"_links":{"self":[{"href":"https:\/\/grupnexus.com\/es\/wp-json\/wp\/v2\/posts\/15115"}],"collection":[{"href":"https:\/\/grupnexus.com\/es\/wp-json\/wp\/v2\/posts"}],"about":[{"href":"https:\/\/grupnexus.com\/es\/wp-json\/wp\/v2\/types\/post"}],"author":[{"embeddable":true,"href":"https:\/\/grupnexus.com\/es\/wp-json\/wp\/v2\/users\/5"}],"replies":[{"embeddable":true,"href":"https:\/\/grupnexus.com\/es\/wp-json\/wp\/v2\/comments?post=15115"}],"version-history":[{"count":7,"href":"https:\/\/grupnexus.com\/es\/wp-json\/wp\/v2\/posts\/15115\/revisions"}],"predecessor-version":[{"id":38993,"href":"https:\/\/grupnexus.com\/es\/wp-json\/wp\/v2\/posts\/15115\/revisions\/38993"}],"wp:featuredmedia":[{"embeddable":true,"href":"https:\/\/grupnexus.com\/es\/wp-json\/wp\/v2\/media\/38334"}],"wp:attachment":[{"href":"https:\/\/grupnexus.com\/es\/wp-json\/wp\/v2\/media?parent=15115"}],"wp:term":[{"taxonomy":"category","embeddable":true,"href":"https:\/\/grupnexus.com\/es\/wp-json\/wp\/v2\/categories?post=15115"},{"taxonomy":"post_tag","embeddable":true,"href":"https:\/\/grupnexus.com\/es\/wp-json\/wp\/v2\/tags?post=15115"}],"curies":[{"name":"wp","href":"https:\/\/api.w.org\/{rel}","templated":true}]}}