{"id":15160,"date":"2018-03-16T14:48:16","date_gmt":"2018-03-16T12:48:16","guid":{"rendered":"https:\/\/www.grupnexus.com\/tractaments-dia-del-pare\/"},"modified":"2018-03-19T13:39:41","modified_gmt":"2018-03-19T11:39:41","slug":"tratamientos-dia-del-padre","status":"publish","type":"post","link":"https:\/\/grupnexus.com\/es\/tratamientos-dia-del-padre\/","title":{"rendered":"Especial D\u00eda del Padre. Porque a ellos tambi\u00e9n les gusta cuidarse."},"content":{"rendered":"<p><img loading=\"lazy\" class=\"aligncenter size-full wp-image-15162\" src=\"https:\/\/grupnexus.com\/wp-content\/uploads\/2018\/03\/dia-del-padre.png\" alt=\"dia del padre\" width=\"800\" height=\"130\" srcset=\"https:\/\/grupnexus.com\/wp-content\/uploads\/2018\/03\/dia-del-padre.png 800w, https:\/\/grupnexus.com\/wp-content\/uploads\/2018\/03\/dia-del-padre-510x83.png 510w, https:\/\/grupnexus.com\/wp-content\/uploads\/2018\/03\/dia-del-padre-300x49.png 300w, https:\/\/grupnexus.com\/wp-content\/uploads\/2018\/03\/dia-del-padre-768x125.png 768w, https:\/\/grupnexus.com\/wp-content\/uploads\/2018\/03\/dia-del-padre-555x90.png 555w, https:\/\/grupnexus.com\/wp-content\/uploads\/2018\/03\/dia-del-padre-360x59.png 360w, https:\/\/grupnexus.com\/wp-content\/uploads\/2018\/03\/dia-del-padre-262x43.png 262w\" sizes=\"(max-width: 800px) 100vw, 800px\" \/><\/p>\n<p>Se acerca el D\u00eda del Padre, y sabemos que a ellos tambi\u00e9n les gusta cuidarse. Cada vez m\u00e1s hombres vienen a Nexus preocupados por la est\u00e9tica y la salud. Por este motivo, os informamos de los tratamientos m\u00e1s solicitados por ellos:<\/p>\n<p>&nbsp;<\/p>\n<p><img loading=\"lazy\" class=\"alignleft wp-image-15163\" src=\"https:\/\/grupnexus.com\/wp-content\/uploads\/2018\/03\/depilacio_cast.jpg\" alt=\"depilaci\u00f3n l\u00e1ser\" width=\"300\" height=\"599\" srcset=\"https:\/\/grupnexus.com\/wp-content\/uploads\/2018\/03\/depilacio_cast.jpg 450w, https:\/\/grupnexus.com\/wp-content\/uploads\/2018\/03\/depilacio_cast-150x300.jpg 150w, https:\/\/grupnexus.com\/wp-content\/uploads\/2018\/03\/depilacio_cast-385x768.jpg 385w, https:\/\/grupnexus.com\/wp-content\/uploads\/2018\/03\/depilacio_cast-360x718.jpg 360w, https:\/\/grupnexus.com\/wp-content\/uploads\/2018\/03\/depilacio_cast-262x523.jpg 262w\" sizes=\"(max-width: 300px) 100vw, 300px\" \/><img loading=\"lazy\" class=\"aligncenter wp-image-15164\" src=\"https:\/\/grupnexus.com\/wp-content\/uploads\/2018\/03\/capillars_cast.jpg\" alt=\"tratamiento capilar\" width=\"300\" height=\"599\" srcset=\"https:\/\/grupnexus.com\/wp-content\/uploads\/2018\/03\/capillars_cast.jpg 451w, https:\/\/grupnexus.com\/wp-content\/uploads\/2018\/03\/capillars_cast-150x300.jpg 150w, https:\/\/grupnexus.com\/wp-content\/uploads\/2018\/03\/capillars_cast-385x768.jpg 385w, https:\/\/grupnexus.com\/wp-content\/uploads\/2018\/03\/capillars_cast-360x718.jpg 360w, https:\/\/grupnexus.com\/wp-content\/uploads\/2018\/03\/capillars_cast-262x523.jpg 262w\" sizes=\"(max-width: 300px) 100vw, 300px\" \/><\/p>\n<p><img loading=\"lazy\" class=\"alignleft wp-image-15165\" src=\"https:\/\/grupnexus.com\/wp-content\/uploads\/2018\/03\/ozonoterapia_cast.jpg\" alt=\"ozonoterapia\" width=\"300\" height=\"599\" srcset=\"https:\/\/grupnexus.com\/wp-content\/uploads\/2018\/03\/ozonoterapia_cast.jpg 450w, https:\/\/grupnexus.com\/wp-content\/uploads\/2018\/03\/ozonoterapia_cast-150x300.jpg 150w, https:\/\/grupnexus.com\/wp-content\/uploads\/2018\/03\/ozonoterapia_cast-385x768.jpg 385w, https:\/\/grupnexus.com\/wp-content\/uploads\/2018\/03\/ozonoterapia_cast-360x718.jpg 360w, https:\/\/grupnexus.com\/wp-content\/uploads\/2018\/03\/ozonoterapia_cast-262x523.jpg 262w\" sizes=\"(max-width: 300px) 100vw, 300px\" \/><\/p>\n<p><img loading=\"lazy\" class=\"aligncenter wp-image-15166\" src=\"https:\/\/grupnexus.com\/wp-content\/uploads\/2018\/03\/cosmetica_cast.jpg\" alt=\"cosmetica masculina\" width=\"300\" height=\"599\" srcset=\"https:\/\/grupnexus.com\/wp-content\/uploads\/2018\/03\/cosmetica_cast.jpg 450w, https:\/\/grupnexus.com\/wp-content\/uploads\/2018\/03\/cosmetica_cast-150x300.jpg 150w, https:\/\/grupnexus.com\/wp-content\/uploads\/2018\/03\/cosmetica_cast-385x768.jpg 385w, https:\/\/grupnexus.com\/wp-content\/uploads\/2018\/03\/cosmetica_cast-360x718.jpg 360w, https:\/\/grupnexus.com\/wp-content\/uploads\/2018\/03\/cosmetica_cast-262x523.jpg 262w\" sizes=\"(max-width: 300px) 100vw, 300px\" \/><\/p>\n<p>&nbsp;<\/p>\n<p>&nbsp;<\/p>\n<p><img loading=\"lazy\" class=\"aligncenter wp-image-15167 size-full\" src=\"https:\/\/grupnexus.com\/wp-content\/uploads\/2018\/03\/regala-salud.jpg\" alt=\"\" width=\"800\" height=\"85\" srcset=\"https:\/\/grupnexus.com\/wp-content\/uploads\/2018\/03\/regala-salud.jpg 800w, https:\/\/grupnexus.com\/wp-content\/uploads\/2018\/03\/regala-salud-510x54.jpg 510w, https:\/\/grupnexus.com\/wp-content\/uploads\/2018\/03\/regala-salud-300x32.jpg 300w, https:\/\/grupnexus.com\/wp-content\/uploads\/2018\/03\/regala-salud-768x82.jpg 768w, https:\/\/grupnexus.com\/wp-content\/uploads\/2018\/03\/regala-salud-555x59.jpg 555w, https:\/\/grupnexus.com\/wp-content\/uploads\/2018\/03\/regala-salud-360x38.jpg 360w, https:\/\/grupnexus.com\/wp-content\/uploads\/2018\/03\/regala-salud-262x28.jpg 262w\" sizes=\"(max-width: 800px) 100vw, 800px\" \/><\/p>\n<p style=\"text-align: center;\">Pide ahora una 1\u00aa visita informativa y de asesoramiento personalizado gratuita<\/p>\n<p>&nbsp;<\/p>\n<p><a href=\"\/es\/servicios-al-cliente\/\"><img loading=\"lazy\" class=\"aligncenter wp-image-15168 size-full\" src=\"https:\/\/grupnexus.com\/wp-content\/uploads\/2018\/03\/promociones-marzo.png\" alt=\"\" width=\"800\" height=\"85\" srcset=\"https:\/\/grupnexus.com\/wp-content\/uploads\/2018\/03\/promociones-marzo.png 800w, https:\/\/grupnexus.com\/wp-content\/uploads\/2018\/03\/promociones-marzo-510x54.png 510w, https:\/\/grupnexus.com\/wp-content\/uploads\/2018\/03\/promociones-marzo-300x32.png 300w, https:\/\/grupnexus.com\/wp-content\/uploads\/2018\/03\/promociones-marzo-768x82.png 768w, https:\/\/grupnexus.com\/wp-content\/uploads\/2018\/03\/promociones-marzo-555x59.png 555w, https:\/\/grupnexus.com\/wp-content\/uploads\/2018\/03\/promociones-marzo-360x38.png 360w, https:\/\/grupnexus.com\/wp-content\/uploads\/2018\/03\/promociones-marzo-262x28.png 262w\" sizes=\"(max-width: 800px) 100vw, 800px\" \/><\/a><\/p>\n<p>&nbsp;<\/p>\n<p>&nbsp;<\/p>\n<p>&nbsp;<\/p>\n<p>&nbsp;<\/p>\n<p>&nbsp;<\/p>\n<p><em>Quiz\u00e1s estabas buscando:<\/em><\/p>\n<p><em>Regalos para el d\u00eda del padre, Tratamientos masculinos de belleza, tratamientos capilares, cosm\u00e9tica masculina, qu\u00e9 regalar el d\u00eda del padre, el mejor regalo para el d\u00eda del padre.<\/em><\/p>\n","protected":false},"excerpt":{"rendered":"<p>Se acerca el D\u00eda del Padre, y sabemos que a ellos tambi\u00e9n les gusta cuidarse. Cada vez m\u00e1s hombres vienen a Nexus preocupados por la est\u00e9tica y la salud. Por este motivo, os informamos de los tratamientos m\u00e1s solicitados por ellos: &nbsp; &nbsp; &nbsp; Pide ahora una 1\u00aa visita informativa y de asesoramiento personalizado gratuita&#8230;<\/p>\n","protected":false},"author":6,"featured_media":12193,"comment_status":"closed","ping_status":"closed","sticky":false,"template":"","format":"standard","meta":[],"categories":[2,464],"tags":[],"yoast_head":"<!-- This site is optimized with the Yoast SEO plugin v18.6 - https:\/\/yoast.com\/wordpress\/plugins\/seo\/ -->\n<title>Especial D\u00eda del Padre. Porque a ellos tambi\u00e9n les gusta cuidarse.<\/title>\n<meta name=\"robots\" content=\"index, follow, max-snippet:-1, max-image-preview:large, max-video-preview:-1\" \/>\n<link rel=\"canonical\" href=\"https:\/\/grupnexus.com\/es\/tratamientos-dia-del-padre\/\" \/>\n<meta property=\"og:locale\" content=\"es_ES\" \/>\n<meta property=\"og:type\" content=\"article\" \/>\n<meta property=\"og:title\" content=\"Especial D\u00eda del Padre. Porque a ellos tambi\u00e9n les gusta cuidarse.\" \/>\n<meta property=\"og:description\" content=\"Se acerca el D\u00eda del Padre, y sabemos que a ellos tambi\u00e9n les gusta cuidarse. Cada vez m\u00e1s hombres vienen a Nexus preocupados por la est\u00e9tica y la salud. Por este motivo, os informamos de los tratamientos m\u00e1s solicitados por ellos: &nbsp; &nbsp; &nbsp; Pide ahora una 1\u00aa visita informativa y de asesoramiento personalizado gratuita...\" \/>\n<meta property=\"og:url\" content=\"https:\/\/grupnexus.com\/es\/tratamientos-dia-del-padre\/\" \/>\n<meta property=\"og:site_name\" content=\"Cl\u00ednica Nexus\" \/>\n<meta property=\"article:published_time\" content=\"2018-03-16T12:48:16+00:00\" \/>\n<meta property=\"article:modified_time\" content=\"2018-03-19T11:39:41+00:00\" \/>\n<meta property=\"og:image\" content=\"https:\/\/i0.wp.com\/grupnexus.com\/wp-content\/uploads\/2017\/03\/masaje-hombre.jpg?fit=640%2C480&#038;ssl=1\" \/>\n\t<meta property=\"og:image:width\" content=\"640\" \/>\n\t<meta property=\"og:image:height\" content=\"480\" \/>\n\t<meta property=\"og:image:type\" content=\"image\/jpeg\" \/>\n<meta name=\"twitter:card\" content=\"summary\" \/>\n<meta name=\"twitter:label1\" content=\"Escrito por\" \/>\n\t<meta name=\"twitter:data1\" content=\"Cl\u00ednica Nexus\" \/>\n\t<meta name=\"twitter:label2\" content=\"Tiempo de lectura\" \/>\n\t<meta name=\"twitter:data2\" content=\"1 minuto\" \/>\n<script type=\"application\/ld+json\" class=\"yoast-schema-graph\">{\"@context\":\"https:\/\/schema.org\",\"@graph\":[{\"@type\":\"WebSite\",\"@id\":\"https:\/\/grupnexus.com\/es\/#website\",\"url\":\"https:\/\/grupnexus.com\/es\/\",\"name\":\"Cl\u00ednica Nexus\",\"description\":\"L\u00edders en Medicina Est\u00e8tica Avan\u00e7ada\",\"potentialAction\":[{\"@type\":\"SearchAction\",\"target\":{\"@type\":\"EntryPoint\",\"urlTemplate\":\"https:\/\/grupnexus.com\/es\/?s={search_term_string}\"},\"query-input\":\"required name=search_term_string\"}],\"inLanguage\":\"es\"},{\"@type\":\"ImageObject\",\"@id\":\"https:\/\/grupnexus.com\/es\/tratamientos-dia-del-padre\/#primaryimage\",\"inLanguage\":\"es\",\"url\":\"https:\/\/grupnexus.com\/wp-content\/uploads\/2017\/03\/masaje-hombre.jpg\",\"contentUrl\":\"https:\/\/grupnexus.com\/wp-content\/uploads\/2017\/03\/masaje-hombre.jpg\",\"width\":640,\"height\":480,\"caption\":\"tractament dia del pare\"},{\"@type\":\"WebPage\",\"@id\":\"https:\/\/grupnexus.com\/es\/tratamientos-dia-del-padre\/#webpage\",\"url\":\"https:\/\/grupnexus.com\/es\/tratamientos-dia-del-padre\/\",\"name\":\"Especial D\u00eda del Padre. Porque a ellos tambi\u00e9n les gusta cuidarse.\",\"isPartOf\":{\"@id\":\"https:\/\/grupnexus.com\/es\/#website\"},\"primaryImageOfPage\":{\"@id\":\"https:\/\/grupnexus.com\/es\/tratamientos-dia-del-padre\/#primaryimage\"},\"datePublished\":\"2018-03-16T12:48:16+00:00\",\"dateModified\":\"2018-03-19T11:39:41+00:00\",\"author\":{\"@id\":\"https:\/\/grupnexus.com\/es\/#\/schema\/person\/7d42f30e6bd203d23a2c1613b51145c3\"},\"breadcrumb\":{\"@id\":\"https:\/\/grupnexus.com\/es\/tratamientos-dia-del-padre\/#breadcrumb\"},\"inLanguage\":\"es\",\"potentialAction\":[{\"@type\":\"ReadAction\",\"target\":[\"https:\/\/grupnexus.com\/es\/tratamientos-dia-del-padre\/\"]}]},{\"@type\":\"BreadcrumbList\",\"@id\":\"https:\/\/grupnexus.com\/es\/tratamientos-dia-del-padre\/#breadcrumb\",\"itemListElement\":[{\"@type\":\"ListItem\",\"position\":1,\"name\":\"Portada\",\"item\":\"https:\/\/grupnexus.com\/es\/\"},{\"@type\":\"ListItem\",\"position\":2,\"name\":\"Especial D\u00eda del Padre. Porque a ellos tambi\u00e9n les gusta cuidarse.\"}]},{\"@type\":\"Person\",\"@id\":\"https:\/\/grupnexus.com\/es\/#\/schema\/person\/7d42f30e6bd203d23a2c1613b51145c3\",\"name\":\"Cl\u00ednica Nexus\",\"image\":{\"@type\":\"ImageObject\",\"@id\":\"https:\/\/grupnexus.com\/es\/#personlogo\",\"inLanguage\":\"es\",\"url\":\"https:\/\/secure.gravatar.com\/avatar\/f1f98ef0d641a3a6af0accea5a5971ef?s=96&d=mm&r=g\",\"contentUrl\":\"https:\/\/secure.gravatar.com\/avatar\/f1f98ef0d641a3a6af0accea5a5971ef?s=96&d=mm&r=g\",\"caption\":\"Cl\u00ednica Nexus\"}}]}<\/script>\n<!-- \/ Yoast SEO plugin. -->","yoast_head_json":{"title":"Especial D\u00eda del Padre. Porque a ellos tambi\u00e9n les gusta cuidarse.","robots":{"index":"index","follow":"follow","max-snippet":"max-snippet:-1","max-image-preview":"max-image-preview:large","max-video-preview":"max-video-preview:-1"},"canonical":"https:\/\/grupnexus.com\/es\/tratamientos-dia-del-padre\/","og_locale":"es_ES","og_type":"article","og_title":"Especial D\u00eda del Padre. Porque a ellos tambi\u00e9n les gusta cuidarse.","og_description":"Se acerca el D\u00eda del Padre, y sabemos que a ellos tambi\u00e9n les gusta cuidarse. Cada vez m\u00e1s hombres vienen a Nexus preocupados por la est\u00e9tica y la salud. Por este motivo, os informamos de los tratamientos m\u00e1s solicitados por ellos: &nbsp; &nbsp; &nbsp; Pide ahora una 1\u00aa visita informativa y de asesoramiento personalizado gratuita...","og_url":"https:\/\/grupnexus.com\/es\/tratamientos-dia-del-padre\/","og_site_name":"Cl\u00ednica Nexus","article_published_time":"2018-03-16T12:48:16+00:00","article_modified_time":"2018-03-19T11:39:41+00:00","og_image":[{"width":640,"height":480,"url":"https:\/\/i0.wp.com\/grupnexus.com\/wp-content\/uploads\/2017\/03\/masaje-hombre.jpg?fit=640%2C480&ssl=1","type":"image\/jpeg"}],"twitter_card":"summary","twitter_misc":{"Escrito por":"Cl\u00ednica Nexus","Tiempo de lectura":"1 minuto"},"schema":{"@context":"https:\/\/schema.org","@graph":[{"@type":"WebSite","@id":"https:\/\/grupnexus.com\/es\/#website","url":"https:\/\/grupnexus.com\/es\/","name":"Cl\u00ednica Nexus","description":"L\u00edders en Medicina Est\u00e8tica Avan\u00e7ada","potentialAction":[{"@type":"SearchAction","target":{"@type":"EntryPoint","urlTemplate":"https:\/\/grupnexus.com\/es\/?s={search_term_string}"},"query-input":"required name=search_term_string"}],"inLanguage":"es"},{"@type":"ImageObject","@id":"https:\/\/grupnexus.com\/es\/tratamientos-dia-del-padre\/#primaryimage","inLanguage":"es","url":"https:\/\/grupnexus.com\/wp-content\/uploads\/2017\/03\/masaje-hombre.jpg","contentUrl":"https:\/\/grupnexus.com\/wp-content\/uploads\/2017\/03\/masaje-hombre.jpg","width":640,"height":480,"caption":"tractament dia del pare"},{"@type":"WebPage","@id":"https:\/\/grupnexus.com\/es\/tratamientos-dia-del-padre\/#webpage","url":"https:\/\/grupnexus.com\/es\/tratamientos-dia-del-padre\/","name":"Especial D\u00eda del Padre. Porque a ellos tambi\u00e9n les gusta cuidarse.","isPartOf":{"@id":"https:\/\/grupnexus.com\/es\/#website"},"primaryImageOfPage":{"@id":"https:\/\/grupnexus.com\/es\/tratamientos-dia-del-padre\/#primaryimage"},"datePublished":"2018-03-16T12:48:16+00:00","dateModified":"2018-03-19T11:39:41+00:00","author":{"@id":"https:\/\/grupnexus.com\/es\/#\/schema\/person\/7d42f30e6bd203d23a2c1613b51145c3"},"breadcrumb":{"@id":"https:\/\/grupnexus.com\/es\/tratamientos-dia-del-padre\/#breadcrumb"},"inLanguage":"es","potentialAction":[{"@type":"ReadAction","target":["https:\/\/grupnexus.com\/es\/tratamientos-dia-del-padre\/"]}]},{"@type":"BreadcrumbList","@id":"https:\/\/grupnexus.com\/es\/tratamientos-dia-del-padre\/#breadcrumb","itemListElement":[{"@type":"ListItem","position":1,"name":"Portada","item":"https:\/\/grupnexus.com\/es\/"},{"@type":"ListItem","position":2,"name":"Especial D\u00eda del Padre. Porque a ellos tambi\u00e9n les gusta cuidarse."}]},{"@type":"Person","@id":"https:\/\/grupnexus.com\/es\/#\/schema\/person\/7d42f30e6bd203d23a2c1613b51145c3","name":"Cl\u00ednica Nexus","image":{"@type":"ImageObject","@id":"https:\/\/grupnexus.com\/es\/#personlogo","inLanguage":"es","url":"https:\/\/secure.gravatar.com\/avatar\/f1f98ef0d641a3a6af0accea5a5971ef?s=96&d=mm&r=g","contentUrl":"https:\/\/secure.gravatar.com\/avatar\/f1f98ef0d641a3a6af0accea5a5971ef?s=96&d=mm&r=g","caption":"Cl\u00ednica Nexus"}}]}},"_links":{"self":[{"href":"https:\/\/grupnexus.com\/es\/wp-json\/wp\/v2\/posts\/15160"}],"collection":[{"href":"https:\/\/grupnexus.com\/es\/wp-json\/wp\/v2\/posts"}],"about":[{"href":"https:\/\/grupnexus.com\/es\/wp-json\/wp\/v2\/types\/post"}],"author":[{"embeddable":true,"href":"https:\/\/grupnexus.com\/es\/wp-json\/wp\/v2\/users\/6"}],"replies":[{"embeddable":true,"href":"https:\/\/grupnexus.com\/es\/wp-json\/wp\/v2\/comments?post=15160"}],"version-history":[{"count":2,"href":"https:\/\/grupnexus.com\/es\/wp-json\/wp\/v2\/posts\/15160\/revisions"}],"predecessor-version":[{"id":15161,"href":"https:\/\/grupnexus.com\/es\/wp-json\/wp\/v2\/posts\/15160\/revisions\/15161"}],"wp:featuredmedia":[{"embeddable":true,"href":"https:\/\/grupnexus.com\/es\/wp-json\/wp\/v2\/media\/12193"}],"wp:attachment":[{"href":"https:\/\/grupnexus.com\/es\/wp-json\/wp\/v2\/media?parent=15160"}],"wp:term":[{"taxonomy":"category","embeddable":true,"href":"https:\/\/grupnexus.com\/es\/wp-json\/wp\/v2\/categories?post=15160"},{"taxonomy":"post_tag","embeddable":true,"href":"https:\/\/grupnexus.com\/es\/wp-json\/wp\/v2\/tags?post=15160"}],"curies":[{"name":"wp","href":"https:\/\/api.w.org\/{rel}","templated":true}]}}