{"id":1538,"date":"2015-02-23T11:31:32","date_gmt":"2015-02-23T10:31:32","guid":{"rendered":"http:\/\/www.grupnexus.com\/?p=1538"},"modified":"2016-01-21T15:37:34","modified_gmt":"2016-01-21T13:37:34","slug":"27a-medio-maraton-de-balaguer","status":"publish","type":"post","link":"https:\/\/grupnexus.com\/es\/27a-medio-maraton-de-balaguer\/","title":{"rendered":"27\u00aa Medio Marat\u00f3n de Balaguer"},"content":{"rendered":"<p>Los pasados 21 y 22 de febrero se celebr\u00f3 en Balaguer un fin de semana dedicado al deporte. El s\u00e1bado con la Feria del Corredor y el domingo con la 27\u00aa Medio Marat\u00f3n de Balaguer.<\/p>\n<p>M\u00e1s de un millar de personas participaron en la carrera, haciendo as\u00ed que la fiesta deportiva fuera todo un \u00e9xito. Cl\u00ednica Nexus fue una de las patrocinadoras del Medio Marat\u00f3n e inform\u00f3 de sus tratamientos especializados para los deportistas durante la feria.<\/p>\n<p>Los ingresos obtenidos durante esta fiesta fueron destinados \u00edntegramente a causas ben\u00e9ficas.<\/p>\n<p>Nexus siempre con el deporte<\/p>\n","protected":false},"excerpt":{"rendered":"<p>Los pasados 21 y 22 de febrero se celebr\u00f3 en Balaguer un fin de semana dedicado al deporte. El s\u00e1bado con la Feria del Corredor y el domingo con la 27\u00aa Medio Marat\u00f3n de Balaguer. M\u00e1s de un millar de personas participaron en la carrera, haciendo as\u00ed que la fiesta deportiva fuera todo un \u00e9xito&#8230;.<\/p>\n","protected":false},"author":5,"featured_media":1533,"comment_status":"open","ping_status":"open","sticky":false,"template":"","format":"standard","meta":[],"categories":[2],"tags":[],"yoast_head":"<!-- This site is optimized with the Yoast SEO plugin v18.6 - https:\/\/yoast.com\/wordpress\/plugins\/seo\/ -->\n<title>27\u00aa Medio Marat\u00f3n de Balaguer<\/title>\n<meta name=\"description\" content=\"Los pasados 21 y 22 de febrero se celebr\u00f3 en Balaguer un fin de semana dedicado al deporte. El s\u00e1bado con la Feria del Corredor y el domingo con la 27\u00aa Medio Marat\u00f3n de Balaguer.\" \/>\n<meta name=\"robots\" content=\"index, follow, max-snippet:-1, max-image-preview:large, max-video-preview:-1\" \/>\n<link rel=\"canonical\" href=\"https:\/\/grupnexus.com\/es\/27a-medio-maraton-de-balaguer\/\" \/>\n<meta property=\"og:locale\" content=\"es_ES\" \/>\n<meta property=\"og:type\" content=\"article\" \/>\n<meta property=\"og:title\" content=\"27\u00aa Medio Marat\u00f3n de Balaguer\" \/>\n<meta property=\"og:description\" content=\"Los pasados 21 y 22 de febrero se celebr\u00f3 en Balaguer un fin de semana dedicado al deporte. El s\u00e1bado con la Feria del Corredor y el domingo con la 27\u00aa Medio Marat\u00f3n de Balaguer.\" \/>\n<meta property=\"og:url\" content=\"https:\/\/grupnexus.com\/es\/27a-medio-maraton-de-balaguer\/\" \/>\n<meta property=\"og:site_name\" content=\"Cl\u00ednica Nexus\" \/>\n<meta property=\"article:published_time\" content=\"2015-02-23T10:31:32+00:00\" \/>\n<meta property=\"article:modified_time\" content=\"2016-01-21T13:37:34+00:00\" \/>\n<meta property=\"og:image\" content=\"https:\/\/i0.wp.com\/grupnexus.com\/wp-content\/uploads\/20513_1011078278920297_8712385080807520217_n.jpg?fit=960%2C540&#038;ssl=1\" \/>\n\t<meta property=\"og:image:width\" content=\"960\" \/>\n\t<meta property=\"og:image:height\" content=\"540\" \/>\n\t<meta property=\"og:image:type\" content=\"image\/jpeg\" \/>\n<meta name=\"twitter:card\" content=\"summary\" \/>\n<meta name=\"twitter:label1\" content=\"Escrito por\" \/>\n\t<meta name=\"twitter:data1\" content=\"Nexus\" \/>\n<script type=\"application\/ld+json\" class=\"yoast-schema-graph\">{\"@context\":\"https:\/\/schema.org\",\"@graph\":[{\"@type\":\"WebSite\",\"@id\":\"https:\/\/grupnexus.com\/es\/#website\",\"url\":\"https:\/\/grupnexus.com\/es\/\",\"name\":\"Cl\u00ednica Nexus\",\"description\":\"L\u00edders en Medicina Est\u00e8tica Avan\u00e7ada\",\"potentialAction\":[{\"@type\":\"SearchAction\",\"target\":{\"@type\":\"EntryPoint\",\"urlTemplate\":\"https:\/\/grupnexus.com\/es\/?s={search_term_string}\"},\"query-input\":\"required name=search_term_string\"}],\"inLanguage\":\"es\"},{\"@type\":\"ImageObject\",\"@id\":\"https:\/\/grupnexus.com\/es\/27a-medio-maraton-de-balaguer\/#primaryimage\",\"inLanguage\":\"es\",\"url\":\"https:\/\/grupnexus.com\/wp-content\/uploads\/20513_1011078278920297_8712385080807520217_n.jpg\",\"contentUrl\":\"https:\/\/grupnexus.com\/wp-content\/uploads\/20513_1011078278920297_8712385080807520217_n.jpg\",\"width\":960,\"height\":540,\"caption\":\"27a Mitja Marat\u00f3 de Balaguer\"},{\"@type\":\"WebPage\",\"@id\":\"https:\/\/grupnexus.com\/es\/27a-medio-maraton-de-balaguer\/#webpage\",\"url\":\"https:\/\/grupnexus.com\/es\/27a-medio-maraton-de-balaguer\/\",\"name\":\"27\u00aa Medio Marat\u00f3n de Balaguer\",\"isPartOf\":{\"@id\":\"https:\/\/grupnexus.com\/es\/#website\"},\"primaryImageOfPage\":{\"@id\":\"https:\/\/grupnexus.com\/es\/27a-medio-maraton-de-balaguer\/#primaryimage\"},\"datePublished\":\"2015-02-23T10:31:32+00:00\",\"dateModified\":\"2016-01-21T13:37:34+00:00\",\"author\":{\"@id\":\"https:\/\/grupnexus.com\/es\/#\/schema\/person\/e766a805d9eadac3ecbb8c0d3dcd3355\"},\"description\":\"Los pasados 21 y 22 de febrero se celebr\u00f3 en Balaguer un fin de semana dedicado al deporte. El s\u00e1bado con la Feria del Corredor y el domingo con la 27\u00aa Medio Marat\u00f3n de Balaguer.\",\"breadcrumb\":{\"@id\":\"https:\/\/grupnexus.com\/es\/27a-medio-maraton-de-balaguer\/#breadcrumb\"},\"inLanguage\":\"es\",\"potentialAction\":[{\"@type\":\"ReadAction\",\"target\":[\"https:\/\/grupnexus.com\/es\/27a-medio-maraton-de-balaguer\/\"]}]},{\"@type\":\"BreadcrumbList\",\"@id\":\"https:\/\/grupnexus.com\/es\/27a-medio-maraton-de-balaguer\/#breadcrumb\",\"itemListElement\":[{\"@type\":\"ListItem\",\"position\":1,\"name\":\"Portada\",\"item\":\"https:\/\/grupnexus.com\/es\/\"},{\"@type\":\"ListItem\",\"position\":2,\"name\":\"27\u00aa Medio Marat\u00f3n de Balaguer\"}]},{\"@type\":\"Person\",\"@id\":\"https:\/\/grupnexus.com\/es\/#\/schema\/person\/e766a805d9eadac3ecbb8c0d3dcd3355\",\"name\":\"Nexus\",\"image\":{\"@type\":\"ImageObject\",\"@id\":\"https:\/\/grupnexus.com\/es\/#personlogo\",\"inLanguage\":\"es\",\"url\":\"https:\/\/secure.gravatar.com\/avatar\/8d9fa4540dd1ce6a7ed07044eb5f16c9?s=96&d=mm&r=g\",\"contentUrl\":\"https:\/\/secure.gravatar.com\/avatar\/8d9fa4540dd1ce6a7ed07044eb5f16c9?s=96&d=mm&r=g\",\"caption\":\"Nexus\"}}]}<\/script>\n<!-- \/ Yoast SEO plugin. -->","yoast_head_json":{"title":"27\u00aa Medio Marat\u00f3n de Balaguer","description":"Los pasados 21 y 22 de febrero se celebr\u00f3 en Balaguer un fin de semana dedicado al deporte. El s\u00e1bado con la Feria del Corredor y el domingo con la 27\u00aa Medio Marat\u00f3n de Balaguer.","robots":{"index":"index","follow":"follow","max-snippet":"max-snippet:-1","max-image-preview":"max-image-preview:large","max-video-preview":"max-video-preview:-1"},"canonical":"https:\/\/grupnexus.com\/es\/27a-medio-maraton-de-balaguer\/","og_locale":"es_ES","og_type":"article","og_title":"27\u00aa Medio Marat\u00f3n de Balaguer","og_description":"Los pasados 21 y 22 de febrero se celebr\u00f3 en Balaguer un fin de semana dedicado al deporte. El s\u00e1bado con la Feria del Corredor y el domingo con la 27\u00aa Medio Marat\u00f3n de Balaguer.","og_url":"https:\/\/grupnexus.com\/es\/27a-medio-maraton-de-balaguer\/","og_site_name":"Cl\u00ednica Nexus","article_published_time":"2015-02-23T10:31:32+00:00","article_modified_time":"2016-01-21T13:37:34+00:00","og_image":[{"width":960,"height":540,"url":"https:\/\/i0.wp.com\/grupnexus.com\/wp-content\/uploads\/20513_1011078278920297_8712385080807520217_n.jpg?fit=960%2C540&ssl=1","type":"image\/jpeg"}],"twitter_card":"summary","twitter_misc":{"Escrito por":"Nexus"},"schema":{"@context":"https:\/\/schema.org","@graph":[{"@type":"WebSite","@id":"https:\/\/grupnexus.com\/es\/#website","url":"https:\/\/grupnexus.com\/es\/","name":"Cl\u00ednica Nexus","description":"L\u00edders en Medicina Est\u00e8tica Avan\u00e7ada","potentialAction":[{"@type":"SearchAction","target":{"@type":"EntryPoint","urlTemplate":"https:\/\/grupnexus.com\/es\/?s={search_term_string}"},"query-input":"required name=search_term_string"}],"inLanguage":"es"},{"@type":"ImageObject","@id":"https:\/\/grupnexus.com\/es\/27a-medio-maraton-de-balaguer\/#primaryimage","inLanguage":"es","url":"https:\/\/grupnexus.com\/wp-content\/uploads\/20513_1011078278920297_8712385080807520217_n.jpg","contentUrl":"https:\/\/grupnexus.com\/wp-content\/uploads\/20513_1011078278920297_8712385080807520217_n.jpg","width":960,"height":540,"caption":"27a Mitja Marat\u00f3 de Balaguer"},{"@type":"WebPage","@id":"https:\/\/grupnexus.com\/es\/27a-medio-maraton-de-balaguer\/#webpage","url":"https:\/\/grupnexus.com\/es\/27a-medio-maraton-de-balaguer\/","name":"27\u00aa Medio Marat\u00f3n de Balaguer","isPartOf":{"@id":"https:\/\/grupnexus.com\/es\/#website"},"primaryImageOfPage":{"@id":"https:\/\/grupnexus.com\/es\/27a-medio-maraton-de-balaguer\/#primaryimage"},"datePublished":"2015-02-23T10:31:32+00:00","dateModified":"2016-01-21T13:37:34+00:00","author":{"@id":"https:\/\/grupnexus.com\/es\/#\/schema\/person\/e766a805d9eadac3ecbb8c0d3dcd3355"},"description":"Los pasados 21 y 22 de febrero se celebr\u00f3 en Balaguer un fin de semana dedicado al deporte. El s\u00e1bado con la Feria del Corredor y el domingo con la 27\u00aa Medio Marat\u00f3n de Balaguer.","breadcrumb":{"@id":"https:\/\/grupnexus.com\/es\/27a-medio-maraton-de-balaguer\/#breadcrumb"},"inLanguage":"es","potentialAction":[{"@type":"ReadAction","target":["https:\/\/grupnexus.com\/es\/27a-medio-maraton-de-balaguer\/"]}]},{"@type":"BreadcrumbList","@id":"https:\/\/grupnexus.com\/es\/27a-medio-maraton-de-balaguer\/#breadcrumb","itemListElement":[{"@type":"ListItem","position":1,"name":"Portada","item":"https:\/\/grupnexus.com\/es\/"},{"@type":"ListItem","position":2,"name":"27\u00aa Medio Marat\u00f3n de Balaguer"}]},{"@type":"Person","@id":"https:\/\/grupnexus.com\/es\/#\/schema\/person\/e766a805d9eadac3ecbb8c0d3dcd3355","name":"Nexus","image":{"@type":"ImageObject","@id":"https:\/\/grupnexus.com\/es\/#personlogo","inLanguage":"es","url":"https:\/\/secure.gravatar.com\/avatar\/8d9fa4540dd1ce6a7ed07044eb5f16c9?s=96&d=mm&r=g","contentUrl":"https:\/\/secure.gravatar.com\/avatar\/8d9fa4540dd1ce6a7ed07044eb5f16c9?s=96&d=mm&r=g","caption":"Nexus"}}]}},"_links":{"self":[{"href":"https:\/\/grupnexus.com\/es\/wp-json\/wp\/v2\/posts\/1538"}],"collection":[{"href":"https:\/\/grupnexus.com\/es\/wp-json\/wp\/v2\/posts"}],"about":[{"href":"https:\/\/grupnexus.com\/es\/wp-json\/wp\/v2\/types\/post"}],"author":[{"embeddable":true,"href":"https:\/\/grupnexus.com\/es\/wp-json\/wp\/v2\/users\/5"}],"replies":[{"embeddable":true,"href":"https:\/\/grupnexus.com\/es\/wp-json\/wp\/v2\/comments?post=1538"}],"version-history":[{"count":0,"href":"https:\/\/grupnexus.com\/es\/wp-json\/wp\/v2\/posts\/1538\/revisions"}],"wp:featuredmedia":[{"embeddable":true,"href":"https:\/\/grupnexus.com\/es\/wp-json\/wp\/v2\/media\/1533"}],"wp:attachment":[{"href":"https:\/\/grupnexus.com\/es\/wp-json\/wp\/v2\/media?parent=1538"}],"wp:term":[{"taxonomy":"category","embeddable":true,"href":"https:\/\/grupnexus.com\/es\/wp-json\/wp\/v2\/categories?post=1538"},{"taxonomy":"post_tag","embeddable":true,"href":"https:\/\/grupnexus.com\/es\/wp-json\/wp\/v2\/tags?post=1538"}],"curies":[{"name":"wp","href":"https:\/\/api.w.org\/{rel}","templated":true}]}}