{"id":15473,"date":"2018-05-16T17:03:43","date_gmt":"2018-05-16T15:03:43","guid":{"rendered":"https:\/\/www.grupnexus.com\/?p=15473\/"},"modified":"2022-06-20T10:24:20","modified_gmt":"2022-06-20T08:24:20","slug":"preparate-para-el-verano-2018","status":"publish","type":"post","link":"https:\/\/grupnexus.com\/es\/preparate-para-el-verano-2018\/","title":{"rendered":"Prep\u00e1rate para el verano"},"content":{"rendered":"<p><strong>En unas semanas damos la bienvenida al verano, la playa, la piscina y, la ropa fresca y ligera.<\/strong>\u00a0<strong>Es ahora cuando nos damos cuenta de aquellas imperfecciones que hacen que no nos sintamos c\u00f3mod@s y que queremos mejorar o, incluso olvidarse de ellas.<\/strong><\/p>\n<p><strong>La primavera es una de las \u00e9pocas del a\u00f1o, que tanto hombres como mujeres, invierten m\u00e1s en tratamientos m\u00e9dico-est\u00e9ticos, adelant\u00e1ndose a<\/strong>\u00a0<strong>la inminente<\/strong>\u00a0<strong>llegada<\/strong>\u00a0<strong>del<\/strong>\u00a0<strong>verano.<\/strong><\/p>\n<p><strong>Os revelamos los<\/strong>\u00a0<strong>TRATAMIENTOS M\u00c1S SOLICITADOS y RECOMENDABLES<\/strong>\u00a0<strong>y,<\/strong>\u00a0<strong>os<\/strong>\u00a0<strong>destacamos los<\/strong>\u00a0<strong>rasgos m\u00e1s relevantes de cada uno.<\/strong><\/p>\n<h3><strong><u>TRATAMIENTO POR EXCESO<\/u><\/strong><strong>\u00a0<\/strong><strong><u>DE<\/u><\/strong><strong>\u00a0<\/strong><strong><u>SUDACI\u00d3N <\/u><\/strong><\/h3>\n<p>Para eliminar el exceso de sudor, la mejor alternativa no quir\u00fargica, actualmente, es el tratamiento con <strong>Prote\u00cdna Natural Purificada<\/strong>. Mediante esta, logramos interrumpir la hiperactividad de las gl\u00e1ndulas sudor\u00edparas al bloquear las terminaciones nerviosas simp\u00e1ticas responsables de estimular estas gl\u00e1ndulas.\u00a0 <strong>La t\u00e9cnica es r\u00e1pida, segura y pr\u00e1cticamente indolora, realiz\u00e1ndose ambulatoriamente<\/strong>.\u00a0Habitualmente se tratan las <strong>manos, pies y axilas<\/strong>.\u00a0En\u00a0estas \u00faltimas, por\u00a0ejemplo,\u00a0no requiere ni siquiera anestesia (o como mucho una crema anest\u00e9sica t\u00f3pica) y con pocas infiltraciones se completa el tratamiento.\u00a0 <strong>Los resultados<\/strong><strong>\u00a0<\/strong><strong>ya<\/strong><strong>\u00a0<\/strong><strong>se observan de forma progresiva pocos d\u00edas<\/strong><strong>\u00a0<\/strong><strong>despu\u00e9s<\/strong><strong>\u00a0<\/strong><strong>de su aplicaci\u00f3n, y sus efectos suelen durar entre 4 meses y un a\u00f1o<\/strong>, dependiendo de la zona y las caracter\u00edsticas particulares de cada caso.\u00a0<strong>\u00a0<\/strong><\/p>\n<h3><strong><u>CELULITIS<\/u><\/strong>\u00a0<strong><u>y FLACIDEZ<\/u><\/strong><\/h3>\n<p><strong>&#8211;<\/strong>\u00a0<strong>Ozonoterapia:<\/strong>\u00a0Aplicaci\u00f3n subcut\u00e1nea de ozono, un gas que posee\u00a0<strong>tres \u00e1tomos de\u00a0ox\u00edgeno.<\/strong>\u00a0Este gas tiene la capacidad de reaccionar\u00a0frente\u00a0a los \u00e1cidos grasos que componen\u00a0la c\u00e9lula\u00a0adiposa, volvi\u00e9ndolos hidr\u00f3filos (que\u00a0absorben\u00a0la humedad)\u00a0<strong>reduciendo<\/strong>\u00a0<strong>el dep\u00f3sito de grasa y activando la circulaci\u00f3n para que<\/strong>\u00a0<strong>la celulitis<\/strong>\u00a0<strong>no vuelva a formarse\u00a0nuevamente.<\/strong>\u00a0Las capacidades\u00a0oxigenantes,\u00a0revitalizantes\u00a0y regeneradoras del ozono, se utilizan tambi\u00e9n para tratar otras alteraciones\u00a0dermoest\u00e9ticas\u00a0como las\u00a0<strong>estr\u00edas<\/strong>\u00a0y la <strong>flacidez. <\/strong><\/p>\n<p><strong>&#8211;<\/strong>\u00a0<strong>Carboxiterapia:<\/strong>\u00a0Aplicaci\u00f3n subcut\u00e1nea de <strong>di\u00f3xido de carbono<\/strong>.\u00a0Es\u00a0<strong>una de las mejores terapias para combatir la<\/strong>\u00a0<strong>celulitis,\u00a0la flacidez y los c\u00famulos de grasa.<\/strong><\/p>\n<p>Cada sesi\u00f3n dura unos 30 minutos aproximadamente, en la que, aplicamos peque\u00f1as inyecciones, con una aguja muy fina que est\u00e1 acoplada a una c\u00e1nula conectada al\u00a0Dioxage, la cual se encarga de la regulaci\u00f3n del CO2.<\/p>\n<p>Esta t\u00e9cnica produce m\u00faltiples efectos fisiol\u00f3gicos ofreciendo <strong>excelentes resultados terap\u00e9uticos y est\u00e9ticos, sobre todo regeneradores y rejuvenecedores<\/strong>, de forma personalizada y segura.<\/p>\n<p>&#8211;\u00a0<strong>Mesoterapia:<\/strong>\u00a0<strong>Infiltraci\u00f3n d\u00e9rmica de diferentes principios activos<\/strong>, alop\u00e1ticos\u00a0o homeop\u00e1ticos, que mejoran tanto el aspecto externo como las causas de fondo que las originan.<\/p>\n<p><strong>&#8211;<\/strong>\u00a0<strong>Velashape<\/strong>\u00a0<strong>III:<\/strong>\u00a0<strong>Sistema de remodelaci\u00f3n corporal<\/strong><strong>\u00a0<\/strong><strong>aprobado por la FDA<\/strong>\u00a0para el tratamiento\u00a0de\u00a0la\u00a0celulitis, flacidez y grasa localizada, con resultados excepcionales desde la primera sesi\u00f3n.<\/p>\n<p>&#8211;\u00a0<strong>Venusfreeze:<\/strong>\u00a0<strong>Tratamiento no invasivo que combina Radiofrecuencia (RF) y Impulsos magn\u00e9ticos <\/strong>en una tecnolog\u00eda llamada (MP) 2.\u00a0Combinaci\u00f3n \u00fanica que proporciona unos resultados inigualables <strong>para la flacidez tanto facial como corporal.<\/strong><\/p>\n<p><strong>&#8211;<\/strong>\u00a0<strong>Hilos\u00a0tensores:<\/strong>\u00a0excelentes\u00a0resultados para la flacidez facial y\u00a0corporal.<strong> Bio-<\/strong>\u00a0<strong>Thread<\/strong>\u00a0<strong>Lift<\/strong>\u00a0<strong>\u00a0<\/strong>\u00a0<strong>se basa en la<\/strong>\u00a0<strong>\u00a0<\/strong>\u00a0<strong>implantaci\u00f3n de hilos bio-reabsorbibles<\/strong>\u00a0<strong>en la dermis y\/o subdermis,<\/strong>\u00a0<strong>\u00a0<\/strong>\u00a0que mejoran significativamente la flacidez en el tejido descolgado formando una red de apoyo\u00a0<strong>\u00a0<\/strong>\u00a0<strong>(efecto lifting)<\/strong>\u00a0<strong>\u00a0<\/strong>\u00a0y,\u00a0al mismo tiempo, estimula paralelamente la inducci\u00f3n de col\u00e1geno d\u00e9rmico y elastina para actuar sobre la causa que lo provoca\u00a0<strong>(efecto<\/strong>\u00a0<strong>\u00a0<\/strong>\u00a0<strong>anti-aging).<\/strong><\/p>\n<p>&nbsp;<\/p>\n<h3><strong><u>GRASA LOCALIZADA\u00a0\u00a0<img loading=\"lazy\" class=\"alignright wp-image-25046\" src=\"https:\/\/grupnexus.com\/wp-content\/uploads\/2018\/05\/96428805_s.jpg\" alt=\"eliminaci\u00f3 greix localitzat\" width=\"400\" height=\"267\" srcset=\"https:\/\/grupnexus.com\/wp-content\/uploads\/2018\/05\/96428805_s.jpg 848w, https:\/\/grupnexus.com\/wp-content\/uploads\/2018\/05\/96428805_s-510x340.jpg 510w, https:\/\/grupnexus.com\/wp-content\/uploads\/2018\/05\/96428805_s-300x200.jpg 300w, https:\/\/grupnexus.com\/wp-content\/uploads\/2018\/05\/96428805_s-768x512.jpg 768w, https:\/\/grupnexus.com\/wp-content\/uploads\/2018\/05\/96428805_s-555x370.jpg 555w, https:\/\/grupnexus.com\/wp-content\/uploads\/2018\/05\/96428805_s-360x240.jpg 360w, https:\/\/grupnexus.com\/wp-content\/uploads\/2018\/05\/96428805_s-262x175.jpg 262w\" sizes=\"(max-width: 400px) 100vw, 400px\" \/><\/u><\/strong><\/h3>\n<p><strong>&#8211;<\/strong>\u00a0<strong><u>Adipocitolisis:<\/u><\/strong><\/p>\n<p><strong>Es<\/strong>\u00a0<strong>uno de los tratamientos r<\/strong><strong>eferentes para tratar la grasa localizada, siendo por su seguridad y eficacia, uno de los m\u00e1s solicitados en<\/strong>\u00a0<strong>la \u00e9poca<\/strong>\u00a0<strong>pre-estival<\/strong>\u00a0<strong>y\u00a0estival.<\/strong><\/p>\n<p><strong>Es la \u00fanica alternativa comparable a la liposucci\u00f3n<\/strong>\u00a0y t\u00e9cnicas quir\u00fargicas afines.<\/p>\n<p>Mediante la\u00a0t\u00e9cnica de la\u00a0<strong>intralipoterapia,<\/strong>\u00a0(una t\u00e9cnica muy espec\u00edfica de uso exclusivo para m\u00e9dicos\u00a0entrenados),\u00a0se inyecta directamente en el tejido adiposo una soluci\u00f3n detergente que rompe el adipocito, la c\u00e9lula que almacena la grasa, el cual una vez disuelto se eliminar\u00e1 v\u00eda linf\u00e1tica y urinaria.<\/p>\n<p>Adem\u00e1s cuenta con la\u00a0ventaja adicional de evitar la flacidez posterior, mejorando el aspecto y la textura de la\u00a0piel<u>.<\/u><\/p>\n<p><strong>La reducci\u00f3n de la grasa que se consigue<\/strong>\u00a0<strong>es\u00a0permanente.<\/strong><\/p>\n<p><strong>&#8211;<\/strong>\u00a0<strong><u>Criolip\u00f2lisis\u00a0(Coolsculping)<\/u><\/strong>\u00a0La\u00a0<strong>criolip\u00f3lisis<\/strong>\u00a0<strong>m\u00e9dica<\/strong>\u00a0consiste en <strong>bajar la temperatura de una zona corporal que contenga<\/strong><strong>\u00a0<\/strong><strong>grasa<\/strong><strong>\u00a0<\/strong><strong>acumulada<\/strong><strong>\u00a0<\/strong><strong>hasta &#8211;<\/strong><strong>\u00a0<\/strong><strong>8\u00baC,\u00a0durante 60 minutos y de manera controlada,<\/strong> cristalizando\u00a0as\u00ed las\u00a0c\u00e9lulas\u00a0de grasa, produciendo su destrucci\u00f3n definitiva y posteriormente\u00a0la\u00a0expulsi\u00f3n\u00a0por el propio cuerpo.\u00a0La reducci\u00f3n\u00a0media con\u00a0 nuestros\u00a0protocolos\u00a0personalizados\u00a0es\u00a0de <strong>una talla por sesi\u00f3n<\/strong>;\u00a0y se recomienda\u00a0de una a tres sesiones por zona.<\/p>\n<p><strong>&#8211;<\/strong>\u00a0<strong><u>Sistema Noradrenalina Release<\/u><\/strong><\/p>\n<p>Revolucionaria t\u00e9cnica japonesa que,\u00a0a trav\u00e9s de <strong>ultrasonidos<\/strong><strong>\u00a0<\/strong><strong>de intensidades y frecuencias espec\u00edficas, estimulan el sistema\u00a0nervioso,<\/strong><strong>\u00a0<\/strong><strong>produciendo la difusi\u00f3n de noradrenalina,<\/strong><strong>\u00a0<\/strong><strong>destruyendo<\/strong><strong>\u00a0<\/strong><strong>la grasa<\/strong> y\u00a0convirti\u00e9ndola\u00a0en \u00e1cidos grasos libres\u00a0que\u00a0el cuerpo elimina f\u00e1cilmente.<\/p>\n<p>&nbsp;<\/p>\n<h3><strong><u>ESTR\u00cdAS<\/u><\/strong><\/h3>\n<p><strong>&#8211;<\/strong>\u00a0<strong>L\u00e1ser<\/strong>\u00a0<strong>Icon<\/strong>\u00a0<strong><sup>TM<\/sup><\/strong>\u00a0<strong>1540<\/strong>\u00a0es el \u00fanico aprobado por la FDA para el tratamiento de <strong>estr\u00edas recientes y antiguas (blancas o rojas) del pecho, abdomen o<\/strong><strong>\u00a0<\/strong><strong>flancos.<\/strong>\u00a0Este tipo de l\u00e1ser fraccionado\u00a0permite actuar en la dermis, la capa intermedia de la piel, y estimular la producci\u00f3n de col\u00e1geno y\u00a0elastina,\u00a0ofreciendo as\u00ed\u00a0los mejores resultados.<\/p>\n<p><strong>&#8211;<\/strong>\u00a0<strong>Plasma rico en factores de crecimiento\u00a0(PRP):<\/strong>\u00a0Aumenta\u00a0la\u00a0vascularizaci\u00f3n\u00a0de la zona y el grosor de la piel\u00a0favoreciendo\u00a0la aparici\u00f3n\u00a0de una\u00a0piel nueva, disminuyendo los efectos sobre la oxidaci\u00f3n celular, obteniendo unos\u00a0<strong>magn\u00edficos resultados en<\/strong>\u00a0<strong>estr\u00edas,\u00a0cicatrices,<\/strong><strong>\u00a0<\/strong><strong>acn\u00e9,<\/strong><strong>\u00a0<\/strong><strong>incluso en la\u00a0alopecia,<\/strong><strong>\u00a0<\/strong>etc. &#8230;<\/p>\n<p><strong>&#8211;<\/strong>\u00a0<strong>L\u00c1SER<\/strong>\u00a0<strong>CO2<\/strong>\u00a0<strong>fraccional:<\/strong>\u00a0tambi\u00e9n es uno de los\u00a0tipos de\u00a0l\u00e1ser\u00a0m\u00e1s\u00a0indicado\u00a0para combatir\u00a0las\u00a0estr\u00edas,\u00a0incluso\u00a0las de tonalidad blanca.<\/p>\n<p>&nbsp;<\/p>\n<p>&nbsp;<\/p>\n<p>&nbsp;<\/p>\n<p style=\"text-align: center;\"><a href=\"https:\/\/grupnexus.com\/wp-content\/uploads\/2018\/05\/2018-05-Magazine-Salut-estiu-CAST.pdf\">Descargar la publicaci\u00f3n en pdf.<\/a><\/p>\n<p>&nbsp;<\/p>\n","protected":false},"excerpt":{"rendered":"<p>En unas semanas damos la bienvenida al verano, la playa, la piscina y, la ropa fresca y ligera.\u00a0Es ahora cuando nos damos cuenta de aquellas imperfecciones que hacen que no nos sintamos c\u00f3mod@s y que queremos mejorar o, incluso olvidarse de ellas. La primavera es una de las \u00e9pocas del a\u00f1o, que tanto hombres como&#8230;<\/p>\n","protected":false},"author":6,"featured_media":15465,"comment_status":"closed","ping_status":"closed","sticky":false,"template":"","format":"standard","meta":[],"categories":[2,330],"tags":[],"yoast_head":"<!-- This site is optimized with the Yoast SEO plugin v18.6 - https:\/\/yoast.com\/wordpress\/plugins\/seo\/ -->\n<title>Eliminaci\u00f3n grasa localizada, eliminaci\u00f3n de estr\u00edas<\/title>\n<meta name=\"robots\" content=\"index, follow, max-snippet:-1, max-image-preview:large, max-video-preview:-1\" \/>\n<link rel=\"canonical\" href=\"https:\/\/grupnexus.com\/es\/preparate-para-el-verano-2018\/\" \/>\n<meta property=\"og:locale\" content=\"es_ES\" \/>\n<meta property=\"og:type\" content=\"article\" \/>\n<meta property=\"og:title\" content=\"Eliminaci\u00f3n grasa localizada, eliminaci\u00f3n de estr\u00edas\" \/>\n<meta property=\"og:description\" content=\"En unas semanas damos la bienvenida al verano, la playa, la piscina y, la ropa fresca y ligera.\u00a0Es ahora cuando nos damos cuenta de aquellas imperfecciones que hacen que no nos sintamos c\u00f3mod@s y que queremos mejorar o, incluso olvidarse de ellas. La primavera es una de las \u00e9pocas del a\u00f1o, que tanto hombres como...\" \/>\n<meta property=\"og:url\" content=\"https:\/\/grupnexus.com\/es\/preparate-para-el-verano-2018\/\" \/>\n<meta property=\"og:site_name\" content=\"Cl\u00ednica Nexus\" \/>\n<meta property=\"article:published_time\" content=\"2018-05-16T15:03:43+00:00\" \/>\n<meta property=\"article:modified_time\" content=\"2022-06-20T08:24:20+00:00\" \/>\n<meta property=\"og:image\" content=\"https:\/\/grupnexus.com\/wp-content\/uploads\/2018\/05\/sudor.jpg\" \/>\n\t<meta property=\"og:image:width\" content=\"1200\" \/>\n\t<meta property=\"og:image:height\" content=\"801\" \/>\n\t<meta property=\"og:image:type\" content=\"image\/jpeg\" \/>\n<meta name=\"twitter:card\" content=\"summary\" \/>\n<meta name=\"twitter:label1\" content=\"Escrito por\" \/>\n\t<meta name=\"twitter:data1\" content=\"Cl\u00ednica Nexus\" \/>\n\t<meta name=\"twitter:label2\" content=\"Tiempo de lectura\" \/>\n\t<meta name=\"twitter:data2\" content=\"5 minutos\" \/>\n<script type=\"application\/ld+json\" class=\"yoast-schema-graph\">{\"@context\":\"https:\/\/schema.org\",\"@graph\":[{\"@type\":\"WebSite\",\"@id\":\"https:\/\/grupnexus.com\/es\/#website\",\"url\":\"https:\/\/grupnexus.com\/es\/\",\"name\":\"Cl\u00ednica Nexus\",\"description\":\"L\u00edders en Medicina Est\u00e8tica Avan\u00e7ada\",\"potentialAction\":[{\"@type\":\"SearchAction\",\"target\":{\"@type\":\"EntryPoint\",\"urlTemplate\":\"https:\/\/grupnexus.com\/es\/?s={search_term_string}\"},\"query-input\":\"required name=search_term_string\"}],\"inLanguage\":\"es\"},{\"@type\":\"ImageObject\",\"@id\":\"https:\/\/grupnexus.com\/es\/preparate-para-el-verano-2018\/#primaryimage\",\"inLanguage\":\"es\",\"url\":\"https:\/\/grupnexus.com\/wp-content\/uploads\/2018\/05\/sudor.jpg\",\"contentUrl\":\"https:\/\/grupnexus.com\/wp-content\/uploads\/2018\/05\/sudor.jpg\",\"width\":1200,\"height\":801,\"caption\":\"tractar exces suor\"},{\"@type\":\"WebPage\",\"@id\":\"https:\/\/grupnexus.com\/es\/preparate-para-el-verano-2018\/#webpage\",\"url\":\"https:\/\/grupnexus.com\/es\/preparate-para-el-verano-2018\/\",\"name\":\"Eliminaci\u00f3n grasa localizada, eliminaci\u00f3n de estr\u00edas\",\"isPartOf\":{\"@id\":\"https:\/\/grupnexus.com\/es\/#website\"},\"primaryImageOfPage\":{\"@id\":\"https:\/\/grupnexus.com\/es\/preparate-para-el-verano-2018\/#primaryimage\"},\"datePublished\":\"2018-05-16T15:03:43+00:00\",\"dateModified\":\"2022-06-20T08:24:20+00:00\",\"author\":{\"@id\":\"https:\/\/grupnexus.com\/es\/#\/schema\/person\/7d42f30e6bd203d23a2c1613b51145c3\"},\"breadcrumb\":{\"@id\":\"https:\/\/grupnexus.com\/es\/preparate-para-el-verano-2018\/#breadcrumb\"},\"inLanguage\":\"es\",\"potentialAction\":[{\"@type\":\"ReadAction\",\"target\":[\"https:\/\/grupnexus.com\/es\/preparate-para-el-verano-2018\/\"]}]},{\"@type\":\"BreadcrumbList\",\"@id\":\"https:\/\/grupnexus.com\/es\/preparate-para-el-verano-2018\/#breadcrumb\",\"itemListElement\":[{\"@type\":\"ListItem\",\"position\":1,\"name\":\"Portada\",\"item\":\"https:\/\/grupnexus.com\/es\/\"},{\"@type\":\"ListItem\",\"position\":2,\"name\":\"Prep\u00e1rate para el verano\"}]},{\"@type\":\"Person\",\"@id\":\"https:\/\/grupnexus.com\/es\/#\/schema\/person\/7d42f30e6bd203d23a2c1613b51145c3\",\"name\":\"Cl\u00ednica Nexus\",\"image\":{\"@type\":\"ImageObject\",\"@id\":\"https:\/\/grupnexus.com\/es\/#personlogo\",\"inLanguage\":\"es\",\"url\":\"https:\/\/secure.gravatar.com\/avatar\/f1f98ef0d641a3a6af0accea5a5971ef?s=96&d=mm&r=g\",\"contentUrl\":\"https:\/\/secure.gravatar.com\/avatar\/f1f98ef0d641a3a6af0accea5a5971ef?s=96&d=mm&r=g\",\"caption\":\"Cl\u00ednica Nexus\"}}]}<\/script>\n<!-- \/ Yoast SEO plugin. -->","yoast_head_json":{"title":"Eliminaci\u00f3n grasa localizada, eliminaci\u00f3n de estr\u00edas","robots":{"index":"index","follow":"follow","max-snippet":"max-snippet:-1","max-image-preview":"max-image-preview:large","max-video-preview":"max-video-preview:-1"},"canonical":"https:\/\/grupnexus.com\/es\/preparate-para-el-verano-2018\/","og_locale":"es_ES","og_type":"article","og_title":"Eliminaci\u00f3n grasa localizada, eliminaci\u00f3n de estr\u00edas","og_description":"En unas semanas damos la bienvenida al verano, la playa, la piscina y, la ropa fresca y ligera.\u00a0Es ahora cuando nos damos cuenta de aquellas imperfecciones que hacen que no nos sintamos c\u00f3mod@s y que queremos mejorar o, incluso olvidarse de ellas. La primavera es una de las \u00e9pocas del a\u00f1o, que tanto hombres como...","og_url":"https:\/\/grupnexus.com\/es\/preparate-para-el-verano-2018\/","og_site_name":"Cl\u00ednica Nexus","article_published_time":"2018-05-16T15:03:43+00:00","article_modified_time":"2022-06-20T08:24:20+00:00","og_image":[{"width":1200,"height":801,"url":"https:\/\/grupnexus.com\/wp-content\/uploads\/2018\/05\/sudor.jpg","type":"image\/jpeg"}],"twitter_card":"summary","twitter_misc":{"Escrito por":"Cl\u00ednica Nexus","Tiempo de lectura":"5 minutos"},"schema":{"@context":"https:\/\/schema.org","@graph":[{"@type":"WebSite","@id":"https:\/\/grupnexus.com\/es\/#website","url":"https:\/\/grupnexus.com\/es\/","name":"Cl\u00ednica Nexus","description":"L\u00edders en Medicina Est\u00e8tica Avan\u00e7ada","potentialAction":[{"@type":"SearchAction","target":{"@type":"EntryPoint","urlTemplate":"https:\/\/grupnexus.com\/es\/?s={search_term_string}"},"query-input":"required name=search_term_string"}],"inLanguage":"es"},{"@type":"ImageObject","@id":"https:\/\/grupnexus.com\/es\/preparate-para-el-verano-2018\/#primaryimage","inLanguage":"es","url":"https:\/\/grupnexus.com\/wp-content\/uploads\/2018\/05\/sudor.jpg","contentUrl":"https:\/\/grupnexus.com\/wp-content\/uploads\/2018\/05\/sudor.jpg","width":1200,"height":801,"caption":"tractar exces suor"},{"@type":"WebPage","@id":"https:\/\/grupnexus.com\/es\/preparate-para-el-verano-2018\/#webpage","url":"https:\/\/grupnexus.com\/es\/preparate-para-el-verano-2018\/","name":"Eliminaci\u00f3n grasa localizada, eliminaci\u00f3n de estr\u00edas","isPartOf":{"@id":"https:\/\/grupnexus.com\/es\/#website"},"primaryImageOfPage":{"@id":"https:\/\/grupnexus.com\/es\/preparate-para-el-verano-2018\/#primaryimage"},"datePublished":"2018-05-16T15:03:43+00:00","dateModified":"2022-06-20T08:24:20+00:00","author":{"@id":"https:\/\/grupnexus.com\/es\/#\/schema\/person\/7d42f30e6bd203d23a2c1613b51145c3"},"breadcrumb":{"@id":"https:\/\/grupnexus.com\/es\/preparate-para-el-verano-2018\/#breadcrumb"},"inLanguage":"es","potentialAction":[{"@type":"ReadAction","target":["https:\/\/grupnexus.com\/es\/preparate-para-el-verano-2018\/"]}]},{"@type":"BreadcrumbList","@id":"https:\/\/grupnexus.com\/es\/preparate-para-el-verano-2018\/#breadcrumb","itemListElement":[{"@type":"ListItem","position":1,"name":"Portada","item":"https:\/\/grupnexus.com\/es\/"},{"@type":"ListItem","position":2,"name":"Prep\u00e1rate para el verano"}]},{"@type":"Person","@id":"https:\/\/grupnexus.com\/es\/#\/schema\/person\/7d42f30e6bd203d23a2c1613b51145c3","name":"Cl\u00ednica Nexus","image":{"@type":"ImageObject","@id":"https:\/\/grupnexus.com\/es\/#personlogo","inLanguage":"es","url":"https:\/\/secure.gravatar.com\/avatar\/f1f98ef0d641a3a6af0accea5a5971ef?s=96&d=mm&r=g","contentUrl":"https:\/\/secure.gravatar.com\/avatar\/f1f98ef0d641a3a6af0accea5a5971ef?s=96&d=mm&r=g","caption":"Cl\u00ednica Nexus"}}]}},"_links":{"self":[{"href":"https:\/\/grupnexus.com\/es\/wp-json\/wp\/v2\/posts\/15473"}],"collection":[{"href":"https:\/\/grupnexus.com\/es\/wp-json\/wp\/v2\/posts"}],"about":[{"href":"https:\/\/grupnexus.com\/es\/wp-json\/wp\/v2\/types\/post"}],"author":[{"embeddable":true,"href":"https:\/\/grupnexus.com\/es\/wp-json\/wp\/v2\/users\/6"}],"replies":[{"embeddable":true,"href":"https:\/\/grupnexus.com\/es\/wp-json\/wp\/v2\/comments?post=15473"}],"version-history":[{"count":3,"href":"https:\/\/grupnexus.com\/es\/wp-json\/wp\/v2\/posts\/15473\/revisions"}],"predecessor-version":[{"id":50645,"href":"https:\/\/grupnexus.com\/es\/wp-json\/wp\/v2\/posts\/15473\/revisions\/50645"}],"wp:featuredmedia":[{"embeddable":true,"href":"https:\/\/grupnexus.com\/es\/wp-json\/wp\/v2\/media\/15465"}],"wp:attachment":[{"href":"https:\/\/grupnexus.com\/es\/wp-json\/wp\/v2\/media?parent=15473"}],"wp:term":[{"taxonomy":"category","embeddable":true,"href":"https:\/\/grupnexus.com\/es\/wp-json\/wp\/v2\/categories?post=15473"},{"taxonomy":"post_tag","embeddable":true,"href":"https:\/\/grupnexus.com\/es\/wp-json\/wp\/v2\/tags?post=15473"}],"curies":[{"name":"wp","href":"https:\/\/api.w.org\/{rel}","templated":true}]}}