{"id":15634,"date":"2018-06-03T18:54:37","date_gmt":"2018-06-03T16:54:37","guid":{"rendered":"https:\/\/www.grupnexus.com\/?p=15634\/"},"modified":"2018-06-13T11:04:39","modified_gmt":"2018-06-13T09:04:39","slug":"nexus-jornadas-gallegas-medicina-estetica","status":"publish","type":"post","link":"https:\/\/grupnexus.com\/es\/nexus-jornadas-gallegas-medicina-estetica\/","title":{"rendered":"Nexus atento a las nuevas tendencias y novedades expuestas a las VIII Jornadas Gallegas de Medicina Est\u00e9tica"},"content":{"rendered":"<p><strong>Lleida, 3 de junio de 2018.-<\/strong> Cl\u00ednica Nexus, se ha trasladado durante los d\u00edas 1 y 2 de junio, en el Centro de Congresos y Convenciones La Toja, de la Isla de la Toja, donde ha tenido lugar la celebraci\u00f3n de las VIII Jornadas Gallegas de Medicina Est\u00e9tica.<\/p>\n<p>El programa, en grandes rasgos, se ha focalizado en los \u00faltimos avances en el tratamiento del envejecimiento y la flacidez facial, as\u00ed como las \u00faltimas t\u00e9cnicas para corregirlo. Sin embargo se ha dado especial relevancia en varias ponencias, al diferente abordaje que requieren los tratamientos m\u00e9dico-est\u00e9ticos en pacientes femeninos y masculinos. Esto demuestra la tendencia al alza, y de manera exponencial, en la afluencia de pacientes hombres en nuestras consultas. A nivel corporal, la presentaci\u00f3n de nuevos equipos de radiofrecuencia y de lip\u00f3lisis \u2013para el tratamiento de la flacidez y grasa localizada, respectivamente-, han sido las estrellas del certamen.<\/p>\n<p>Durante las Jornadas tuvieron lugar toda una serie de talleres pr\u00e1cticos por parte de las firmas referentes del sector &#8211; Cynosure, BTL, Reference Medical y Skymedic, entre otras -, todas ellas partners de Cl\u00ednica Nexus, lo que ratifica la profesionalidad y nivel de exigencia a la hora de escoger a nuestros colaboradores.<\/p>\n<p>Queremos tambi\u00e9n destacar nuestra participaci\u00f3n en el roleplay de presentaci\u00f3n de casos complejos y soluciones aplicadas por expertos, lo que nos da seguridad y experiencia en nuestro saber hacer y profesionalidad.<\/p>\n<p>Finalmente, subrayar el hecho de la presentaci\u00f3n de nuevos protocolos de actuaci\u00f3n ante diversos tratamientos que, en Cl\u00ednica Nexus, como defensores fervorosos en protocolizar todas nuestras actuaciones, aplicaremos de manera inmediata para alcanzar el m\u00e1ximo rigor en nuestra pr\u00e1ctica profesional.<\/p>\n<p>&nbsp;<\/p>\n<p><img loading=\"lazy\" class=\"aligncenter size-large wp-image-15631\" src=\"https:\/\/grupnexus.com\/wp-content\/uploads\/2018\/06\/2018-06-11-PHOTO-00001461-760x1024.jpg\" alt=\"Montse Monjo jornades gallegues\" width=\"760\" height=\"1024\" srcset=\"https:\/\/grupnexus.com\/wp-content\/uploads\/2018\/06\/2018-06-11-PHOTO-00001461.jpg 760w, https:\/\/grupnexus.com\/wp-content\/uploads\/2018\/06\/2018-06-11-PHOTO-00001461-510x687.jpg 510w, https:\/\/grupnexus.com\/wp-content\/uploads\/2018\/06\/2018-06-11-PHOTO-00001461-223x300.jpg 223w, https:\/\/grupnexus.com\/wp-content\/uploads\/2018\/06\/2018-06-11-PHOTO-00001461-570x768.jpg 570w, https:\/\/grupnexus.com\/wp-content\/uploads\/2018\/06\/2018-06-11-PHOTO-00001461-555x748.jpg 555w, https:\/\/grupnexus.com\/wp-content\/uploads\/2018\/06\/2018-06-11-PHOTO-00001461-360x485.jpg 360w, https:\/\/grupnexus.com\/wp-content\/uploads\/2018\/06\/2018-06-11-PHOTO-00001461-262x353.jpg 262w\" sizes=\"(max-width: 760px) 100vw, 760px\" \/><\/p>\n<p><img loading=\"lazy\" class=\"aligncenter size-large wp-image-15654\" src=\"https:\/\/grupnexus.com\/wp-content\/uploads\/2018\/06\/2018-06-11-PHOTO-00001468-1024x768.jpg\" alt=\"\" width=\"1024\" height=\"768\" srcset=\"https:\/\/grupnexus.com\/wp-content\/uploads\/2018\/06\/2018-06-11-PHOTO-00001468.jpg 1024w, https:\/\/grupnexus.com\/wp-content\/uploads\/2018\/06\/2018-06-11-PHOTO-00001468-510x383.jpg 510w, https:\/\/grupnexus.com\/wp-content\/uploads\/2018\/06\/2018-06-11-PHOTO-00001468-300x225.jpg 300w, https:\/\/grupnexus.com\/wp-content\/uploads\/2018\/06\/2018-06-11-PHOTO-00001468-768x576.jpg 768w, https:\/\/grupnexus.com\/wp-content\/uploads\/2018\/06\/2018-06-11-PHOTO-00001468-555x416.jpg 555w, https:\/\/grupnexus.com\/wp-content\/uploads\/2018\/06\/2018-06-11-PHOTO-00001468-360x270.jpg 360w, https:\/\/grupnexus.com\/wp-content\/uploads\/2018\/06\/2018-06-11-PHOTO-00001468-262x197.jpg 262w\" sizes=\"(max-width: 1024px) 100vw, 1024px\" \/><\/p>\n<p><img loading=\"lazy\" class=\"aligncenter size-large wp-image-15632\" src=\"https:\/\/grupnexus.com\/wp-content\/uploads\/2018\/06\/2018-06-11-PHOTO-00001460-1024x868.jpg\" alt=\"Dr. Pinos i Montse Monjo\" width=\"1024\" height=\"868\" srcset=\"https:\/\/grupnexus.com\/wp-content\/uploads\/2018\/06\/2018-06-11-PHOTO-00001460.jpg 1024w, https:\/\/grupnexus.com\/wp-content\/uploads\/2018\/06\/2018-06-11-PHOTO-00001460-510x432.jpg 510w, https:\/\/grupnexus.com\/wp-content\/uploads\/2018\/06\/2018-06-11-PHOTO-00001460-300x254.jpg 300w, https:\/\/grupnexus.com\/wp-content\/uploads\/2018\/06\/2018-06-11-PHOTO-00001460-768x651.jpg 768w, https:\/\/grupnexus.com\/wp-content\/uploads\/2018\/06\/2018-06-11-PHOTO-00001460-555x470.jpg 555w, https:\/\/grupnexus.com\/wp-content\/uploads\/2018\/06\/2018-06-11-PHOTO-00001460-360x305.jpg 360w, https:\/\/grupnexus.com\/wp-content\/uploads\/2018\/06\/2018-06-11-PHOTO-00001460-262x222.jpg 262w\" sizes=\"(max-width: 1024px) 100vw, 1024px\" \/><\/p>\n","protected":false},"excerpt":{"rendered":"<p>Lleida, 3 de junio de 2018.- Cl\u00ednica Nexus, se ha trasladado durante los d\u00edas 1 y 2 de junio, en el Centro de Congresos y Convenciones La Toja, de la Isla de la Toja, donde ha tenido lugar la celebraci\u00f3n de las VIII Jornadas Gallegas de Medicina Est\u00e9tica. El programa, en grandes rasgos, se ha&#8230;<\/p>\n","protected":false},"author":6,"featured_media":15630,"comment_status":"closed","ping_status":"closed","sticky":false,"template":"","format":"standard","meta":[],"categories":[2,330,526,7],"tags":[],"yoast_head":"<!-- This site is optimized with the Yoast SEO plugin v18.6 - https:\/\/yoast.com\/wordpress\/plugins\/seo\/ -->\n<title>Nexus atento a las nuevas tendencias y novedades expuestas a las VIII Jornadas Gallegas de Medicina Est\u00e9tica<\/title>\n<meta name=\"robots\" content=\"index, follow, max-snippet:-1, max-image-preview:large, max-video-preview:-1\" \/>\n<link rel=\"canonical\" href=\"https:\/\/grupnexus.com\/es\/nexus-jornadas-gallegas-medicina-estetica\/\" \/>\n<meta property=\"og:locale\" content=\"es_ES\" \/>\n<meta property=\"og:type\" content=\"article\" \/>\n<meta property=\"og:title\" content=\"Nexus atento a las nuevas tendencias y novedades expuestas a las VIII Jornadas Gallegas de Medicina Est\u00e9tica\" \/>\n<meta property=\"og:description\" content=\"Lleida, 3 de junio de 2018.- Cl\u00ednica Nexus, se ha trasladado durante los d\u00edas 1 y 2 de junio, en el Centro de Congresos y Convenciones La Toja, de la Isla de la Toja, donde ha tenido lugar la celebraci\u00f3n de las VIII Jornadas Gallegas de Medicina Est\u00e9tica. El programa, en grandes rasgos, se ha...\" \/>\n<meta property=\"og:url\" content=\"https:\/\/grupnexus.com\/es\/nexus-jornadas-gallegas-medicina-estetica\/\" \/>\n<meta property=\"og:site_name\" content=\"Cl\u00ednica Nexus\" \/>\n<meta property=\"article:published_time\" content=\"2018-06-03T16:54:37+00:00\" \/>\n<meta property=\"article:modified_time\" content=\"2018-06-13T09:04:39+00:00\" \/>\n<meta property=\"og:image\" content=\"https:\/\/i0.wp.com\/grupnexus.com\/wp-content\/uploads\/2018\/06\/2018-06-11-PHOTO-00001457.jpg?fit=750%2C274&#038;ssl=1\" \/>\n\t<meta property=\"og:image:width\" content=\"750\" \/>\n\t<meta property=\"og:image:height\" content=\"274\" \/>\n\t<meta property=\"og:image:type\" content=\"image\/jpeg\" \/>\n<meta name=\"twitter:card\" content=\"summary\" \/>\n<meta name=\"twitter:label1\" content=\"Escrito por\" \/>\n\t<meta name=\"twitter:data1\" content=\"Cl\u00ednica Nexus\" \/>\n\t<meta name=\"twitter:label2\" content=\"Tiempo de lectura\" \/>\n\t<meta name=\"twitter:data2\" content=\"1 minuto\" \/>\n<script type=\"application\/ld+json\" class=\"yoast-schema-graph\">{\"@context\":\"https:\/\/schema.org\",\"@graph\":[{\"@type\":\"WebSite\",\"@id\":\"https:\/\/grupnexus.com\/es\/#website\",\"url\":\"https:\/\/grupnexus.com\/es\/\",\"name\":\"Cl\u00ednica Nexus\",\"description\":\"L\u00edders en Medicina Est\u00e8tica Avan\u00e7ada\",\"potentialAction\":[{\"@type\":\"SearchAction\",\"target\":{\"@type\":\"EntryPoint\",\"urlTemplate\":\"https:\/\/grupnexus.com\/es\/?s={search_term_string}\"},\"query-input\":\"required name=search_term_string\"}],\"inLanguage\":\"es\"},{\"@type\":\"ImageObject\",\"@id\":\"https:\/\/grupnexus.com\/es\/nexus-jornadas-gallegas-medicina-estetica\/#primaryimage\",\"inLanguage\":\"es\",\"url\":\"https:\/\/grupnexus.com\/wp-content\/uploads\/2018\/06\/2018-06-11-PHOTO-00001457.jpg\",\"contentUrl\":\"https:\/\/grupnexus.com\/wp-content\/uploads\/2018\/06\/2018-06-11-PHOTO-00001457.jpg\",\"width\":750,\"height\":274,\"caption\":\"jornadas gallegas\"},{\"@type\":\"WebPage\",\"@id\":\"https:\/\/grupnexus.com\/es\/nexus-jornadas-gallegas-medicina-estetica\/#webpage\",\"url\":\"https:\/\/grupnexus.com\/es\/nexus-jornadas-gallegas-medicina-estetica\/\",\"name\":\"Nexus atento a las nuevas tendencias y novedades expuestas a las VIII Jornadas Gallegas de Medicina Est\u00e9tica\",\"isPartOf\":{\"@id\":\"https:\/\/grupnexus.com\/es\/#website\"},\"primaryImageOfPage\":{\"@id\":\"https:\/\/grupnexus.com\/es\/nexus-jornadas-gallegas-medicina-estetica\/#primaryimage\"},\"datePublished\":\"2018-06-03T16:54:37+00:00\",\"dateModified\":\"2018-06-13T09:04:39+00:00\",\"author\":{\"@id\":\"https:\/\/grupnexus.com\/es\/#\/schema\/person\/7d42f30e6bd203d23a2c1613b51145c3\"},\"breadcrumb\":{\"@id\":\"https:\/\/grupnexus.com\/es\/nexus-jornadas-gallegas-medicina-estetica\/#breadcrumb\"},\"inLanguage\":\"es\",\"potentialAction\":[{\"@type\":\"ReadAction\",\"target\":[\"https:\/\/grupnexus.com\/es\/nexus-jornadas-gallegas-medicina-estetica\/\"]}]},{\"@type\":\"BreadcrumbList\",\"@id\":\"https:\/\/grupnexus.com\/es\/nexus-jornadas-gallegas-medicina-estetica\/#breadcrumb\",\"itemListElement\":[{\"@type\":\"ListItem\",\"position\":1,\"name\":\"Portada\",\"item\":\"https:\/\/grupnexus.com\/es\/\"},{\"@type\":\"ListItem\",\"position\":2,\"name\":\"Nexus atento a las nuevas tendencias y novedades expuestas a las VIII Jornadas Gallegas de Medicina Est\u00e9tica\"}]},{\"@type\":\"Person\",\"@id\":\"https:\/\/grupnexus.com\/es\/#\/schema\/person\/7d42f30e6bd203d23a2c1613b51145c3\",\"name\":\"Cl\u00ednica Nexus\",\"image\":{\"@type\":\"ImageObject\",\"@id\":\"https:\/\/grupnexus.com\/es\/#personlogo\",\"inLanguage\":\"es\",\"url\":\"https:\/\/secure.gravatar.com\/avatar\/f1f98ef0d641a3a6af0accea5a5971ef?s=96&d=mm&r=g\",\"contentUrl\":\"https:\/\/secure.gravatar.com\/avatar\/f1f98ef0d641a3a6af0accea5a5971ef?s=96&d=mm&r=g\",\"caption\":\"Cl\u00ednica Nexus\"}}]}<\/script>\n<!-- \/ Yoast SEO plugin. -->","yoast_head_json":{"title":"Nexus atento a las nuevas tendencias y novedades expuestas a las VIII Jornadas Gallegas de Medicina Est\u00e9tica","robots":{"index":"index","follow":"follow","max-snippet":"max-snippet:-1","max-image-preview":"max-image-preview:large","max-video-preview":"max-video-preview:-1"},"canonical":"https:\/\/grupnexus.com\/es\/nexus-jornadas-gallegas-medicina-estetica\/","og_locale":"es_ES","og_type":"article","og_title":"Nexus atento a las nuevas tendencias y novedades expuestas a las VIII Jornadas Gallegas de Medicina Est\u00e9tica","og_description":"Lleida, 3 de junio de 2018.- Cl\u00ednica Nexus, se ha trasladado durante los d\u00edas 1 y 2 de junio, en el Centro de Congresos y Convenciones La Toja, de la Isla de la Toja, donde ha tenido lugar la celebraci\u00f3n de las VIII Jornadas Gallegas de Medicina Est\u00e9tica. El programa, en grandes rasgos, se ha...","og_url":"https:\/\/grupnexus.com\/es\/nexus-jornadas-gallegas-medicina-estetica\/","og_site_name":"Cl\u00ednica Nexus","article_published_time":"2018-06-03T16:54:37+00:00","article_modified_time":"2018-06-13T09:04:39+00:00","og_image":[{"width":750,"height":274,"url":"https:\/\/i0.wp.com\/grupnexus.com\/wp-content\/uploads\/2018\/06\/2018-06-11-PHOTO-00001457.jpg?fit=750%2C274&ssl=1","type":"image\/jpeg"}],"twitter_card":"summary","twitter_misc":{"Escrito por":"Cl\u00ednica Nexus","Tiempo de lectura":"1 minuto"},"schema":{"@context":"https:\/\/schema.org","@graph":[{"@type":"WebSite","@id":"https:\/\/grupnexus.com\/es\/#website","url":"https:\/\/grupnexus.com\/es\/","name":"Cl\u00ednica Nexus","description":"L\u00edders en Medicina Est\u00e8tica Avan\u00e7ada","potentialAction":[{"@type":"SearchAction","target":{"@type":"EntryPoint","urlTemplate":"https:\/\/grupnexus.com\/es\/?s={search_term_string}"},"query-input":"required name=search_term_string"}],"inLanguage":"es"},{"@type":"ImageObject","@id":"https:\/\/grupnexus.com\/es\/nexus-jornadas-gallegas-medicina-estetica\/#primaryimage","inLanguage":"es","url":"https:\/\/grupnexus.com\/wp-content\/uploads\/2018\/06\/2018-06-11-PHOTO-00001457.jpg","contentUrl":"https:\/\/grupnexus.com\/wp-content\/uploads\/2018\/06\/2018-06-11-PHOTO-00001457.jpg","width":750,"height":274,"caption":"jornadas gallegas"},{"@type":"WebPage","@id":"https:\/\/grupnexus.com\/es\/nexus-jornadas-gallegas-medicina-estetica\/#webpage","url":"https:\/\/grupnexus.com\/es\/nexus-jornadas-gallegas-medicina-estetica\/","name":"Nexus atento a las nuevas tendencias y novedades expuestas a las VIII Jornadas Gallegas de Medicina Est\u00e9tica","isPartOf":{"@id":"https:\/\/grupnexus.com\/es\/#website"},"primaryImageOfPage":{"@id":"https:\/\/grupnexus.com\/es\/nexus-jornadas-gallegas-medicina-estetica\/#primaryimage"},"datePublished":"2018-06-03T16:54:37+00:00","dateModified":"2018-06-13T09:04:39+00:00","author":{"@id":"https:\/\/grupnexus.com\/es\/#\/schema\/person\/7d42f30e6bd203d23a2c1613b51145c3"},"breadcrumb":{"@id":"https:\/\/grupnexus.com\/es\/nexus-jornadas-gallegas-medicina-estetica\/#breadcrumb"},"inLanguage":"es","potentialAction":[{"@type":"ReadAction","target":["https:\/\/grupnexus.com\/es\/nexus-jornadas-gallegas-medicina-estetica\/"]}]},{"@type":"BreadcrumbList","@id":"https:\/\/grupnexus.com\/es\/nexus-jornadas-gallegas-medicina-estetica\/#breadcrumb","itemListElement":[{"@type":"ListItem","position":1,"name":"Portada","item":"https:\/\/grupnexus.com\/es\/"},{"@type":"ListItem","position":2,"name":"Nexus atento a las nuevas tendencias y novedades expuestas a las VIII Jornadas Gallegas de Medicina Est\u00e9tica"}]},{"@type":"Person","@id":"https:\/\/grupnexus.com\/es\/#\/schema\/person\/7d42f30e6bd203d23a2c1613b51145c3","name":"Cl\u00ednica Nexus","image":{"@type":"ImageObject","@id":"https:\/\/grupnexus.com\/es\/#personlogo","inLanguage":"es","url":"https:\/\/secure.gravatar.com\/avatar\/f1f98ef0d641a3a6af0accea5a5971ef?s=96&d=mm&r=g","contentUrl":"https:\/\/secure.gravatar.com\/avatar\/f1f98ef0d641a3a6af0accea5a5971ef?s=96&d=mm&r=g","caption":"Cl\u00ednica Nexus"}}]}},"_links":{"self":[{"href":"https:\/\/grupnexus.com\/es\/wp-json\/wp\/v2\/posts\/15634"}],"collection":[{"href":"https:\/\/grupnexus.com\/es\/wp-json\/wp\/v2\/posts"}],"about":[{"href":"https:\/\/grupnexus.com\/es\/wp-json\/wp\/v2\/types\/post"}],"author":[{"embeddable":true,"href":"https:\/\/grupnexus.com\/es\/wp-json\/wp\/v2\/users\/6"}],"replies":[{"embeddable":true,"href":"https:\/\/grupnexus.com\/es\/wp-json\/wp\/v2\/comments?post=15634"}],"version-history":[{"count":2,"href":"https:\/\/grupnexus.com\/es\/wp-json\/wp\/v2\/posts\/15634\/revisions"}],"predecessor-version":[{"id":15656,"href":"https:\/\/grupnexus.com\/es\/wp-json\/wp\/v2\/posts\/15634\/revisions\/15656"}],"wp:featuredmedia":[{"embeddable":true,"href":"https:\/\/grupnexus.com\/es\/wp-json\/wp\/v2\/media\/15630"}],"wp:attachment":[{"href":"https:\/\/grupnexus.com\/es\/wp-json\/wp\/v2\/media?parent=15634"}],"wp:term":[{"taxonomy":"category","embeddable":true,"href":"https:\/\/grupnexus.com\/es\/wp-json\/wp\/v2\/categories?post=15634"},{"taxonomy":"post_tag","embeddable":true,"href":"https:\/\/grupnexus.com\/es\/wp-json\/wp\/v2\/tags?post=15634"}],"curies":[{"name":"wp","href":"https:\/\/api.w.org\/{rel}","templated":true}]}}