{"id":1579,"date":"2015-03-16T12:55:12","date_gmt":"2015-03-16T11:55:12","guid":{"rendered":"http:\/\/www.grupnexus.com\/?p=1579"},"modified":"2016-01-21T15:33:31","modified_gmt":"2016-01-21T13:33:31","slug":"nexus-colabora-en-la-iii-carrera-de-la-mujer","status":"publish","type":"post","link":"https:\/\/grupnexus.com\/es\/nexus-colabora-en-la-iii-carrera-de-la-mujer\/","title":{"rendered":"Nexus colabora en la III Carrera de la Mujer"},"content":{"rendered":"<p>El pasado domingo 15 de marzo, Cl\u00ednica Nexus colabor\u00f3 en la III Carrera de la Mujer Nayox Lleida en beneficio de la investigaci\u00f3n del c\u00e1ncer de mama.<\/p>\n<p>Con m\u00e1s de cinco quil\u00f3metros de recorrido, y m\u00e1s de mil mujeres inscritas, la carrera fue todo un \u00e9xito, promoviendo durante todo el fin de semana valores como la salud y la solidaridad.\u00a0La recaudaci\u00f3n obtenida de las inscripciones fue destinada a la Beca Marta Santamar\u00eda, destinada a la investigaci\u00f3n precoz del c\u00e1ncer de mama.<\/p>\n<p>Cl\u00ednica Nexus, patrocin\u00f3 y apoy\u00f3 uno de los mejores eventos deportivos solidarios de Lleida.<\/p>\n<p><strong>\u00a0\u00a1Nexus siempre con el deporte!<\/strong><\/p>\n","protected":false},"excerpt":{"rendered":"<p>El pasado domingo 15 de marzo, Cl\u00ednica Nexus colabor\u00f3 en la III Carrera de la Mujer Nayox Lleida en beneficio de la investigaci\u00f3n del c\u00e1ncer de mama. Con m\u00e1s de cinco quil\u00f3metros de recorrido, y m\u00e1s de mil mujeres inscritas, la carrera fue todo un \u00e9xito, promoviendo durante todo el fin de semana valores como&#8230;<\/p>\n","protected":false},"author":5,"featured_media":1570,"comment_status":"open","ping_status":"open","sticky":false,"template":"","format":"standard","meta":[],"categories":[2],"tags":[],"yoast_head":"<!-- This site is optimized with the Yoast SEO plugin v18.6 - https:\/\/yoast.com\/wordpress\/plugins\/seo\/ -->\n<title>Nexus colabora en la III Carrera de la Mujer<\/title>\n<meta name=\"description\" content=\"El pasado domingo 15 de marzo, Cl\u00ednica Nexus colabor\u00f3 en la III Carrera de la Mujer Nayox Lleida en beneficio de la investigaci\u00f3n del c\u00e1ncer de mama.\" \/>\n<meta name=\"robots\" content=\"index, follow, max-snippet:-1, max-image-preview:large, max-video-preview:-1\" \/>\n<link rel=\"canonical\" href=\"https:\/\/grupnexus.com\/es\/nexus-colabora-en-la-iii-carrera-de-la-mujer\/\" \/>\n<meta property=\"og:locale\" content=\"es_ES\" \/>\n<meta property=\"og:type\" content=\"article\" \/>\n<meta property=\"og:title\" content=\"Nexus colabora en la III Carrera de la Mujer\" \/>\n<meta property=\"og:description\" content=\"El pasado domingo 15 de marzo, Cl\u00ednica Nexus colabor\u00f3 en la III Carrera de la Mujer Nayox Lleida en beneficio de la investigaci\u00f3n del c\u00e1ncer de mama.\" \/>\n<meta property=\"og:url\" content=\"https:\/\/grupnexus.com\/es\/nexus-colabora-en-la-iii-carrera-de-la-mujer\/\" \/>\n<meta property=\"og:site_name\" content=\"Cl\u00ednica Nexus\" \/>\n<meta property=\"article:published_time\" content=\"2015-03-16T11:55:12+00:00\" \/>\n<meta property=\"article:modified_time\" content=\"2016-01-21T13:33:31+00:00\" \/>\n<meta property=\"og:image\" content=\"https:\/\/i0.wp.com\/grupnexus.com\/wp-content\/uploads\/10422322_1024781137550011_5675237742016123884_n.jpg?fit=960%2C540&#038;ssl=1\" \/>\n\t<meta property=\"og:image:width\" content=\"960\" \/>\n\t<meta property=\"og:image:height\" content=\"540\" \/>\n\t<meta property=\"og:image:type\" content=\"image\/jpeg\" \/>\n<meta name=\"twitter:card\" content=\"summary\" \/>\n<meta name=\"twitter:label1\" content=\"Escrito por\" \/>\n\t<meta name=\"twitter:data1\" content=\"Nexus\" \/>\n\t<meta name=\"twitter:label2\" content=\"Tiempo de lectura\" \/>\n\t<meta name=\"twitter:data2\" content=\"1 minuto\" \/>\n<script type=\"application\/ld+json\" class=\"yoast-schema-graph\">{\"@context\":\"https:\/\/schema.org\",\"@graph\":[{\"@type\":\"WebSite\",\"@id\":\"https:\/\/grupnexus.com\/es\/#website\",\"url\":\"https:\/\/grupnexus.com\/es\/\",\"name\":\"Cl\u00ednica Nexus\",\"description\":\"L\u00edders en Medicina Est\u00e8tica Avan\u00e7ada\",\"potentialAction\":[{\"@type\":\"SearchAction\",\"target\":{\"@type\":\"EntryPoint\",\"urlTemplate\":\"https:\/\/grupnexus.com\/es\/?s={search_term_string}\"},\"query-input\":\"required name=search_term_string\"}],\"inLanguage\":\"es\"},{\"@type\":\"ImageObject\",\"@id\":\"https:\/\/grupnexus.com\/es\/nexus-colabora-en-la-iii-carrera-de-la-mujer\/#primaryimage\",\"inLanguage\":\"es\",\"url\":\"https:\/\/grupnexus.com\/wp-content\/uploads\/10422322_1024781137550011_5675237742016123884_n.jpg\",\"contentUrl\":\"https:\/\/grupnexus.com\/wp-content\/uploads\/10422322_1024781137550011_5675237742016123884_n.jpg\",\"width\":960,\"height\":540},{\"@type\":\"WebPage\",\"@id\":\"https:\/\/grupnexus.com\/es\/nexus-colabora-en-la-iii-carrera-de-la-mujer\/#webpage\",\"url\":\"https:\/\/grupnexus.com\/es\/nexus-colabora-en-la-iii-carrera-de-la-mujer\/\",\"name\":\"Nexus colabora en la III Carrera de la Mujer\",\"isPartOf\":{\"@id\":\"https:\/\/grupnexus.com\/es\/#website\"},\"primaryImageOfPage\":{\"@id\":\"https:\/\/grupnexus.com\/es\/nexus-colabora-en-la-iii-carrera-de-la-mujer\/#primaryimage\"},\"datePublished\":\"2015-03-16T11:55:12+00:00\",\"dateModified\":\"2016-01-21T13:33:31+00:00\",\"author\":{\"@id\":\"https:\/\/grupnexus.com\/es\/#\/schema\/person\/e766a805d9eadac3ecbb8c0d3dcd3355\"},\"description\":\"El pasado domingo 15 de marzo, Cl\u00ednica Nexus colabor\u00f3 en la III Carrera de la Mujer Nayox Lleida en beneficio de la investigaci\u00f3n del c\u00e1ncer de mama.\",\"breadcrumb\":{\"@id\":\"https:\/\/grupnexus.com\/es\/nexus-colabora-en-la-iii-carrera-de-la-mujer\/#breadcrumb\"},\"inLanguage\":\"es\",\"potentialAction\":[{\"@type\":\"ReadAction\",\"target\":[\"https:\/\/grupnexus.com\/es\/nexus-colabora-en-la-iii-carrera-de-la-mujer\/\"]}]},{\"@type\":\"BreadcrumbList\",\"@id\":\"https:\/\/grupnexus.com\/es\/nexus-colabora-en-la-iii-carrera-de-la-mujer\/#breadcrumb\",\"itemListElement\":[{\"@type\":\"ListItem\",\"position\":1,\"name\":\"Portada\",\"item\":\"https:\/\/grupnexus.com\/es\/\"},{\"@type\":\"ListItem\",\"position\":2,\"name\":\"Nexus colabora en la III Carrera de la Mujer\"}]},{\"@type\":\"Person\",\"@id\":\"https:\/\/grupnexus.com\/es\/#\/schema\/person\/e766a805d9eadac3ecbb8c0d3dcd3355\",\"name\":\"Nexus\",\"image\":{\"@type\":\"ImageObject\",\"@id\":\"https:\/\/grupnexus.com\/es\/#personlogo\",\"inLanguage\":\"es\",\"url\":\"https:\/\/secure.gravatar.com\/avatar\/8d9fa4540dd1ce6a7ed07044eb5f16c9?s=96&d=mm&r=g\",\"contentUrl\":\"https:\/\/secure.gravatar.com\/avatar\/8d9fa4540dd1ce6a7ed07044eb5f16c9?s=96&d=mm&r=g\",\"caption\":\"Nexus\"}}]}<\/script>\n<!-- \/ Yoast SEO plugin. -->","yoast_head_json":{"title":"Nexus colabora en la III Carrera de la Mujer","description":"El pasado domingo 15 de marzo, Cl\u00ednica Nexus colabor\u00f3 en la III Carrera de la Mujer Nayox Lleida en beneficio de la investigaci\u00f3n del c\u00e1ncer de mama.","robots":{"index":"index","follow":"follow","max-snippet":"max-snippet:-1","max-image-preview":"max-image-preview:large","max-video-preview":"max-video-preview:-1"},"canonical":"https:\/\/grupnexus.com\/es\/nexus-colabora-en-la-iii-carrera-de-la-mujer\/","og_locale":"es_ES","og_type":"article","og_title":"Nexus colabora en la III Carrera de la Mujer","og_description":"El pasado domingo 15 de marzo, Cl\u00ednica Nexus colabor\u00f3 en la III Carrera de la Mujer Nayox Lleida en beneficio de la investigaci\u00f3n del c\u00e1ncer de mama.","og_url":"https:\/\/grupnexus.com\/es\/nexus-colabora-en-la-iii-carrera-de-la-mujer\/","og_site_name":"Cl\u00ednica Nexus","article_published_time":"2015-03-16T11:55:12+00:00","article_modified_time":"2016-01-21T13:33:31+00:00","og_image":[{"width":960,"height":540,"url":"https:\/\/i0.wp.com\/grupnexus.com\/wp-content\/uploads\/10422322_1024781137550011_5675237742016123884_n.jpg?fit=960%2C540&ssl=1","type":"image\/jpeg"}],"twitter_card":"summary","twitter_misc":{"Escrito por":"Nexus","Tiempo de lectura":"1 minuto"},"schema":{"@context":"https:\/\/schema.org","@graph":[{"@type":"WebSite","@id":"https:\/\/grupnexus.com\/es\/#website","url":"https:\/\/grupnexus.com\/es\/","name":"Cl\u00ednica Nexus","description":"L\u00edders en Medicina Est\u00e8tica Avan\u00e7ada","potentialAction":[{"@type":"SearchAction","target":{"@type":"EntryPoint","urlTemplate":"https:\/\/grupnexus.com\/es\/?s={search_term_string}"},"query-input":"required name=search_term_string"}],"inLanguage":"es"},{"@type":"ImageObject","@id":"https:\/\/grupnexus.com\/es\/nexus-colabora-en-la-iii-carrera-de-la-mujer\/#primaryimage","inLanguage":"es","url":"https:\/\/grupnexus.com\/wp-content\/uploads\/10422322_1024781137550011_5675237742016123884_n.jpg","contentUrl":"https:\/\/grupnexus.com\/wp-content\/uploads\/10422322_1024781137550011_5675237742016123884_n.jpg","width":960,"height":540},{"@type":"WebPage","@id":"https:\/\/grupnexus.com\/es\/nexus-colabora-en-la-iii-carrera-de-la-mujer\/#webpage","url":"https:\/\/grupnexus.com\/es\/nexus-colabora-en-la-iii-carrera-de-la-mujer\/","name":"Nexus colabora en la III Carrera de la Mujer","isPartOf":{"@id":"https:\/\/grupnexus.com\/es\/#website"},"primaryImageOfPage":{"@id":"https:\/\/grupnexus.com\/es\/nexus-colabora-en-la-iii-carrera-de-la-mujer\/#primaryimage"},"datePublished":"2015-03-16T11:55:12+00:00","dateModified":"2016-01-21T13:33:31+00:00","author":{"@id":"https:\/\/grupnexus.com\/es\/#\/schema\/person\/e766a805d9eadac3ecbb8c0d3dcd3355"},"description":"El pasado domingo 15 de marzo, Cl\u00ednica Nexus colabor\u00f3 en la III Carrera de la Mujer Nayox Lleida en beneficio de la investigaci\u00f3n del c\u00e1ncer de mama.","breadcrumb":{"@id":"https:\/\/grupnexus.com\/es\/nexus-colabora-en-la-iii-carrera-de-la-mujer\/#breadcrumb"},"inLanguage":"es","potentialAction":[{"@type":"ReadAction","target":["https:\/\/grupnexus.com\/es\/nexus-colabora-en-la-iii-carrera-de-la-mujer\/"]}]},{"@type":"BreadcrumbList","@id":"https:\/\/grupnexus.com\/es\/nexus-colabora-en-la-iii-carrera-de-la-mujer\/#breadcrumb","itemListElement":[{"@type":"ListItem","position":1,"name":"Portada","item":"https:\/\/grupnexus.com\/es\/"},{"@type":"ListItem","position":2,"name":"Nexus colabora en la III Carrera de la Mujer"}]},{"@type":"Person","@id":"https:\/\/grupnexus.com\/es\/#\/schema\/person\/e766a805d9eadac3ecbb8c0d3dcd3355","name":"Nexus","image":{"@type":"ImageObject","@id":"https:\/\/grupnexus.com\/es\/#personlogo","inLanguage":"es","url":"https:\/\/secure.gravatar.com\/avatar\/8d9fa4540dd1ce6a7ed07044eb5f16c9?s=96&d=mm&r=g","contentUrl":"https:\/\/secure.gravatar.com\/avatar\/8d9fa4540dd1ce6a7ed07044eb5f16c9?s=96&d=mm&r=g","caption":"Nexus"}}]}},"_links":{"self":[{"href":"https:\/\/grupnexus.com\/es\/wp-json\/wp\/v2\/posts\/1579"}],"collection":[{"href":"https:\/\/grupnexus.com\/es\/wp-json\/wp\/v2\/posts"}],"about":[{"href":"https:\/\/grupnexus.com\/es\/wp-json\/wp\/v2\/types\/post"}],"author":[{"embeddable":true,"href":"https:\/\/grupnexus.com\/es\/wp-json\/wp\/v2\/users\/5"}],"replies":[{"embeddable":true,"href":"https:\/\/grupnexus.com\/es\/wp-json\/wp\/v2\/comments?post=1579"}],"version-history":[{"count":0,"href":"https:\/\/grupnexus.com\/es\/wp-json\/wp\/v2\/posts\/1579\/revisions"}],"wp:featuredmedia":[{"embeddable":true,"href":"https:\/\/grupnexus.com\/es\/wp-json\/wp\/v2\/media\/1570"}],"wp:attachment":[{"href":"https:\/\/grupnexus.com\/es\/wp-json\/wp\/v2\/media?parent=1579"}],"wp:term":[{"taxonomy":"category","embeddable":true,"href":"https:\/\/grupnexus.com\/es\/wp-json\/wp\/v2\/categories?post=1579"},{"taxonomy":"post_tag","embeddable":true,"href":"https:\/\/grupnexus.com\/es\/wp-json\/wp\/v2\/tags?post=1579"}],"curies":[{"name":"wp","href":"https:\/\/api.w.org\/{rel}","templated":true}]}}