{"id":16063,"date":"2017-09-04T06:45:31","date_gmt":"2017-09-04T04:45:31","guid":{"rendered":"https:\/\/www.grupnexus.com\/montse-monjo-parla-sobre-tractaments-mes-adient-tardor\/"},"modified":"2018-09-18T13:19:37","modified_gmt":"2018-09-18T11:19:37","slug":"montse-monje-nos-habla-sobre-los-tratamientos-mas-adecuado-otono","status":"publish","type":"post","link":"https:\/\/grupnexus.com\/es\/montse-monje-nos-habla-sobre-los-tratamientos-mas-adecuado-otono\/","title":{"rendered":"Montse Monjo nos habla sobre los tratamientos m\u00e1s adecuados en oto\u00f1o"},"content":{"rendered":"<p>Llegados ya en septiembre, es el momento de realizar los tratamientos m\u00e9dicos y est\u00e9ticos que nos permitir\u00e1n contrarrestar los efectos indeseables que ha causado el sol en nuestra piel.<\/p>\n<p>El tratamiento por excelencia es la <a href=\"https:\/\/grupnexus.com\/biorevitalitzacio-cutania\" target=\"_blank\" rel=\"noopener\"> biorevitalizaci\u00f3 cut\u00e1nea <\/a>. Se trata de la aplicaci\u00f3n de infiltraciones de \u00e1cido hialur\u00f3nico y c\u00f3cteles vitam\u00ednicos con los que conseguimos una mejora de todas las propiedades de la piel (aspecto, hidrataci\u00f3n, elasticidad, tono y textura) y la protecci\u00f3n frente a los radicales libres.<\/p>\n<p>Tambi\u00e9n ahora, a las puertas del oto\u00f1o, es el momento id\u00f3neo para empezar con todos aquellos tratamientos que no eran compatibles con la exposici\u00f3n solar, como la <a href=\"https:\/\/grupnexus.com\/picosure-nueva-eliminaci\u00f3n-de-tatuajes\" target=\"_ blank\" rel=\"noopener\"> eliminaci\u00f3n de manchas y tatuajes <\/a>. Con el l\u00e1ser PicoSure \u00a9, podemos eliminar todo tipo de lesiones pigmentadas, independientemente de la causa (hormonal, edad, sol &#8230;), y tatuajes, de todos los colores, incluyendo los residuales y recalcitrantes. Todo ello, de una manera muy efectiva y sin efectos secundarios.<\/p>\n<p>Hablamos tambi\u00e9n de la <strong> eliminaci\u00f3n de lesiones vasculares faciales <\/strong>, como cuperosis, ros\u00e1cea, telangectasies, manchas vasculares de nacimiento, etc. Estos tratamientos se realizan con la plataforma vascular m\u00e1s evolucionada, l\u00e1ser <a href=\"https:\/\/grupnexus.com\/cynergy\" target=\"_blank\" rel=\"noopener\"> Cynergy <\/a>, que consta de un l\u00e1ser de colorante pulsado y un l\u00e1ser Neodimio Yag que pueden ser emitidos de manera secuencial.<\/p>\n<p>El <a href=\"https:\/\/grupnexus.com\/eliminacio-de-les-varius-sense-cirurgia\" target=\"_blank\" rel=\"noopener\"> eliminaci\u00f3n de varices con la terapia fotodin\u00e1mica <\/a> es otro de estos tratamientos, el procedimiento combina la escleroterapia qu\u00edmica tradicional con la plataforma vascular Cynergy.<\/p>\n<p>Finalmente, la <a href=\"https:\/\/grupnexus.com\/10-sistemes-de-depilacio-laser-medic-davantguarda-per-a-un-resultat-10\" target=\"_ blank\" rel=\"noopener\"> depilaci\u00f3n l\u00e1ser m\u00e9dico de vanguardia <\/a>, con diez sistemas diferentes, nos permiten personalizar al m\u00e1ximo cada tratamiento y conseguir as\u00ed un resultado 10. Todos ellos aprobados por la FDA como resultado permanente, ausencia de efectos secundarios y Certificado de Seguridad del Servicio T\u00e9cnico Oficial.<\/p>\n<p>Por \u00faltimo, alent\u00f3 a comenzar lo antes posible, ya que la mayor\u00eda de estos tratamientos constan de cuatro a cinco sesiones, con intervalos entre ellas de dos meses, por lo que de media son nueve meses, y es ideal hacer -lo coincidir con el curso escolar, cuando todo es m\u00e1s f\u00e1cil, y el pr\u00f3ximo verano podremos estar sin ninguno de estos inestetismos comentados.<\/p>\n<p>&nbsp;<\/p>\n<div class=\"wpv-video-frame\"><iframe loading=\"lazy\" title=\"Tractaments est\u00e8tics ideals per la tardor\" width=\"1380\" height=\"776\" src=\"https:\/\/www.youtube.com\/embed\/BPsOR4cgtQw?feature=oembed\" frameborder=\"0\" allow=\"accelerometer; autoplay; clipboard-write; encrypted-media; gyroscope; picture-in-picture\" allowfullscreen><\/iframe><\/div>\n<p>&nbsp;<\/p>\n<p>Publicada por: <a href=\"http:\/\/www.7accents.cat\"> 7accents <\/a><\/p>\n","protected":false},"excerpt":{"rendered":"<p>Llegados ya en septiembre, es el momento de realizar los tratamientos m\u00e9dicos y est\u00e9ticos que nos permitir\u00e1n contrarrestar los efectos indeseables que ha causado el sol en nuestra piel. El tratamiento por excelencia es la biorevitalizaci\u00f3 cut\u00e1nea . Se trata de la aplicaci\u00f3n de infiltraciones de \u00e1cido hialur\u00f3nico y c\u00f3cteles vitam\u00ednicos con los que conseguimos&#8230;<\/p>\n","protected":false},"author":6,"featured_media":16061,"comment_status":"closed","ping_status":"closed","sticky":false,"template":"","format":"standard","meta":[],"categories":[460,461],"tags":[],"yoast_head":"<!-- This site is optimized with the Yoast SEO plugin v18.6 - https:\/\/yoast.com\/wordpress\/plugins\/seo\/ -->\n<title>Montse Monjo nos habla sobre los tratamientos m\u00e1s adecuados en oto\u00f1o<\/title>\n<meta name=\"robots\" content=\"index, follow, max-snippet:-1, max-image-preview:large, max-video-preview:-1\" \/>\n<link rel=\"canonical\" href=\"https:\/\/grupnexus.com\/es\/montse-monje-nos-habla-sobre-los-tratamientos-mas-adecuado-otono\/\" \/>\n<meta property=\"og:locale\" content=\"es_ES\" \/>\n<meta property=\"og:type\" content=\"article\" \/>\n<meta property=\"og:title\" content=\"Montse Monjo nos habla sobre los tratamientos m\u00e1s adecuados en oto\u00f1o\" \/>\n<meta property=\"og:description\" content=\"Llegados ya en septiembre, es el momento de realizar los tratamientos m\u00e9dicos y est\u00e9ticos que nos permitir\u00e1n contrarrestar los efectos indeseables que ha causado el sol en nuestra piel. El tratamiento por excelencia es la biorevitalizaci\u00f3 cut\u00e1nea . Se trata de la aplicaci\u00f3n de infiltraciones de \u00e1cido hialur\u00f3nico y c\u00f3cteles vitam\u00ednicos con los que conseguimos...\" \/>\n<meta property=\"og:url\" content=\"https:\/\/grupnexus.com\/es\/montse-monje-nos-habla-sobre-los-tratamientos-mas-adecuado-otono\/\" \/>\n<meta property=\"og:site_name\" content=\"Cl\u00ednica Nexus\" \/>\n<meta property=\"article:published_time\" content=\"2017-09-04T04:45:31+00:00\" \/>\n<meta property=\"article:modified_time\" content=\"2018-09-18T11:19:37+00:00\" \/>\n<meta property=\"og:image\" content=\"https:\/\/i0.wp.com\/grupnexus.com\/wp-content\/uploads\/2018\/07\/montse-noticia.jpg?fit=797%2C450&#038;ssl=1\" \/>\n\t<meta property=\"og:image:width\" content=\"797\" \/>\n\t<meta property=\"og:image:height\" content=\"450\" \/>\n\t<meta property=\"og:image:type\" content=\"image\/jpeg\" \/>\n<meta name=\"twitter:card\" content=\"summary\" \/>\n<meta name=\"twitter:label1\" content=\"Escrito por\" \/>\n\t<meta name=\"twitter:data1\" content=\"Cl\u00ednica Nexus\" \/>\n\t<meta name=\"twitter:label2\" content=\"Tiempo de lectura\" \/>\n\t<meta name=\"twitter:data2\" content=\"2 minutos\" \/>\n<script type=\"application\/ld+json\" class=\"yoast-schema-graph\">{\"@context\":\"https:\/\/schema.org\",\"@graph\":[{\"@type\":\"WebSite\",\"@id\":\"https:\/\/grupnexus.com\/es\/#website\",\"url\":\"https:\/\/grupnexus.com\/es\/\",\"name\":\"Cl\u00ednica Nexus\",\"description\":\"L\u00edders en Medicina Est\u00e8tica Avan\u00e7ada\",\"potentialAction\":[{\"@type\":\"SearchAction\",\"target\":{\"@type\":\"EntryPoint\",\"urlTemplate\":\"https:\/\/grupnexus.com\/es\/?s={search_term_string}\"},\"query-input\":\"required name=search_term_string\"}],\"inLanguage\":\"es\"},{\"@type\":\"ImageObject\",\"@id\":\"https:\/\/grupnexus.com\/es\/montse-monje-nos-habla-sobre-los-tratamientos-mas-adecuado-otono\/#primaryimage\",\"inLanguage\":\"es\",\"url\":\"https:\/\/grupnexus.com\/wp-content\/uploads\/2018\/07\/montse-noticia.jpg\",\"contentUrl\":\"https:\/\/grupnexus.com\/wp-content\/uploads\/2018\/07\/montse-noticia.jpg\",\"width\":797,\"height\":450},{\"@type\":\"WebPage\",\"@id\":\"https:\/\/grupnexus.com\/es\/montse-monje-nos-habla-sobre-los-tratamientos-mas-adecuado-otono\/#webpage\",\"url\":\"https:\/\/grupnexus.com\/es\/montse-monje-nos-habla-sobre-los-tratamientos-mas-adecuado-otono\/\",\"name\":\"Montse Monjo nos habla sobre los tratamientos m\u00e1s adecuados en oto\u00f1o\",\"isPartOf\":{\"@id\":\"https:\/\/grupnexus.com\/es\/#website\"},\"primaryImageOfPage\":{\"@id\":\"https:\/\/grupnexus.com\/es\/montse-monje-nos-habla-sobre-los-tratamientos-mas-adecuado-otono\/#primaryimage\"},\"datePublished\":\"2017-09-04T04:45:31+00:00\",\"dateModified\":\"2018-09-18T11:19:37+00:00\",\"author\":{\"@id\":\"https:\/\/grupnexus.com\/es\/#\/schema\/person\/7d42f30e6bd203d23a2c1613b51145c3\"},\"breadcrumb\":{\"@id\":\"https:\/\/grupnexus.com\/es\/montse-monje-nos-habla-sobre-los-tratamientos-mas-adecuado-otono\/#breadcrumb\"},\"inLanguage\":\"es\",\"potentialAction\":[{\"@type\":\"ReadAction\",\"target\":[\"https:\/\/grupnexus.com\/es\/montse-monje-nos-habla-sobre-los-tratamientos-mas-adecuado-otono\/\"]}]},{\"@type\":\"BreadcrumbList\",\"@id\":\"https:\/\/grupnexus.com\/es\/montse-monje-nos-habla-sobre-los-tratamientos-mas-adecuado-otono\/#breadcrumb\",\"itemListElement\":[{\"@type\":\"ListItem\",\"position\":1,\"name\":\"Portada\",\"item\":\"https:\/\/grupnexus.com\/es\/\"},{\"@type\":\"ListItem\",\"position\":2,\"name\":\"Montse Monjo nos habla sobre los tratamientos m\u00e1s adecuados en oto\u00f1o\"}]},{\"@type\":\"Person\",\"@id\":\"https:\/\/grupnexus.com\/es\/#\/schema\/person\/7d42f30e6bd203d23a2c1613b51145c3\",\"name\":\"Cl\u00ednica Nexus\",\"image\":{\"@type\":\"ImageObject\",\"@id\":\"https:\/\/grupnexus.com\/es\/#personlogo\",\"inLanguage\":\"es\",\"url\":\"https:\/\/secure.gravatar.com\/avatar\/f1f98ef0d641a3a6af0accea5a5971ef?s=96&d=mm&r=g\",\"contentUrl\":\"https:\/\/secure.gravatar.com\/avatar\/f1f98ef0d641a3a6af0accea5a5971ef?s=96&d=mm&r=g\",\"caption\":\"Cl\u00ednica Nexus\"}}]}<\/script>\n<!-- \/ Yoast SEO plugin. -->","yoast_head_json":{"title":"Montse Monjo nos habla sobre los tratamientos m\u00e1s adecuados en oto\u00f1o","robots":{"index":"index","follow":"follow","max-snippet":"max-snippet:-1","max-image-preview":"max-image-preview:large","max-video-preview":"max-video-preview:-1"},"canonical":"https:\/\/grupnexus.com\/es\/montse-monje-nos-habla-sobre-los-tratamientos-mas-adecuado-otono\/","og_locale":"es_ES","og_type":"article","og_title":"Montse Monjo nos habla sobre los tratamientos m\u00e1s adecuados en oto\u00f1o","og_description":"Llegados ya en septiembre, es el momento de realizar los tratamientos m\u00e9dicos y est\u00e9ticos que nos permitir\u00e1n contrarrestar los efectos indeseables que ha causado el sol en nuestra piel. El tratamiento por excelencia es la biorevitalizaci\u00f3 cut\u00e1nea . Se trata de la aplicaci\u00f3n de infiltraciones de \u00e1cido hialur\u00f3nico y c\u00f3cteles vitam\u00ednicos con los que conseguimos...","og_url":"https:\/\/grupnexus.com\/es\/montse-monje-nos-habla-sobre-los-tratamientos-mas-adecuado-otono\/","og_site_name":"Cl\u00ednica Nexus","article_published_time":"2017-09-04T04:45:31+00:00","article_modified_time":"2018-09-18T11:19:37+00:00","og_image":[{"width":797,"height":450,"url":"https:\/\/i0.wp.com\/grupnexus.com\/wp-content\/uploads\/2018\/07\/montse-noticia.jpg?fit=797%2C450&ssl=1","type":"image\/jpeg"}],"twitter_card":"summary","twitter_misc":{"Escrito por":"Cl\u00ednica Nexus","Tiempo de lectura":"2 minutos"},"schema":{"@context":"https:\/\/schema.org","@graph":[{"@type":"WebSite","@id":"https:\/\/grupnexus.com\/es\/#website","url":"https:\/\/grupnexus.com\/es\/","name":"Cl\u00ednica Nexus","description":"L\u00edders en Medicina Est\u00e8tica Avan\u00e7ada","potentialAction":[{"@type":"SearchAction","target":{"@type":"EntryPoint","urlTemplate":"https:\/\/grupnexus.com\/es\/?s={search_term_string}"},"query-input":"required name=search_term_string"}],"inLanguage":"es"},{"@type":"ImageObject","@id":"https:\/\/grupnexus.com\/es\/montse-monje-nos-habla-sobre-los-tratamientos-mas-adecuado-otono\/#primaryimage","inLanguage":"es","url":"https:\/\/grupnexus.com\/wp-content\/uploads\/2018\/07\/montse-noticia.jpg","contentUrl":"https:\/\/grupnexus.com\/wp-content\/uploads\/2018\/07\/montse-noticia.jpg","width":797,"height":450},{"@type":"WebPage","@id":"https:\/\/grupnexus.com\/es\/montse-monje-nos-habla-sobre-los-tratamientos-mas-adecuado-otono\/#webpage","url":"https:\/\/grupnexus.com\/es\/montse-monje-nos-habla-sobre-los-tratamientos-mas-adecuado-otono\/","name":"Montse Monjo nos habla sobre los tratamientos m\u00e1s adecuados en oto\u00f1o","isPartOf":{"@id":"https:\/\/grupnexus.com\/es\/#website"},"primaryImageOfPage":{"@id":"https:\/\/grupnexus.com\/es\/montse-monje-nos-habla-sobre-los-tratamientos-mas-adecuado-otono\/#primaryimage"},"datePublished":"2017-09-04T04:45:31+00:00","dateModified":"2018-09-18T11:19:37+00:00","author":{"@id":"https:\/\/grupnexus.com\/es\/#\/schema\/person\/7d42f30e6bd203d23a2c1613b51145c3"},"breadcrumb":{"@id":"https:\/\/grupnexus.com\/es\/montse-monje-nos-habla-sobre-los-tratamientos-mas-adecuado-otono\/#breadcrumb"},"inLanguage":"es","potentialAction":[{"@type":"ReadAction","target":["https:\/\/grupnexus.com\/es\/montse-monje-nos-habla-sobre-los-tratamientos-mas-adecuado-otono\/"]}]},{"@type":"BreadcrumbList","@id":"https:\/\/grupnexus.com\/es\/montse-monje-nos-habla-sobre-los-tratamientos-mas-adecuado-otono\/#breadcrumb","itemListElement":[{"@type":"ListItem","position":1,"name":"Portada","item":"https:\/\/grupnexus.com\/es\/"},{"@type":"ListItem","position":2,"name":"Montse Monjo nos habla sobre los tratamientos m\u00e1s adecuados en oto\u00f1o"}]},{"@type":"Person","@id":"https:\/\/grupnexus.com\/es\/#\/schema\/person\/7d42f30e6bd203d23a2c1613b51145c3","name":"Cl\u00ednica Nexus","image":{"@type":"ImageObject","@id":"https:\/\/grupnexus.com\/es\/#personlogo","inLanguage":"es","url":"https:\/\/secure.gravatar.com\/avatar\/f1f98ef0d641a3a6af0accea5a5971ef?s=96&d=mm&r=g","contentUrl":"https:\/\/secure.gravatar.com\/avatar\/f1f98ef0d641a3a6af0accea5a5971ef?s=96&d=mm&r=g","caption":"Cl\u00ednica Nexus"}}]}},"_links":{"self":[{"href":"https:\/\/grupnexus.com\/es\/wp-json\/wp\/v2\/posts\/16063"}],"collection":[{"href":"https:\/\/grupnexus.com\/es\/wp-json\/wp\/v2\/posts"}],"about":[{"href":"https:\/\/grupnexus.com\/es\/wp-json\/wp\/v2\/types\/post"}],"author":[{"embeddable":true,"href":"https:\/\/grupnexus.com\/es\/wp-json\/wp\/v2\/users\/6"}],"replies":[{"embeddable":true,"href":"https:\/\/grupnexus.com\/es\/wp-json\/wp\/v2\/comments?post=16063"}],"version-history":[{"count":12,"href":"https:\/\/grupnexus.com\/es\/wp-json\/wp\/v2\/posts\/16063\/revisions"}],"predecessor-version":[{"id":17509,"href":"https:\/\/grupnexus.com\/es\/wp-json\/wp\/v2\/posts\/16063\/revisions\/17509"}],"wp:featuredmedia":[{"embeddable":true,"href":"https:\/\/grupnexus.com\/es\/wp-json\/wp\/v2\/media\/16061"}],"wp:attachment":[{"href":"https:\/\/grupnexus.com\/es\/wp-json\/wp\/v2\/media?parent=16063"}],"wp:term":[{"taxonomy":"category","embeddable":true,"href":"https:\/\/grupnexus.com\/es\/wp-json\/wp\/v2\/categories?post=16063"},{"taxonomy":"post_tag","embeddable":true,"href":"https:\/\/grupnexus.com\/es\/wp-json\/wp\/v2\/tags?post=16063"}],"curies":[{"name":"wp","href":"https:\/\/api.w.org\/{rel}","templated":true}]}}