{"id":16213,"date":"2018-07-26T11:13:08","date_gmt":"2018-07-26T09:13:08","guid":{"rendered":"https:\/\/www.grupnexus.com\/?p=16213\/"},"modified":"2018-07-26T11:14:07","modified_gmt":"2018-07-26T09:14:07","slug":"otro-sol-otra-fotoproteccion-con-heliocare","status":"publish","type":"post","link":"https:\/\/grupnexus.com\/es\/otro-sol-otra-fotoproteccion-con-heliocare\/","title":{"rendered":"Otro sol, otra fotoprotecci\u00f3n con Heliocare"},"content":{"rendered":"<p>Las radiaciones solares son cada vez m\u00e1s agresivas. El sol es cada vez m\u00e1s intenso y perjudicial.<\/p>\n<p>No tan s\u00f3lo debemos tener en cuenta la radiaci\u00f3n UVB y UVA, sino tambi\u00e9n los IR (infrarrojos) y visibles (que son aquellos que pueden darse a trav\u00e9s de una luz artificial i\/o \u201cindoor\u201d, incluye tambi\u00e9n pantallas de ordenador, m\u00f3vil, etc.).\u00a0 Heliocare 360\u00ba cubre cada uno de ellos, consiguiendo posicionarse como la mejor protecci\u00f3n Medical Device.<\/p>\n<p>As\u00ed pues, hay que ir m\u00e1s all\u00e1 en la forma de protegerse del sol: proteger, neutralizar y reparar el da\u00f1o de las radiaciones solares.<\/p>\n<p>&nbsp;<\/p>\n<h2>La Pir\u00e1mide de la Salud y la Belleza de la Piel<sup>TM<\/sup><\/h2>\n<p>Fundamentada cl\u00ednicamente y desarrollada por profesionales l\u00edderes en dermatolog\u00eda y medicina est\u00e9tica, la Pir\u00e1mide de la Salud y la Belleza de la Piel, es una herramienta sencilla para la orientaci\u00f3n en un \u00f3ptimo cuidado t\u00f3pico de la piel.<\/p>\n<p>Bas\u00e1ndose en tres niveles:<\/p>\n<ol>\n<li>Proteger y reparar<\/li>\n<li>Hidratar, exfoliar y renovar c\u00e9lulas<\/li>\n<li>Estimular<\/li>\n<\/ol>\n<p>&nbsp;<\/p>\n<p>Con esta filosof\u00eda de cuidado de la piel conseguimos ser conscientes de los pasos a seguir para una correcta salud y belleza de la piel, a modo de prevenci\u00f3n y tratamiento.<\/p>\n<p><img loading=\"lazy\" class=\"aligncenter size-large wp-image-16543\" src=\"https:\/\/grupnexus.com\/wp-content\/uploads\/2018\/07\/piramide_cast-1024x566.jpg\" alt=\"piramide heliocare\" width=\"1024\" height=\"566\" srcset=\"https:\/\/grupnexus.com\/wp-content\/uploads\/2018\/07\/piramide_cast-1024x566.jpg 1024w, https:\/\/grupnexus.com\/wp-content\/uploads\/2018\/07\/piramide_cast-510x282.jpg 510w, https:\/\/grupnexus.com\/wp-content\/uploads\/2018\/07\/piramide_cast-300x166.jpg 300w, https:\/\/grupnexus.com\/wp-content\/uploads\/2018\/07\/piramide_cast-768x424.jpg 768w, https:\/\/grupnexus.com\/wp-content\/uploads\/2018\/07\/piramide_cast-1140x630.jpg 1140w, https:\/\/grupnexus.com\/wp-content\/uploads\/2018\/07\/piramide_cast-555x307.jpg 555w, https:\/\/grupnexus.com\/wp-content\/uploads\/2018\/07\/piramide_cast-360x199.jpg 360w, https:\/\/grupnexus.com\/wp-content\/uploads\/2018\/07\/piramide_cast-262x145.jpg 262w, https:\/\/grupnexus.com\/wp-content\/uploads\/2018\/07\/piramide_cast.jpg 1200w\" sizes=\"(max-width: 1024px) 100vw, 1024px\" \/><\/p>\n<p>&nbsp;<\/p>\n<h1>Protecci\u00f3n con Heliocare 360\u00ba. La l\u00ednea m\u00e1s completa de fotoprotecci\u00f3n solar<\/h1>\n<p><strong>\u00a0<\/strong><\/p>\n<h2>Tecnolog\u00eda Fernblock\u00ae<\/h2>\n<p>La tecnolog\u00eda Fernblock\u00ae surgi\u00f3 de una investigaci\u00f3n del Grupo Cantabria Labs junto al equipo de investigaci\u00f3n del Dr. Fitzpatrick de la Universidad de Harvard (Harvard Medical School) desarrollando un mecanismo de protecci\u00f3n completo frente al sol. A base de un extracto de Polypodium leucotomos (un helecho procedente de Am\u00e9rica Central) que no s\u00f3lo evita los da\u00f1os inmediatos como las quemaduras, sino que aporta tambi\u00e9n una protecci\u00f3n capaz de prevenir los efectos negativos a largo plazo como el envejecimiento de la piel, la p\u00e9rdida de defensas, las alergias o incluso el c\u00e1ncer de piel.<\/p>\n<p>&nbsp;<\/p>\n<p>Fue as\u00ed c\u00f3mo naci\u00f3 Fernblock\u00ae, base de todos los productos Heliocare, la fotoinmunoprotecci\u00f3n dermatol\u00f3gica integral.<\/p>\n<p>&nbsp;<\/p>\n<h2>Protecci\u00f3n solar Heliocare t\u00f3pica<\/h2>\n<p>&nbsp;<\/p>\n<p>Una extensa gama de protecci\u00f3n facial, corporal, con color y espec\u00edficos cubre las necesidades de cada uno. Nuestras profesionales valoraran tu mejor aliado, seg\u00fan tu tipo de piel.<\/p>\n<p>&nbsp;<\/p>\n<p><img loading=\"lazy\" class=\"alignleft wp-image-16214 size-medium\" src=\"https:\/\/grupnexus.com\/wp-content\/uploads\/2018\/07\/ifc-heliocare-360-gel-oilfree-01-300x300.jpg\" alt=\"Heliocare gel oil-free\" width=\"300\" height=\"300\" srcset=\"https:\/\/grupnexus.com\/wp-content\/uploads\/2018\/07\/ifc-heliocare-360-gel-oilfree-01-300x300.jpg 300w, https:\/\/grupnexus.com\/wp-content\/uploads\/2018\/07\/ifc-heliocare-360-gel-oilfree-01-400x400.jpg 400w, https:\/\/grupnexus.com\/wp-content\/uploads\/2018\/07\/ifc-heliocare-360-gel-oilfree-01-100x100.jpg 100w, https:\/\/grupnexus.com\/wp-content\/uploads\/2018\/07\/ifc-heliocare-360-gel-oilfree-01-510x510.jpg 510w, https:\/\/grupnexus.com\/wp-content\/uploads\/2018\/07\/ifc-heliocare-360-gel-oilfree-01-150x150.jpg 150w, https:\/\/grupnexus.com\/wp-content\/uploads\/2018\/07\/ifc-heliocare-360-gel-oilfree-01-60x60.jpg 60w, https:\/\/grupnexus.com\/wp-content\/uploads\/2018\/07\/ifc-heliocare-360-gel-oilfree-01-43x43.jpg 43w, https:\/\/grupnexus.com\/wp-content\/uploads\/2018\/07\/ifc-heliocare-360-gel-oilfree-01-555x555.jpg 555w, https:\/\/grupnexus.com\/wp-content\/uploads\/2018\/07\/ifc-heliocare-360-gel-oilfree-01-360x360.jpg 360w, https:\/\/grupnexus.com\/wp-content\/uploads\/2018\/07\/ifc-heliocare-360-gel-oilfree-01-262x262.jpg 262w, https:\/\/grupnexus.com\/wp-content\/uploads\/2018\/07\/ifc-heliocare-360-gel-oilfree-01.jpg 610w\" sizes=\"(max-width: 300px) 100vw, 300px\" \/><\/p>\n<p>&nbsp;<\/p>\n<p><strong>Heliocare 360\u00ba Gel Oil-free 50<\/strong>. Fotoinmunoprotecci\u00f3n muy alta con efecto mate especial para pieles grasas o condiciones de humedad altas. Indicado en pieles sensibles o casos de exposici\u00f3n solar intensa.<\/p>\n<p>Prevenci\u00f3n del fotoenvejecimiento, las manchas y las hiperpigmentaciones.<\/p>\n<p>Fotoinmunoprotecci\u00f3n en pieles sometidas a tratamientos fotosensibilizantes o sensibilizadas por tratamientos post-peeling y post-l\u00e1ser y para pieles reactivas.<\/p>\n<p>&nbsp;<\/p>\n<p>&nbsp;<\/p>\n<p>&nbsp;<\/p>\n<hr \/>\n<p><img loading=\"lazy\" class=\"alignright wp-image-16216 size-medium\" src=\"https:\/\/grupnexus.com\/wp-content\/uploads\/2018\/07\/heliocare-360-ak-spf-100-300x300.jpg\" alt=\"heliocare ak fluid\" width=\"300\" height=\"300\" srcset=\"https:\/\/grupnexus.com\/wp-content\/uploads\/2018\/07\/heliocare-360-ak-spf-100-300x300.jpg 300w, https:\/\/grupnexus.com\/wp-content\/uploads\/2018\/07\/heliocare-360-ak-spf-100-400x400.jpg 400w, https:\/\/grupnexus.com\/wp-content\/uploads\/2018\/07\/heliocare-360-ak-spf-100-100x100.jpg 100w, https:\/\/grupnexus.com\/wp-content\/uploads\/2018\/07\/heliocare-360-ak-spf-100-510x510.jpg 510w, https:\/\/grupnexus.com\/wp-content\/uploads\/2018\/07\/heliocare-360-ak-spf-100-150x150.jpg 150w, https:\/\/grupnexus.com\/wp-content\/uploads\/2018\/07\/heliocare-360-ak-spf-100-60x60.jpg 60w, https:\/\/grupnexus.com\/wp-content\/uploads\/2018\/07\/heliocare-360-ak-spf-100-43x43.jpg 43w, https:\/\/grupnexus.com\/wp-content\/uploads\/2018\/07\/heliocare-360-ak-spf-100-555x555.jpg 555w, https:\/\/grupnexus.com\/wp-content\/uploads\/2018\/07\/heliocare-360-ak-spf-100-360x360.jpg 360w, https:\/\/grupnexus.com\/wp-content\/uploads\/2018\/07\/heliocare-360-ak-spf-100-262x262.jpg 262w, https:\/\/grupnexus.com\/wp-content\/uploads\/2018\/07\/heliocare-360-ak-spf-100.jpg 600w\" sizes=\"(max-width: 300px) 100vw, 300px\" \/><\/p>\n<p>&nbsp;<\/p>\n<p>&nbsp;<\/p>\n<p><strong>Heliocare 360 MD AK Fluid<\/strong> gracias a la combinaci\u00f3n de filtros avanzados, act\u00faa formando un film protector sobre la superficie cut\u00e1nea que sirve como barrera f\u00edsica frente a la radiaci\u00f3n solar. Adem\u00e1s, la presencia de <strong>Fernblock\u00ae+<\/strong> con intensa actividad antioxidante y <strong>GenoRepair Complex<\/strong> favorecen la prevenci\u00f3n y reparaci\u00f3n del da\u00f1o act\u00ednico.<\/p>\n<p>&nbsp;<\/p>\n<p>&nbsp;<\/p>\n<p>&nbsp;<\/p>\n<p>&nbsp;<\/p>\n<hr \/>\n<p>&nbsp;<\/p>\n<h2>Protecci\u00f3n solar Heliocare oral<\/h2>\n<p>La fotoprotecci\u00f3n oral es el mejor aliado de la fotoprotecci\u00f3n t\u00f3pica. Los estudios afirman que no hacemos un uso correcto del fotoprotector t\u00f3pico, as\u00ed pues, necesitamos reforzarlo con la oral.<\/p>\n<p>\u00c9sta ofrece niveles m\u00e1s profundos en cuanto a neutralizaci\u00f3n y reparaci\u00f3n del da\u00f1o y cubre las deficiencias de la fotoprotecci\u00f3n t\u00f3pica.<\/p>\n<p>Recomendamos tomar los d\u00edas de exposici\u00f3n solar \u201cHeliocare 306\u00ba C\u00e1psulas\u201d, y los d\u00edas que no estemos expuestos al sol \u201cHeliocare Oral Ultra D C\u00e1psulas\u201d<\/p>\n<p><img loading=\"lazy\" class=\"alignleft wp-image-16217 size-medium\" src=\"https:\/\/grupnexus.com\/wp-content\/uploads\/2018\/07\/ifc-heliocare-360-capsulas-oral-01-1-300x300.jpg\" alt=\"heliocare capsules\" width=\"300\" height=\"300\" srcset=\"https:\/\/grupnexus.com\/wp-content\/uploads\/2018\/07\/ifc-heliocare-360-capsulas-oral-01-1-300x300.jpg 300w, https:\/\/grupnexus.com\/wp-content\/uploads\/2018\/07\/ifc-heliocare-360-capsulas-oral-01-1-400x400.jpg 400w, https:\/\/grupnexus.com\/wp-content\/uploads\/2018\/07\/ifc-heliocare-360-capsulas-oral-01-1-100x100.jpg 100w, https:\/\/grupnexus.com\/wp-content\/uploads\/2018\/07\/ifc-heliocare-360-capsulas-oral-01-1-510x510.jpg 510w, https:\/\/grupnexus.com\/wp-content\/uploads\/2018\/07\/ifc-heliocare-360-capsulas-oral-01-1-150x150.jpg 150w, https:\/\/grupnexus.com\/wp-content\/uploads\/2018\/07\/ifc-heliocare-360-capsulas-oral-01-1-60x60.jpg 60w, https:\/\/grupnexus.com\/wp-content\/uploads\/2018\/07\/ifc-heliocare-360-capsulas-oral-01-1-43x43.jpg 43w, https:\/\/grupnexus.com\/wp-content\/uploads\/2018\/07\/ifc-heliocare-360-capsulas-oral-01-1-555x555.jpg 555w, https:\/\/grupnexus.com\/wp-content\/uploads\/2018\/07\/ifc-heliocare-360-capsulas-oral-01-1-360x360.jpg 360w, https:\/\/grupnexus.com\/wp-content\/uploads\/2018\/07\/ifc-heliocare-360-capsulas-oral-01-1-262x262.jpg 262w, https:\/\/grupnexus.com\/wp-content\/uploads\/2018\/07\/ifc-heliocare-360-capsulas-oral-01-1.jpg 610w\" sizes=\"(max-width: 300px) 100vw, 300px\" \/><\/p>\n<p>&nbsp;<\/p>\n<p>&nbsp;<\/p>\n<p>&nbsp;<\/p>\n<p>La f\u00f3rmula <strong>Heliocare 360\u00ba C\u00e1psulas<\/strong> se recomienda como complemento a la fotoprotecci\u00f3n t\u00f3pica en los meses de mayor intensidad solar o mayor exposici\u00f3n solar. Especialmente en casos de fotoenvejecimiento, manchas, hiperpigmentaciones, sensibilidad solar, y pacientes de alto riesgo al da\u00f1o solar.<\/p>\n<p>&nbsp;<\/p>\n<p>&nbsp;<\/p>\n<p>&nbsp;<\/p>\n<p>&nbsp;<\/p>\n<p><strong><img loading=\"lazy\" class=\"alignright wp-image-16218 size-medium\" src=\"https:\/\/grupnexus.com\/wp-content\/uploads\/2018\/07\/ifc-heliocare-oral-ultrad-02-300x300.jpg\" alt=\"heliocare ultra D\" width=\"300\" height=\"300\" srcset=\"https:\/\/grupnexus.com\/wp-content\/uploads\/2018\/07\/ifc-heliocare-oral-ultrad-02-300x300.jpg 300w, https:\/\/grupnexus.com\/wp-content\/uploads\/2018\/07\/ifc-heliocare-oral-ultrad-02-400x400.jpg 400w, https:\/\/grupnexus.com\/wp-content\/uploads\/2018\/07\/ifc-heliocare-oral-ultrad-02-100x100.jpg 100w, https:\/\/grupnexus.com\/wp-content\/uploads\/2018\/07\/ifc-heliocare-oral-ultrad-02-510x510.jpg 510w, https:\/\/grupnexus.com\/wp-content\/uploads\/2018\/07\/ifc-heliocare-oral-ultrad-02-150x150.jpg 150w, https:\/\/grupnexus.com\/wp-content\/uploads\/2018\/07\/ifc-heliocare-oral-ultrad-02-60x60.jpg 60w, https:\/\/grupnexus.com\/wp-content\/uploads\/2018\/07\/ifc-heliocare-oral-ultrad-02-43x43.jpg 43w, https:\/\/grupnexus.com\/wp-content\/uploads\/2018\/07\/ifc-heliocare-oral-ultrad-02-555x555.jpg 555w, https:\/\/grupnexus.com\/wp-content\/uploads\/2018\/07\/ifc-heliocare-oral-ultrad-02-360x360.jpg 360w, https:\/\/grupnexus.com\/wp-content\/uploads\/2018\/07\/ifc-heliocare-oral-ultrad-02-262x262.jpg 262w, https:\/\/grupnexus.com\/wp-content\/uploads\/2018\/07\/ifc-heliocare-oral-ultrad-02.jpg 610w\" sizes=\"(max-width: 300px) 100vw, 300px\" \/><\/strong><\/p>\n<p>&nbsp;<\/p>\n<p>&nbsp;<\/p>\n<p><strong>Heliocare Oral Ultra D C\u00e1psulas<\/strong>, se combina con otros ingredientes que refuerzan su actividad antioxidante y fotoprotectora; vitaminas C y E, licopeno y lute\u00edna (protector de la mucosa ocular).<\/p>\n<p>&nbsp;<\/p>\n<p>&nbsp;<\/p>\n<p>&nbsp;<\/p>\n<p>&nbsp;<\/p>\n<p>&nbsp;<\/p>\n<p>&nbsp;<\/p>\n<p>&nbsp;<\/p>\n<p>&nbsp;<\/p>\n<p>&nbsp;<\/p>\n<p>&nbsp;<\/p>\n<p>&nbsp;<\/p>\n","protected":false},"excerpt":{"rendered":"<p>Las radiaciones solares son cada vez m\u00e1s agresivas. El sol es cada vez m\u00e1s intenso y perjudicial. No tan s\u00f3lo debemos tener en cuenta la radiaci\u00f3n UVB y UVA, sino tambi\u00e9n los IR (infrarrojos) y visibles (que son aquellos que pueden darse a trav\u00e9s de una luz artificial i\/o \u201cindoor\u201d, incluye tambi\u00e9n pantallas de ordenador,&#8230;<\/p>\n","protected":false},"author":6,"featured_media":16273,"comment_status":"closed","ping_status":"closed","sticky":false,"template":"","format":"standard","meta":[],"categories":[2,330],"tags":[],"yoast_head":"<!-- This site is optimized with the Yoast SEO plugin v18.6 - https:\/\/yoast.com\/wordpress\/plugins\/seo\/ -->\n<title>Otro sol, otra fotoprotecci\u00f3n con Heliocare<\/title>\n<meta name=\"robots\" content=\"index, follow, max-snippet:-1, max-image-preview:large, max-video-preview:-1\" \/>\n<link rel=\"canonical\" href=\"https:\/\/grupnexus.com\/es\/otro-sol-otra-fotoproteccion-con-heliocare\/\" \/>\n<meta property=\"og:locale\" content=\"es_ES\" \/>\n<meta property=\"og:type\" content=\"article\" \/>\n<meta property=\"og:title\" content=\"Otro sol, otra fotoprotecci\u00f3n con Heliocare\" \/>\n<meta property=\"og:description\" content=\"Las radiaciones solares son cada vez m\u00e1s agresivas. El sol es cada vez m\u00e1s intenso y perjudicial. No tan s\u00f3lo debemos tener en cuenta la radiaci\u00f3n UVB y UVA, sino tambi\u00e9n los IR (infrarrojos) y visibles (que son aquellos que pueden darse a trav\u00e9s de una luz artificial i\/o \u201cindoor\u201d, incluye tambi\u00e9n pantallas de ordenador,...\" \/>\n<meta property=\"og:url\" content=\"https:\/\/grupnexus.com\/es\/otro-sol-otra-fotoproteccion-con-heliocare\/\" \/>\n<meta property=\"og:site_name\" content=\"Cl\u00ednica Nexus\" \/>\n<meta property=\"article:published_time\" content=\"2018-07-26T09:13:08+00:00\" \/>\n<meta property=\"article:modified_time\" content=\"2018-07-26T09:14:07+00:00\" \/>\n<meta property=\"og:image\" content=\"https:\/\/i0.wp.com\/grupnexus.com\/wp-content\/uploads\/2018\/07\/Otro-sol-otra-fotoprotecci\u00f3n.jpg?fit=820%2C312&#038;ssl=1\" \/>\n\t<meta property=\"og:image:width\" content=\"820\" \/>\n\t<meta property=\"og:image:height\" content=\"312\" \/>\n\t<meta property=\"og:image:type\" content=\"image\/jpeg\" \/>\n<meta name=\"twitter:card\" content=\"summary\" \/>\n<meta name=\"twitter:label1\" content=\"Escrito por\" \/>\n\t<meta name=\"twitter:data1\" content=\"Cl\u00ednica Nexus\" \/>\n\t<meta name=\"twitter:label2\" content=\"Tiempo de lectura\" \/>\n\t<meta name=\"twitter:data2\" content=\"4 minutos\" \/>\n<script type=\"application\/ld+json\" class=\"yoast-schema-graph\">{\"@context\":\"https:\/\/schema.org\",\"@graph\":[{\"@type\":\"WebSite\",\"@id\":\"https:\/\/grupnexus.com\/es\/#website\",\"url\":\"https:\/\/grupnexus.com\/es\/\",\"name\":\"Cl\u00ednica Nexus\",\"description\":\"L\u00edders en Medicina Est\u00e8tica Avan\u00e7ada\",\"potentialAction\":[{\"@type\":\"SearchAction\",\"target\":{\"@type\":\"EntryPoint\",\"urlTemplate\":\"https:\/\/grupnexus.com\/es\/?s={search_term_string}\"},\"query-input\":\"required name=search_term_string\"}],\"inLanguage\":\"es\"},{\"@type\":\"ImageObject\",\"@id\":\"https:\/\/grupnexus.com\/es\/otro-sol-otra-fotoproteccion-con-heliocare\/#primaryimage\",\"inLanguage\":\"es\",\"url\":\"https:\/\/grupnexus.com\/wp-content\/uploads\/2018\/07\/Otro-sol-otra-fotoprotecci\u00f3n.jpg\",\"contentUrl\":\"https:\/\/grupnexus.com\/wp-content\/uploads\/2018\/07\/Otro-sol-otra-fotoprotecci\u00f3n.jpg\",\"width\":820,\"height\":312,\"caption\":\"heliocare\"},{\"@type\":\"WebPage\",\"@id\":\"https:\/\/grupnexus.com\/es\/otro-sol-otra-fotoproteccion-con-heliocare\/#webpage\",\"url\":\"https:\/\/grupnexus.com\/es\/otro-sol-otra-fotoproteccion-con-heliocare\/\",\"name\":\"Otro sol, otra fotoprotecci\u00f3n con Heliocare\",\"isPartOf\":{\"@id\":\"https:\/\/grupnexus.com\/es\/#website\"},\"primaryImageOfPage\":{\"@id\":\"https:\/\/grupnexus.com\/es\/otro-sol-otra-fotoproteccion-con-heliocare\/#primaryimage\"},\"datePublished\":\"2018-07-26T09:13:08+00:00\",\"dateModified\":\"2018-07-26T09:14:07+00:00\",\"author\":{\"@id\":\"https:\/\/grupnexus.com\/es\/#\/schema\/person\/7d42f30e6bd203d23a2c1613b51145c3\"},\"breadcrumb\":{\"@id\":\"https:\/\/grupnexus.com\/es\/otro-sol-otra-fotoproteccion-con-heliocare\/#breadcrumb\"},\"inLanguage\":\"es\",\"potentialAction\":[{\"@type\":\"ReadAction\",\"target\":[\"https:\/\/grupnexus.com\/es\/otro-sol-otra-fotoproteccion-con-heliocare\/\"]}]},{\"@type\":\"BreadcrumbList\",\"@id\":\"https:\/\/grupnexus.com\/es\/otro-sol-otra-fotoproteccion-con-heliocare\/#breadcrumb\",\"itemListElement\":[{\"@type\":\"ListItem\",\"position\":1,\"name\":\"Portada\",\"item\":\"https:\/\/grupnexus.com\/es\/\"},{\"@type\":\"ListItem\",\"position\":2,\"name\":\"Otro sol, otra fotoprotecci\u00f3n con Heliocare\"}]},{\"@type\":\"Person\",\"@id\":\"https:\/\/grupnexus.com\/es\/#\/schema\/person\/7d42f30e6bd203d23a2c1613b51145c3\",\"name\":\"Cl\u00ednica Nexus\",\"image\":{\"@type\":\"ImageObject\",\"@id\":\"https:\/\/grupnexus.com\/es\/#personlogo\",\"inLanguage\":\"es\",\"url\":\"https:\/\/secure.gravatar.com\/avatar\/f1f98ef0d641a3a6af0accea5a5971ef?s=96&d=mm&r=g\",\"contentUrl\":\"https:\/\/secure.gravatar.com\/avatar\/f1f98ef0d641a3a6af0accea5a5971ef?s=96&d=mm&r=g\",\"caption\":\"Cl\u00ednica Nexus\"}}]}<\/script>\n<!-- \/ Yoast SEO plugin. -->","yoast_head_json":{"title":"Otro sol, otra fotoprotecci\u00f3n con Heliocare","robots":{"index":"index","follow":"follow","max-snippet":"max-snippet:-1","max-image-preview":"max-image-preview:large","max-video-preview":"max-video-preview:-1"},"canonical":"https:\/\/grupnexus.com\/es\/otro-sol-otra-fotoproteccion-con-heliocare\/","og_locale":"es_ES","og_type":"article","og_title":"Otro sol, otra fotoprotecci\u00f3n con Heliocare","og_description":"Las radiaciones solares son cada vez m\u00e1s agresivas. El sol es cada vez m\u00e1s intenso y perjudicial. No tan s\u00f3lo debemos tener en cuenta la radiaci\u00f3n UVB y UVA, sino tambi\u00e9n los IR (infrarrojos) y visibles (que son aquellos que pueden darse a trav\u00e9s de una luz artificial i\/o \u201cindoor\u201d, incluye tambi\u00e9n pantallas de ordenador,...","og_url":"https:\/\/grupnexus.com\/es\/otro-sol-otra-fotoproteccion-con-heliocare\/","og_site_name":"Cl\u00ednica Nexus","article_published_time":"2018-07-26T09:13:08+00:00","article_modified_time":"2018-07-26T09:14:07+00:00","og_image":[{"width":820,"height":312,"url":"https:\/\/i0.wp.com\/grupnexus.com\/wp-content\/uploads\/2018\/07\/Otro-sol-otra-fotoprotecci\u00f3n.jpg?fit=820%2C312&ssl=1","type":"image\/jpeg"}],"twitter_card":"summary","twitter_misc":{"Escrito por":"Cl\u00ednica Nexus","Tiempo de lectura":"4 minutos"},"schema":{"@context":"https:\/\/schema.org","@graph":[{"@type":"WebSite","@id":"https:\/\/grupnexus.com\/es\/#website","url":"https:\/\/grupnexus.com\/es\/","name":"Cl\u00ednica Nexus","description":"L\u00edders en Medicina Est\u00e8tica Avan\u00e7ada","potentialAction":[{"@type":"SearchAction","target":{"@type":"EntryPoint","urlTemplate":"https:\/\/grupnexus.com\/es\/?s={search_term_string}"},"query-input":"required name=search_term_string"}],"inLanguage":"es"},{"@type":"ImageObject","@id":"https:\/\/grupnexus.com\/es\/otro-sol-otra-fotoproteccion-con-heliocare\/#primaryimage","inLanguage":"es","url":"https:\/\/grupnexus.com\/wp-content\/uploads\/2018\/07\/Otro-sol-otra-fotoprotecci\u00f3n.jpg","contentUrl":"https:\/\/grupnexus.com\/wp-content\/uploads\/2018\/07\/Otro-sol-otra-fotoprotecci\u00f3n.jpg","width":820,"height":312,"caption":"heliocare"},{"@type":"WebPage","@id":"https:\/\/grupnexus.com\/es\/otro-sol-otra-fotoproteccion-con-heliocare\/#webpage","url":"https:\/\/grupnexus.com\/es\/otro-sol-otra-fotoproteccion-con-heliocare\/","name":"Otro sol, otra fotoprotecci\u00f3n con Heliocare","isPartOf":{"@id":"https:\/\/grupnexus.com\/es\/#website"},"primaryImageOfPage":{"@id":"https:\/\/grupnexus.com\/es\/otro-sol-otra-fotoproteccion-con-heliocare\/#primaryimage"},"datePublished":"2018-07-26T09:13:08+00:00","dateModified":"2018-07-26T09:14:07+00:00","author":{"@id":"https:\/\/grupnexus.com\/es\/#\/schema\/person\/7d42f30e6bd203d23a2c1613b51145c3"},"breadcrumb":{"@id":"https:\/\/grupnexus.com\/es\/otro-sol-otra-fotoproteccion-con-heliocare\/#breadcrumb"},"inLanguage":"es","potentialAction":[{"@type":"ReadAction","target":["https:\/\/grupnexus.com\/es\/otro-sol-otra-fotoproteccion-con-heliocare\/"]}]},{"@type":"BreadcrumbList","@id":"https:\/\/grupnexus.com\/es\/otro-sol-otra-fotoproteccion-con-heliocare\/#breadcrumb","itemListElement":[{"@type":"ListItem","position":1,"name":"Portada","item":"https:\/\/grupnexus.com\/es\/"},{"@type":"ListItem","position":2,"name":"Otro sol, otra fotoprotecci\u00f3n con Heliocare"}]},{"@type":"Person","@id":"https:\/\/grupnexus.com\/es\/#\/schema\/person\/7d42f30e6bd203d23a2c1613b51145c3","name":"Cl\u00ednica Nexus","image":{"@type":"ImageObject","@id":"https:\/\/grupnexus.com\/es\/#personlogo","inLanguage":"es","url":"https:\/\/secure.gravatar.com\/avatar\/f1f98ef0d641a3a6af0accea5a5971ef?s=96&d=mm&r=g","contentUrl":"https:\/\/secure.gravatar.com\/avatar\/f1f98ef0d641a3a6af0accea5a5971ef?s=96&d=mm&r=g","caption":"Cl\u00ednica Nexus"}}]}},"_links":{"self":[{"href":"https:\/\/grupnexus.com\/es\/wp-json\/wp\/v2\/posts\/16213"}],"collection":[{"href":"https:\/\/grupnexus.com\/es\/wp-json\/wp\/v2\/posts"}],"about":[{"href":"https:\/\/grupnexus.com\/es\/wp-json\/wp\/v2\/types\/post"}],"author":[{"embeddable":true,"href":"https:\/\/grupnexus.com\/es\/wp-json\/wp\/v2\/users\/6"}],"replies":[{"embeddable":true,"href":"https:\/\/grupnexus.com\/es\/wp-json\/wp\/v2\/comments?post=16213"}],"version-history":[{"count":9,"href":"https:\/\/grupnexus.com\/es\/wp-json\/wp\/v2\/posts\/16213\/revisions"}],"predecessor-version":[{"id":16546,"href":"https:\/\/grupnexus.com\/es\/wp-json\/wp\/v2\/posts\/16213\/revisions\/16546"}],"wp:featuredmedia":[{"embeddable":true,"href":"https:\/\/grupnexus.com\/es\/wp-json\/wp\/v2\/media\/16273"}],"wp:attachment":[{"href":"https:\/\/grupnexus.com\/es\/wp-json\/wp\/v2\/media?parent=16213"}],"wp:term":[{"taxonomy":"category","embeddable":true,"href":"https:\/\/grupnexus.com\/es\/wp-json\/wp\/v2\/categories?post=16213"},{"taxonomy":"post_tag","embeddable":true,"href":"https:\/\/grupnexus.com\/es\/wp-json\/wp\/v2\/tags?post=16213"}],"curies":[{"name":"wp","href":"https:\/\/api.w.org\/{rel}","templated":true}]}}