{"id":16347,"date":"2018-07-20T14:42:45","date_gmt":"2018-07-20T12:42:45","guid":{"rendered":"https:\/\/www.grupnexus.com\/?p=16347\/"},"modified":"2018-09-10T16:25:14","modified_gmt":"2018-09-10T14:25:14","slug":"depilacion-laser-medica-testimonio-martapedrol","status":"publish","type":"post","link":"https:\/\/grupnexus.com\/es\/depilacion-laser-medica-testimonio-martapedrol\/","title":{"rendered":"Marta Pedrol: \u00abLos centros low-cost pueden resultar muy costosos\u00bb"},"content":{"rendered":"<p><strong>Marta Pedrol<\/strong> es una de nuestras pacientes satisfechas con el gran resultado de la <strong>Depilaci\u00f3n L\u00e1ser M\u00e9dica de Cl\u00ednica Nexus<\/strong>. Sin embargo, tambi\u00e9n ha tenido experiencias con este tratamiento en cl\u00ednicas \u00ablow-cost\u00bb en el que los efectos no han sido los deseados. A continuaci\u00f3n, Marta nos cuenta sus vivencias comparando los dos tipos de m\u00e9todos de cada centro:<\/p>\n<p>\u00abComo muchas mujeres, <strong>estaba cansada de estar siempre pendiente de la depilaci\u00f3n<\/strong> y decid\u00ed quitarme esta preocupaci\u00f3n para siempre con la Depilaci\u00f3n L\u00e1ser. As\u00ed que decid\u00ed confiar en <strong>Cl\u00ednica Nexus<\/strong> porque me llegaron buenas referencias desde la Peluquer\u00eda donde habitualmente acudo.\u00bb<\/p>\n<p>\u00abAntes de comenzar con la Depilaci\u00f3n L\u00e1ser M\u00e9dica, me realizaron una visita gratuita en la que <strong>analizaron mi fototipo de piel y pelo para personalizar los sistemas l\u00e1ser a utilizar.<\/strong> Desde las primeras sesiones not\u00e9 los resultados y al terminar comprob\u00e9 la eficacia del tratamiento, ya que en las zonas tratadas (ingles y axilas) ya no sal\u00eda pelo. Mi experiencia fue muy buena, <strong>no not\u00e9 ninguna molestia durante las sesiones<\/strong>, ni despu\u00e9s de estas. La verdad es que me sorprendieron mucho los grandes resultados y <strong>fue una experiencia muy satisfactoria. \u00bb\u00a0 <\/strong><\/p>\n<p>\u00abAl cabo de unos a\u00f1os decid\u00ed realizarme este tratamiento en otras zonas y para ahorrar un dinero <strong>fui a un centro low cost donde ofrec\u00edan muchos descuentos y promociones<\/strong>. Pensaba que los resultados ser\u00edan los mismos y despu\u00e9s de unas cuantas <strong>sesiones me decepcionaron much\u00edsimo, ya que no notaba ning\u00fan resultado <\/strong>y la profesionalidad no era como la que recib\u00ed en Cl\u00ednica Nexus. Al final perd\u00ed tiempo y dinero pero termin\u00e9 aprendiendo que <strong>LO BARATO ACABA SALIENDO CARO.<\/strong> Ahora he vuelto a confiar en <strong>Cl\u00ednica Nexus, <\/strong>ya que estoy muy contenta con el trato recibido por parte de la <strong>directora Montse Monjo<\/strong> y, todo el personal del centro, por eso lo recomiendo a todo el mundo que quiera olvidarse de la depilaci\u00f3n y quiera un centro con personal cualificado y con la mejor tecnolog\u00eda.\u00bb<\/p>\n<p><img loading=\"lazy\" class=\"aligncenter wp-image-16342\" src=\"https:\/\/grupnexus.com\/wp-content\/uploads\/2018\/07\/89e3d135-473d-439b-a9c9-67b2b45e5399-768x1024.jpg\" alt=\"\" width=\"600\" height=\"800\" srcset=\"https:\/\/grupnexus.com\/wp-content\/uploads\/2018\/07\/89e3d135-473d-439b-a9c9-67b2b45e5399.jpg 768w, https:\/\/grupnexus.com\/wp-content\/uploads\/2018\/07\/89e3d135-473d-439b-a9c9-67b2b45e5399-510x680.jpg 510w, https:\/\/grupnexus.com\/wp-content\/uploads\/2018\/07\/89e3d135-473d-439b-a9c9-67b2b45e5399-225x300.jpg 225w, https:\/\/grupnexus.com\/wp-content\/uploads\/2018\/07\/89e3d135-473d-439b-a9c9-67b2b45e5399-576x768.jpg 576w, https:\/\/grupnexus.com\/wp-content\/uploads\/2018\/07\/89e3d135-473d-439b-a9c9-67b2b45e5399-555x740.jpg 555w, https:\/\/grupnexus.com\/wp-content\/uploads\/2018\/07\/89e3d135-473d-439b-a9c9-67b2b45e5399-360x480.jpg 360w, https:\/\/grupnexus.com\/wp-content\/uploads\/2018\/07\/89e3d135-473d-439b-a9c9-67b2b45e5399-262x349.jpg 262w\" sizes=\"(max-width: 600px) 100vw, 600px\" \/><\/p>\n<p>&nbsp;<\/p>\n<blockquote><p>\u00abAunque, en un principio, me cost\u00f3 decidirme porque ten\u00eda la duda de si realmente funcionar\u00eda, ahora puedo decir que ha sido una de las inversiones m\u00e1s buenas de mi vida gracias a la atenci\u00f3n y la profesionalidad del equipo de Cl\u00ednica Nexus<strong>. Si tuviera que puntuar esta experiencia, pondr\u00eda un 10, por la informaci\u00f3n, la eficacia del tratamiento, la atenci\u00f3n recibida y los resultados conseguidos.\u00bb<\/strong><\/p><\/blockquote>\n<p>&nbsp;<\/p>\n<p><img loading=\"lazy\" class=\"aligncenter size-full wp-image-16343\" src=\"https:\/\/grupnexus.com\/wp-content\/uploads\/2018\/07\/6ffedcf9-28f7-402f-9ea6-7c4290375b1d.jpg\" alt=\"depilaci\u00f3 laser medica\" width=\"555\" height=\"426\" srcset=\"https:\/\/grupnexus.com\/wp-content\/uploads\/2018\/07\/6ffedcf9-28f7-402f-9ea6-7c4290375b1d.jpg 555w, https:\/\/grupnexus.com\/wp-content\/uploads\/2018\/07\/6ffedcf9-28f7-402f-9ea6-7c4290375b1d-510x391.jpg 510w, https:\/\/grupnexus.com\/wp-content\/uploads\/2018\/07\/6ffedcf9-28f7-402f-9ea6-7c4290375b1d-300x230.jpg 300w, https:\/\/grupnexus.com\/wp-content\/uploads\/2018\/07\/6ffedcf9-28f7-402f-9ea6-7c4290375b1d-480x369.jpg 480w, https:\/\/grupnexus.com\/wp-content\/uploads\/2018\/07\/6ffedcf9-28f7-402f-9ea6-7c4290375b1d-360x276.jpg 360w, https:\/\/grupnexus.com\/wp-content\/uploads\/2018\/07\/6ffedcf9-28f7-402f-9ea6-7c4290375b1d-262x201.jpg 262w\" sizes=\"(max-width: 555px) 100vw, 555px\" \/><\/p>\n<p>&nbsp;<\/p>\n<p>&nbsp;<\/p>\n<p><em>Quiz\u00e1s estabas buscando:<\/em><\/p>\n<p><em>Centro de depilaci\u00f3n l\u00e1ser en Lleida, cl\u00ednica est\u00e9tica de depilaci\u00f3n l\u00e1ser m\u00e9dica en Lleida, depilaci\u00f3n l\u00e1ser m\u00e9dica.<\/em><\/p>\n","protected":false},"excerpt":{"rendered":"<p>Marta Pedrol es una de nuestras pacientes satisfechas con el gran resultado de la Depilaci\u00f3n L\u00e1ser M\u00e9dica de Cl\u00ednica Nexus. Sin embargo, tambi\u00e9n ha tenido experiencias con este tratamiento en cl\u00ednicas \u00ablow-cost\u00bb en el que los efectos no han sido los deseados. A continuaci\u00f3n, Marta nos cuenta sus vivencias comparando los dos tipos de m\u00e9todos&#8230;<\/p>\n","protected":false},"author":6,"featured_media":16344,"comment_status":"closed","ping_status":"closed","sticky":false,"template":"","format":"standard","meta":[],"categories":[2,330,464],"tags":[504],"yoast_head":"<!-- This site is optimized with the Yoast SEO plugin v18.6 - https:\/\/yoast.com\/wordpress\/plugins\/seo\/ -->\n<title>Depilaci\u00f3n l\u00e1ser m\u00e9dica: testimonio Marta Pedrol<\/title>\n<meta name=\"robots\" content=\"index, follow, max-snippet:-1, max-image-preview:large, max-video-preview:-1\" \/>\n<link rel=\"canonical\" href=\"https:\/\/grupnexus.com\/es\/depilacion-laser-medica-testimonio-martapedrol\/\" \/>\n<meta property=\"og:locale\" content=\"es_ES\" \/>\n<meta property=\"og:type\" content=\"article\" \/>\n<meta property=\"og:title\" content=\"Depilaci\u00f3n l\u00e1ser m\u00e9dica: testimonio Marta Pedrol\" \/>\n<meta property=\"og:description\" content=\"Marta Pedrol es una de nuestras pacientes satisfechas con el gran resultado de la Depilaci\u00f3n L\u00e1ser M\u00e9dica de Cl\u00ednica Nexus. Sin embargo, tambi\u00e9n ha tenido experiencias con este tratamiento en cl\u00ednicas \u00ablow-cost\u00bb en el que los efectos no han sido los deseados. A continuaci\u00f3n, Marta nos cuenta sus vivencias comparando los dos tipos de m\u00e9todos...\" \/>\n<meta property=\"og:url\" content=\"https:\/\/grupnexus.com\/es\/depilacion-laser-medica-testimonio-martapedrol\/\" \/>\n<meta property=\"og:site_name\" content=\"Cl\u00ednica Nexus\" \/>\n<meta property=\"article:published_time\" content=\"2018-07-20T12:42:45+00:00\" \/>\n<meta property=\"article:modified_time\" content=\"2018-09-10T14:25:14+00:00\" \/>\n<meta property=\"og:image\" content=\"https:\/\/i0.wp.com\/grupnexus.com\/wp-content\/uploads\/2018\/07\/47420ccd-046f-4679-805f-8e5ac93c0a14.jpg?fit=983%2C706&#038;ssl=1\" \/>\n\t<meta property=\"og:image:width\" content=\"983\" \/>\n\t<meta property=\"og:image:height\" content=\"706\" \/>\n\t<meta property=\"og:image:type\" content=\"image\/jpeg\" \/>\n<meta name=\"twitter:card\" content=\"summary\" \/>\n<meta name=\"twitter:label1\" content=\"Escrito por\" \/>\n\t<meta name=\"twitter:data1\" content=\"Cl\u00ednica Nexus\" \/>\n\t<meta name=\"twitter:label2\" content=\"Tiempo de lectura\" \/>\n\t<meta name=\"twitter:data2\" content=\"2 minutos\" \/>\n<script type=\"application\/ld+json\" class=\"yoast-schema-graph\">{\"@context\":\"https:\/\/schema.org\",\"@graph\":[{\"@type\":\"WebSite\",\"@id\":\"https:\/\/grupnexus.com\/es\/#website\",\"url\":\"https:\/\/grupnexus.com\/es\/\",\"name\":\"Cl\u00ednica Nexus\",\"description\":\"L\u00edders en Medicina Est\u00e8tica Avan\u00e7ada\",\"potentialAction\":[{\"@type\":\"SearchAction\",\"target\":{\"@type\":\"EntryPoint\",\"urlTemplate\":\"https:\/\/grupnexus.com\/es\/?s={search_term_string}\"},\"query-input\":\"required name=search_term_string\"}],\"inLanguage\":\"es\"},{\"@type\":\"ImageObject\",\"@id\":\"https:\/\/grupnexus.com\/es\/depilacion-laser-medica-testimonio-martapedrol\/#primaryimage\",\"inLanguage\":\"es\",\"url\":\"https:\/\/grupnexus.com\/wp-content\/uploads\/2018\/07\/47420ccd-046f-4679-805f-8e5ac93c0a14.jpg\",\"contentUrl\":\"https:\/\/grupnexus.com\/wp-content\/uploads\/2018\/07\/47420ccd-046f-4679-805f-8e5ac93c0a14.jpg\",\"width\":983,\"height\":706,\"caption\":\"depilaci\u00f3 NEXUS\"},{\"@type\":\"WebPage\",\"@id\":\"https:\/\/grupnexus.com\/es\/depilacion-laser-medica-testimonio-martapedrol\/#webpage\",\"url\":\"https:\/\/grupnexus.com\/es\/depilacion-laser-medica-testimonio-martapedrol\/\",\"name\":\"Depilaci\u00f3n l\u00e1ser m\u00e9dica: testimonio Marta Pedrol\",\"isPartOf\":{\"@id\":\"https:\/\/grupnexus.com\/es\/#website\"},\"primaryImageOfPage\":{\"@id\":\"https:\/\/grupnexus.com\/es\/depilacion-laser-medica-testimonio-martapedrol\/#primaryimage\"},\"datePublished\":\"2018-07-20T12:42:45+00:00\",\"dateModified\":\"2018-09-10T14:25:14+00:00\",\"author\":{\"@id\":\"https:\/\/grupnexus.com\/es\/#\/schema\/person\/7d42f30e6bd203d23a2c1613b51145c3\"},\"breadcrumb\":{\"@id\":\"https:\/\/grupnexus.com\/es\/depilacion-laser-medica-testimonio-martapedrol\/#breadcrumb\"},\"inLanguage\":\"es\",\"potentialAction\":[{\"@type\":\"ReadAction\",\"target\":[\"https:\/\/grupnexus.com\/es\/depilacion-laser-medica-testimonio-martapedrol\/\"]}]},{\"@type\":\"BreadcrumbList\",\"@id\":\"https:\/\/grupnexus.com\/es\/depilacion-laser-medica-testimonio-martapedrol\/#breadcrumb\",\"itemListElement\":[{\"@type\":\"ListItem\",\"position\":1,\"name\":\"Portada\",\"item\":\"https:\/\/grupnexus.com\/es\/\"},{\"@type\":\"ListItem\",\"position\":2,\"name\":\"Marta Pedrol: &#8220;Los centros low-cost pueden resultar muy costosos&#8221;\"}]},{\"@type\":\"Person\",\"@id\":\"https:\/\/grupnexus.com\/es\/#\/schema\/person\/7d42f30e6bd203d23a2c1613b51145c3\",\"name\":\"Cl\u00ednica Nexus\",\"image\":{\"@type\":\"ImageObject\",\"@id\":\"https:\/\/grupnexus.com\/es\/#personlogo\",\"inLanguage\":\"es\",\"url\":\"https:\/\/secure.gravatar.com\/avatar\/f1f98ef0d641a3a6af0accea5a5971ef?s=96&d=mm&r=g\",\"contentUrl\":\"https:\/\/secure.gravatar.com\/avatar\/f1f98ef0d641a3a6af0accea5a5971ef?s=96&d=mm&r=g\",\"caption\":\"Cl\u00ednica Nexus\"}}]}<\/script>\n<!-- \/ Yoast SEO plugin. -->","yoast_head_json":{"title":"Depilaci\u00f3n l\u00e1ser m\u00e9dica: testimonio Marta Pedrol","robots":{"index":"index","follow":"follow","max-snippet":"max-snippet:-1","max-image-preview":"max-image-preview:large","max-video-preview":"max-video-preview:-1"},"canonical":"https:\/\/grupnexus.com\/es\/depilacion-laser-medica-testimonio-martapedrol\/","og_locale":"es_ES","og_type":"article","og_title":"Depilaci\u00f3n l\u00e1ser m\u00e9dica: testimonio Marta Pedrol","og_description":"Marta Pedrol es una de nuestras pacientes satisfechas con el gran resultado de la Depilaci\u00f3n L\u00e1ser M\u00e9dica de Cl\u00ednica Nexus. Sin embargo, tambi\u00e9n ha tenido experiencias con este tratamiento en cl\u00ednicas \u00ablow-cost\u00bb en el que los efectos no han sido los deseados. A continuaci\u00f3n, Marta nos cuenta sus vivencias comparando los dos tipos de m\u00e9todos...","og_url":"https:\/\/grupnexus.com\/es\/depilacion-laser-medica-testimonio-martapedrol\/","og_site_name":"Cl\u00ednica Nexus","article_published_time":"2018-07-20T12:42:45+00:00","article_modified_time":"2018-09-10T14:25:14+00:00","og_image":[{"width":983,"height":706,"url":"https:\/\/i0.wp.com\/grupnexus.com\/wp-content\/uploads\/2018\/07\/47420ccd-046f-4679-805f-8e5ac93c0a14.jpg?fit=983%2C706&ssl=1","type":"image\/jpeg"}],"twitter_card":"summary","twitter_misc":{"Escrito por":"Cl\u00ednica Nexus","Tiempo de lectura":"2 minutos"},"schema":{"@context":"https:\/\/schema.org","@graph":[{"@type":"WebSite","@id":"https:\/\/grupnexus.com\/es\/#website","url":"https:\/\/grupnexus.com\/es\/","name":"Cl\u00ednica Nexus","description":"L\u00edders en Medicina Est\u00e8tica Avan\u00e7ada","potentialAction":[{"@type":"SearchAction","target":{"@type":"EntryPoint","urlTemplate":"https:\/\/grupnexus.com\/es\/?s={search_term_string}"},"query-input":"required name=search_term_string"}],"inLanguage":"es"},{"@type":"ImageObject","@id":"https:\/\/grupnexus.com\/es\/depilacion-laser-medica-testimonio-martapedrol\/#primaryimage","inLanguage":"es","url":"https:\/\/grupnexus.com\/wp-content\/uploads\/2018\/07\/47420ccd-046f-4679-805f-8e5ac93c0a14.jpg","contentUrl":"https:\/\/grupnexus.com\/wp-content\/uploads\/2018\/07\/47420ccd-046f-4679-805f-8e5ac93c0a14.jpg","width":983,"height":706,"caption":"depilaci\u00f3 NEXUS"},{"@type":"WebPage","@id":"https:\/\/grupnexus.com\/es\/depilacion-laser-medica-testimonio-martapedrol\/#webpage","url":"https:\/\/grupnexus.com\/es\/depilacion-laser-medica-testimonio-martapedrol\/","name":"Depilaci\u00f3n l\u00e1ser m\u00e9dica: testimonio Marta Pedrol","isPartOf":{"@id":"https:\/\/grupnexus.com\/es\/#website"},"primaryImageOfPage":{"@id":"https:\/\/grupnexus.com\/es\/depilacion-laser-medica-testimonio-martapedrol\/#primaryimage"},"datePublished":"2018-07-20T12:42:45+00:00","dateModified":"2018-09-10T14:25:14+00:00","author":{"@id":"https:\/\/grupnexus.com\/es\/#\/schema\/person\/7d42f30e6bd203d23a2c1613b51145c3"},"breadcrumb":{"@id":"https:\/\/grupnexus.com\/es\/depilacion-laser-medica-testimonio-martapedrol\/#breadcrumb"},"inLanguage":"es","potentialAction":[{"@type":"ReadAction","target":["https:\/\/grupnexus.com\/es\/depilacion-laser-medica-testimonio-martapedrol\/"]}]},{"@type":"BreadcrumbList","@id":"https:\/\/grupnexus.com\/es\/depilacion-laser-medica-testimonio-martapedrol\/#breadcrumb","itemListElement":[{"@type":"ListItem","position":1,"name":"Portada","item":"https:\/\/grupnexus.com\/es\/"},{"@type":"ListItem","position":2,"name":"Marta Pedrol: &#8220;Los centros low-cost pueden resultar muy costosos&#8221;"}]},{"@type":"Person","@id":"https:\/\/grupnexus.com\/es\/#\/schema\/person\/7d42f30e6bd203d23a2c1613b51145c3","name":"Cl\u00ednica Nexus","image":{"@type":"ImageObject","@id":"https:\/\/grupnexus.com\/es\/#personlogo","inLanguage":"es","url":"https:\/\/secure.gravatar.com\/avatar\/f1f98ef0d641a3a6af0accea5a5971ef?s=96&d=mm&r=g","contentUrl":"https:\/\/secure.gravatar.com\/avatar\/f1f98ef0d641a3a6af0accea5a5971ef?s=96&d=mm&r=g","caption":"Cl\u00ednica Nexus"}}]}},"_links":{"self":[{"href":"https:\/\/grupnexus.com\/es\/wp-json\/wp\/v2\/posts\/16347"}],"collection":[{"href":"https:\/\/grupnexus.com\/es\/wp-json\/wp\/v2\/posts"}],"about":[{"href":"https:\/\/grupnexus.com\/es\/wp-json\/wp\/v2\/types\/post"}],"author":[{"embeddable":true,"href":"https:\/\/grupnexus.com\/es\/wp-json\/wp\/v2\/users\/6"}],"replies":[{"embeddable":true,"href":"https:\/\/grupnexus.com\/es\/wp-json\/wp\/v2\/comments?post=16347"}],"version-history":[{"count":3,"href":"https:\/\/grupnexus.com\/es\/wp-json\/wp\/v2\/posts\/16347\/revisions"}],"predecessor-version":[{"id":16351,"href":"https:\/\/grupnexus.com\/es\/wp-json\/wp\/v2\/posts\/16347\/revisions\/16351"}],"wp:featuredmedia":[{"embeddable":true,"href":"https:\/\/grupnexus.com\/es\/wp-json\/wp\/v2\/media\/16344"}],"wp:attachment":[{"href":"https:\/\/grupnexus.com\/es\/wp-json\/wp\/v2\/media?parent=16347"}],"wp:term":[{"taxonomy":"category","embeddable":true,"href":"https:\/\/grupnexus.com\/es\/wp-json\/wp\/v2\/categories?post=16347"},{"taxonomy":"post_tag","embeddable":true,"href":"https:\/\/grupnexus.com\/es\/wp-json\/wp\/v2\/tags?post=16347"}],"curies":[{"name":"wp","href":"https:\/\/api.w.org\/{rel}","templated":true}]}}