{"id":16352,"date":"2018-07-13T15:20:07","date_gmt":"2018-07-13T13:20:07","guid":{"rendered":"https:\/\/www.grupnexus.com\/?p=16352\/"},"modified":"2018-08-23T13:43:29","modified_gmt":"2018-08-23T11:43:29","slug":"clinica-nexus-solidaria-ap-lleida-su-fiesta-favor-fundacion-esclerosi-multiple","status":"publish","type":"post","link":"https:\/\/grupnexus.com\/es\/clinica-nexus-solidaria-ap-lleida-su-fiesta-favor-fundacion-esclerosi-multiple\/","title":{"rendered":"Cl\u00ednica Nexus solidaria con Ap! Lleida, en su fiesta a favor de la Fundaci\u00f3n de la Esclerosis M\u00faltiple"},"content":{"rendered":"<p><strong>Lleida, 13 de julio de 2018<\/strong>.- Ap! Lleida, Asociaci\u00f3n Profesional de Empresarias, celebr\u00f3, la 8\u00aa edici\u00f3n de la Fiesta Solidaria.<\/p>\n<p>Con esta iniciativa, <strong>Ap! Lleida<\/strong>, de la que formamos parte, y nuestra directora de marketing, Laura S\u00e1nchez, es la presidenta, apoya a todas aquellas personas que sufren una enfermedad degenerativa, como es la esclerosis m\u00faltiple.<\/p>\n<p>Unas 600 personas en Lleida y, m\u00e1s de 47.000 personas en Espa\u00f1a la padecen. Un 70% mujeres y, en muchos casos se diagnostica siendo bien j\u00f3venes, entre los 20 y 30 a\u00f1os.<\/p>\n<p><img loading=\"lazy\" class=\"aligncenter size-large wp-image-16354\" src=\"https:\/\/grupnexus.com\/wp-content\/uploads\/2018\/07\/Ap-Festa-Solidaria-2018-DSC_4000-x-1024x684.jpg\" alt=\"festa solidaria ap\" width=\"1024\" height=\"684\" srcset=\"https:\/\/grupnexus.com\/wp-content\/uploads\/2018\/07\/Ap-Festa-Solidaria-2018-DSC_4000-x-1024x684.jpg 1024w, https:\/\/grupnexus.com\/wp-content\/uploads\/2018\/07\/Ap-Festa-Solidaria-2018-DSC_4000-x-510x341.jpg 510w, https:\/\/grupnexus.com\/wp-content\/uploads\/2018\/07\/Ap-Festa-Solidaria-2018-DSC_4000-x-300x200.jpg 300w, https:\/\/grupnexus.com\/wp-content\/uploads\/2018\/07\/Ap-Festa-Solidaria-2018-DSC_4000-x-768x513.jpg 768w, https:\/\/grupnexus.com\/wp-content\/uploads\/2018\/07\/Ap-Festa-Solidaria-2018-DSC_4000-x-1140x760.jpg 1140w, https:\/\/grupnexus.com\/wp-content\/uploads\/2018\/07\/Ap-Festa-Solidaria-2018-DSC_4000-x-555x370.jpg 555w, https:\/\/grupnexus.com\/wp-content\/uploads\/2018\/07\/Ap-Festa-Solidaria-2018-DSC_4000-x-360x240.jpg 360w, https:\/\/grupnexus.com\/wp-content\/uploads\/2018\/07\/Ap-Festa-Solidaria-2018-DSC_4000-x-262x175.jpg 262w, https:\/\/grupnexus.com\/wp-content\/uploads\/2018\/07\/Ap-Festa-Solidaria-2018-DSC_4000-x.jpg 1920w\" sizes=\"(max-width: 1024px) 100vw, 1024px\" \/><\/p>\n<p>La <strong>Fundaci\u00f3n Esclerosis M\u00faltiple<\/strong>, ubicada en el centro Miquel Mart\u00ed i Pol, dentro del CAP Once de Septiembre, es uno de los centros mejor equipados en tecnolog\u00eda para la estimulaci\u00f3n cognitiva, rehabilitaci\u00f3n y ortopedia en Espa\u00f1a. Con este equipamiento puntero y un equipo de profesionales multidisciplinar trata, de manera personalizada, a pacientes de esclerosis m\u00faltiple, as\u00ed como de ictus, ELA y p\u00e1rkinson.<\/p>\n<p>&nbsp;<\/p>\n<p><img loading=\"lazy\" class=\"aligncenter size-large wp-image-16355\" src=\"https:\/\/grupnexus.com\/wp-content\/uploads\/2018\/07\/Ap-Festa-Solidaria-2018-DSC_4008-x-1024x684.jpg\" alt=\"festa solidaria ap\" width=\"1024\" height=\"684\" srcset=\"https:\/\/grupnexus.com\/wp-content\/uploads\/2018\/07\/Ap-Festa-Solidaria-2018-DSC_4008-x-1024x684.jpg 1024w, https:\/\/grupnexus.com\/wp-content\/uploads\/2018\/07\/Ap-Festa-Solidaria-2018-DSC_4008-x-510x341.jpg 510w, https:\/\/grupnexus.com\/wp-content\/uploads\/2018\/07\/Ap-Festa-Solidaria-2018-DSC_4008-x-300x200.jpg 300w, https:\/\/grupnexus.com\/wp-content\/uploads\/2018\/07\/Ap-Festa-Solidaria-2018-DSC_4008-x-768x513.jpg 768w, https:\/\/grupnexus.com\/wp-content\/uploads\/2018\/07\/Ap-Festa-Solidaria-2018-DSC_4008-x-1140x760.jpg 1140w, https:\/\/grupnexus.com\/wp-content\/uploads\/2018\/07\/Ap-Festa-Solidaria-2018-DSC_4008-x-555x370.jpg 555w, https:\/\/grupnexus.com\/wp-content\/uploads\/2018\/07\/Ap-Festa-Solidaria-2018-DSC_4008-x-360x240.jpg 360w, https:\/\/grupnexus.com\/wp-content\/uploads\/2018\/07\/Ap-Festa-Solidaria-2018-DSC_4008-x-262x175.jpg 262w, https:\/\/grupnexus.com\/wp-content\/uploads\/2018\/07\/Ap-Festa-Solidaria-2018-DSC_4008-x.jpg 1920w\" sizes=\"(max-width: 1024px) 100vw, 1024px\" \/><\/p>\n<p>&nbsp;<\/p>\n<p><img loading=\"lazy\" class=\"aligncenter size-large wp-image-17090\" src=\"https:\/\/grupnexus.com\/wp-content\/uploads\/2018\/07\/AGRAiMENT-FEM-NEXUS-721x1024.jpg\" alt=\"agraiment FEM\" width=\"721\" height=\"1024\" srcset=\"https:\/\/grupnexus.com\/wp-content\/uploads\/2018\/07\/AGRAiMENT-FEM-NEXUS-721x1024.jpg 721w, https:\/\/grupnexus.com\/wp-content\/uploads\/2018\/07\/AGRAiMENT-FEM-NEXUS-510x724.jpg 510w, https:\/\/grupnexus.com\/wp-content\/uploads\/2018\/07\/AGRAiMENT-FEM-NEXUS-211x300.jpg 211w, https:\/\/grupnexus.com\/wp-content\/uploads\/2018\/07\/AGRAiMENT-FEM-NEXUS-768x1090.jpg 768w, https:\/\/grupnexus.com\/wp-content\/uploads\/2018\/07\/AGRAiMENT-FEM-NEXUS-541x768.jpg 541w, https:\/\/grupnexus.com\/wp-content\/uploads\/2018\/07\/AGRAiMENT-FEM-NEXUS-1140x1619.jpg 1140w, https:\/\/grupnexus.com\/wp-content\/uploads\/2018\/07\/AGRAiMENT-FEM-NEXUS-555x788.jpg 555w, https:\/\/grupnexus.com\/wp-content\/uploads\/2018\/07\/AGRAiMENT-FEM-NEXUS-360x511.jpg 360w, https:\/\/grupnexus.com\/wp-content\/uploads\/2018\/07\/AGRAiMENT-FEM-NEXUS-262x372.jpg 262w, https:\/\/grupnexus.com\/wp-content\/uploads\/2018\/07\/AGRAiMENT-FEM-NEXUS-scaled.jpg 1803w\" sizes=\"(max-width: 721px) 100vw, 721px\" \/><\/p>\n","protected":false},"excerpt":{"rendered":"<p>Lleida, 13 de julio de 2018.- Ap! Lleida, Asociaci\u00f3n Profesional de Empresarias, celebr\u00f3, la 8\u00aa edici\u00f3n de la Fiesta Solidaria. Con esta iniciativa, Ap! Lleida, de la que formamos parte, y nuestra directora de marketing, Laura S\u00e1nchez, es la presidenta, apoya a todas aquellas personas que sufren una enfermedad degenerativa, como es la esclerosis m\u00faltiple&#8230;.<\/p>\n","protected":false},"author":6,"featured_media":16353,"comment_status":"closed","ping_status":"closed","sticky":false,"template":"","format":"standard","meta":[],"categories":[330,358,7,461],"tags":[],"yoast_head":"<!-- This site is optimized with the Yoast SEO plugin v18.6 - https:\/\/yoast.com\/wordpress\/plugins\/seo\/ -->\n<title>Cl\u00ednica Nexus solidaria con Ap! Lleida, en su fiesta a favor de la Fundaci\u00f3n de la Esclerosis M\u00faltiple<\/title>\n<meta name=\"robots\" content=\"index, follow, max-snippet:-1, max-image-preview:large, max-video-preview:-1\" \/>\n<link rel=\"canonical\" href=\"https:\/\/grupnexus.com\/es\/clinica-nexus-solidaria-ap-lleida-su-fiesta-favor-fundacion-esclerosi-multiple\/\" \/>\n<meta property=\"og:locale\" content=\"es_ES\" \/>\n<meta property=\"og:type\" content=\"article\" \/>\n<meta property=\"og:title\" content=\"Cl\u00ednica Nexus solidaria con Ap! Lleida, en su fiesta a favor de la Fundaci\u00f3n de la Esclerosis M\u00faltiple\" \/>\n<meta property=\"og:description\" content=\"Lleida, 13 de julio de 2018.- Ap! Lleida, Asociaci\u00f3n Profesional de Empresarias, celebr\u00f3, la 8\u00aa edici\u00f3n de la Fiesta Solidaria. Con esta iniciativa, Ap! Lleida, de la que formamos parte, y nuestra directora de marketing, Laura S\u00e1nchez, es la presidenta, apoya a todas aquellas personas que sufren una enfermedad degenerativa, como es la esclerosis m\u00faltiple....\" \/>\n<meta property=\"og:url\" content=\"https:\/\/grupnexus.com\/es\/clinica-nexus-solidaria-ap-lleida-su-fiesta-favor-fundacion-esclerosi-multiple\/\" \/>\n<meta property=\"og:site_name\" content=\"Cl\u00ednica Nexus\" \/>\n<meta property=\"article:published_time\" content=\"2018-07-13T13:20:07+00:00\" \/>\n<meta property=\"article:modified_time\" content=\"2018-08-23T11:43:29+00:00\" \/>\n<meta property=\"og:image\" content=\"https:\/\/i0.wp.com\/grupnexus.com\/wp-content\/uploads\/2018\/07\/DSC_3917.jpg?fit=1920%2C1282&#038;ssl=1\" \/>\n\t<meta property=\"og:image:width\" content=\"1920\" \/>\n\t<meta property=\"og:image:height\" content=\"1282\" \/>\n\t<meta property=\"og:image:type\" content=\"image\/jpeg\" \/>\n<meta name=\"twitter:card\" content=\"summary\" \/>\n<meta name=\"twitter:label1\" content=\"Escrito por\" \/>\n\t<meta name=\"twitter:data1\" content=\"Cl\u00ednica Nexus\" \/>\n\t<meta name=\"twitter:label2\" content=\"Tiempo de lectura\" \/>\n\t<meta name=\"twitter:data2\" content=\"1 minuto\" \/>\n<script type=\"application\/ld+json\" class=\"yoast-schema-graph\">{\"@context\":\"https:\/\/schema.org\",\"@graph\":[{\"@type\":\"WebSite\",\"@id\":\"https:\/\/grupnexus.com\/es\/#website\",\"url\":\"https:\/\/grupnexus.com\/es\/\",\"name\":\"Cl\u00ednica Nexus\",\"description\":\"L\u00edders en Medicina Est\u00e8tica Avan\u00e7ada\",\"potentialAction\":[{\"@type\":\"SearchAction\",\"target\":{\"@type\":\"EntryPoint\",\"urlTemplate\":\"https:\/\/grupnexus.com\/es\/?s={search_term_string}\"},\"query-input\":\"required name=search_term_string\"}],\"inLanguage\":\"es\"},{\"@type\":\"ImageObject\",\"@id\":\"https:\/\/grupnexus.com\/es\/clinica-nexus-solidaria-ap-lleida-su-fiesta-favor-fundacion-esclerosi-multiple\/#primaryimage\",\"inLanguage\":\"es\",\"url\":\"https:\/\/grupnexus.com\/wp-content\/uploads\/2018\/07\/DSC_3917.jpg\",\"contentUrl\":\"https:\/\/grupnexus.com\/wp-content\/uploads\/2018\/07\/DSC_3917.jpg\",\"width\":1920,\"height\":1282,\"caption\":\"festa solidaria ap\"},{\"@type\":\"WebPage\",\"@id\":\"https:\/\/grupnexus.com\/es\/clinica-nexus-solidaria-ap-lleida-su-fiesta-favor-fundacion-esclerosi-multiple\/#webpage\",\"url\":\"https:\/\/grupnexus.com\/es\/clinica-nexus-solidaria-ap-lleida-su-fiesta-favor-fundacion-esclerosi-multiple\/\",\"name\":\"Cl\u00ednica Nexus solidaria con Ap! Lleida, en su fiesta a favor de la Fundaci\u00f3n de la Esclerosis M\u00faltiple\",\"isPartOf\":{\"@id\":\"https:\/\/grupnexus.com\/es\/#website\"},\"primaryImageOfPage\":{\"@id\":\"https:\/\/grupnexus.com\/es\/clinica-nexus-solidaria-ap-lleida-su-fiesta-favor-fundacion-esclerosi-multiple\/#primaryimage\"},\"datePublished\":\"2018-07-13T13:20:07+00:00\",\"dateModified\":\"2018-08-23T11:43:29+00:00\",\"author\":{\"@id\":\"https:\/\/grupnexus.com\/es\/#\/schema\/person\/7d42f30e6bd203d23a2c1613b51145c3\"},\"breadcrumb\":{\"@id\":\"https:\/\/grupnexus.com\/es\/clinica-nexus-solidaria-ap-lleida-su-fiesta-favor-fundacion-esclerosi-multiple\/#breadcrumb\"},\"inLanguage\":\"es\",\"potentialAction\":[{\"@type\":\"ReadAction\",\"target\":[\"https:\/\/grupnexus.com\/es\/clinica-nexus-solidaria-ap-lleida-su-fiesta-favor-fundacion-esclerosi-multiple\/\"]}]},{\"@type\":\"BreadcrumbList\",\"@id\":\"https:\/\/grupnexus.com\/es\/clinica-nexus-solidaria-ap-lleida-su-fiesta-favor-fundacion-esclerosi-multiple\/#breadcrumb\",\"itemListElement\":[{\"@type\":\"ListItem\",\"position\":1,\"name\":\"Portada\",\"item\":\"https:\/\/grupnexus.com\/es\/\"},{\"@type\":\"ListItem\",\"position\":2,\"name\":\"Cl\u00ednica Nexus solidaria con Ap! Lleida, en su fiesta a favor de la Fundaci\u00f3n de la Esclerosis M\u00faltiple\"}]},{\"@type\":\"Person\",\"@id\":\"https:\/\/grupnexus.com\/es\/#\/schema\/person\/7d42f30e6bd203d23a2c1613b51145c3\",\"name\":\"Cl\u00ednica Nexus\",\"image\":{\"@type\":\"ImageObject\",\"@id\":\"https:\/\/grupnexus.com\/es\/#personlogo\",\"inLanguage\":\"es\",\"url\":\"https:\/\/secure.gravatar.com\/avatar\/f1f98ef0d641a3a6af0accea5a5971ef?s=96&d=mm&r=g\",\"contentUrl\":\"https:\/\/secure.gravatar.com\/avatar\/f1f98ef0d641a3a6af0accea5a5971ef?s=96&d=mm&r=g\",\"caption\":\"Cl\u00ednica Nexus\"}}]}<\/script>\n<!-- \/ Yoast SEO plugin. -->","yoast_head_json":{"title":"Cl\u00ednica Nexus solidaria con Ap! Lleida, en su fiesta a favor de la Fundaci\u00f3n de la Esclerosis M\u00faltiple","robots":{"index":"index","follow":"follow","max-snippet":"max-snippet:-1","max-image-preview":"max-image-preview:large","max-video-preview":"max-video-preview:-1"},"canonical":"https:\/\/grupnexus.com\/es\/clinica-nexus-solidaria-ap-lleida-su-fiesta-favor-fundacion-esclerosi-multiple\/","og_locale":"es_ES","og_type":"article","og_title":"Cl\u00ednica Nexus solidaria con Ap! Lleida, en su fiesta a favor de la Fundaci\u00f3n de la Esclerosis M\u00faltiple","og_description":"Lleida, 13 de julio de 2018.- Ap! Lleida, Asociaci\u00f3n Profesional de Empresarias, celebr\u00f3, la 8\u00aa edici\u00f3n de la Fiesta Solidaria. Con esta iniciativa, Ap! Lleida, de la que formamos parte, y nuestra directora de marketing, Laura S\u00e1nchez, es la presidenta, apoya a todas aquellas personas que sufren una enfermedad degenerativa, como es la esclerosis m\u00faltiple....","og_url":"https:\/\/grupnexus.com\/es\/clinica-nexus-solidaria-ap-lleida-su-fiesta-favor-fundacion-esclerosi-multiple\/","og_site_name":"Cl\u00ednica Nexus","article_published_time":"2018-07-13T13:20:07+00:00","article_modified_time":"2018-08-23T11:43:29+00:00","og_image":[{"width":1920,"height":1282,"url":"https:\/\/i0.wp.com\/grupnexus.com\/wp-content\/uploads\/2018\/07\/DSC_3917.jpg?fit=1920%2C1282&ssl=1","type":"image\/jpeg"}],"twitter_card":"summary","twitter_misc":{"Escrito por":"Cl\u00ednica Nexus","Tiempo de lectura":"1 minuto"},"schema":{"@context":"https:\/\/schema.org","@graph":[{"@type":"WebSite","@id":"https:\/\/grupnexus.com\/es\/#website","url":"https:\/\/grupnexus.com\/es\/","name":"Cl\u00ednica Nexus","description":"L\u00edders en Medicina Est\u00e8tica Avan\u00e7ada","potentialAction":[{"@type":"SearchAction","target":{"@type":"EntryPoint","urlTemplate":"https:\/\/grupnexus.com\/es\/?s={search_term_string}"},"query-input":"required name=search_term_string"}],"inLanguage":"es"},{"@type":"ImageObject","@id":"https:\/\/grupnexus.com\/es\/clinica-nexus-solidaria-ap-lleida-su-fiesta-favor-fundacion-esclerosi-multiple\/#primaryimage","inLanguage":"es","url":"https:\/\/grupnexus.com\/wp-content\/uploads\/2018\/07\/DSC_3917.jpg","contentUrl":"https:\/\/grupnexus.com\/wp-content\/uploads\/2018\/07\/DSC_3917.jpg","width":1920,"height":1282,"caption":"festa solidaria ap"},{"@type":"WebPage","@id":"https:\/\/grupnexus.com\/es\/clinica-nexus-solidaria-ap-lleida-su-fiesta-favor-fundacion-esclerosi-multiple\/#webpage","url":"https:\/\/grupnexus.com\/es\/clinica-nexus-solidaria-ap-lleida-su-fiesta-favor-fundacion-esclerosi-multiple\/","name":"Cl\u00ednica Nexus solidaria con Ap! Lleida, en su fiesta a favor de la Fundaci\u00f3n de la Esclerosis M\u00faltiple","isPartOf":{"@id":"https:\/\/grupnexus.com\/es\/#website"},"primaryImageOfPage":{"@id":"https:\/\/grupnexus.com\/es\/clinica-nexus-solidaria-ap-lleida-su-fiesta-favor-fundacion-esclerosi-multiple\/#primaryimage"},"datePublished":"2018-07-13T13:20:07+00:00","dateModified":"2018-08-23T11:43:29+00:00","author":{"@id":"https:\/\/grupnexus.com\/es\/#\/schema\/person\/7d42f30e6bd203d23a2c1613b51145c3"},"breadcrumb":{"@id":"https:\/\/grupnexus.com\/es\/clinica-nexus-solidaria-ap-lleida-su-fiesta-favor-fundacion-esclerosi-multiple\/#breadcrumb"},"inLanguage":"es","potentialAction":[{"@type":"ReadAction","target":["https:\/\/grupnexus.com\/es\/clinica-nexus-solidaria-ap-lleida-su-fiesta-favor-fundacion-esclerosi-multiple\/"]}]},{"@type":"BreadcrumbList","@id":"https:\/\/grupnexus.com\/es\/clinica-nexus-solidaria-ap-lleida-su-fiesta-favor-fundacion-esclerosi-multiple\/#breadcrumb","itemListElement":[{"@type":"ListItem","position":1,"name":"Portada","item":"https:\/\/grupnexus.com\/es\/"},{"@type":"ListItem","position":2,"name":"Cl\u00ednica Nexus solidaria con Ap! Lleida, en su fiesta a favor de la Fundaci\u00f3n de la Esclerosis M\u00faltiple"}]},{"@type":"Person","@id":"https:\/\/grupnexus.com\/es\/#\/schema\/person\/7d42f30e6bd203d23a2c1613b51145c3","name":"Cl\u00ednica Nexus","image":{"@type":"ImageObject","@id":"https:\/\/grupnexus.com\/es\/#personlogo","inLanguage":"es","url":"https:\/\/secure.gravatar.com\/avatar\/f1f98ef0d641a3a6af0accea5a5971ef?s=96&d=mm&r=g","contentUrl":"https:\/\/secure.gravatar.com\/avatar\/f1f98ef0d641a3a6af0accea5a5971ef?s=96&d=mm&r=g","caption":"Cl\u00ednica Nexus"}}]}},"_links":{"self":[{"href":"https:\/\/grupnexus.com\/es\/wp-json\/wp\/v2\/posts\/16352"}],"collection":[{"href":"https:\/\/grupnexus.com\/es\/wp-json\/wp\/v2\/posts"}],"about":[{"href":"https:\/\/grupnexus.com\/es\/wp-json\/wp\/v2\/types\/post"}],"author":[{"embeddable":true,"href":"https:\/\/grupnexus.com\/es\/wp-json\/wp\/v2\/users\/6"}],"replies":[{"embeddable":true,"href":"https:\/\/grupnexus.com\/es\/wp-json\/wp\/v2\/comments?post=16352"}],"version-history":[{"count":4,"href":"https:\/\/grupnexus.com\/es\/wp-json\/wp\/v2\/posts\/16352\/revisions"}],"predecessor-version":[{"id":17093,"href":"https:\/\/grupnexus.com\/es\/wp-json\/wp\/v2\/posts\/16352\/revisions\/17093"}],"wp:featuredmedia":[{"embeddable":true,"href":"https:\/\/grupnexus.com\/es\/wp-json\/wp\/v2\/media\/16353"}],"wp:attachment":[{"href":"https:\/\/grupnexus.com\/es\/wp-json\/wp\/v2\/media?parent=16352"}],"wp:term":[{"taxonomy":"category","embeddable":true,"href":"https:\/\/grupnexus.com\/es\/wp-json\/wp\/v2\/categories?post=16352"},{"taxonomy":"post_tag","embeddable":true,"href":"https:\/\/grupnexus.com\/es\/wp-json\/wp\/v2\/tags?post=16352"}],"curies":[{"name":"wp","href":"https:\/\/api.w.org\/{rel}","templated":true}]}}