{"id":16361,"date":"2018-07-13T15:33:02","date_gmt":"2018-07-13T13:33:02","guid":{"rendered":"https:\/\/www.grupnexus.com\/?p=16361\/"},"modified":"2018-09-04T09:38:51","modified_gmt":"2018-09-04T07:38:51","slug":"clinica-nexus-elegida-para-formar-profesorado-ins-torre-vicens","status":"publish","type":"post","link":"https:\/\/grupnexus.com\/es\/clinica-nexus-elegida-para-formar-profesorado-ins-torre-vicens\/","title":{"rendered":"Cl\u00ednica Nexus elegida para formar profesorado del INS Torre Vicens"},"content":{"rendered":"<p><strong>Lleida, 13 de julio de 2018<\/strong>.- Dada la gran capacidad de innovaci\u00f3n, la excelente profesionalidad y el gran abanico de equipamiento tecnol\u00f3gico en el campo de la medicina est\u00e9tica, Cl\u00ednica Nexus ha sido elegida por la Direcci\u00f3 General de Formaci\u00f3 Professional Inicial i Ensenyaments de R\u00e8gim Especial, del Departament d\u2019Ensenyament de la Generalitat de Catalunya, junto con el IES Torre Vicens, para formar a las profesoras de este \u00faltimo, Raquel Jordan y Ares Sobrevia, haciendo una estancia formativa en nuestros centros Nexus Biom\u00e8dic y Nexus Bioest\u00e8tic.<\/p>\n<p>Montse Monjo, gerente de la cl\u00ednica, y Anna Garriga, t\u00e9cnica superior especialista en est\u00e9tica, han sido las personas responsables de impartir la formaci\u00f3n.<\/p>\n<p>Esta estancia responde al actual modelo educativo que prev\u00e9 la colaboraci\u00f3n del sector empresarial y educativo, para que se pueda acercar, cada vez m\u00e1s, la formaci\u00f3n del alumnado de ciclos formativos a las demandas reales de las empresas e instituciones.<\/p>\n<p>Los objetivos a alcanzar han sido:<\/p>\n<p>&#8211; Conocer el uso de los aparatos novedosos en est\u00e9tica, sus indicaciones, efectos y contraindicaciones<\/p>\n<p>&#8211; Aplicar t\u00e9cnicas de electroest\u00e9tica y sus tratamientos: radiofrecuencia, ultrasonidos, diatermia, l\u00e1ser, IPL, LPG, vacumterapia, etc.<\/p>\n<p>&#8211; Saber diagnosticar y analizar los diferentes tipos de piel con aparatolog\u00eda<\/p>\n<p>&nbsp;<\/p>\n<blockquote><p>Nos honra gratamente ser un referente para poder formar al profesorado de los y las j\u00f3venes que llegar\u00e1n a ser los futuros profesionales del sector, dadas las excelentes posibilidades de formaci\u00f3n que ofrece nuestra cl\u00ednica.<\/p>\n<p>Acciones como \u00e9sta nos refuerzan como icono en nuestro sector.<\/p><\/blockquote>\n","protected":false},"excerpt":{"rendered":"<p>Lleida, 13 de julio de 2018.- Dada la gran capacidad de innovaci\u00f3n, la excelente profesionalidad y el gran abanico de equipamiento tecnol\u00f3gico en el campo de la medicina est\u00e9tica, Cl\u00ednica Nexus ha sido elegida por la Direcci\u00f3 General de Formaci\u00f3 Professional Inicial i Ensenyaments de R\u00e8gim Especial, del Departament d\u2019Ensenyament de la Generalitat de Catalunya,&#8230;<\/p>\n","protected":false},"author":6,"featured_media":16362,"comment_status":"closed","ping_status":"closed","sticky":false,"template":"","format":"standard","meta":[],"categories":[7,461],"tags":[501],"yoast_head":"<!-- This site is optimized with the Yoast SEO plugin v18.6 - https:\/\/yoast.com\/wordpress\/plugins\/seo\/ -->\n<title>Cl\u00ednica Nexus elegida para formar profesorado del INS Torre Vicens<\/title>\n<meta name=\"robots\" content=\"index, follow, max-snippet:-1, max-image-preview:large, max-video-preview:-1\" \/>\n<link rel=\"canonical\" href=\"https:\/\/grupnexus.com\/es\/clinica-nexus-elegida-para-formar-profesorado-ins-torre-vicens\/\" \/>\n<meta property=\"og:locale\" content=\"es_ES\" \/>\n<meta property=\"og:type\" content=\"article\" \/>\n<meta property=\"og:title\" content=\"Cl\u00ednica Nexus elegida para formar profesorado del INS Torre Vicens\" \/>\n<meta property=\"og:description\" content=\"Lleida, 13 de julio de 2018.- Dada la gran capacidad de innovaci\u00f3n, la excelente profesionalidad y el gran abanico de equipamiento tecnol\u00f3gico en el campo de la medicina est\u00e9tica, Cl\u00ednica Nexus ha sido elegida por la Direcci\u00f3 General de Formaci\u00f3 Professional Inicial i Ensenyaments de R\u00e8gim Especial, del Departament d\u2019Ensenyament de la Generalitat de Catalunya,...\" \/>\n<meta property=\"og:url\" content=\"https:\/\/grupnexus.com\/es\/clinica-nexus-elegida-para-formar-profesorado-ins-torre-vicens\/\" \/>\n<meta property=\"og:site_name\" content=\"Cl\u00ednica Nexus\" \/>\n<meta property=\"article:published_time\" content=\"2018-07-13T13:33:02+00:00\" \/>\n<meta property=\"article:modified_time\" content=\"2018-09-04T07:38:51+00:00\" \/>\n<meta property=\"og:image\" content=\"https:\/\/i0.wp.com\/grupnexus.com\/wp-content\/uploads\/2018\/07\/formacio-torrevicens.jpg?fit=1024%2C787&#038;ssl=1\" \/>\n\t<meta property=\"og:image:width\" content=\"1024\" \/>\n\t<meta property=\"og:image:height\" content=\"787\" \/>\n\t<meta property=\"og:image:type\" content=\"image\/jpeg\" \/>\n<meta name=\"twitter:card\" content=\"summary\" \/>\n<meta name=\"twitter:label1\" content=\"Escrito por\" \/>\n\t<meta name=\"twitter:data1\" content=\"Cl\u00ednica Nexus\" \/>\n\t<meta name=\"twitter:label2\" content=\"Tiempo de lectura\" \/>\n\t<meta name=\"twitter:data2\" content=\"1 minuto\" \/>\n<script type=\"application\/ld+json\" class=\"yoast-schema-graph\">{\"@context\":\"https:\/\/schema.org\",\"@graph\":[{\"@type\":\"WebSite\",\"@id\":\"https:\/\/grupnexus.com\/es\/#website\",\"url\":\"https:\/\/grupnexus.com\/es\/\",\"name\":\"Cl\u00ednica Nexus\",\"description\":\"L\u00edders en Medicina Est\u00e8tica Avan\u00e7ada\",\"potentialAction\":[{\"@type\":\"SearchAction\",\"target\":{\"@type\":\"EntryPoint\",\"urlTemplate\":\"https:\/\/grupnexus.com\/es\/?s={search_term_string}\"},\"query-input\":\"required name=search_term_string\"}],\"inLanguage\":\"es\"},{\"@type\":\"ImageObject\",\"@id\":\"https:\/\/grupnexus.com\/es\/clinica-nexus-elegida-para-formar-profesorado-ins-torre-vicens\/#primaryimage\",\"inLanguage\":\"es\",\"url\":\"https:\/\/grupnexus.com\/wp-content\/uploads\/2018\/07\/formacio-torrevicens.jpg\",\"contentUrl\":\"https:\/\/grupnexus.com\/wp-content\/uploads\/2018\/07\/formacio-torrevicens.jpg\",\"width\":1024,\"height\":787,\"caption\":\"Formaci\u00f3 Torrevicens\"},{\"@type\":\"WebPage\",\"@id\":\"https:\/\/grupnexus.com\/es\/clinica-nexus-elegida-para-formar-profesorado-ins-torre-vicens\/#webpage\",\"url\":\"https:\/\/grupnexus.com\/es\/clinica-nexus-elegida-para-formar-profesorado-ins-torre-vicens\/\",\"name\":\"Cl\u00ednica Nexus elegida para formar profesorado del INS Torre Vicens\",\"isPartOf\":{\"@id\":\"https:\/\/grupnexus.com\/es\/#website\"},\"primaryImageOfPage\":{\"@id\":\"https:\/\/grupnexus.com\/es\/clinica-nexus-elegida-para-formar-profesorado-ins-torre-vicens\/#primaryimage\"},\"datePublished\":\"2018-07-13T13:33:02+00:00\",\"dateModified\":\"2018-09-04T07:38:51+00:00\",\"author\":{\"@id\":\"https:\/\/grupnexus.com\/es\/#\/schema\/person\/7d42f30e6bd203d23a2c1613b51145c3\"},\"breadcrumb\":{\"@id\":\"https:\/\/grupnexus.com\/es\/clinica-nexus-elegida-para-formar-profesorado-ins-torre-vicens\/#breadcrumb\"},\"inLanguage\":\"es\",\"potentialAction\":[{\"@type\":\"ReadAction\",\"target\":[\"https:\/\/grupnexus.com\/es\/clinica-nexus-elegida-para-formar-profesorado-ins-torre-vicens\/\"]}]},{\"@type\":\"BreadcrumbList\",\"@id\":\"https:\/\/grupnexus.com\/es\/clinica-nexus-elegida-para-formar-profesorado-ins-torre-vicens\/#breadcrumb\",\"itemListElement\":[{\"@type\":\"ListItem\",\"position\":1,\"name\":\"Portada\",\"item\":\"https:\/\/grupnexus.com\/es\/\"},{\"@type\":\"ListItem\",\"position\":2,\"name\":\"Cl\u00ednica Nexus elegida para formar profesorado del INS Torre Vicens\"}]},{\"@type\":\"Person\",\"@id\":\"https:\/\/grupnexus.com\/es\/#\/schema\/person\/7d42f30e6bd203d23a2c1613b51145c3\",\"name\":\"Cl\u00ednica Nexus\",\"image\":{\"@type\":\"ImageObject\",\"@id\":\"https:\/\/grupnexus.com\/es\/#personlogo\",\"inLanguage\":\"es\",\"url\":\"https:\/\/secure.gravatar.com\/avatar\/f1f98ef0d641a3a6af0accea5a5971ef?s=96&d=mm&r=g\",\"contentUrl\":\"https:\/\/secure.gravatar.com\/avatar\/f1f98ef0d641a3a6af0accea5a5971ef?s=96&d=mm&r=g\",\"caption\":\"Cl\u00ednica Nexus\"}}]}<\/script>\n<!-- \/ Yoast SEO plugin. -->","yoast_head_json":{"title":"Cl\u00ednica Nexus elegida para formar profesorado del INS Torre Vicens","robots":{"index":"index","follow":"follow","max-snippet":"max-snippet:-1","max-image-preview":"max-image-preview:large","max-video-preview":"max-video-preview:-1"},"canonical":"https:\/\/grupnexus.com\/es\/clinica-nexus-elegida-para-formar-profesorado-ins-torre-vicens\/","og_locale":"es_ES","og_type":"article","og_title":"Cl\u00ednica Nexus elegida para formar profesorado del INS Torre Vicens","og_description":"Lleida, 13 de julio de 2018.- Dada la gran capacidad de innovaci\u00f3n, la excelente profesionalidad y el gran abanico de equipamiento tecnol\u00f3gico en el campo de la medicina est\u00e9tica, Cl\u00ednica Nexus ha sido elegida por la Direcci\u00f3 General de Formaci\u00f3 Professional Inicial i Ensenyaments de R\u00e8gim Especial, del Departament d\u2019Ensenyament de la Generalitat de Catalunya,...","og_url":"https:\/\/grupnexus.com\/es\/clinica-nexus-elegida-para-formar-profesorado-ins-torre-vicens\/","og_site_name":"Cl\u00ednica Nexus","article_published_time":"2018-07-13T13:33:02+00:00","article_modified_time":"2018-09-04T07:38:51+00:00","og_image":[{"width":1024,"height":787,"url":"https:\/\/i0.wp.com\/grupnexus.com\/wp-content\/uploads\/2018\/07\/formacio-torrevicens.jpg?fit=1024%2C787&ssl=1","type":"image\/jpeg"}],"twitter_card":"summary","twitter_misc":{"Escrito por":"Cl\u00ednica Nexus","Tiempo de lectura":"1 minuto"},"schema":{"@context":"https:\/\/schema.org","@graph":[{"@type":"WebSite","@id":"https:\/\/grupnexus.com\/es\/#website","url":"https:\/\/grupnexus.com\/es\/","name":"Cl\u00ednica Nexus","description":"L\u00edders en Medicina Est\u00e8tica Avan\u00e7ada","potentialAction":[{"@type":"SearchAction","target":{"@type":"EntryPoint","urlTemplate":"https:\/\/grupnexus.com\/es\/?s={search_term_string}"},"query-input":"required name=search_term_string"}],"inLanguage":"es"},{"@type":"ImageObject","@id":"https:\/\/grupnexus.com\/es\/clinica-nexus-elegida-para-formar-profesorado-ins-torre-vicens\/#primaryimage","inLanguage":"es","url":"https:\/\/grupnexus.com\/wp-content\/uploads\/2018\/07\/formacio-torrevicens.jpg","contentUrl":"https:\/\/grupnexus.com\/wp-content\/uploads\/2018\/07\/formacio-torrevicens.jpg","width":1024,"height":787,"caption":"Formaci\u00f3 Torrevicens"},{"@type":"WebPage","@id":"https:\/\/grupnexus.com\/es\/clinica-nexus-elegida-para-formar-profesorado-ins-torre-vicens\/#webpage","url":"https:\/\/grupnexus.com\/es\/clinica-nexus-elegida-para-formar-profesorado-ins-torre-vicens\/","name":"Cl\u00ednica Nexus elegida para formar profesorado del INS Torre Vicens","isPartOf":{"@id":"https:\/\/grupnexus.com\/es\/#website"},"primaryImageOfPage":{"@id":"https:\/\/grupnexus.com\/es\/clinica-nexus-elegida-para-formar-profesorado-ins-torre-vicens\/#primaryimage"},"datePublished":"2018-07-13T13:33:02+00:00","dateModified":"2018-09-04T07:38:51+00:00","author":{"@id":"https:\/\/grupnexus.com\/es\/#\/schema\/person\/7d42f30e6bd203d23a2c1613b51145c3"},"breadcrumb":{"@id":"https:\/\/grupnexus.com\/es\/clinica-nexus-elegida-para-formar-profesorado-ins-torre-vicens\/#breadcrumb"},"inLanguage":"es","potentialAction":[{"@type":"ReadAction","target":["https:\/\/grupnexus.com\/es\/clinica-nexus-elegida-para-formar-profesorado-ins-torre-vicens\/"]}]},{"@type":"BreadcrumbList","@id":"https:\/\/grupnexus.com\/es\/clinica-nexus-elegida-para-formar-profesorado-ins-torre-vicens\/#breadcrumb","itemListElement":[{"@type":"ListItem","position":1,"name":"Portada","item":"https:\/\/grupnexus.com\/es\/"},{"@type":"ListItem","position":2,"name":"Cl\u00ednica Nexus elegida para formar profesorado del INS Torre Vicens"}]},{"@type":"Person","@id":"https:\/\/grupnexus.com\/es\/#\/schema\/person\/7d42f30e6bd203d23a2c1613b51145c3","name":"Cl\u00ednica Nexus","image":{"@type":"ImageObject","@id":"https:\/\/grupnexus.com\/es\/#personlogo","inLanguage":"es","url":"https:\/\/secure.gravatar.com\/avatar\/f1f98ef0d641a3a6af0accea5a5971ef?s=96&d=mm&r=g","contentUrl":"https:\/\/secure.gravatar.com\/avatar\/f1f98ef0d641a3a6af0accea5a5971ef?s=96&d=mm&r=g","caption":"Cl\u00ednica Nexus"}}]}},"_links":{"self":[{"href":"https:\/\/grupnexus.com\/es\/wp-json\/wp\/v2\/posts\/16361"}],"collection":[{"href":"https:\/\/grupnexus.com\/es\/wp-json\/wp\/v2\/posts"}],"about":[{"href":"https:\/\/grupnexus.com\/es\/wp-json\/wp\/v2\/types\/post"}],"author":[{"embeddable":true,"href":"https:\/\/grupnexus.com\/es\/wp-json\/wp\/v2\/users\/6"}],"replies":[{"embeddable":true,"href":"https:\/\/grupnexus.com\/es\/wp-json\/wp\/v2\/comments?post=16361"}],"version-history":[{"count":2,"href":"https:\/\/grupnexus.com\/es\/wp-json\/wp\/v2\/posts\/16361\/revisions"}],"predecessor-version":[{"id":16370,"href":"https:\/\/grupnexus.com\/es\/wp-json\/wp\/v2\/posts\/16361\/revisions\/16370"}],"wp:featuredmedia":[{"embeddable":true,"href":"https:\/\/grupnexus.com\/es\/wp-json\/wp\/v2\/media\/16362"}],"wp:attachment":[{"href":"https:\/\/grupnexus.com\/es\/wp-json\/wp\/v2\/media?parent=16361"}],"wp:term":[{"taxonomy":"category","embeddable":true,"href":"https:\/\/grupnexus.com\/es\/wp-json\/wp\/v2\/categories?post=16361"},{"taxonomy":"post_tag","embeddable":true,"href":"https:\/\/grupnexus.com\/es\/wp-json\/wp\/v2\/tags?post=16361"}],"curies":[{"name":"wp","href":"https:\/\/api.w.org\/{rel}","templated":true}]}}