{"id":16462,"date":"2018-07-25T13:23:13","date_gmt":"2018-07-25T11:23:13","guid":{"rendered":"https:\/\/www.grupnexus.com\/clinica-nexus-amplia-espais-i-esdeve-una-de-les-mes-grans-de-lestat-espanyol\/"},"modified":"2018-07-26T09:32:40","modified_gmt":"2018-07-26T07:32:40","slug":"clinica-nexus-amplia-espacios-y-se-posiciona-como-una-de-las-mas-grandes-de-espana","status":"publish","type":"post","link":"https:\/\/grupnexus.com\/es\/clinica-nexus-amplia-espacios-y-se-posiciona-como-una-de-las-mas-grandes-de-espana\/","title":{"rendered":"Cl\u00ednica Nexus ampl\u00eda espacios, y se posiciona como una de las m\u00e1s grandes de Espa\u00f1a"},"content":{"rendered":"<p>&nbsp;<\/p>\n<ul>\n<li><strong>M\u00e1s de 2.200m2 acoger\u00e1n consultas m\u00e9dicas, salas de tecnolog\u00eda l\u00e1ser, un gimnasio, cabinas de est\u00e9tica, una sala de formaci\u00f3n, una sala de juntas y espacios polivalentes.<\/strong><\/li>\n<li><strong>Tambi\u00e9n se incorpora al equipo el Dr. Garc\u00eda Paricio, como nuevo cirujano pl\u00e1stico, est\u00e9tico y reconstructor.<\/strong><\/li>\n<li><strong>La esperanza de vida aumenta, y consiguientemente las personas invierten cada vez m\u00e1s en est\u00e9tica, nutrici\u00f3n, y ejercicio f\u00edsico.<\/strong><\/li>\n<\/ul>\n<p>&nbsp;<\/p>\n<p><strong>Lleida, 25 de julio de 2018.<\/strong>&#8211; Cl\u00ednica Nexus, referente en medicina est\u00e9tica y en tratamientos l\u00e1ser en Lleida, ha adquirido recientemente un nuevo local ubicado en Psg. de Ronda, 76. El que ser\u00e1 el nuevo acceso una vez finalizadas las obras. Con este, la cl\u00ednica llegar\u00e1 a tener m\u00e1s de 2.200m2, posicion\u00e1ndose como una de las m\u00e1s grandes en su sector, en el \u00e1mbito estatal.<\/p>\n<p>Actualmente, Cl\u00ednica Nexus est\u00e1 ubicada en dos espacios independientes, diferenciando Nexus Biom\u00e9dico, dirigido a tratamientos m\u00e9dicos-est\u00e9ticos, y Nexus Bioest\u00e8tic donde se llevan a cabo tratamientos de est\u00e9tica avanzada.<\/p>\n<p>Ambos centros est\u00e1n ubicados, a d\u00eda de hoy, en la calle Segri\u00e0, 30 y 26 respectivamente.<\/p>\n<p>Las nuevas instalaciones acoger\u00e1n consultas m\u00e9dicas, salas de tecnolog\u00eda l\u00e1ser, cabinas de est\u00e9tica, un gimnasio, una sala de formaci\u00f3n, una sala de juntas, as\u00ed como espacios polivalentes.<\/p>\n<p>Se prev\u00e9 finalizar las obras de ampliaci\u00f3n en unos meses, dando paso a una Cl\u00ednica de Medicina Est\u00e9tica con un interiorismo moderno, garantizando el m\u00e1ximo confort, seguridad y privacidad, y equipado con el \u00faltimo avance tecnol\u00f3gico.<\/p>\n<p>Este \u00faltimo ha sido la diferenciaci\u00f3n de Cl\u00ednica Nexus, que ha apostado desde un inicio, hace 22 a\u00f1os, en aparatolog\u00eda puntera, muchas veces de importaci\u00f3n directamente desde los Estados Unidos y consiguiendo la exclusiva en el \u00e1mbito auton\u00f3mico, y incluso estatal. Hecho que ha motivado que pacientes de todo el mundo &#8211; Barcelona, \u200b\u200bArag\u00f3n e incluso de otros pa\u00edses como Francia, Andorra y Australia- viajen hasta Lleida para poderse tratar con el Dr. Samuel Pin\u00f3s, director m\u00e9dico de la Cl\u00ednica.<\/p>\n<p>Tambi\u00e9n cabe decir que, hace unos d\u00edas se incorpor\u00f3 al equipo, el doctor Daniel Garc\u00eda Paricio, cirujano pl\u00e1stico, est\u00e9tico y reconstructor. El qual forma parte del cuerpo facultativo del Centro M\u00e9dico Teknon, del grupo Quir\u00f3n, de Barcelona, \u200b\u200by es consultor en Al Salhiyah Clinic, de Kuwait. Con m\u00e1s de 10 a\u00f1os de experiencia, est\u00e1 especializado en cirug\u00eda de la mama.<\/p>\n<p>Montse Monjo, directora gerente de Nexus, declara que en este sector hay que estar en constante proceso de cambio e innovaci\u00f3n.<\/p>\n<blockquote><p>\u00abLa esperanza de vida aumenta, y consiguientemente las personas invierten cada vez m\u00e1s en est\u00e9tica, nutrici\u00f3n y ejercicio f\u00edsico. Son hechos demostrables seg\u00fan estudios y estad\u00edsticas de consumo actual. Por ejemplo, el estudio econ\u00f3mico realizado por Medical Insight Inc. expone que, en 2015, el mercado de equipos y consumibles para tratamientos de remodelaci\u00f3n corporal o Body Contouring consigui\u00f3 m\u00e1s de 1 bill\u00f3n de d\u00f3lares y se prev\u00e9 un crecimiento de un 16,3% por a\u00f1o hasta 2020\u00bb<\/p><\/blockquote>\n<p>y este es s\u00f3lo uno de los tratamientos con m\u00e1s demanda.<\/p>\n<p>&nbsp;<\/p>\n<p>Cl\u00ednica Nexus, referente en medicina est\u00e9tica y en tratamientos l\u00e1ser en la provincia desde 1996, se reafirma en su liderazgo en el sector, consolid\u00e1ndose como uno de los m\u00e1ximos exponentes nacionales e internacionales en el \u00e1mbito de la Medicina Est\u00e9tica y la terapia con l\u00e1ser, ofreciendo un servicio integral dedicado a la salud, la belleza y el bienestar.<\/p>\n<p>&nbsp;<\/p>\n<p><strong>M\u00e1s informaci\u00f3n:<\/strong><br \/>\nMontse Monjo. Tel: 973 279 810<br \/>\n<a href=\"mailto:montse.monjo@grupnexus.com\">montse.monjo@grupnexus.com<\/a><\/p>\n<p>&nbsp;<\/p>\n<p><img loading=\"lazy\" class=\"aligncenter wp-image-16458 size-large\" src=\"https:\/\/grupnexus.com\/wp-content\/uploads\/2018\/07\/Panoramica-2-WEB-1024x288.jpg\" alt=\"\" width=\"1024\" height=\"288\" srcset=\"https:\/\/grupnexus.com\/wp-content\/uploads\/2018\/07\/Panoramica-2-WEB-1024x288.jpg 1024w, https:\/\/grupnexus.com\/wp-content\/uploads\/2018\/07\/Panoramica-2-WEB-510x143.jpg 510w, https:\/\/grupnexus.com\/wp-content\/uploads\/2018\/07\/Panoramica-2-WEB-300x84.jpg 300w, https:\/\/grupnexus.com\/wp-content\/uploads\/2018\/07\/Panoramica-2-WEB-768x216.jpg 768w, https:\/\/grupnexus.com\/wp-content\/uploads\/2018\/07\/Panoramica-2-WEB-1140x320.jpg 1140w, https:\/\/grupnexus.com\/wp-content\/uploads\/2018\/07\/Panoramica-2-WEB-555x156.jpg 555w, https:\/\/grupnexus.com\/wp-content\/uploads\/2018\/07\/Panoramica-2-WEB-360x101.jpg 360w, https:\/\/grupnexus.com\/wp-content\/uploads\/2018\/07\/Panoramica-2-WEB-262x74.jpg 262w, https:\/\/grupnexus.com\/wp-content\/uploads\/2018\/07\/Panoramica-2-WEB.jpg 2000w\" sizes=\"(max-width: 1024px) 100vw, 1024px\" \/><\/p>\n","protected":false},"excerpt":{"rendered":"<p>&nbsp; M\u00e1s de 2.200m2 acoger\u00e1n consultas m\u00e9dicas, salas de tecnolog\u00eda l\u00e1ser, un gimnasio, cabinas de est\u00e9tica, una sala de formaci\u00f3n, una sala de juntas y espacios polivalentes. Tambi\u00e9n se incorpora al equipo el Dr. Garc\u00eda Paricio, como nuevo cirujano pl\u00e1stico, est\u00e9tico y reconstructor. La esperanza de vida aumenta, y consiguientemente las personas invierten cada vez&#8230;<\/p>\n","protected":false},"author":5,"featured_media":16487,"comment_status":"closed","ping_status":"closed","sticky":false,"template":"","format":"standard","meta":[],"categories":[473],"tags":[],"yoast_head":"<!-- This site is optimized with the Yoast SEO plugin v18.6 - https:\/\/yoast.com\/wordpress\/plugins\/seo\/ -->\n<title>Cl\u00ednica Nexus ampl\u00eda espacios, y se posiciona como una de las m\u00e1s grandes de Espa\u00f1a<\/title>\n<meta name=\"robots\" content=\"index, follow, max-snippet:-1, max-image-preview:large, max-video-preview:-1\" \/>\n<link rel=\"canonical\" href=\"https:\/\/grupnexus.com\/es\/clinica-nexus-amplia-espacios-y-se-posiciona-como-una-de-las-mas-grandes-de-espana\/\" \/>\n<meta property=\"og:locale\" content=\"es_ES\" \/>\n<meta property=\"og:type\" content=\"article\" \/>\n<meta property=\"og:title\" content=\"Cl\u00ednica Nexus ampl\u00eda espacios, y se posiciona como una de las m\u00e1s grandes de Espa\u00f1a\" \/>\n<meta property=\"og:description\" content=\"&nbsp; M\u00e1s de 2.200m2 acoger\u00e1n consultas m\u00e9dicas, salas de tecnolog\u00eda l\u00e1ser, un gimnasio, cabinas de est\u00e9tica, una sala de formaci\u00f3n, una sala de juntas y espacios polivalentes. Tambi\u00e9n se incorpora al equipo el Dr. Garc\u00eda Paricio, como nuevo cirujano pl\u00e1stico, est\u00e9tico y reconstructor. La esperanza de vida aumenta, y consiguientemente las personas invierten cada vez...\" \/>\n<meta property=\"og:url\" content=\"https:\/\/grupnexus.com\/es\/clinica-nexus-amplia-espacios-y-se-posiciona-como-una-de-las-mas-grandes-de-espana\/\" \/>\n<meta property=\"og:site_name\" content=\"Cl\u00ednica Nexus\" \/>\n<meta property=\"article:published_time\" content=\"2018-07-25T11:23:13+00:00\" \/>\n<meta property=\"article:modified_time\" content=\"2018-07-26T07:32:40+00:00\" \/>\n<meta property=\"og:image\" content=\"https:\/\/i0.wp.com\/grupnexus.com\/wp-content\/uploads\/2018\/07\/2.200m.jpg?fit=1200%2C1200&#038;ssl=1\" \/>\n\t<meta property=\"og:image:width\" content=\"1200\" \/>\n\t<meta property=\"og:image:height\" content=\"1200\" \/>\n\t<meta property=\"og:image:type\" content=\"image\/jpeg\" \/>\n<meta name=\"twitter:card\" content=\"summary\" \/>\n<meta name=\"twitter:label1\" content=\"Escrito por\" \/>\n\t<meta name=\"twitter:data1\" content=\"Nexus\" \/>\n\t<meta name=\"twitter:label2\" content=\"Tiempo de lectura\" \/>\n\t<meta name=\"twitter:data2\" content=\"3 minutos\" \/>\n<script type=\"application\/ld+json\" class=\"yoast-schema-graph\">{\"@context\":\"https:\/\/schema.org\",\"@graph\":[{\"@type\":\"WebSite\",\"@id\":\"https:\/\/grupnexus.com\/es\/#website\",\"url\":\"https:\/\/grupnexus.com\/es\/\",\"name\":\"Cl\u00ednica Nexus\",\"description\":\"L\u00edders en Medicina Est\u00e8tica Avan\u00e7ada\",\"potentialAction\":[{\"@type\":\"SearchAction\",\"target\":{\"@type\":\"EntryPoint\",\"urlTemplate\":\"https:\/\/grupnexus.com\/es\/?s={search_term_string}\"},\"query-input\":\"required name=search_term_string\"}],\"inLanguage\":\"es\"},{\"@type\":\"ImageObject\",\"@id\":\"https:\/\/grupnexus.com\/es\/clinica-nexus-amplia-espacios-y-se-posiciona-como-una-de-las-mas-grandes-de-espana\/#primaryimage\",\"inLanguage\":\"es\",\"url\":\"https:\/\/grupnexus.com\/wp-content\/uploads\/2018\/07\/2.200m.jpg\",\"contentUrl\":\"https:\/\/grupnexus.com\/wp-content\/uploads\/2018\/07\/2.200m.jpg\",\"width\":1200,\"height\":1200,\"caption\":\"seguimos creciendo\"},{\"@type\":\"WebPage\",\"@id\":\"https:\/\/grupnexus.com\/es\/clinica-nexus-amplia-espacios-y-se-posiciona-como-una-de-las-mas-grandes-de-espana\/#webpage\",\"url\":\"https:\/\/grupnexus.com\/es\/clinica-nexus-amplia-espacios-y-se-posiciona-como-una-de-las-mas-grandes-de-espana\/\",\"name\":\"Cl\u00ednica Nexus ampl\u00eda espacios, y se posiciona como una de las m\u00e1s grandes de Espa\u00f1a\",\"isPartOf\":{\"@id\":\"https:\/\/grupnexus.com\/es\/#website\"},\"primaryImageOfPage\":{\"@id\":\"https:\/\/grupnexus.com\/es\/clinica-nexus-amplia-espacios-y-se-posiciona-como-una-de-las-mas-grandes-de-espana\/#primaryimage\"},\"datePublished\":\"2018-07-25T11:23:13+00:00\",\"dateModified\":\"2018-07-26T07:32:40+00:00\",\"author\":{\"@id\":\"https:\/\/grupnexus.com\/es\/#\/schema\/person\/e766a805d9eadac3ecbb8c0d3dcd3355\"},\"breadcrumb\":{\"@id\":\"https:\/\/grupnexus.com\/es\/clinica-nexus-amplia-espacios-y-se-posiciona-como-una-de-las-mas-grandes-de-espana\/#breadcrumb\"},\"inLanguage\":\"es\",\"potentialAction\":[{\"@type\":\"ReadAction\",\"target\":[\"https:\/\/grupnexus.com\/es\/clinica-nexus-amplia-espacios-y-se-posiciona-como-una-de-las-mas-grandes-de-espana\/\"]}]},{\"@type\":\"BreadcrumbList\",\"@id\":\"https:\/\/grupnexus.com\/es\/clinica-nexus-amplia-espacios-y-se-posiciona-como-una-de-las-mas-grandes-de-espana\/#breadcrumb\",\"itemListElement\":[{\"@type\":\"ListItem\",\"position\":1,\"name\":\"Portada\",\"item\":\"https:\/\/grupnexus.com\/es\/\"},{\"@type\":\"ListItem\",\"position\":2,\"name\":\"Cl\u00ednica Nexus ampl\u00eda espacios, y se posiciona como una de las m\u00e1s grandes de Espa\u00f1a\"}]},{\"@type\":\"Person\",\"@id\":\"https:\/\/grupnexus.com\/es\/#\/schema\/person\/e766a805d9eadac3ecbb8c0d3dcd3355\",\"name\":\"Nexus\",\"image\":{\"@type\":\"ImageObject\",\"@id\":\"https:\/\/grupnexus.com\/es\/#personlogo\",\"inLanguage\":\"es\",\"url\":\"https:\/\/secure.gravatar.com\/avatar\/8d9fa4540dd1ce6a7ed07044eb5f16c9?s=96&d=mm&r=g\",\"contentUrl\":\"https:\/\/secure.gravatar.com\/avatar\/8d9fa4540dd1ce6a7ed07044eb5f16c9?s=96&d=mm&r=g\",\"caption\":\"Nexus\"}}]}<\/script>\n<!-- \/ Yoast SEO plugin. -->","yoast_head_json":{"title":"Cl\u00ednica Nexus ampl\u00eda espacios, y se posiciona como una de las m\u00e1s grandes de Espa\u00f1a","robots":{"index":"index","follow":"follow","max-snippet":"max-snippet:-1","max-image-preview":"max-image-preview:large","max-video-preview":"max-video-preview:-1"},"canonical":"https:\/\/grupnexus.com\/es\/clinica-nexus-amplia-espacios-y-se-posiciona-como-una-de-las-mas-grandes-de-espana\/","og_locale":"es_ES","og_type":"article","og_title":"Cl\u00ednica Nexus ampl\u00eda espacios, y se posiciona como una de las m\u00e1s grandes de Espa\u00f1a","og_description":"&nbsp; M\u00e1s de 2.200m2 acoger\u00e1n consultas m\u00e9dicas, salas de tecnolog\u00eda l\u00e1ser, un gimnasio, cabinas de est\u00e9tica, una sala de formaci\u00f3n, una sala de juntas y espacios polivalentes. Tambi\u00e9n se incorpora al equipo el Dr. Garc\u00eda Paricio, como nuevo cirujano pl\u00e1stico, est\u00e9tico y reconstructor. La esperanza de vida aumenta, y consiguientemente las personas invierten cada vez...","og_url":"https:\/\/grupnexus.com\/es\/clinica-nexus-amplia-espacios-y-se-posiciona-como-una-de-las-mas-grandes-de-espana\/","og_site_name":"Cl\u00ednica Nexus","article_published_time":"2018-07-25T11:23:13+00:00","article_modified_time":"2018-07-26T07:32:40+00:00","og_image":[{"width":1200,"height":1200,"url":"https:\/\/i0.wp.com\/grupnexus.com\/wp-content\/uploads\/2018\/07\/2.200m.jpg?fit=1200%2C1200&ssl=1","type":"image\/jpeg"}],"twitter_card":"summary","twitter_misc":{"Escrito por":"Nexus","Tiempo de lectura":"3 minutos"},"schema":{"@context":"https:\/\/schema.org","@graph":[{"@type":"WebSite","@id":"https:\/\/grupnexus.com\/es\/#website","url":"https:\/\/grupnexus.com\/es\/","name":"Cl\u00ednica Nexus","description":"L\u00edders en Medicina Est\u00e8tica Avan\u00e7ada","potentialAction":[{"@type":"SearchAction","target":{"@type":"EntryPoint","urlTemplate":"https:\/\/grupnexus.com\/es\/?s={search_term_string}"},"query-input":"required name=search_term_string"}],"inLanguage":"es"},{"@type":"ImageObject","@id":"https:\/\/grupnexus.com\/es\/clinica-nexus-amplia-espacios-y-se-posiciona-como-una-de-las-mas-grandes-de-espana\/#primaryimage","inLanguage":"es","url":"https:\/\/grupnexus.com\/wp-content\/uploads\/2018\/07\/2.200m.jpg","contentUrl":"https:\/\/grupnexus.com\/wp-content\/uploads\/2018\/07\/2.200m.jpg","width":1200,"height":1200,"caption":"seguimos creciendo"},{"@type":"WebPage","@id":"https:\/\/grupnexus.com\/es\/clinica-nexus-amplia-espacios-y-se-posiciona-como-una-de-las-mas-grandes-de-espana\/#webpage","url":"https:\/\/grupnexus.com\/es\/clinica-nexus-amplia-espacios-y-se-posiciona-como-una-de-las-mas-grandes-de-espana\/","name":"Cl\u00ednica Nexus ampl\u00eda espacios, y se posiciona como una de las m\u00e1s grandes de Espa\u00f1a","isPartOf":{"@id":"https:\/\/grupnexus.com\/es\/#website"},"primaryImageOfPage":{"@id":"https:\/\/grupnexus.com\/es\/clinica-nexus-amplia-espacios-y-se-posiciona-como-una-de-las-mas-grandes-de-espana\/#primaryimage"},"datePublished":"2018-07-25T11:23:13+00:00","dateModified":"2018-07-26T07:32:40+00:00","author":{"@id":"https:\/\/grupnexus.com\/es\/#\/schema\/person\/e766a805d9eadac3ecbb8c0d3dcd3355"},"breadcrumb":{"@id":"https:\/\/grupnexus.com\/es\/clinica-nexus-amplia-espacios-y-se-posiciona-como-una-de-las-mas-grandes-de-espana\/#breadcrumb"},"inLanguage":"es","potentialAction":[{"@type":"ReadAction","target":["https:\/\/grupnexus.com\/es\/clinica-nexus-amplia-espacios-y-se-posiciona-como-una-de-las-mas-grandes-de-espana\/"]}]},{"@type":"BreadcrumbList","@id":"https:\/\/grupnexus.com\/es\/clinica-nexus-amplia-espacios-y-se-posiciona-como-una-de-las-mas-grandes-de-espana\/#breadcrumb","itemListElement":[{"@type":"ListItem","position":1,"name":"Portada","item":"https:\/\/grupnexus.com\/es\/"},{"@type":"ListItem","position":2,"name":"Cl\u00ednica Nexus ampl\u00eda espacios, y se posiciona como una de las m\u00e1s grandes de Espa\u00f1a"}]},{"@type":"Person","@id":"https:\/\/grupnexus.com\/es\/#\/schema\/person\/e766a805d9eadac3ecbb8c0d3dcd3355","name":"Nexus","image":{"@type":"ImageObject","@id":"https:\/\/grupnexus.com\/es\/#personlogo","inLanguage":"es","url":"https:\/\/secure.gravatar.com\/avatar\/8d9fa4540dd1ce6a7ed07044eb5f16c9?s=96&d=mm&r=g","contentUrl":"https:\/\/secure.gravatar.com\/avatar\/8d9fa4540dd1ce6a7ed07044eb5f16c9?s=96&d=mm&r=g","caption":"Nexus"}}]}},"_links":{"self":[{"href":"https:\/\/grupnexus.com\/es\/wp-json\/wp\/v2\/posts\/16462"}],"collection":[{"href":"https:\/\/grupnexus.com\/es\/wp-json\/wp\/v2\/posts"}],"about":[{"href":"https:\/\/grupnexus.com\/es\/wp-json\/wp\/v2\/types\/post"}],"author":[{"embeddable":true,"href":"https:\/\/grupnexus.com\/es\/wp-json\/wp\/v2\/users\/5"}],"replies":[{"embeddable":true,"href":"https:\/\/grupnexus.com\/es\/wp-json\/wp\/v2\/comments?post=16462"}],"version-history":[{"count":4,"href":"https:\/\/grupnexus.com\/es\/wp-json\/wp\/v2\/posts\/16462\/revisions"}],"predecessor-version":[{"id":16467,"href":"https:\/\/grupnexus.com\/es\/wp-json\/wp\/v2\/posts\/16462\/revisions\/16467"}],"wp:featuredmedia":[{"embeddable":true,"href":"https:\/\/grupnexus.com\/es\/wp-json\/wp\/v2\/media\/16487"}],"wp:attachment":[{"href":"https:\/\/grupnexus.com\/es\/wp-json\/wp\/v2\/media?parent=16462"}],"wp:term":[{"taxonomy":"category","embeddable":true,"href":"https:\/\/grupnexus.com\/es\/wp-json\/wp\/v2\/categories?post=16462"},{"taxonomy":"post_tag","embeddable":true,"href":"https:\/\/grupnexus.com\/es\/wp-json\/wp\/v2\/tags?post=16462"}],"curies":[{"name":"wp","href":"https:\/\/api.w.org\/{rel}","templated":true}]}}