{"id":16763,"date":"2018-08-03T13:59:11","date_gmt":"2018-08-03T11:59:11","guid":{"rendered":"https:\/\/www.grupnexus.com\/clinica-nexus-amplia-espais-i-esdeve-una-les-mes-grans-lestat-espanyol\/"},"modified":"2018-08-06T10:04:18","modified_gmt":"2018-08-06T08:04:18","slug":"clinica-nexus-amplia-espais-i-esdeve-una-les-mes-grans-lestat-espanyol","status":"publish","type":"post","link":"https:\/\/grupnexus.com\/es\/clinica-nexus-amplia-espais-i-esdeve-una-les-mes-grans-lestat-espanyol\/","title":{"rendered":"Cl\u00ednica Nexus ampl\u00eda espacios, y se posiciona como una de las m\u00e1s grandes de Espa\u00f1a"},"content":{"rendered":"<p>&nbsp;<\/p>\n<p>Descargar art\u00edculo: <a href=\"https:\/\/grupnexus.com\/wp-content\/uploads\/2018\/08\/nexus.pdf\" target=\"_blank\" rel=\"noopener\">A TOTHOM &#8211; La Ma\u00f1ana &#8211; P\u00e1g 25\u00a0<\/a><\/p>\n","protected":false},"excerpt":{"rendered":"<p>&nbsp; Descargar art\u00edculo: A TOTHOM &#8211; La Ma\u00f1ana &#8211; P\u00e1g 25\u00a0<\/p>\n","protected":false},"author":5,"featured_media":16817,"comment_status":"closed","ping_status":"closed","sticky":false,"template":"","format":"standard","meta":[],"categories":[473],"tags":[],"yoast_head":"<!-- This site is optimized with the Yoast SEO plugin v18.6 - https:\/\/yoast.com\/wordpress\/plugins\/seo\/ -->\n<title>Cl\u00ednica Nexus ampl\u00eda espacios, y se posiciona como una de las m\u00e1s grandes de Espa\u00f1a<\/title>\n<meta name=\"robots\" content=\"index, follow, max-snippet:-1, max-image-preview:large, max-video-preview:-1\" \/>\n<link rel=\"canonical\" href=\"https:\/\/grupnexus.com\/es\/clinica-nexus-amplia-espais-i-esdeve-una-les-mes-grans-lestat-espanyol\/\" \/>\n<meta property=\"og:locale\" content=\"es_ES\" \/>\n<meta property=\"og:type\" content=\"article\" \/>\n<meta property=\"og:title\" content=\"Cl\u00ednica Nexus ampl\u00eda espacios, y se posiciona como una de las m\u00e1s grandes de Espa\u00f1a\" \/>\n<meta property=\"og:description\" content=\"&nbsp; Descargar art\u00edculo: A TOTHOM &#8211; La Ma\u00f1ana &#8211; P\u00e1g 25\u00a0\" \/>\n<meta property=\"og:url\" content=\"https:\/\/grupnexus.com\/es\/clinica-nexus-amplia-espais-i-esdeve-una-les-mes-grans-lestat-espanyol\/\" \/>\n<meta property=\"og:site_name\" content=\"Cl\u00ednica Nexus\" \/>\n<meta property=\"article:published_time\" content=\"2018-08-03T11:59:11+00:00\" \/>\n<meta property=\"article:modified_time\" content=\"2018-08-06T08:04:18+00:00\" \/>\n<meta property=\"og:image\" content=\"https:\/\/i0.wp.com\/grupnexus.com\/wp-content\/uploads\/2018\/08\/atothom.jpg?fit=993%2C674&#038;ssl=1\" \/>\n\t<meta property=\"og:image:width\" content=\"993\" \/>\n\t<meta property=\"og:image:height\" content=\"674\" \/>\n\t<meta property=\"og:image:type\" content=\"image\/jpeg\" \/>\n<meta name=\"twitter:card\" content=\"summary\" \/>\n<meta name=\"twitter:label1\" content=\"Escrito por\" \/>\n\t<meta name=\"twitter:data1\" content=\"Nexus\" \/>\n<script type=\"application\/ld+json\" class=\"yoast-schema-graph\">{\"@context\":\"https:\/\/schema.org\",\"@graph\":[{\"@type\":\"WebSite\",\"@id\":\"https:\/\/grupnexus.com\/es\/#website\",\"url\":\"https:\/\/grupnexus.com\/es\/\",\"name\":\"Cl\u00ednica Nexus\",\"description\":\"L\u00edders en Medicina Est\u00e8tica Avan\u00e7ada\",\"potentialAction\":[{\"@type\":\"SearchAction\",\"target\":{\"@type\":\"EntryPoint\",\"urlTemplate\":\"https:\/\/grupnexus.com\/es\/?s={search_term_string}\"},\"query-input\":\"required name=search_term_string\"}],\"inLanguage\":\"es\"},{\"@type\":\"ImageObject\",\"@id\":\"https:\/\/grupnexus.com\/es\/clinica-nexus-amplia-espais-i-esdeve-una-les-mes-grans-lestat-espanyol\/#primaryimage\",\"inLanguage\":\"es\",\"url\":\"https:\/\/grupnexus.com\/wp-content\/uploads\/2018\/08\/atothom.jpg\",\"contentUrl\":\"https:\/\/grupnexus.com\/wp-content\/uploads\/2018\/08\/atothom.jpg\",\"width\":993,\"height\":674},{\"@type\":\"WebPage\",\"@id\":\"https:\/\/grupnexus.com\/es\/clinica-nexus-amplia-espais-i-esdeve-una-les-mes-grans-lestat-espanyol\/#webpage\",\"url\":\"https:\/\/grupnexus.com\/es\/clinica-nexus-amplia-espais-i-esdeve-una-les-mes-grans-lestat-espanyol\/\",\"name\":\"Cl\u00ednica Nexus ampl\u00eda espacios, y se posiciona como una de las m\u00e1s grandes de Espa\u00f1a\",\"isPartOf\":{\"@id\":\"https:\/\/grupnexus.com\/es\/#website\"},\"primaryImageOfPage\":{\"@id\":\"https:\/\/grupnexus.com\/es\/clinica-nexus-amplia-espais-i-esdeve-una-les-mes-grans-lestat-espanyol\/#primaryimage\"},\"datePublished\":\"2018-08-03T11:59:11+00:00\",\"dateModified\":\"2018-08-06T08:04:18+00:00\",\"author\":{\"@id\":\"https:\/\/grupnexus.com\/es\/#\/schema\/person\/e766a805d9eadac3ecbb8c0d3dcd3355\"},\"breadcrumb\":{\"@id\":\"https:\/\/grupnexus.com\/es\/clinica-nexus-amplia-espais-i-esdeve-una-les-mes-grans-lestat-espanyol\/#breadcrumb\"},\"inLanguage\":\"es\",\"potentialAction\":[{\"@type\":\"ReadAction\",\"target\":[\"https:\/\/grupnexus.com\/es\/clinica-nexus-amplia-espais-i-esdeve-una-les-mes-grans-lestat-espanyol\/\"]}]},{\"@type\":\"BreadcrumbList\",\"@id\":\"https:\/\/grupnexus.com\/es\/clinica-nexus-amplia-espais-i-esdeve-una-les-mes-grans-lestat-espanyol\/#breadcrumb\",\"itemListElement\":[{\"@type\":\"ListItem\",\"position\":1,\"name\":\"Portada\",\"item\":\"https:\/\/grupnexus.com\/es\/\"},{\"@type\":\"ListItem\",\"position\":2,\"name\":\"Cl\u00ednica Nexus ampl\u00eda espacios, y se posiciona como una de las m\u00e1s grandes de Espa\u00f1a\"}]},{\"@type\":\"Person\",\"@id\":\"https:\/\/grupnexus.com\/es\/#\/schema\/person\/e766a805d9eadac3ecbb8c0d3dcd3355\",\"name\":\"Nexus\",\"image\":{\"@type\":\"ImageObject\",\"@id\":\"https:\/\/grupnexus.com\/es\/#personlogo\",\"inLanguage\":\"es\",\"url\":\"https:\/\/secure.gravatar.com\/avatar\/8d9fa4540dd1ce6a7ed07044eb5f16c9?s=96&d=mm&r=g\",\"contentUrl\":\"https:\/\/secure.gravatar.com\/avatar\/8d9fa4540dd1ce6a7ed07044eb5f16c9?s=96&d=mm&r=g\",\"caption\":\"Nexus\"}}]}<\/script>\n<!-- \/ Yoast SEO plugin. -->","yoast_head_json":{"title":"Cl\u00ednica Nexus ampl\u00eda espacios, y se posiciona como una de las m\u00e1s grandes de Espa\u00f1a","robots":{"index":"index","follow":"follow","max-snippet":"max-snippet:-1","max-image-preview":"max-image-preview:large","max-video-preview":"max-video-preview:-1"},"canonical":"https:\/\/grupnexus.com\/es\/clinica-nexus-amplia-espais-i-esdeve-una-les-mes-grans-lestat-espanyol\/","og_locale":"es_ES","og_type":"article","og_title":"Cl\u00ednica Nexus ampl\u00eda espacios, y se posiciona como una de las m\u00e1s grandes de Espa\u00f1a","og_description":"&nbsp; Descargar art\u00edculo: A TOTHOM &#8211; La Ma\u00f1ana &#8211; P\u00e1g 25\u00a0","og_url":"https:\/\/grupnexus.com\/es\/clinica-nexus-amplia-espais-i-esdeve-una-les-mes-grans-lestat-espanyol\/","og_site_name":"Cl\u00ednica Nexus","article_published_time":"2018-08-03T11:59:11+00:00","article_modified_time":"2018-08-06T08:04:18+00:00","og_image":[{"width":993,"height":674,"url":"https:\/\/i0.wp.com\/grupnexus.com\/wp-content\/uploads\/2018\/08\/atothom.jpg?fit=993%2C674&ssl=1","type":"image\/jpeg"}],"twitter_card":"summary","twitter_misc":{"Escrito por":"Nexus"},"schema":{"@context":"https:\/\/schema.org","@graph":[{"@type":"WebSite","@id":"https:\/\/grupnexus.com\/es\/#website","url":"https:\/\/grupnexus.com\/es\/","name":"Cl\u00ednica Nexus","description":"L\u00edders en Medicina Est\u00e8tica Avan\u00e7ada","potentialAction":[{"@type":"SearchAction","target":{"@type":"EntryPoint","urlTemplate":"https:\/\/grupnexus.com\/es\/?s={search_term_string}"},"query-input":"required name=search_term_string"}],"inLanguage":"es"},{"@type":"ImageObject","@id":"https:\/\/grupnexus.com\/es\/clinica-nexus-amplia-espais-i-esdeve-una-les-mes-grans-lestat-espanyol\/#primaryimage","inLanguage":"es","url":"https:\/\/grupnexus.com\/wp-content\/uploads\/2018\/08\/atothom.jpg","contentUrl":"https:\/\/grupnexus.com\/wp-content\/uploads\/2018\/08\/atothom.jpg","width":993,"height":674},{"@type":"WebPage","@id":"https:\/\/grupnexus.com\/es\/clinica-nexus-amplia-espais-i-esdeve-una-les-mes-grans-lestat-espanyol\/#webpage","url":"https:\/\/grupnexus.com\/es\/clinica-nexus-amplia-espais-i-esdeve-una-les-mes-grans-lestat-espanyol\/","name":"Cl\u00ednica Nexus ampl\u00eda espacios, y se posiciona como una de las m\u00e1s grandes de Espa\u00f1a","isPartOf":{"@id":"https:\/\/grupnexus.com\/es\/#website"},"primaryImageOfPage":{"@id":"https:\/\/grupnexus.com\/es\/clinica-nexus-amplia-espais-i-esdeve-una-les-mes-grans-lestat-espanyol\/#primaryimage"},"datePublished":"2018-08-03T11:59:11+00:00","dateModified":"2018-08-06T08:04:18+00:00","author":{"@id":"https:\/\/grupnexus.com\/es\/#\/schema\/person\/e766a805d9eadac3ecbb8c0d3dcd3355"},"breadcrumb":{"@id":"https:\/\/grupnexus.com\/es\/clinica-nexus-amplia-espais-i-esdeve-una-les-mes-grans-lestat-espanyol\/#breadcrumb"},"inLanguage":"es","potentialAction":[{"@type":"ReadAction","target":["https:\/\/grupnexus.com\/es\/clinica-nexus-amplia-espais-i-esdeve-una-les-mes-grans-lestat-espanyol\/"]}]},{"@type":"BreadcrumbList","@id":"https:\/\/grupnexus.com\/es\/clinica-nexus-amplia-espais-i-esdeve-una-les-mes-grans-lestat-espanyol\/#breadcrumb","itemListElement":[{"@type":"ListItem","position":1,"name":"Portada","item":"https:\/\/grupnexus.com\/es\/"},{"@type":"ListItem","position":2,"name":"Cl\u00ednica Nexus ampl\u00eda espacios, y se posiciona como una de las m\u00e1s grandes de Espa\u00f1a"}]},{"@type":"Person","@id":"https:\/\/grupnexus.com\/es\/#\/schema\/person\/e766a805d9eadac3ecbb8c0d3dcd3355","name":"Nexus","image":{"@type":"ImageObject","@id":"https:\/\/grupnexus.com\/es\/#personlogo","inLanguage":"es","url":"https:\/\/secure.gravatar.com\/avatar\/8d9fa4540dd1ce6a7ed07044eb5f16c9?s=96&d=mm&r=g","contentUrl":"https:\/\/secure.gravatar.com\/avatar\/8d9fa4540dd1ce6a7ed07044eb5f16c9?s=96&d=mm&r=g","caption":"Nexus"}}]}},"_links":{"self":[{"href":"https:\/\/grupnexus.com\/es\/wp-json\/wp\/v2\/posts\/16763"}],"collection":[{"href":"https:\/\/grupnexus.com\/es\/wp-json\/wp\/v2\/posts"}],"about":[{"href":"https:\/\/grupnexus.com\/es\/wp-json\/wp\/v2\/types\/post"}],"author":[{"embeddable":true,"href":"https:\/\/grupnexus.com\/es\/wp-json\/wp\/v2\/users\/5"}],"replies":[{"embeddable":true,"href":"https:\/\/grupnexus.com\/es\/wp-json\/wp\/v2\/comments?post=16763"}],"version-history":[{"count":4,"href":"https:\/\/grupnexus.com\/es\/wp-json\/wp\/v2\/posts\/16763\/revisions"}],"predecessor-version":[{"id":16768,"href":"https:\/\/grupnexus.com\/es\/wp-json\/wp\/v2\/posts\/16763\/revisions\/16768"}],"wp:featuredmedia":[{"embeddable":true,"href":"https:\/\/grupnexus.com\/es\/wp-json\/wp\/v2\/media\/16817"}],"wp:attachment":[{"href":"https:\/\/grupnexus.com\/es\/wp-json\/wp\/v2\/media?parent=16763"}],"wp:term":[{"taxonomy":"category","embeddable":true,"href":"https:\/\/grupnexus.com\/es\/wp-json\/wp\/v2\/categories?post=16763"},{"taxonomy":"post_tag","embeddable":true,"href":"https:\/\/grupnexus.com\/es\/wp-json\/wp\/v2\/tags?post=16763"}],"curies":[{"name":"wp","href":"https:\/\/api.w.org\/{rel}","templated":true}]}}