{"id":16837,"date":"2018-08-07T09:30:49","date_gmt":"2018-08-07T07:30:49","guid":{"rendered":"https:\/\/www.grupnexus.com\/centre-estetic-amplia-seva-superficie-segre\/"},"modified":"2018-08-07T09:35:49","modified_gmt":"2018-08-07T07:35:49","slug":"centro-estetico-amplia-su-superficie-segre","status":"publish","type":"post","link":"https:\/\/grupnexus.com\/es\/centro-estetico-amplia-su-superficie-segre\/","title":{"rendered":"Un centro est\u00e9tico ampl\u00eda su superficie &#8211; El Segre"},"content":{"rendered":"<p>Fuente: <a href=\"https:\/\/www.segre.com\/es\/noticias\/lleida\/2018\/08\/01\/un_centro_estetico_amplia_superficie_52880_1092.html\">El Segre<\/a><\/p>\n","protected":false},"excerpt":{"rendered":"<p>Fuente: El Segre<\/p>\n","protected":false},"author":6,"featured_media":16835,"comment_status":"closed","ping_status":"closed","sticky":false,"template":"","format":"image","meta":[],"categories":[473],"tags":[],"yoast_head":"<!-- This site is optimized with the Yoast SEO plugin v18.6 - https:\/\/yoast.com\/wordpress\/plugins\/seo\/ -->\n<title>Un centro est\u00e9tico ampl\u00eda su superficie - El Segre<\/title>\n<meta name=\"robots\" content=\"index, follow, max-snippet:-1, max-image-preview:large, max-video-preview:-1\" \/>\n<link rel=\"canonical\" href=\"https:\/\/grupnexus.com\/es\/centro-estetico-amplia-su-superficie-segre\/\" \/>\n<meta property=\"og:locale\" content=\"es_ES\" \/>\n<meta property=\"og:type\" content=\"article\" \/>\n<meta property=\"og:title\" content=\"Un centro est\u00e9tico ampl\u00eda su superficie - El Segre\" \/>\n<meta property=\"og:description\" content=\"Fuente: El Segre\" \/>\n<meta property=\"og:url\" content=\"https:\/\/grupnexus.com\/es\/centro-estetico-amplia-su-superficie-segre\/\" \/>\n<meta property=\"og:site_name\" content=\"Cl\u00ednica Nexus\" \/>\n<meta property=\"article:published_time\" content=\"2018-08-07T07:30:49+00:00\" \/>\n<meta property=\"article:modified_time\" content=\"2018-08-07T07:35:49+00:00\" \/>\n<meta property=\"og:image\" content=\"https:\/\/i0.wp.com\/grupnexus.com\/wp-content\/uploads\/2018\/08\/Noti\u0301cia-ampliacio\u0301-espais-1-agost-2018_2.png?fit=575%2C503&#038;ssl=1\" \/>\n\t<meta property=\"og:image:width\" content=\"575\" \/>\n\t<meta property=\"og:image:height\" content=\"503\" \/>\n\t<meta property=\"og:image:type\" content=\"image\/png\" \/>\n<meta name=\"twitter:card\" content=\"summary\" \/>\n<meta name=\"twitter:label1\" content=\"Escrito por\" \/>\n\t<meta name=\"twitter:data1\" content=\"Cl\u00ednica Nexus\" \/>\n<script type=\"application\/ld+json\" class=\"yoast-schema-graph\">{\"@context\":\"https:\/\/schema.org\",\"@graph\":[{\"@type\":\"WebSite\",\"@id\":\"https:\/\/grupnexus.com\/es\/#website\",\"url\":\"https:\/\/grupnexus.com\/es\/\",\"name\":\"Cl\u00ednica Nexus\",\"description\":\"L\u00edders en Medicina Est\u00e8tica Avan\u00e7ada\",\"potentialAction\":[{\"@type\":\"SearchAction\",\"target\":{\"@type\":\"EntryPoint\",\"urlTemplate\":\"https:\/\/grupnexus.com\/es\/?s={search_term_string}\"},\"query-input\":\"required name=search_term_string\"}],\"inLanguage\":\"es\"},{\"@type\":\"ImageObject\",\"@id\":\"https:\/\/grupnexus.com\/es\/centro-estetico-amplia-su-superficie-segre\/#primaryimage\",\"inLanguage\":\"es\",\"url\":\"https:\/\/grupnexus.com\/wp-content\/uploads\/2018\/08\/Noti\u0301cia-ampliacio\u0301-espais-1-agost-2018_2.png\",\"contentUrl\":\"https:\/\/grupnexus.com\/wp-content\/uploads\/2018\/08\/Noti\u0301cia-ampliacio\u0301-espais-1-agost-2018_2.png\",\"width\":575,\"height\":503},{\"@type\":\"WebPage\",\"@id\":\"https:\/\/grupnexus.com\/es\/centro-estetico-amplia-su-superficie-segre\/#webpage\",\"url\":\"https:\/\/grupnexus.com\/es\/centro-estetico-amplia-su-superficie-segre\/\",\"name\":\"Un centro est\u00e9tico ampl\u00eda su superficie - El Segre\",\"isPartOf\":{\"@id\":\"https:\/\/grupnexus.com\/es\/#website\"},\"primaryImageOfPage\":{\"@id\":\"https:\/\/grupnexus.com\/es\/centro-estetico-amplia-su-superficie-segre\/#primaryimage\"},\"datePublished\":\"2018-08-07T07:30:49+00:00\",\"dateModified\":\"2018-08-07T07:35:49+00:00\",\"author\":{\"@id\":\"https:\/\/grupnexus.com\/es\/#\/schema\/person\/7d42f30e6bd203d23a2c1613b51145c3\"},\"breadcrumb\":{\"@id\":\"https:\/\/grupnexus.com\/es\/centro-estetico-amplia-su-superficie-segre\/#breadcrumb\"},\"inLanguage\":\"es\",\"potentialAction\":[{\"@type\":\"ReadAction\",\"target\":[\"https:\/\/grupnexus.com\/es\/centro-estetico-amplia-su-superficie-segre\/\"]}]},{\"@type\":\"BreadcrumbList\",\"@id\":\"https:\/\/grupnexus.com\/es\/centro-estetico-amplia-su-superficie-segre\/#breadcrumb\",\"itemListElement\":[{\"@type\":\"ListItem\",\"position\":1,\"name\":\"Portada\",\"item\":\"https:\/\/grupnexus.com\/es\/\"},{\"@type\":\"ListItem\",\"position\":2,\"name\":\"Un centro est\u00e9tico ampl\u00eda su superficie &#8211; El Segre\"}]},{\"@type\":\"Person\",\"@id\":\"https:\/\/grupnexus.com\/es\/#\/schema\/person\/7d42f30e6bd203d23a2c1613b51145c3\",\"name\":\"Cl\u00ednica Nexus\",\"image\":{\"@type\":\"ImageObject\",\"@id\":\"https:\/\/grupnexus.com\/es\/#personlogo\",\"inLanguage\":\"es\",\"url\":\"https:\/\/secure.gravatar.com\/avatar\/f1f98ef0d641a3a6af0accea5a5971ef?s=96&d=mm&r=g\",\"contentUrl\":\"https:\/\/secure.gravatar.com\/avatar\/f1f98ef0d641a3a6af0accea5a5971ef?s=96&d=mm&r=g\",\"caption\":\"Cl\u00ednica Nexus\"}}]}<\/script>\n<!-- \/ Yoast SEO plugin. -->","yoast_head_json":{"title":"Un centro est\u00e9tico ampl\u00eda su superficie - El Segre","robots":{"index":"index","follow":"follow","max-snippet":"max-snippet:-1","max-image-preview":"max-image-preview:large","max-video-preview":"max-video-preview:-1"},"canonical":"https:\/\/grupnexus.com\/es\/centro-estetico-amplia-su-superficie-segre\/","og_locale":"es_ES","og_type":"article","og_title":"Un centro est\u00e9tico ampl\u00eda su superficie - El Segre","og_description":"Fuente: El Segre","og_url":"https:\/\/grupnexus.com\/es\/centro-estetico-amplia-su-superficie-segre\/","og_site_name":"Cl\u00ednica Nexus","article_published_time":"2018-08-07T07:30:49+00:00","article_modified_time":"2018-08-07T07:35:49+00:00","og_image":[{"width":575,"height":503,"url":"https:\/\/i0.wp.com\/grupnexus.com\/wp-content\/uploads\/2018\/08\/Noti\u0301cia-ampliacio\u0301-espais-1-agost-2018_2.png?fit=575%2C503&ssl=1","type":"image\/png"}],"twitter_card":"summary","twitter_misc":{"Escrito por":"Cl\u00ednica Nexus"},"schema":{"@context":"https:\/\/schema.org","@graph":[{"@type":"WebSite","@id":"https:\/\/grupnexus.com\/es\/#website","url":"https:\/\/grupnexus.com\/es\/","name":"Cl\u00ednica Nexus","description":"L\u00edders en Medicina Est\u00e8tica Avan\u00e7ada","potentialAction":[{"@type":"SearchAction","target":{"@type":"EntryPoint","urlTemplate":"https:\/\/grupnexus.com\/es\/?s={search_term_string}"},"query-input":"required name=search_term_string"}],"inLanguage":"es"},{"@type":"ImageObject","@id":"https:\/\/grupnexus.com\/es\/centro-estetico-amplia-su-superficie-segre\/#primaryimage","inLanguage":"es","url":"https:\/\/grupnexus.com\/wp-content\/uploads\/2018\/08\/Noti\u0301cia-ampliacio\u0301-espais-1-agost-2018_2.png","contentUrl":"https:\/\/grupnexus.com\/wp-content\/uploads\/2018\/08\/Noti\u0301cia-ampliacio\u0301-espais-1-agost-2018_2.png","width":575,"height":503},{"@type":"WebPage","@id":"https:\/\/grupnexus.com\/es\/centro-estetico-amplia-su-superficie-segre\/#webpage","url":"https:\/\/grupnexus.com\/es\/centro-estetico-amplia-su-superficie-segre\/","name":"Un centro est\u00e9tico ampl\u00eda su superficie - El Segre","isPartOf":{"@id":"https:\/\/grupnexus.com\/es\/#website"},"primaryImageOfPage":{"@id":"https:\/\/grupnexus.com\/es\/centro-estetico-amplia-su-superficie-segre\/#primaryimage"},"datePublished":"2018-08-07T07:30:49+00:00","dateModified":"2018-08-07T07:35:49+00:00","author":{"@id":"https:\/\/grupnexus.com\/es\/#\/schema\/person\/7d42f30e6bd203d23a2c1613b51145c3"},"breadcrumb":{"@id":"https:\/\/grupnexus.com\/es\/centro-estetico-amplia-su-superficie-segre\/#breadcrumb"},"inLanguage":"es","potentialAction":[{"@type":"ReadAction","target":["https:\/\/grupnexus.com\/es\/centro-estetico-amplia-su-superficie-segre\/"]}]},{"@type":"BreadcrumbList","@id":"https:\/\/grupnexus.com\/es\/centro-estetico-amplia-su-superficie-segre\/#breadcrumb","itemListElement":[{"@type":"ListItem","position":1,"name":"Portada","item":"https:\/\/grupnexus.com\/es\/"},{"@type":"ListItem","position":2,"name":"Un centro est\u00e9tico ampl\u00eda su superficie &#8211; El Segre"}]},{"@type":"Person","@id":"https:\/\/grupnexus.com\/es\/#\/schema\/person\/7d42f30e6bd203d23a2c1613b51145c3","name":"Cl\u00ednica Nexus","image":{"@type":"ImageObject","@id":"https:\/\/grupnexus.com\/es\/#personlogo","inLanguage":"es","url":"https:\/\/secure.gravatar.com\/avatar\/f1f98ef0d641a3a6af0accea5a5971ef?s=96&d=mm&r=g","contentUrl":"https:\/\/secure.gravatar.com\/avatar\/f1f98ef0d641a3a6af0accea5a5971ef?s=96&d=mm&r=g","caption":"Cl\u00ednica Nexus"}}]}},"_links":{"self":[{"href":"https:\/\/grupnexus.com\/es\/wp-json\/wp\/v2\/posts\/16837"}],"collection":[{"href":"https:\/\/grupnexus.com\/es\/wp-json\/wp\/v2\/posts"}],"about":[{"href":"https:\/\/grupnexus.com\/es\/wp-json\/wp\/v2\/types\/post"}],"author":[{"embeddable":true,"href":"https:\/\/grupnexus.com\/es\/wp-json\/wp\/v2\/users\/6"}],"replies":[{"embeddable":true,"href":"https:\/\/grupnexus.com\/es\/wp-json\/wp\/v2\/comments?post=16837"}],"version-history":[{"count":4,"href":"https:\/\/grupnexus.com\/es\/wp-json\/wp\/v2\/posts\/16837\/revisions"}],"predecessor-version":[{"id":16844,"href":"https:\/\/grupnexus.com\/es\/wp-json\/wp\/v2\/posts\/16837\/revisions\/16844"}],"wp:featuredmedia":[{"embeddable":true,"href":"https:\/\/grupnexus.com\/es\/wp-json\/wp\/v2\/media\/16835"}],"wp:attachment":[{"href":"https:\/\/grupnexus.com\/es\/wp-json\/wp\/v2\/media?parent=16837"}],"wp:term":[{"taxonomy":"category","embeddable":true,"href":"https:\/\/grupnexus.com\/es\/wp-json\/wp\/v2\/categories?post=16837"},{"taxonomy":"post_tag","embeddable":true,"href":"https:\/\/grupnexus.com\/es\/wp-json\/wp\/v2\/tags?post=16837"}],"curies":[{"name":"wp","href":"https:\/\/api.w.org\/{rel}","templated":true}]}}