{"id":17019,"date":"2018-08-17T09:57:48","date_gmt":"2018-08-17T07:57:48","guid":{"rendered":"https:\/\/www.grupnexus.com\/?p=17019\/"},"modified":"2024-02-19T15:52:26","modified_gmt":"2024-02-19T13:52:26","slug":"karla-ferve-prevenir-y-corregir-lineas-de-expresion-con-proteina-natural-purificada","status":"publish","type":"post","link":"https:\/\/grupnexus.com\/es\/karla-ferve-prevenir-y-corregir-lineas-de-expresion-con-proteina-natural-purificada\/","title":{"rendered":"Karla Ferve: \u00abPrevenir y corregir l\u00edneas de expresi\u00f3n con prote\u00edna natural purificada\u00bb"},"content":{"rendered":"<p>Karla Ferve, una de las mejores atletas del fitness nacional e internacional, no s\u00f3lo cuida su cuerpo a diario, sino que tambi\u00e9n le da mucha importancia a su rostro, por eso conf\u00eda en Cl\u00ednica Nexus y nos visita constantemente. \u00daltimamente, sus fans y followers, que est\u00e1n pendientes de ella habitualmente, se han dado cuenta de un sutil cambio en su piel y la ven m\u00e1s espectacular que nunca, puesto que ahora su cara luce un cutis impoluto. \u00a1Descubre su secreto!<\/p>\n<p>&nbsp;<\/p>\n<p>\u00abMe queda menos de un a\u00f1o para llegar a los 30 y, el hecho de que se acerque este cambio de d\u00e9cada, hace que me fije mucho m\u00e1s en aquellas imperfecciones del rostro que se iban acentuando, sobre todo las l\u00edneas de expresi\u00f3n. As\u00ed que, no tuve duda al volver a confiar en Cl\u00ednica Nexus para que me recomendaran un tratamiento facial, \u00a1sab\u00eda a ciencia cierta que los resultados ser\u00edan impecables, como siempre!\u00bb<\/p>\n<p><img loading=\"lazy\" class=\"aligncenter size-large wp-image-25216\" src=\"https:\/\/grupnexus.com\/wp-content\/uploads\/2018\/08\/Somriure-1024x745.jpg\" alt=\"eliminaci\u00f3 arrugues Botox\" width=\"1024\" height=\"745\" srcset=\"https:\/\/grupnexus.com\/wp-content\/uploads\/2018\/08\/Somriure-1024x745.jpg 1024w, https:\/\/grupnexus.com\/wp-content\/uploads\/2018\/08\/Somriure-510x371.jpg 510w, https:\/\/grupnexus.com\/wp-content\/uploads\/2018\/08\/Somriure-300x218.jpg 300w, https:\/\/grupnexus.com\/wp-content\/uploads\/2018\/08\/Somriure-768x559.jpg 768w, https:\/\/grupnexus.com\/wp-content\/uploads\/2018\/08\/Somriure-555x404.jpg 555w, https:\/\/grupnexus.com\/wp-content\/uploads\/2018\/08\/Somriure-360x262.jpg 360w, https:\/\/grupnexus.com\/wp-content\/uploads\/2018\/08\/Somriure-262x191.jpg 262w, https:\/\/grupnexus.com\/wp-content\/uploads\/2018\/08\/Somriure.jpg 1080w\" sizes=\"(max-width: 1024px) 100vw, 1024px\" \/><\/p>\n<p>\u201cLa gerente de Cl\u00ednica Nexus, Montse Monjo y el director m\u00e9dico, Dr. Pin\u00f3s, analizaron mis necesidades y me recomendaron probar los beneficios de la prote\u00edna natural purificada. En un primer momento, me sorprendi\u00f3 esta decisi\u00f3n porque este tipo de tratamiento siempre lo hab\u00eda asociado a personas de mayor edad y ten\u00eda inquietud por si pod\u00eda tener alg\u00fan efecto secundario. Sin embargo, he podido comprobar de primera mano que todo son mitos, siempre que se realice en un centro profesional y con una prote\u00edna de alta gama y aprobada por las autoridades sanitarias, como las implementadas en Cl\u00ednica Nexus. Destacar que individualizan el tratamiento en cada caso. En cuanto al tratamiento, tan s\u00f3lo dura unos 15 minutos, es totalmente seguro, indoloro y no necesita anestesia. Consiste en la infiltraci\u00f3n de una prote\u00edna natural purificada que relaja los m\u00fasculos faciales. Su duraci\u00f3n es de seis meses y ayuda a prevenir las arrugas m\u00e1s profundas y nuevas l\u00edneas de expresi\u00f3n.<\/p>\n<p><img loading=\"lazy\" class=\"aligncenter size-large wp-image-25217\" src=\"https:\/\/grupnexus.com\/wp-content\/uploads\/2018\/08\/Front-1024x744.jpg\" alt=\"Tractament amb arrugues-i-neuromoduladors\" width=\"1024\" height=\"744\" srcset=\"https:\/\/grupnexus.com\/wp-content\/uploads\/2018\/08\/Front-1024x744.jpg 1024w, https:\/\/grupnexus.com\/wp-content\/uploads\/2018\/08\/Front-510x371.jpg 510w, https:\/\/grupnexus.com\/wp-content\/uploads\/2018\/08\/Front-300x218.jpg 300w, https:\/\/grupnexus.com\/wp-content\/uploads\/2018\/08\/Front-768x558.jpg 768w, https:\/\/grupnexus.com\/wp-content\/uploads\/2018\/08\/Front-555x403.jpg 555w, https:\/\/grupnexus.com\/wp-content\/uploads\/2018\/08\/Front-360x262.jpg 360w, https:\/\/grupnexus.com\/wp-content\/uploads\/2018\/08\/Front-262x190.jpg 262w, https:\/\/grupnexus.com\/wp-content\/uploads\/2018\/08\/Front.jpg 1080w\" sizes=\"(max-width: 1024px) 100vw, 1024px\" \/><\/p>\n<blockquote><p>\u201cEstoy muy contenta con los resultados, puesto que es maravilloso no verme estas imperfecciones en la cara, con o sin maquillaje. Adem\u00e1s, no ha desaparecido mi naturaleza facial y tengo la piel m\u00e1s firme que nunca. Lo recomiendo a todas aquellas personas que quieran prevenir y corregir las l\u00edneas de expresi\u00f3n para sentirse mejores consigo mismos. Olv\u00eddese de los mitos porque si se implanta correctamente, prev\u00e9 futuras arrugas y se mantiene intacta la expresi\u00f3n facial natural.\u201d<\/p><\/blockquote>\n<p><img loading=\"lazy\" class=\"aligncenter size-large wp-image-25218\" src=\"https:\/\/grupnexus.com\/wp-content\/uploads\/2018\/08\/2018-07-30-PHOTO-00001923-576x1024.jpg\" alt=\"tractaments amb arrugues-i-neuromoduladors cl\u00ednica nexus\" width=\"576\" height=\"1024\" srcset=\"https:\/\/grupnexus.com\/wp-content\/uploads\/2018\/08\/2018-07-30-PHOTO-00001923.jpg 576w, https:\/\/grupnexus.com\/wp-content\/uploads\/2018\/08\/2018-07-30-PHOTO-00001923-510x907.jpg 510w, https:\/\/grupnexus.com\/wp-content\/uploads\/2018\/08\/2018-07-30-PHOTO-00001923-169x300.jpg 169w, https:\/\/grupnexus.com\/wp-content\/uploads\/2018\/08\/2018-07-30-PHOTO-00001923-432x768.jpg 432w, https:\/\/grupnexus.com\/wp-content\/uploads\/2018\/08\/2018-07-30-PHOTO-00001923-555x987.jpg 555w, https:\/\/grupnexus.com\/wp-content\/uploads\/2018\/08\/2018-07-30-PHOTO-00001923-360x640.jpg 360w, https:\/\/grupnexus.com\/wp-content\/uploads\/2018\/08\/2018-07-30-PHOTO-00001923-262x466.jpg 262w\" sizes=\"(max-width: 576px) 100vw, 576px\" \/><\/p>\n<p>&nbsp;<\/p>\n<p>&nbsp;<\/p>\n<p>&nbsp;<\/p>\n<p>&nbsp;<\/p>\n<p><em>Quiz\u00e1s estabas buscando:<\/em><\/p>\n<p><em>c\u00f3mo eliminar las arrugas de la cara, prote\u00edna natural como tratamiento para eliminar arrugas faciales, cl\u00ednica est\u00e9tica en Lleida que hagan tratamiento eliminaci\u00f3n de arrugas, c\u00f3mo eliminar las l\u00edneas de expresi\u00f3n, tratamientos para eliminar las arrugas.<\/em><\/p>\n","protected":false},"excerpt":{"rendered":"<p>Karla Ferve, una de las mejores atletas del fitness nacional e internacional, no s\u00f3lo cuida su cuerpo a diario, sino que tambi\u00e9n le da mucha importancia a su rostro, por eso conf\u00eda en Cl\u00ednica Nexus y nos visita constantemente. \u00daltimamente, sus fans y followers, que est\u00e1n pendientes de ella habitualmente, se han dado cuenta de&#8230;<\/p>\n","protected":false},"author":6,"featured_media":17010,"comment_status":"closed","ping_status":"closed","sticky":false,"template":"","format":"standard","meta":[],"categories":[2,330,464],"tags":[66,255],"yoast_head":"<!-- This site is optimized with the Yoast SEO plugin v18.6 - https:\/\/yoast.com\/wordpress\/plugins\/seo\/ -->\n<title>Eliminaci\u00f3n de arrugas: testimonio Karla<\/title>\n<meta name=\"robots\" content=\"index, follow, max-snippet:-1, max-image-preview:large, max-video-preview:-1\" \/>\n<link rel=\"canonical\" href=\"https:\/\/grupnexus.com\/es\/karla-ferve-prevenir-y-corregir-lineas-de-expresion-con-proteina-natural-purificada\/\" \/>\n<meta property=\"og:locale\" content=\"es_ES\" \/>\n<meta property=\"og:type\" content=\"article\" \/>\n<meta property=\"og:title\" content=\"Eliminaci\u00f3n de arrugas: testimonio Karla\" \/>\n<meta property=\"og:description\" content=\"Karla Ferve, una de las mejores atletas del fitness nacional e internacional, no s\u00f3lo cuida su cuerpo a diario, sino que tambi\u00e9n le da mucha importancia a su rostro, por eso conf\u00eda en Cl\u00ednica Nexus y nos visita constantemente. \u00daltimamente, sus fans y followers, que est\u00e1n pendientes de ella habitualmente, se han dado cuenta de...\" \/>\n<meta property=\"og:url\" content=\"https:\/\/grupnexus.com\/es\/karla-ferve-prevenir-y-corregir-lineas-de-expresion-con-proteina-natural-purificada\/\" \/>\n<meta property=\"og:site_name\" content=\"Cl\u00ednica Nexus\" \/>\n<meta property=\"article:published_time\" content=\"2018-08-17T07:57:48+00:00\" \/>\n<meta property=\"article:modified_time\" content=\"2024-02-19T13:52:26+00:00\" \/>\n<meta property=\"og:image\" content=\"https:\/\/grupnexus.com\/wp-content\/uploads\/2018\/08\/L\u00ednies-expressi\u00f3.jpg\" \/>\n\t<meta property=\"og:image:width\" content=\"1080\" \/>\n\t<meta property=\"og:image:height\" content=\"785\" \/>\n\t<meta property=\"og:image:type\" content=\"image\/jpeg\" \/>\n<meta name=\"twitter:card\" content=\"summary\" \/>\n<meta name=\"twitter:label1\" content=\"Escrito por\" \/>\n\t<meta name=\"twitter:data1\" content=\"Cl\u00ednica Nexus\" \/>\n\t<meta name=\"twitter:label2\" content=\"Tiempo de lectura\" \/>\n\t<meta name=\"twitter:data2\" content=\"2 minutos\" \/>\n<script type=\"application\/ld+json\" class=\"yoast-schema-graph\">{\"@context\":\"https:\/\/schema.org\",\"@graph\":[{\"@type\":\"WebSite\",\"@id\":\"https:\/\/grupnexus.com\/es\/#website\",\"url\":\"https:\/\/grupnexus.com\/es\/\",\"name\":\"Cl\u00ednica Nexus\",\"description\":\"L\u00edders en Medicina Est\u00e8tica Avan\u00e7ada\",\"potentialAction\":[{\"@type\":\"SearchAction\",\"target\":{\"@type\":\"EntryPoint\",\"urlTemplate\":\"https:\/\/grupnexus.com\/es\/?s={search_term_string}\"},\"query-input\":\"required name=search_term_string\"}],\"inLanguage\":\"es\"},{\"@type\":\"ImageObject\",\"@id\":\"https:\/\/grupnexus.com\/es\/karla-ferve-prevenir-y-corregir-lineas-de-expresion-con-proteina-natural-purificada\/#primaryimage\",\"inLanguage\":\"es\",\"url\":\"https:\/\/grupnexus.com\/wp-content\/uploads\/2018\/08\/L\u00ednies-expressi\u00f3.jpg\",\"contentUrl\":\"https:\/\/grupnexus.com\/wp-content\/uploads\/2018\/08\/L\u00ednies-expressi\u00f3.jpg\",\"width\":1080,\"height\":785,\"caption\":\"arrugues-i-neuromoduladors linies d'expressi\u00f3\"},{\"@type\":\"WebPage\",\"@id\":\"https:\/\/grupnexus.com\/es\/karla-ferve-prevenir-y-corregir-lineas-de-expresion-con-proteina-natural-purificada\/#webpage\",\"url\":\"https:\/\/grupnexus.com\/es\/karla-ferve-prevenir-y-corregir-lineas-de-expresion-con-proteina-natural-purificada\/\",\"name\":\"Eliminaci\u00f3n de arrugas: testimonio Karla\",\"isPartOf\":{\"@id\":\"https:\/\/grupnexus.com\/es\/#website\"},\"primaryImageOfPage\":{\"@id\":\"https:\/\/grupnexus.com\/es\/karla-ferve-prevenir-y-corregir-lineas-de-expresion-con-proteina-natural-purificada\/#primaryimage\"},\"datePublished\":\"2018-08-17T07:57:48+00:00\",\"dateModified\":\"2024-02-19T13:52:26+00:00\",\"author\":{\"@id\":\"https:\/\/grupnexus.com\/es\/#\/schema\/person\/7d42f30e6bd203d23a2c1613b51145c3\"},\"breadcrumb\":{\"@id\":\"https:\/\/grupnexus.com\/es\/karla-ferve-prevenir-y-corregir-lineas-de-expresion-con-proteina-natural-purificada\/#breadcrumb\"},\"inLanguage\":\"es\",\"potentialAction\":[{\"@type\":\"ReadAction\",\"target\":[\"https:\/\/grupnexus.com\/es\/karla-ferve-prevenir-y-corregir-lineas-de-expresion-con-proteina-natural-purificada\/\"]}]},{\"@type\":\"BreadcrumbList\",\"@id\":\"https:\/\/grupnexus.com\/es\/karla-ferve-prevenir-y-corregir-lineas-de-expresion-con-proteina-natural-purificada\/#breadcrumb\",\"itemListElement\":[{\"@type\":\"ListItem\",\"position\":1,\"name\":\"Portada\",\"item\":\"https:\/\/grupnexus.com\/es\/\"},{\"@type\":\"ListItem\",\"position\":2,\"name\":\"Karla Ferve: &#8220;Prevenir y corregir l\u00edneas de expresi\u00f3n con prote\u00edna natural purificada&#8221;\"}]},{\"@type\":\"Person\",\"@id\":\"https:\/\/grupnexus.com\/es\/#\/schema\/person\/7d42f30e6bd203d23a2c1613b51145c3\",\"name\":\"Cl\u00ednica Nexus\",\"image\":{\"@type\":\"ImageObject\",\"@id\":\"https:\/\/grupnexus.com\/es\/#personlogo\",\"inLanguage\":\"es\",\"url\":\"https:\/\/secure.gravatar.com\/avatar\/f1f98ef0d641a3a6af0accea5a5971ef?s=96&d=mm&r=g\",\"contentUrl\":\"https:\/\/secure.gravatar.com\/avatar\/f1f98ef0d641a3a6af0accea5a5971ef?s=96&d=mm&r=g\",\"caption\":\"Cl\u00ednica Nexus\"}}]}<\/script>\n<!-- \/ Yoast SEO plugin. -->","yoast_head_json":{"title":"Eliminaci\u00f3n de arrugas: testimonio Karla","robots":{"index":"index","follow":"follow","max-snippet":"max-snippet:-1","max-image-preview":"max-image-preview:large","max-video-preview":"max-video-preview:-1"},"canonical":"https:\/\/grupnexus.com\/es\/karla-ferve-prevenir-y-corregir-lineas-de-expresion-con-proteina-natural-purificada\/","og_locale":"es_ES","og_type":"article","og_title":"Eliminaci\u00f3n de arrugas: testimonio Karla","og_description":"Karla Ferve, una de las mejores atletas del fitness nacional e internacional, no s\u00f3lo cuida su cuerpo a diario, sino que tambi\u00e9n le da mucha importancia a su rostro, por eso conf\u00eda en Cl\u00ednica Nexus y nos visita constantemente. \u00daltimamente, sus fans y followers, que est\u00e1n pendientes de ella habitualmente, se han dado cuenta de...","og_url":"https:\/\/grupnexus.com\/es\/karla-ferve-prevenir-y-corregir-lineas-de-expresion-con-proteina-natural-purificada\/","og_site_name":"Cl\u00ednica Nexus","article_published_time":"2018-08-17T07:57:48+00:00","article_modified_time":"2024-02-19T13:52:26+00:00","og_image":[{"width":1080,"height":785,"url":"https:\/\/grupnexus.com\/wp-content\/uploads\/2018\/08\/L\u00ednies-expressi\u00f3.jpg","type":"image\/jpeg"}],"twitter_card":"summary","twitter_misc":{"Escrito por":"Cl\u00ednica Nexus","Tiempo de lectura":"2 minutos"},"schema":{"@context":"https:\/\/schema.org","@graph":[{"@type":"WebSite","@id":"https:\/\/grupnexus.com\/es\/#website","url":"https:\/\/grupnexus.com\/es\/","name":"Cl\u00ednica Nexus","description":"L\u00edders en Medicina Est\u00e8tica Avan\u00e7ada","potentialAction":[{"@type":"SearchAction","target":{"@type":"EntryPoint","urlTemplate":"https:\/\/grupnexus.com\/es\/?s={search_term_string}"},"query-input":"required name=search_term_string"}],"inLanguage":"es"},{"@type":"ImageObject","@id":"https:\/\/grupnexus.com\/es\/karla-ferve-prevenir-y-corregir-lineas-de-expresion-con-proteina-natural-purificada\/#primaryimage","inLanguage":"es","url":"https:\/\/grupnexus.com\/wp-content\/uploads\/2018\/08\/L\u00ednies-expressi\u00f3.jpg","contentUrl":"https:\/\/grupnexus.com\/wp-content\/uploads\/2018\/08\/L\u00ednies-expressi\u00f3.jpg","width":1080,"height":785,"caption":"arrugues-i-neuromoduladors linies d'expressi\u00f3"},{"@type":"WebPage","@id":"https:\/\/grupnexus.com\/es\/karla-ferve-prevenir-y-corregir-lineas-de-expresion-con-proteina-natural-purificada\/#webpage","url":"https:\/\/grupnexus.com\/es\/karla-ferve-prevenir-y-corregir-lineas-de-expresion-con-proteina-natural-purificada\/","name":"Eliminaci\u00f3n de arrugas: testimonio Karla","isPartOf":{"@id":"https:\/\/grupnexus.com\/es\/#website"},"primaryImageOfPage":{"@id":"https:\/\/grupnexus.com\/es\/karla-ferve-prevenir-y-corregir-lineas-de-expresion-con-proteina-natural-purificada\/#primaryimage"},"datePublished":"2018-08-17T07:57:48+00:00","dateModified":"2024-02-19T13:52:26+00:00","author":{"@id":"https:\/\/grupnexus.com\/es\/#\/schema\/person\/7d42f30e6bd203d23a2c1613b51145c3"},"breadcrumb":{"@id":"https:\/\/grupnexus.com\/es\/karla-ferve-prevenir-y-corregir-lineas-de-expresion-con-proteina-natural-purificada\/#breadcrumb"},"inLanguage":"es","potentialAction":[{"@type":"ReadAction","target":["https:\/\/grupnexus.com\/es\/karla-ferve-prevenir-y-corregir-lineas-de-expresion-con-proteina-natural-purificada\/"]}]},{"@type":"BreadcrumbList","@id":"https:\/\/grupnexus.com\/es\/karla-ferve-prevenir-y-corregir-lineas-de-expresion-con-proteina-natural-purificada\/#breadcrumb","itemListElement":[{"@type":"ListItem","position":1,"name":"Portada","item":"https:\/\/grupnexus.com\/es\/"},{"@type":"ListItem","position":2,"name":"Karla Ferve: &#8220;Prevenir y corregir l\u00edneas de expresi\u00f3n con prote\u00edna natural purificada&#8221;"}]},{"@type":"Person","@id":"https:\/\/grupnexus.com\/es\/#\/schema\/person\/7d42f30e6bd203d23a2c1613b51145c3","name":"Cl\u00ednica Nexus","image":{"@type":"ImageObject","@id":"https:\/\/grupnexus.com\/es\/#personlogo","inLanguage":"es","url":"https:\/\/secure.gravatar.com\/avatar\/f1f98ef0d641a3a6af0accea5a5971ef?s=96&d=mm&r=g","contentUrl":"https:\/\/secure.gravatar.com\/avatar\/f1f98ef0d641a3a6af0accea5a5971ef?s=96&d=mm&r=g","caption":"Cl\u00ednica Nexus"}}]}},"_links":{"self":[{"href":"https:\/\/grupnexus.com\/es\/wp-json\/wp\/v2\/posts\/17019"}],"collection":[{"href":"https:\/\/grupnexus.com\/es\/wp-json\/wp\/v2\/posts"}],"about":[{"href":"https:\/\/grupnexus.com\/es\/wp-json\/wp\/v2\/types\/post"}],"author":[{"embeddable":true,"href":"https:\/\/grupnexus.com\/es\/wp-json\/wp\/v2\/users\/6"}],"replies":[{"embeddable":true,"href":"https:\/\/grupnexus.com\/es\/wp-json\/wp\/v2\/comments?post=17019"}],"version-history":[{"count":6,"href":"https:\/\/grupnexus.com\/es\/wp-json\/wp\/v2\/posts\/17019\/revisions"}],"predecessor-version":[{"id":50399,"href":"https:\/\/grupnexus.com\/es\/wp-json\/wp\/v2\/posts\/17019\/revisions\/50399"}],"wp:featuredmedia":[{"embeddable":true,"href":"https:\/\/grupnexus.com\/es\/wp-json\/wp\/v2\/media\/17010"}],"wp:attachment":[{"href":"https:\/\/grupnexus.com\/es\/wp-json\/wp\/v2\/media?parent=17019"}],"wp:term":[{"taxonomy":"category","embeddable":true,"href":"https:\/\/grupnexus.com\/es\/wp-json\/wp\/v2\/categories?post=17019"},{"taxonomy":"post_tag","embeddable":true,"href":"https:\/\/grupnexus.com\/es\/wp-json\/wp\/v2\/tags?post=17019"}],"curies":[{"name":"wp","href":"https:\/\/api.w.org\/{rel}","templated":true}]}}