{"id":17263,"date":"2018-09-03T10:27:07","date_gmt":"2018-09-03T08:27:07","guid":{"rendered":"https:\/\/www.grupnexus.com\/?p=17263\/"},"modified":"2018-09-03T19:14:23","modified_gmt":"2018-09-03T17:14:23","slug":"nexus-asiste-al-5-continent-congress-de-dermatologia-y-estetica-mas-significativo-a-nivel-mundial","status":"publish","type":"post","link":"https:\/\/grupnexus.com\/es\/nexus-asiste-al-5-continent-congress-de-dermatologia-y-estetica-mas-significativo-a-nivel-mundial\/","title":{"rendered":"Nexus asiste al 5 Continent-Congress de dermatolog\u00eda y est\u00e9tica m\u00e1s significativo a nivel mundial"},"content":{"rendered":"<p><strong>Lleida, 3 de septiembre<\/strong>.- Montse Monjo y el doctor Samuel Pin\u00f3s, gerente y director m\u00e9dico de Cl\u00ednica Nexus respectivamente, asisten durante estos d\u00edas en la 9\u00aa edici\u00f3n del 5-CC, que tiene lugar en el Centre de Convencions Internacional de Barcelona (CCIB), del 30 de agosto al 2 de septiembre.<\/p>\n<p>El 5-Continent-Congress se posiciona como una de las mejores reuniones est\u00e9ticas en el \u00e1mbito mundial, en el que asisten 71 pa\u00edses y 5 continentes, por lo que se consigue una excelente oportunidad para intercambiar las mejores pr\u00e1cticas cl\u00ednicas entre los mejores y m\u00e1s destacados profesionales del mundo.<\/p>\n<p>Durante el congreso, acreditado por el Consejo Europeo de Acreditaci\u00f3n para la Educaci\u00f3n M\u00e9dica Continua (EACCME), se desarrolla un programa cient\u00edfico de alto nivel, con ponentes y l\u00edderes de opini\u00f3n internacionales<strong> expertos en dermatolog\u00eda y cirug\u00eda pl\u00e1stica<\/strong>, que muestran las novedades en neurotoxinas, rellenos, l\u00e1seres, sistemas basados \u200b\u200ben la luz y la energ\u00eda, cuidado de la piel, peeling qu\u00edmico, dispositivos de uso dom\u00e9stico y otros.<\/p>\n<p>&nbsp;<\/p>\n<p>Michael H. Gold, presidente del Congreso, destaca \u00abla cooperaci\u00f3n continua con varias sociedades y asociaciones internacionales l\u00edderes en el campo de la medicina, garantizando y aportando, as\u00ed, una nueva forma de pensar e implementar decisiones diarias, tomando siempre al paciente como prioridad \u00ab. Y como no, tambi\u00e9n realza que durante el Congreso se promueva el trabajo en red entre colegas.<\/p>\n<p>&nbsp;<\/p>\n<p>\u00abLa creciente aceptaci\u00f3n, disponibilidad y accesibilidad de muchos tratamientos cosm\u00e9ticos m\u00ednimamente invasivos han transformado la percepci\u00f3n de la belleza de la sociedad. Los tratamientos m\u00e9dicos est\u00e9ticos ser\u00e1n, en \u00faltima instancia, parte de una rutina normal que funciona para mantener una apariencia natural y saludable. Adem\u00e1s, el aumento de la poblaci\u00f3n que envejece en todo el mundo tambi\u00e9n est\u00e1 impulsando la demanda de productos y servicios antienvejecimiento, tomando medidas preventivas para retrasar los signos del envejecimiento\u00bb, expone Woraphong Manuskiatti, representante de Tailandia, uno de los pa\u00edses asociados al 5cc, defendiendo as\u00ed el alto crecimiento del sector de la medicina est\u00e9tica en el presente, y las expectativas exponenciales de cara a un futuro inmediato.<\/p>\n<p><img loading=\"lazy\" class=\"aligncenter size-full wp-image-17259\" src=\"https:\/\/grupnexus.com\/wp-content\/uploads\/2018\/09\/2018-09-02-PHOTO-00002099.jpg\" alt=\"congres barcelona \" width=\"683\" height=\"741\" srcset=\"https:\/\/grupnexus.com\/wp-content\/uploads\/2018\/09\/2018-09-02-PHOTO-00002099.jpg 683w, https:\/\/grupnexus.com\/wp-content\/uploads\/2018\/09\/2018-09-02-PHOTO-00002099-510x553.jpg 510w, https:\/\/grupnexus.com\/wp-content\/uploads\/2018\/09\/2018-09-02-PHOTO-00002099-277x300.jpg 277w, https:\/\/grupnexus.com\/wp-content\/uploads\/2018\/09\/2018-09-02-PHOTO-00002099-555x602.jpg 555w, https:\/\/grupnexus.com\/wp-content\/uploads\/2018\/09\/2018-09-02-PHOTO-00002099-360x391.jpg 360w, https:\/\/grupnexus.com\/wp-content\/uploads\/2018\/09\/2018-09-02-PHOTO-00002099-262x284.jpg 262w\" sizes=\"(max-width: 683px) 100vw, 683px\" \/><\/p>\n<p>&nbsp;<\/p>\n<p><img loading=\"lazy\" class=\"aligncenter size-large wp-image-17260\" src=\"https:\/\/grupnexus.com\/wp-content\/uploads\/2018\/09\/2018-09-02-PHOTO-00002113-1024x678.jpg\" alt=\"5 cc barcelona\" width=\"1024\" height=\"678\" srcset=\"https:\/\/grupnexus.com\/wp-content\/uploads\/2018\/09\/2018-09-02-PHOTO-00002113.jpg 1024w, https:\/\/grupnexus.com\/wp-content\/uploads\/2018\/09\/2018-09-02-PHOTO-00002113-510x338.jpg 510w, https:\/\/grupnexus.com\/wp-content\/uploads\/2018\/09\/2018-09-02-PHOTO-00002113-300x199.jpg 300w, https:\/\/grupnexus.com\/wp-content\/uploads\/2018\/09\/2018-09-02-PHOTO-00002113-768x509.jpg 768w, https:\/\/grupnexus.com\/wp-content\/uploads\/2018\/09\/2018-09-02-PHOTO-00002113-555x367.jpg 555w, https:\/\/grupnexus.com\/wp-content\/uploads\/2018\/09\/2018-09-02-PHOTO-00002113-360x238.jpg 360w, https:\/\/grupnexus.com\/wp-content\/uploads\/2018\/09\/2018-09-02-PHOTO-00002113-262x173.jpg 262w\" sizes=\"(max-width: 1024px) 100vw, 1024px\" \/><\/p>\n","protected":false},"excerpt":{"rendered":"<p>Lleida, 3 de septiembre.- Montse Monjo y el doctor Samuel Pin\u00f3s, gerente y director m\u00e9dico de Cl\u00ednica Nexus respectivamente, asisten durante estos d\u00edas en la 9\u00aa edici\u00f3n del 5-CC, que tiene lugar en el Centre de Convencions Internacional de Barcelona (CCIB), del 30 de agosto al 2 de septiembre. El 5-Continent-Congress se posiciona como una&#8230;<\/p>\n","protected":false},"author":6,"featured_media":17258,"comment_status":"closed","ping_status":"closed","sticky":false,"template":"","format":"standard","meta":[],"categories":[2,330,526,7],"tags":[],"yoast_head":"<!-- This site is optimized with the Yoast SEO plugin v18.6 - https:\/\/yoast.com\/wordpress\/plugins\/seo\/ -->\n<title>Medicina est\u00e9tica: Nexus al 5 Continent Congress Barcelona 2018<\/title>\n<meta name=\"robots\" content=\"index, follow, max-snippet:-1, max-image-preview:large, max-video-preview:-1\" \/>\n<link rel=\"canonical\" href=\"https:\/\/grupnexus.com\/es\/nexus-asiste-al-5-continent-congress-de-dermatologia-y-estetica-mas-significativo-a-nivel-mundial\/\" \/>\n<meta property=\"og:locale\" content=\"es_ES\" \/>\n<meta property=\"og:type\" content=\"article\" \/>\n<meta property=\"og:title\" content=\"Medicina est\u00e9tica: Nexus al 5 Continent Congress Barcelona 2018\" \/>\n<meta property=\"og:description\" content=\"Lleida, 3 de septiembre.- Montse Monjo y el doctor Samuel Pin\u00f3s, gerente y director m\u00e9dico de Cl\u00ednica Nexus respectivamente, asisten durante estos d\u00edas en la 9\u00aa edici\u00f3n del 5-CC, que tiene lugar en el Centre de Convencions Internacional de Barcelona (CCIB), del 30 de agosto al 2 de septiembre. El 5-Continent-Congress se posiciona como una...\" \/>\n<meta property=\"og:url\" content=\"https:\/\/grupnexus.com\/es\/nexus-asiste-al-5-continent-congress-de-dermatologia-y-estetica-mas-significativo-a-nivel-mundial\/\" \/>\n<meta property=\"og:site_name\" content=\"Cl\u00ednica Nexus\" \/>\n<meta property=\"article:published_time\" content=\"2018-09-03T08:27:07+00:00\" \/>\n<meta property=\"article:modified_time\" content=\"2018-09-03T17:14:23+00:00\" \/>\n<meta property=\"og:image\" content=\"https:\/\/i0.wp.com\/grupnexus.com\/wp-content\/uploads\/2018\/09\/5CC-LOGO-2018.jpg?fit=553%2C241&#038;ssl=1\" \/>\n\t<meta property=\"og:image:width\" content=\"553\" \/>\n\t<meta property=\"og:image:height\" content=\"241\" \/>\n\t<meta property=\"og:image:type\" content=\"image\/jpeg\" \/>\n<meta name=\"twitter:card\" content=\"summary\" \/>\n<meta name=\"twitter:label1\" content=\"Escrito por\" \/>\n\t<meta name=\"twitter:data1\" content=\"Cl\u00ednica Nexus\" \/>\n\t<meta name=\"twitter:label2\" content=\"Tiempo de lectura\" \/>\n\t<meta name=\"twitter:data2\" content=\"2 minutos\" \/>\n<script type=\"application\/ld+json\" class=\"yoast-schema-graph\">{\"@context\":\"https:\/\/schema.org\",\"@graph\":[{\"@type\":\"WebSite\",\"@id\":\"https:\/\/grupnexus.com\/es\/#website\",\"url\":\"https:\/\/grupnexus.com\/es\/\",\"name\":\"Cl\u00ednica Nexus\",\"description\":\"L\u00edders en Medicina Est\u00e8tica Avan\u00e7ada\",\"potentialAction\":[{\"@type\":\"SearchAction\",\"target\":{\"@type\":\"EntryPoint\",\"urlTemplate\":\"https:\/\/grupnexus.com\/es\/?s={search_term_string}\"},\"query-input\":\"required name=search_term_string\"}],\"inLanguage\":\"es\"},{\"@type\":\"ImageObject\",\"@id\":\"https:\/\/grupnexus.com\/es\/nexus-asiste-al-5-continent-congress-de-dermatologia-y-estetica-mas-significativo-a-nivel-mundial\/#primaryimage\",\"inLanguage\":\"es\",\"url\":\"https:\/\/grupnexus.com\/wp-content\/uploads\/2018\/09\/5CC-LOGO-2018.jpg\",\"contentUrl\":\"https:\/\/grupnexus.com\/wp-content\/uploads\/2018\/09\/5CC-LOGO-2018.jpg\",\"width\":553,\"height\":241,\"caption\":\"5continent congres\"},{\"@type\":\"WebPage\",\"@id\":\"https:\/\/grupnexus.com\/es\/nexus-asiste-al-5-continent-congress-de-dermatologia-y-estetica-mas-significativo-a-nivel-mundial\/#webpage\",\"url\":\"https:\/\/grupnexus.com\/es\/nexus-asiste-al-5-continent-congress-de-dermatologia-y-estetica-mas-significativo-a-nivel-mundial\/\",\"name\":\"Medicina est\u00e9tica: Nexus al 5 Continent Congress Barcelona 2018\",\"isPartOf\":{\"@id\":\"https:\/\/grupnexus.com\/es\/#website\"},\"primaryImageOfPage\":{\"@id\":\"https:\/\/grupnexus.com\/es\/nexus-asiste-al-5-continent-congress-de-dermatologia-y-estetica-mas-significativo-a-nivel-mundial\/#primaryimage\"},\"datePublished\":\"2018-09-03T08:27:07+00:00\",\"dateModified\":\"2018-09-03T17:14:23+00:00\",\"author\":{\"@id\":\"https:\/\/grupnexus.com\/es\/#\/schema\/person\/7d42f30e6bd203d23a2c1613b51145c3\"},\"breadcrumb\":{\"@id\":\"https:\/\/grupnexus.com\/es\/nexus-asiste-al-5-continent-congress-de-dermatologia-y-estetica-mas-significativo-a-nivel-mundial\/#breadcrumb\"},\"inLanguage\":\"es\",\"potentialAction\":[{\"@type\":\"ReadAction\",\"target\":[\"https:\/\/grupnexus.com\/es\/nexus-asiste-al-5-continent-congress-de-dermatologia-y-estetica-mas-significativo-a-nivel-mundial\/\"]}]},{\"@type\":\"BreadcrumbList\",\"@id\":\"https:\/\/grupnexus.com\/es\/nexus-asiste-al-5-continent-congress-de-dermatologia-y-estetica-mas-significativo-a-nivel-mundial\/#breadcrumb\",\"itemListElement\":[{\"@type\":\"ListItem\",\"position\":1,\"name\":\"Portada\",\"item\":\"https:\/\/grupnexus.com\/es\/\"},{\"@type\":\"ListItem\",\"position\":2,\"name\":\"Nexus asiste al 5 Continent-Congress de dermatolog\u00eda y est\u00e9tica m\u00e1s significativo a nivel mundial\"}]},{\"@type\":\"Person\",\"@id\":\"https:\/\/grupnexus.com\/es\/#\/schema\/person\/7d42f30e6bd203d23a2c1613b51145c3\",\"name\":\"Cl\u00ednica Nexus\",\"image\":{\"@type\":\"ImageObject\",\"@id\":\"https:\/\/grupnexus.com\/es\/#personlogo\",\"inLanguage\":\"es\",\"url\":\"https:\/\/secure.gravatar.com\/avatar\/f1f98ef0d641a3a6af0accea5a5971ef?s=96&d=mm&r=g\",\"contentUrl\":\"https:\/\/secure.gravatar.com\/avatar\/f1f98ef0d641a3a6af0accea5a5971ef?s=96&d=mm&r=g\",\"caption\":\"Cl\u00ednica Nexus\"}}]}<\/script>\n<!-- \/ Yoast SEO plugin. -->","yoast_head_json":{"title":"Medicina est\u00e9tica: Nexus al 5 Continent Congress Barcelona 2018","robots":{"index":"index","follow":"follow","max-snippet":"max-snippet:-1","max-image-preview":"max-image-preview:large","max-video-preview":"max-video-preview:-1"},"canonical":"https:\/\/grupnexus.com\/es\/nexus-asiste-al-5-continent-congress-de-dermatologia-y-estetica-mas-significativo-a-nivel-mundial\/","og_locale":"es_ES","og_type":"article","og_title":"Medicina est\u00e9tica: Nexus al 5 Continent Congress Barcelona 2018","og_description":"Lleida, 3 de septiembre.- Montse Monjo y el doctor Samuel Pin\u00f3s, gerente y director m\u00e9dico de Cl\u00ednica Nexus respectivamente, asisten durante estos d\u00edas en la 9\u00aa edici\u00f3n del 5-CC, que tiene lugar en el Centre de Convencions Internacional de Barcelona (CCIB), del 30 de agosto al 2 de septiembre. El 5-Continent-Congress se posiciona como una...","og_url":"https:\/\/grupnexus.com\/es\/nexus-asiste-al-5-continent-congress-de-dermatologia-y-estetica-mas-significativo-a-nivel-mundial\/","og_site_name":"Cl\u00ednica Nexus","article_published_time":"2018-09-03T08:27:07+00:00","article_modified_time":"2018-09-03T17:14:23+00:00","og_image":[{"width":553,"height":241,"url":"https:\/\/i0.wp.com\/grupnexus.com\/wp-content\/uploads\/2018\/09\/5CC-LOGO-2018.jpg?fit=553%2C241&ssl=1","type":"image\/jpeg"}],"twitter_card":"summary","twitter_misc":{"Escrito por":"Cl\u00ednica Nexus","Tiempo de lectura":"2 minutos"},"schema":{"@context":"https:\/\/schema.org","@graph":[{"@type":"WebSite","@id":"https:\/\/grupnexus.com\/es\/#website","url":"https:\/\/grupnexus.com\/es\/","name":"Cl\u00ednica Nexus","description":"L\u00edders en Medicina Est\u00e8tica Avan\u00e7ada","potentialAction":[{"@type":"SearchAction","target":{"@type":"EntryPoint","urlTemplate":"https:\/\/grupnexus.com\/es\/?s={search_term_string}"},"query-input":"required name=search_term_string"}],"inLanguage":"es"},{"@type":"ImageObject","@id":"https:\/\/grupnexus.com\/es\/nexus-asiste-al-5-continent-congress-de-dermatologia-y-estetica-mas-significativo-a-nivel-mundial\/#primaryimage","inLanguage":"es","url":"https:\/\/grupnexus.com\/wp-content\/uploads\/2018\/09\/5CC-LOGO-2018.jpg","contentUrl":"https:\/\/grupnexus.com\/wp-content\/uploads\/2018\/09\/5CC-LOGO-2018.jpg","width":553,"height":241,"caption":"5continent congres"},{"@type":"WebPage","@id":"https:\/\/grupnexus.com\/es\/nexus-asiste-al-5-continent-congress-de-dermatologia-y-estetica-mas-significativo-a-nivel-mundial\/#webpage","url":"https:\/\/grupnexus.com\/es\/nexus-asiste-al-5-continent-congress-de-dermatologia-y-estetica-mas-significativo-a-nivel-mundial\/","name":"Medicina est\u00e9tica: Nexus al 5 Continent Congress Barcelona 2018","isPartOf":{"@id":"https:\/\/grupnexus.com\/es\/#website"},"primaryImageOfPage":{"@id":"https:\/\/grupnexus.com\/es\/nexus-asiste-al-5-continent-congress-de-dermatologia-y-estetica-mas-significativo-a-nivel-mundial\/#primaryimage"},"datePublished":"2018-09-03T08:27:07+00:00","dateModified":"2018-09-03T17:14:23+00:00","author":{"@id":"https:\/\/grupnexus.com\/es\/#\/schema\/person\/7d42f30e6bd203d23a2c1613b51145c3"},"breadcrumb":{"@id":"https:\/\/grupnexus.com\/es\/nexus-asiste-al-5-continent-congress-de-dermatologia-y-estetica-mas-significativo-a-nivel-mundial\/#breadcrumb"},"inLanguage":"es","potentialAction":[{"@type":"ReadAction","target":["https:\/\/grupnexus.com\/es\/nexus-asiste-al-5-continent-congress-de-dermatologia-y-estetica-mas-significativo-a-nivel-mundial\/"]}]},{"@type":"BreadcrumbList","@id":"https:\/\/grupnexus.com\/es\/nexus-asiste-al-5-continent-congress-de-dermatologia-y-estetica-mas-significativo-a-nivel-mundial\/#breadcrumb","itemListElement":[{"@type":"ListItem","position":1,"name":"Portada","item":"https:\/\/grupnexus.com\/es\/"},{"@type":"ListItem","position":2,"name":"Nexus asiste al 5 Continent-Congress de dermatolog\u00eda y est\u00e9tica m\u00e1s significativo a nivel mundial"}]},{"@type":"Person","@id":"https:\/\/grupnexus.com\/es\/#\/schema\/person\/7d42f30e6bd203d23a2c1613b51145c3","name":"Cl\u00ednica Nexus","image":{"@type":"ImageObject","@id":"https:\/\/grupnexus.com\/es\/#personlogo","inLanguage":"es","url":"https:\/\/secure.gravatar.com\/avatar\/f1f98ef0d641a3a6af0accea5a5971ef?s=96&d=mm&r=g","contentUrl":"https:\/\/secure.gravatar.com\/avatar\/f1f98ef0d641a3a6af0accea5a5971ef?s=96&d=mm&r=g","caption":"Cl\u00ednica Nexus"}}]}},"_links":{"self":[{"href":"https:\/\/grupnexus.com\/es\/wp-json\/wp\/v2\/posts\/17263"}],"collection":[{"href":"https:\/\/grupnexus.com\/es\/wp-json\/wp\/v2\/posts"}],"about":[{"href":"https:\/\/grupnexus.com\/es\/wp-json\/wp\/v2\/types\/post"}],"author":[{"embeddable":true,"href":"https:\/\/grupnexus.com\/es\/wp-json\/wp\/v2\/users\/6"}],"replies":[{"embeddable":true,"href":"https:\/\/grupnexus.com\/es\/wp-json\/wp\/v2\/comments?post=17263"}],"version-history":[{"count":3,"href":"https:\/\/grupnexus.com\/es\/wp-json\/wp\/v2\/posts\/17263\/revisions"}],"predecessor-version":[{"id":17271,"href":"https:\/\/grupnexus.com\/es\/wp-json\/wp\/v2\/posts\/17263\/revisions\/17271"}],"wp:featuredmedia":[{"embeddable":true,"href":"https:\/\/grupnexus.com\/es\/wp-json\/wp\/v2\/media\/17258"}],"wp:attachment":[{"href":"https:\/\/grupnexus.com\/es\/wp-json\/wp\/v2\/media?parent=17263"}],"wp:term":[{"taxonomy":"category","embeddable":true,"href":"https:\/\/grupnexus.com\/es\/wp-json\/wp\/v2\/categories?post=17263"},{"taxonomy":"post_tag","embeddable":true,"href":"https:\/\/grupnexus.com\/es\/wp-json\/wp\/v2\/tags?post=17263"}],"curies":[{"name":"wp","href":"https:\/\/api.w.org\/{rel}","templated":true}]}}