{"id":17700,"date":"2018-09-24T15:16:50","date_gmt":"2018-09-24T13:16:50","guid":{"rendered":"https:\/\/www.grupnexus.com\/?p=17700\/"},"modified":"2018-09-25T09:14:19","modified_gmt":"2018-09-25T07:14:19","slug":"nexussolidari-en-marcha-con-la-caminata-de-la-aecc-lleida","status":"publish","type":"post","link":"https:\/\/grupnexus.com\/es\/nexussolidari-en-marcha-con-la-caminata-de-la-aecc-lleida\/","title":{"rendered":"NexusSolidari en marcha con la caminata de la AECC Lleida"},"content":{"rendered":"<p><strong>Lleida, 23 de septiembre de 2018.-<\/strong> Un a\u00f1o m\u00e1s, la Asociaci\u00f3n Espa\u00f1ola Contra el C\u00e1ncer (AECC) de Lleida organiza el \u00abAECC Lleida en marcha\u00bb, la 6\u00aa edici\u00f3n de la caminata contra el c\u00e1ncer.<\/p>\n<p>Un acto abierto a toda la ciudadan\u00eda que pretende promover la salud, recaudar fondos para la entidad, al tiempo que se hace eco de esta y se implica a la gente a sumarse por una buena causa: la lucha contra el c\u00e1ncer. \u00abCon este tipo de actividades la gente normaliza la enfermedad, conoce la asociaci\u00f3n y colabora para que nosotros podamos seguir prestando los servicios que ofrecemos\u00bb, as\u00ed lo declaraba Eva Figuera, gerente de la AECC Lleida, durante la rueda de prensa de presentaci\u00f3n del acto, que tuvo lugar el pasado d\u00eda 17 de septiembre.<\/p>\n<p>Nexus participa hace a\u00f1os como entidad colaboradora aportando su granito de arena, y tambi\u00e9n asistiendo activamente con el equipo de profesionales que formamos parte. Siempre hemos estado concienciados, y as\u00ed lo transmitimos a nuestros pacientes mediante la prescripci\u00f3n de h\u00e1bitos saludables, una dieta equilibrada y la pr\u00e1ctica de actividad f\u00edsica, evitando una vida sedentaria, as\u00ed como participando y colaborando en actos como estos.<\/p>\n<p>Este a\u00f1o la AECC ha conseguido m\u00e1s de 1.500 inscripciones, llegando a ser un encuentro humanitario referente en la ciudad. Con un recorrido de 10 kil\u00f3metros, en el que la naturaleza es protagonista, adem\u00e1s de una serie de actividades para todas las edades, desayuno y regalos.<\/p>\n<p>No olvidemos que la caminata de este domingo en Lleida no es la \u00fanica. Desde la AECC Lleida se han convocado ocho m\u00e1s a lo largo de toda la demarcaci\u00f3n, seg\u00fan apuntaba Eva Figuera. Alcarr\u00e0s, Cervera, Pont de Suert, Tremp, La Pobla de Segur, la Val d&#8217;Aran, la Seo de Urgell y la Vall Fosca son las localidades que acoger\u00e1n una marcha similar durante el mes de octubre.<\/p>\n<p>\u00bfNosotros ya sumamos, te apuntas?<\/p>\n<p>&nbsp;<\/p>\n<p>Eco medi\u00e0tico:<\/p>\n<p><a href=\"http:\/\/lleidadiari.cat\/societat\/aecc-marxa-lleida-caminada-popular-inscripcions\">http:\/\/lleidadiari.cat\/societat\/aecc-marxa-lleida-caminada-popular-inscripcions<\/a><\/p>\n<p><a href=\"https:\/\/www.segre.com\/noticies\/guia\/2018\/09\/18\/la_marxa_contra_cancer_arriba_vuit_municipis_lleida_56423_1111.html\">https:\/\/www.segre.com\/noticies\/guia\/2018\/09\/18\/la_marxa_contra_cancer_arriba_vuit_municipis_lleida_56423_1111.html<\/a><\/p>\n<p>&nbsp;<\/p>\n<p>&nbsp;<\/p>\n<p>&nbsp;<\/p>\n<p><img loading=\"lazy\" class=\"aligncenter size-full wp-image-17705\" src=\"https:\/\/grupnexus.com\/wp-content\/uploads\/2018\/09\/Segre-2018-09-24.jpg\" alt=\"\" width=\"504\" height=\"408\" srcset=\"https:\/\/grupnexus.com\/wp-content\/uploads\/2018\/09\/Segre-2018-09-24.jpg 504w, https:\/\/grupnexus.com\/wp-content\/uploads\/2018\/09\/Segre-2018-09-24-300x243.jpg 300w, https:\/\/grupnexus.com\/wp-content\/uploads\/2018\/09\/Segre-2018-09-24-360x291.jpg 360w, https:\/\/grupnexus.com\/wp-content\/uploads\/2018\/09\/Segre-2018-09-24-262x212.jpg 262w\" sizes=\"(max-width: 504px) 100vw, 504px\" \/><\/p>\n<p><img loading=\"lazy\" class=\"aligncenter size-full wp-image-17706\" src=\"https:\/\/grupnexus.com\/wp-content\/uploads\/2018\/09\/La-Manyana.jpg\" alt=\"\" width=\"444\" height=\"767\" srcset=\"https:\/\/grupnexus.com\/wp-content\/uploads\/2018\/09\/La-Manyana.jpg 444w, https:\/\/grupnexus.com\/wp-content\/uploads\/2018\/09\/La-Manyana-174x300.jpg 174w, https:\/\/grupnexus.com\/wp-content\/uploads\/2018\/09\/La-Manyana-360x622.jpg 360w, https:\/\/grupnexus.com\/wp-content\/uploads\/2018\/09\/La-Manyana-262x453.jpg 262w\" sizes=\"(max-width: 444px) 100vw, 444px\" \/><\/p>\n<p><img loading=\"lazy\" class=\"aligncenter size-large wp-image-17702\" src=\"https:\/\/grupnexus.com\/wp-content\/uploads\/2018\/09\/foto-nexus-solidari-1024x499.jpg\" alt=\"nexus solidari\" width=\"1024\" height=\"499\" srcset=\"https:\/\/grupnexus.com\/wp-content\/uploads\/2018\/09\/foto-nexus-solidari.jpg 1024w, https:\/\/grupnexus.com\/wp-content\/uploads\/2018\/09\/foto-nexus-solidari-510x249.jpg 510w, https:\/\/grupnexus.com\/wp-content\/uploads\/2018\/09\/foto-nexus-solidari-300x146.jpg 300w, https:\/\/grupnexus.com\/wp-content\/uploads\/2018\/09\/foto-nexus-solidari-768x374.jpg 768w, https:\/\/grupnexus.com\/wp-content\/uploads\/2018\/09\/foto-nexus-solidari-555x270.jpg 555w, https:\/\/grupnexus.com\/wp-content\/uploads\/2018\/09\/foto-nexus-solidari-360x175.jpg 360w, https:\/\/grupnexus.com\/wp-content\/uploads\/2018\/09\/foto-nexus-solidari-262x128.jpg 262w\" sizes=\"(max-width: 1024px) 100vw, 1024px\" \/><\/p>\n<p><img loading=\"lazy\" class=\"aligncenter size-large wp-image-17703\" src=\"https:\/\/grupnexus.com\/wp-content\/uploads\/2018\/09\/2018-09-23-PHOTO-00002482-1024x499.jpg\" alt=\"nexus solidari\" width=\"1024\" height=\"499\" srcset=\"https:\/\/grupnexus.com\/wp-content\/uploads\/2018\/09\/2018-09-23-PHOTO-00002482.jpg 1024w, https:\/\/grupnexus.com\/wp-content\/uploads\/2018\/09\/2018-09-23-PHOTO-00002482-510x249.jpg 510w, https:\/\/grupnexus.com\/wp-content\/uploads\/2018\/09\/2018-09-23-PHOTO-00002482-300x146.jpg 300w, https:\/\/grupnexus.com\/wp-content\/uploads\/2018\/09\/2018-09-23-PHOTO-00002482-768x374.jpg 768w, https:\/\/grupnexus.com\/wp-content\/uploads\/2018\/09\/2018-09-23-PHOTO-00002482-555x270.jpg 555w, https:\/\/grupnexus.com\/wp-content\/uploads\/2018\/09\/2018-09-23-PHOTO-00002482-360x175.jpg 360w, https:\/\/grupnexus.com\/wp-content\/uploads\/2018\/09\/2018-09-23-PHOTO-00002482-262x128.jpg 262w\" sizes=\"(max-width: 1024px) 100vw, 1024px\" \/><\/p>\n","protected":false},"excerpt":{"rendered":"<p>Lleida, 23 de septiembre de 2018.- Un a\u00f1o m\u00e1s, la Asociaci\u00f3n Espa\u00f1ola Contra el C\u00e1ncer (AECC) de Lleida organiza el \u00abAECC Lleida en marcha\u00bb, la 6\u00aa edici\u00f3n de la caminata contra el c\u00e1ncer. Un acto abierto a toda la ciudadan\u00eda que pretende promover la salud, recaudar fondos para la entidad, al tiempo que se hace&#8230;<\/p>\n","protected":false},"author":6,"featured_media":17701,"comment_status":"closed","ping_status":"closed","sticky":false,"template":"","format":"standard","meta":[],"categories":[330,358,7],"tags":[362],"yoast_head":"<!-- This site is optimized with the Yoast SEO plugin v18.6 - https:\/\/yoast.com\/wordpress\/plugins\/seo\/ -->\n<title>NexusSolidari en marcha con la caminata de la AECC Lleida<\/title>\n<meta name=\"robots\" content=\"index, follow, max-snippet:-1, max-image-preview:large, max-video-preview:-1\" \/>\n<link rel=\"canonical\" href=\"https:\/\/grupnexus.com\/es\/nexussolidari-en-marcha-con-la-caminata-de-la-aecc-lleida\/\" \/>\n<meta property=\"og:locale\" content=\"es_ES\" \/>\n<meta property=\"og:type\" content=\"article\" \/>\n<meta property=\"og:title\" content=\"NexusSolidari en marcha con la caminata de la AECC Lleida\" \/>\n<meta property=\"og:description\" content=\"Lleida, 23 de septiembre de 2018.- Un a\u00f1o m\u00e1s, la Asociaci\u00f3n Espa\u00f1ola Contra el C\u00e1ncer (AECC) de Lleida organiza el \u00abAECC Lleida en marcha\u00bb, la 6\u00aa edici\u00f3n de la caminata contra el c\u00e1ncer. Un acto abierto a toda la ciudadan\u00eda que pretende promover la salud, recaudar fondos para la entidad, al tiempo que se hace...\" \/>\n<meta property=\"og:url\" content=\"https:\/\/grupnexus.com\/es\/nexussolidari-en-marcha-con-la-caminata-de-la-aecc-lleida\/\" \/>\n<meta property=\"og:site_name\" content=\"Cl\u00ednica Nexus\" \/>\n<meta property=\"article:published_time\" content=\"2018-09-24T13:16:50+00:00\" \/>\n<meta property=\"article:modified_time\" content=\"2018-09-25T07:14:19+00:00\" \/>\n<meta property=\"og:image\" content=\"https:\/\/i0.wp.com\/grupnexus.com\/wp-content\/uploads\/2018\/09\/2018-09-23-PHOTO-00002481.jpg?fit=1024%2C711&#038;ssl=1\" \/>\n\t<meta property=\"og:image:width\" content=\"1024\" \/>\n\t<meta property=\"og:image:height\" content=\"711\" \/>\n\t<meta property=\"og:image:type\" content=\"image\/jpeg\" \/>\n<meta name=\"twitter:card\" content=\"summary\" \/>\n<meta name=\"twitter:label1\" content=\"Escrito por\" \/>\n\t<meta name=\"twitter:data1\" content=\"Cl\u00ednica Nexus\" \/>\n\t<meta name=\"twitter:label2\" content=\"Tiempo de lectura\" \/>\n\t<meta name=\"twitter:data2\" content=\"2 minutos\" \/>\n<script type=\"application\/ld+json\" class=\"yoast-schema-graph\">{\"@context\":\"https:\/\/schema.org\",\"@graph\":[{\"@type\":\"WebSite\",\"@id\":\"https:\/\/grupnexus.com\/es\/#website\",\"url\":\"https:\/\/grupnexus.com\/es\/\",\"name\":\"Cl\u00ednica Nexus\",\"description\":\"L\u00edders en Medicina Est\u00e8tica Avan\u00e7ada\",\"potentialAction\":[{\"@type\":\"SearchAction\",\"target\":{\"@type\":\"EntryPoint\",\"urlTemplate\":\"https:\/\/grupnexus.com\/es\/?s={search_term_string}\"},\"query-input\":\"required name=search_term_string\"}],\"inLanguage\":\"es\"},{\"@type\":\"ImageObject\",\"@id\":\"https:\/\/grupnexus.com\/es\/nexussolidari-en-marcha-con-la-caminata-de-la-aecc-lleida\/#primaryimage\",\"inLanguage\":\"es\",\"url\":\"https:\/\/grupnexus.com\/wp-content\/uploads\/2018\/09\/2018-09-23-PHOTO-00002481.jpg\",\"contentUrl\":\"https:\/\/grupnexus.com\/wp-content\/uploads\/2018\/09\/2018-09-23-PHOTO-00002481.jpg\",\"width\":1024,\"height\":711,\"caption\":\"Nexus solidari\"},{\"@type\":\"WebPage\",\"@id\":\"https:\/\/grupnexus.com\/es\/nexussolidari-en-marcha-con-la-caminata-de-la-aecc-lleida\/#webpage\",\"url\":\"https:\/\/grupnexus.com\/es\/nexussolidari-en-marcha-con-la-caminata-de-la-aecc-lleida\/\",\"name\":\"NexusSolidari en marcha con la caminata de la AECC Lleida\",\"isPartOf\":{\"@id\":\"https:\/\/grupnexus.com\/es\/#website\"},\"primaryImageOfPage\":{\"@id\":\"https:\/\/grupnexus.com\/es\/nexussolidari-en-marcha-con-la-caminata-de-la-aecc-lleida\/#primaryimage\"},\"datePublished\":\"2018-09-24T13:16:50+00:00\",\"dateModified\":\"2018-09-25T07:14:19+00:00\",\"author\":{\"@id\":\"https:\/\/grupnexus.com\/es\/#\/schema\/person\/7d42f30e6bd203d23a2c1613b51145c3\"},\"breadcrumb\":{\"@id\":\"https:\/\/grupnexus.com\/es\/nexussolidari-en-marcha-con-la-caminata-de-la-aecc-lleida\/#breadcrumb\"},\"inLanguage\":\"es\",\"potentialAction\":[{\"@type\":\"ReadAction\",\"target\":[\"https:\/\/grupnexus.com\/es\/nexussolidari-en-marcha-con-la-caminata-de-la-aecc-lleida\/\"]}]},{\"@type\":\"BreadcrumbList\",\"@id\":\"https:\/\/grupnexus.com\/es\/nexussolidari-en-marcha-con-la-caminata-de-la-aecc-lleida\/#breadcrumb\",\"itemListElement\":[{\"@type\":\"ListItem\",\"position\":1,\"name\":\"Portada\",\"item\":\"https:\/\/grupnexus.com\/es\/\"},{\"@type\":\"ListItem\",\"position\":2,\"name\":\"NexusSolidari en marcha con la caminata de la AECC Lleida\"}]},{\"@type\":\"Person\",\"@id\":\"https:\/\/grupnexus.com\/es\/#\/schema\/person\/7d42f30e6bd203d23a2c1613b51145c3\",\"name\":\"Cl\u00ednica Nexus\",\"image\":{\"@type\":\"ImageObject\",\"@id\":\"https:\/\/grupnexus.com\/es\/#personlogo\",\"inLanguage\":\"es\",\"url\":\"https:\/\/secure.gravatar.com\/avatar\/f1f98ef0d641a3a6af0accea5a5971ef?s=96&d=mm&r=g\",\"contentUrl\":\"https:\/\/secure.gravatar.com\/avatar\/f1f98ef0d641a3a6af0accea5a5971ef?s=96&d=mm&r=g\",\"caption\":\"Cl\u00ednica Nexus\"}}]}<\/script>\n<!-- \/ Yoast SEO plugin. -->","yoast_head_json":{"title":"NexusSolidari en marcha con la caminata de la AECC Lleida","robots":{"index":"index","follow":"follow","max-snippet":"max-snippet:-1","max-image-preview":"max-image-preview:large","max-video-preview":"max-video-preview:-1"},"canonical":"https:\/\/grupnexus.com\/es\/nexussolidari-en-marcha-con-la-caminata-de-la-aecc-lleida\/","og_locale":"es_ES","og_type":"article","og_title":"NexusSolidari en marcha con la caminata de la AECC Lleida","og_description":"Lleida, 23 de septiembre de 2018.- Un a\u00f1o m\u00e1s, la Asociaci\u00f3n Espa\u00f1ola Contra el C\u00e1ncer (AECC) de Lleida organiza el \u00abAECC Lleida en marcha\u00bb, la 6\u00aa edici\u00f3n de la caminata contra el c\u00e1ncer. Un acto abierto a toda la ciudadan\u00eda que pretende promover la salud, recaudar fondos para la entidad, al tiempo que se hace...","og_url":"https:\/\/grupnexus.com\/es\/nexussolidari-en-marcha-con-la-caminata-de-la-aecc-lleida\/","og_site_name":"Cl\u00ednica Nexus","article_published_time":"2018-09-24T13:16:50+00:00","article_modified_time":"2018-09-25T07:14:19+00:00","og_image":[{"width":1024,"height":711,"url":"https:\/\/i0.wp.com\/grupnexus.com\/wp-content\/uploads\/2018\/09\/2018-09-23-PHOTO-00002481.jpg?fit=1024%2C711&ssl=1","type":"image\/jpeg"}],"twitter_card":"summary","twitter_misc":{"Escrito por":"Cl\u00ednica Nexus","Tiempo de lectura":"2 minutos"},"schema":{"@context":"https:\/\/schema.org","@graph":[{"@type":"WebSite","@id":"https:\/\/grupnexus.com\/es\/#website","url":"https:\/\/grupnexus.com\/es\/","name":"Cl\u00ednica Nexus","description":"L\u00edders en Medicina Est\u00e8tica Avan\u00e7ada","potentialAction":[{"@type":"SearchAction","target":{"@type":"EntryPoint","urlTemplate":"https:\/\/grupnexus.com\/es\/?s={search_term_string}"},"query-input":"required name=search_term_string"}],"inLanguage":"es"},{"@type":"ImageObject","@id":"https:\/\/grupnexus.com\/es\/nexussolidari-en-marcha-con-la-caminata-de-la-aecc-lleida\/#primaryimage","inLanguage":"es","url":"https:\/\/grupnexus.com\/wp-content\/uploads\/2018\/09\/2018-09-23-PHOTO-00002481.jpg","contentUrl":"https:\/\/grupnexus.com\/wp-content\/uploads\/2018\/09\/2018-09-23-PHOTO-00002481.jpg","width":1024,"height":711,"caption":"Nexus solidari"},{"@type":"WebPage","@id":"https:\/\/grupnexus.com\/es\/nexussolidari-en-marcha-con-la-caminata-de-la-aecc-lleida\/#webpage","url":"https:\/\/grupnexus.com\/es\/nexussolidari-en-marcha-con-la-caminata-de-la-aecc-lleida\/","name":"NexusSolidari en marcha con la caminata de la AECC Lleida","isPartOf":{"@id":"https:\/\/grupnexus.com\/es\/#website"},"primaryImageOfPage":{"@id":"https:\/\/grupnexus.com\/es\/nexussolidari-en-marcha-con-la-caminata-de-la-aecc-lleida\/#primaryimage"},"datePublished":"2018-09-24T13:16:50+00:00","dateModified":"2018-09-25T07:14:19+00:00","author":{"@id":"https:\/\/grupnexus.com\/es\/#\/schema\/person\/7d42f30e6bd203d23a2c1613b51145c3"},"breadcrumb":{"@id":"https:\/\/grupnexus.com\/es\/nexussolidari-en-marcha-con-la-caminata-de-la-aecc-lleida\/#breadcrumb"},"inLanguage":"es","potentialAction":[{"@type":"ReadAction","target":["https:\/\/grupnexus.com\/es\/nexussolidari-en-marcha-con-la-caminata-de-la-aecc-lleida\/"]}]},{"@type":"BreadcrumbList","@id":"https:\/\/grupnexus.com\/es\/nexussolidari-en-marcha-con-la-caminata-de-la-aecc-lleida\/#breadcrumb","itemListElement":[{"@type":"ListItem","position":1,"name":"Portada","item":"https:\/\/grupnexus.com\/es\/"},{"@type":"ListItem","position":2,"name":"NexusSolidari en marcha con la caminata de la AECC Lleida"}]},{"@type":"Person","@id":"https:\/\/grupnexus.com\/es\/#\/schema\/person\/7d42f30e6bd203d23a2c1613b51145c3","name":"Cl\u00ednica Nexus","image":{"@type":"ImageObject","@id":"https:\/\/grupnexus.com\/es\/#personlogo","inLanguage":"es","url":"https:\/\/secure.gravatar.com\/avatar\/f1f98ef0d641a3a6af0accea5a5971ef?s=96&d=mm&r=g","contentUrl":"https:\/\/secure.gravatar.com\/avatar\/f1f98ef0d641a3a6af0accea5a5971ef?s=96&d=mm&r=g","caption":"Cl\u00ednica Nexus"}}]}},"_links":{"self":[{"href":"https:\/\/grupnexus.com\/es\/wp-json\/wp\/v2\/posts\/17700"}],"collection":[{"href":"https:\/\/grupnexus.com\/es\/wp-json\/wp\/v2\/posts"}],"about":[{"href":"https:\/\/grupnexus.com\/es\/wp-json\/wp\/v2\/types\/post"}],"author":[{"embeddable":true,"href":"https:\/\/grupnexus.com\/es\/wp-json\/wp\/v2\/users\/6"}],"replies":[{"embeddable":true,"href":"https:\/\/grupnexus.com\/es\/wp-json\/wp\/v2\/comments?post=17700"}],"version-history":[{"count":3,"href":"https:\/\/grupnexus.com\/es\/wp-json\/wp\/v2\/posts\/17700\/revisions"}],"predecessor-version":[{"id":17721,"href":"https:\/\/grupnexus.com\/es\/wp-json\/wp\/v2\/posts\/17700\/revisions\/17721"}],"wp:featuredmedia":[{"embeddable":true,"href":"https:\/\/grupnexus.com\/es\/wp-json\/wp\/v2\/media\/17701"}],"wp:attachment":[{"href":"https:\/\/grupnexus.com\/es\/wp-json\/wp\/v2\/media?parent=17700"}],"wp:term":[{"taxonomy":"category","embeddable":true,"href":"https:\/\/grupnexus.com\/es\/wp-json\/wp\/v2\/categories?post=17700"},{"taxonomy":"post_tag","embeddable":true,"href":"https:\/\/grupnexus.com\/es\/wp-json\/wp\/v2\/tags?post=17700"}],"curies":[{"name":"wp","href":"https:\/\/api.w.org\/{rel}","templated":true}]}}