{"id":18470,"date":"2018-10-20T10:12:50","date_gmt":"2018-10-20T08:12:50","guid":{"rendered":"https:\/\/www.grupnexus.com\/?p=18470\/"},"modified":"2018-10-23T10:15:41","modified_gmt":"2018-10-23T08:15:41","slug":"clinica-nexus-colabora-con-el-ii-forum-osteoporosis-y-menopausia","status":"publish","type":"post","link":"https:\/\/grupnexus.com\/es\/clinica-nexus-colabora-con-el-ii-forum-osteoporosis-y-menopausia\/","title":{"rendered":"Cl\u00ednica Nexus colabora con el II Foro Osteoporosis y Menopausia"},"content":{"rendered":"<p><strong>Lleida, 20 de octubre de 2018.-<\/strong> Este pasado s\u00e1bado 20 de octubre, se llev\u00f3 a cabo el II Foro Osteoporosis y Menopausia: \u00abToma conciencia y act\u00faa: Te acompa\u00f1amos!!\u00bb, organizado por la asociaci\u00f3n Hera de Lleida.<\/p>\n<p>Una serie de conferencias sobre la menopausia, desde el punto de vista de la ginecolog\u00eda, incontinencia urinaria a trav\u00e9s de la fisioterapia, y alimentaci\u00f3n y estilo de vida formaban el programa del acto. Este finaliz\u00f3 con una mesa redonda de expertas, y una divertida escenificaci\u00f3n teatral de la mano del grupo de teatro Cametes, con una obra que representaba el talante femenino en muchos \u00e1mbitos.<\/p>\n<p>Hera nace a ra\u00edz del diagn\u00f3stico de su presidenta, M. Antonia Roca, de osteoporosis. El objetivo de la entidad es que todas las mujeres tengan un espacio donde estar informadas y compartir dudas, y experiencias sobre esta etapa de la vida. Involucra a diferentes expertos m\u00e9dicos y asistenciales, ya sea hacia la concienciaci\u00f3n, como hacia la actuaci\u00f3n frente al sistema p\u00fablico y privado para obtener ayudas y facilidades sanitarias.<\/p>\n<p><img loading=\"lazy\" class=\"aligncenter size-large wp-image-18464\" src=\"https:\/\/grupnexus.com\/wp-content\/uploads\/2018\/10\/Pon\u00e8ncia-1024x768.jpg\" alt=\"\" width=\"1024\" height=\"768\" srcset=\"https:\/\/grupnexus.com\/wp-content\/uploads\/2018\/10\/Pon\u00e8ncia-1024x768.jpg 1024w, https:\/\/grupnexus.com\/wp-content\/uploads\/2018\/10\/Pon\u00e8ncia-510x383.jpg 510w, https:\/\/grupnexus.com\/wp-content\/uploads\/2018\/10\/Pon\u00e8ncia-300x225.jpg 300w, https:\/\/grupnexus.com\/wp-content\/uploads\/2018\/10\/Pon\u00e8ncia-768x576.jpg 768w, https:\/\/grupnexus.com\/wp-content\/uploads\/2018\/10\/Pon\u00e8ncia-1140x855.jpg 1140w, https:\/\/grupnexus.com\/wp-content\/uploads\/2018\/10\/Pon\u00e8ncia-555x416.jpg 555w, https:\/\/grupnexus.com\/wp-content\/uploads\/2018\/10\/Pon\u00e8ncia-360x270.jpg 360w, https:\/\/grupnexus.com\/wp-content\/uploads\/2018\/10\/Pon\u00e8ncia-262x197.jpg 262w\" sizes=\"(max-width: 1024px) 100vw, 1024px\" \/><\/p>\n<p><img loading=\"lazy\" class=\"aligncenter size-large wp-image-18481\" src=\"https:\/\/grupnexus.com\/wp-content\/uploads\/2018\/10\/Junta-ok-768x1024.jpg\" alt=\"junta hera\" width=\"768\" height=\"1024\" srcset=\"https:\/\/grupnexus.com\/wp-content\/uploads\/2018\/10\/Junta-ok-768x1024.jpg 768w, https:\/\/grupnexus.com\/wp-content\/uploads\/2018\/10\/Junta-ok-510x680.jpg 510w, https:\/\/grupnexus.com\/wp-content\/uploads\/2018\/10\/Junta-ok-225x300.jpg 225w, https:\/\/grupnexus.com\/wp-content\/uploads\/2018\/10\/Junta-ok-576x768.jpg 576w, https:\/\/grupnexus.com\/wp-content\/uploads\/2018\/10\/Junta-ok-1140x1520.jpg 1140w, https:\/\/grupnexus.com\/wp-content\/uploads\/2018\/10\/Junta-ok-555x740.jpg 555w, https:\/\/grupnexus.com\/wp-content\/uploads\/2018\/10\/Junta-ok-360x480.jpg 360w, https:\/\/grupnexus.com\/wp-content\/uploads\/2018\/10\/Junta-ok-262x349.jpg 262w, https:\/\/grupnexus.com\/wp-content\/uploads\/2018\/10\/Junta-ok-scaled.jpg 1920w\" sizes=\"(max-width: 768px) 100vw, 768px\" \/><\/p>\n<p>&nbsp;<\/p>\n<p>Cl\u00ednica Nexus obsequi\u00f3 a todos los asistentes con un \u00absalad jar\u00bb o pote para ensaladas, que inclu\u00eda una receta de nuestra experta en diet\u00e9tica y nutrici\u00f3n, Merc\u00e8 Carbonell, espec\u00edfica para la etapa de la menopausia, con todos los nutrientes necesarios para evitar la osteopenia y osteoporosis.<\/p>\n<p><img loading=\"lazy\" class=\"aligncenter size-large wp-image-18468\" src=\"https:\/\/grupnexus.com\/wp-content\/uploads\/2018\/10\/Pots-amanida-ok-768x1024.jpg\" alt=\"\" width=\"768\" height=\"1024\" srcset=\"https:\/\/grupnexus.com\/wp-content\/uploads\/2018\/10\/Pots-amanida-ok-768x1024.jpg 768w, https:\/\/grupnexus.com\/wp-content\/uploads\/2018\/10\/Pots-amanida-ok-510x680.jpg 510w, https:\/\/grupnexus.com\/wp-content\/uploads\/2018\/10\/Pots-amanida-ok-225x300.jpg 225w, https:\/\/grupnexus.com\/wp-content\/uploads\/2018\/10\/Pots-amanida-ok-576x768.jpg 576w, https:\/\/grupnexus.com\/wp-content\/uploads\/2018\/10\/Pots-amanida-ok-1140x1520.jpg 1140w, https:\/\/grupnexus.com\/wp-content\/uploads\/2018\/10\/Pots-amanida-ok-555x740.jpg 555w, https:\/\/grupnexus.com\/wp-content\/uploads\/2018\/10\/Pots-amanida-ok-360x480.jpg 360w, https:\/\/grupnexus.com\/wp-content\/uploads\/2018\/10\/Pots-amanida-ok-262x349.jpg 262w, https:\/\/grupnexus.com\/wp-content\/uploads\/2018\/10\/Pots-amanida-ok-scaled.jpg 1920w\" sizes=\"(max-width: 768px) 100vw, 768px\" \/><\/p>\n<p>&nbsp;<\/p>\n<p>&nbsp;<\/p>\n<p>&nbsp;<\/p>\n","protected":false},"excerpt":{"rendered":"<p>Lleida, 20 de octubre de 2018.- Este pasado s\u00e1bado 20 de octubre, se llev\u00f3 a cabo el II Foro Osteoporosis y Menopausia: \u00abToma conciencia y act\u00faa: Te acompa\u00f1amos!!\u00bb, organizado por la asociaci\u00f3n Hera de Lleida. Una serie de conferencias sobre la menopausia, desde el punto de vista de la ginecolog\u00eda, incontinencia urinaria a trav\u00e9s de&#8230;<\/p>\n","protected":false},"author":6,"featured_media":18463,"comment_status":"closed","ping_status":"closed","sticky":false,"template":"","format":"standard","meta":[],"categories":[2,330],"tags":[],"yoast_head":"<!-- This site is optimized with the Yoast SEO plugin v18.6 - https:\/\/yoast.com\/wordpress\/plugins\/seo\/ -->\n<title>Cl\u00ednica Nexus colabora con el II Foro Osteoporosis y Menopausia<\/title>\n<meta name=\"robots\" content=\"index, follow, max-snippet:-1, max-image-preview:large, max-video-preview:-1\" \/>\n<link rel=\"canonical\" href=\"https:\/\/grupnexus.com\/es\/clinica-nexus-colabora-con-el-ii-forum-osteoporosis-y-menopausia\/\" \/>\n<meta property=\"og:locale\" content=\"es_ES\" \/>\n<meta property=\"og:type\" content=\"article\" \/>\n<meta property=\"og:title\" content=\"Cl\u00ednica Nexus colabora con el II Foro Osteoporosis y Menopausia\" \/>\n<meta property=\"og:description\" content=\"Lleida, 20 de octubre de 2018.- Este pasado s\u00e1bado 20 de octubre, se llev\u00f3 a cabo el II Foro Osteoporosis y Menopausia: \u00abToma conciencia y act\u00faa: Te acompa\u00f1amos!!\u00bb, organizado por la asociaci\u00f3n Hera de Lleida. Una serie de conferencias sobre la menopausia, desde el punto de vista de la ginecolog\u00eda, incontinencia urinaria a trav\u00e9s de...\" \/>\n<meta property=\"og:url\" content=\"https:\/\/grupnexus.com\/es\/clinica-nexus-colabora-con-el-ii-forum-osteoporosis-y-menopausia\/\" \/>\n<meta property=\"og:site_name\" content=\"Cl\u00ednica Nexus\" \/>\n<meta property=\"article:published_time\" content=\"2018-10-20T08:12:50+00:00\" \/>\n<meta property=\"article:modified_time\" content=\"2018-10-23T08:15:41+00:00\" \/>\n<meta property=\"og:image\" content=\"https:\/\/i0.wp.com\/grupnexus.com\/wp-content\/uploads\/2018\/10\/Institucional-scaled.jpg?fit=1920%2C2560&#038;ssl=1\" \/>\n\t<meta property=\"og:image:width\" content=\"1920\" \/>\n\t<meta property=\"og:image:height\" content=\"2560\" \/>\n\t<meta property=\"og:image:type\" content=\"image\/jpeg\" \/>\n<meta name=\"twitter:card\" content=\"summary\" \/>\n<meta name=\"twitter:label1\" content=\"Escrito por\" \/>\n\t<meta name=\"twitter:data1\" content=\"Cl\u00ednica Nexus\" \/>\n\t<meta name=\"twitter:label2\" content=\"Tiempo de lectura\" \/>\n\t<meta name=\"twitter:data2\" content=\"1 minuto\" \/>\n<script type=\"application\/ld+json\" class=\"yoast-schema-graph\">{\"@context\":\"https:\/\/schema.org\",\"@graph\":[{\"@type\":\"WebSite\",\"@id\":\"https:\/\/grupnexus.com\/es\/#website\",\"url\":\"https:\/\/grupnexus.com\/es\/\",\"name\":\"Cl\u00ednica Nexus\",\"description\":\"L\u00edders en Medicina Est\u00e8tica Avan\u00e7ada\",\"potentialAction\":[{\"@type\":\"SearchAction\",\"target\":{\"@type\":\"EntryPoint\",\"urlTemplate\":\"https:\/\/grupnexus.com\/es\/?s={search_term_string}\"},\"query-input\":\"required name=search_term_string\"}],\"inLanguage\":\"es\"},{\"@type\":\"ImageObject\",\"@id\":\"https:\/\/grupnexus.com\/es\/clinica-nexus-colabora-con-el-ii-forum-osteoporosis-y-menopausia\/#primaryimage\",\"inLanguage\":\"es\",\"url\":\"https:\/\/grupnexus.com\/wp-content\/uploads\/2018\/10\/Institucional-scaled.jpg\",\"contentUrl\":\"https:\/\/grupnexus.com\/wp-content\/uploads\/2018\/10\/Institucional-scaled.jpg\",\"width\":1920,\"height\":2560},{\"@type\":\"WebPage\",\"@id\":\"https:\/\/grupnexus.com\/es\/clinica-nexus-colabora-con-el-ii-forum-osteoporosis-y-menopausia\/#webpage\",\"url\":\"https:\/\/grupnexus.com\/es\/clinica-nexus-colabora-con-el-ii-forum-osteoporosis-y-menopausia\/\",\"name\":\"Cl\u00ednica Nexus colabora con el II Foro Osteoporosis y Menopausia\",\"isPartOf\":{\"@id\":\"https:\/\/grupnexus.com\/es\/#website\"},\"primaryImageOfPage\":{\"@id\":\"https:\/\/grupnexus.com\/es\/clinica-nexus-colabora-con-el-ii-forum-osteoporosis-y-menopausia\/#primaryimage\"},\"datePublished\":\"2018-10-20T08:12:50+00:00\",\"dateModified\":\"2018-10-23T08:15:41+00:00\",\"author\":{\"@id\":\"https:\/\/grupnexus.com\/es\/#\/schema\/person\/7d42f30e6bd203d23a2c1613b51145c3\"},\"breadcrumb\":{\"@id\":\"https:\/\/grupnexus.com\/es\/clinica-nexus-colabora-con-el-ii-forum-osteoporosis-y-menopausia\/#breadcrumb\"},\"inLanguage\":\"es\",\"potentialAction\":[{\"@type\":\"ReadAction\",\"target\":[\"https:\/\/grupnexus.com\/es\/clinica-nexus-colabora-con-el-ii-forum-osteoporosis-y-menopausia\/\"]}]},{\"@type\":\"BreadcrumbList\",\"@id\":\"https:\/\/grupnexus.com\/es\/clinica-nexus-colabora-con-el-ii-forum-osteoporosis-y-menopausia\/#breadcrumb\",\"itemListElement\":[{\"@type\":\"ListItem\",\"position\":1,\"name\":\"Portada\",\"item\":\"https:\/\/grupnexus.com\/es\/\"},{\"@type\":\"ListItem\",\"position\":2,\"name\":\"Cl\u00ednica Nexus colabora con el II Foro Osteoporosis y Menopausia\"}]},{\"@type\":\"Person\",\"@id\":\"https:\/\/grupnexus.com\/es\/#\/schema\/person\/7d42f30e6bd203d23a2c1613b51145c3\",\"name\":\"Cl\u00ednica Nexus\",\"image\":{\"@type\":\"ImageObject\",\"@id\":\"https:\/\/grupnexus.com\/es\/#personlogo\",\"inLanguage\":\"es\",\"url\":\"https:\/\/secure.gravatar.com\/avatar\/f1f98ef0d641a3a6af0accea5a5971ef?s=96&d=mm&r=g\",\"contentUrl\":\"https:\/\/secure.gravatar.com\/avatar\/f1f98ef0d641a3a6af0accea5a5971ef?s=96&d=mm&r=g\",\"caption\":\"Cl\u00ednica Nexus\"}}]}<\/script>\n<!-- \/ Yoast SEO plugin. -->","yoast_head_json":{"title":"Cl\u00ednica Nexus colabora con el II Foro Osteoporosis y Menopausia","robots":{"index":"index","follow":"follow","max-snippet":"max-snippet:-1","max-image-preview":"max-image-preview:large","max-video-preview":"max-video-preview:-1"},"canonical":"https:\/\/grupnexus.com\/es\/clinica-nexus-colabora-con-el-ii-forum-osteoporosis-y-menopausia\/","og_locale":"es_ES","og_type":"article","og_title":"Cl\u00ednica Nexus colabora con el II Foro Osteoporosis y Menopausia","og_description":"Lleida, 20 de octubre de 2018.- Este pasado s\u00e1bado 20 de octubre, se llev\u00f3 a cabo el II Foro Osteoporosis y Menopausia: \u00abToma conciencia y act\u00faa: Te acompa\u00f1amos!!\u00bb, organizado por la asociaci\u00f3n Hera de Lleida. Una serie de conferencias sobre la menopausia, desde el punto de vista de la ginecolog\u00eda, incontinencia urinaria a trav\u00e9s de...","og_url":"https:\/\/grupnexus.com\/es\/clinica-nexus-colabora-con-el-ii-forum-osteoporosis-y-menopausia\/","og_site_name":"Cl\u00ednica Nexus","article_published_time":"2018-10-20T08:12:50+00:00","article_modified_time":"2018-10-23T08:15:41+00:00","og_image":[{"width":1920,"height":2560,"url":"https:\/\/i0.wp.com\/grupnexus.com\/wp-content\/uploads\/2018\/10\/Institucional-scaled.jpg?fit=1920%2C2560&ssl=1","type":"image\/jpeg"}],"twitter_card":"summary","twitter_misc":{"Escrito por":"Cl\u00ednica Nexus","Tiempo de lectura":"1 minuto"},"schema":{"@context":"https:\/\/schema.org","@graph":[{"@type":"WebSite","@id":"https:\/\/grupnexus.com\/es\/#website","url":"https:\/\/grupnexus.com\/es\/","name":"Cl\u00ednica Nexus","description":"L\u00edders en Medicina Est\u00e8tica Avan\u00e7ada","potentialAction":[{"@type":"SearchAction","target":{"@type":"EntryPoint","urlTemplate":"https:\/\/grupnexus.com\/es\/?s={search_term_string}"},"query-input":"required name=search_term_string"}],"inLanguage":"es"},{"@type":"ImageObject","@id":"https:\/\/grupnexus.com\/es\/clinica-nexus-colabora-con-el-ii-forum-osteoporosis-y-menopausia\/#primaryimage","inLanguage":"es","url":"https:\/\/grupnexus.com\/wp-content\/uploads\/2018\/10\/Institucional-scaled.jpg","contentUrl":"https:\/\/grupnexus.com\/wp-content\/uploads\/2018\/10\/Institucional-scaled.jpg","width":1920,"height":2560},{"@type":"WebPage","@id":"https:\/\/grupnexus.com\/es\/clinica-nexus-colabora-con-el-ii-forum-osteoporosis-y-menopausia\/#webpage","url":"https:\/\/grupnexus.com\/es\/clinica-nexus-colabora-con-el-ii-forum-osteoporosis-y-menopausia\/","name":"Cl\u00ednica Nexus colabora con el II Foro Osteoporosis y Menopausia","isPartOf":{"@id":"https:\/\/grupnexus.com\/es\/#website"},"primaryImageOfPage":{"@id":"https:\/\/grupnexus.com\/es\/clinica-nexus-colabora-con-el-ii-forum-osteoporosis-y-menopausia\/#primaryimage"},"datePublished":"2018-10-20T08:12:50+00:00","dateModified":"2018-10-23T08:15:41+00:00","author":{"@id":"https:\/\/grupnexus.com\/es\/#\/schema\/person\/7d42f30e6bd203d23a2c1613b51145c3"},"breadcrumb":{"@id":"https:\/\/grupnexus.com\/es\/clinica-nexus-colabora-con-el-ii-forum-osteoporosis-y-menopausia\/#breadcrumb"},"inLanguage":"es","potentialAction":[{"@type":"ReadAction","target":["https:\/\/grupnexus.com\/es\/clinica-nexus-colabora-con-el-ii-forum-osteoporosis-y-menopausia\/"]}]},{"@type":"BreadcrumbList","@id":"https:\/\/grupnexus.com\/es\/clinica-nexus-colabora-con-el-ii-forum-osteoporosis-y-menopausia\/#breadcrumb","itemListElement":[{"@type":"ListItem","position":1,"name":"Portada","item":"https:\/\/grupnexus.com\/es\/"},{"@type":"ListItem","position":2,"name":"Cl\u00ednica Nexus colabora con el II Foro Osteoporosis y Menopausia"}]},{"@type":"Person","@id":"https:\/\/grupnexus.com\/es\/#\/schema\/person\/7d42f30e6bd203d23a2c1613b51145c3","name":"Cl\u00ednica Nexus","image":{"@type":"ImageObject","@id":"https:\/\/grupnexus.com\/es\/#personlogo","inLanguage":"es","url":"https:\/\/secure.gravatar.com\/avatar\/f1f98ef0d641a3a6af0accea5a5971ef?s=96&d=mm&r=g","contentUrl":"https:\/\/secure.gravatar.com\/avatar\/f1f98ef0d641a3a6af0accea5a5971ef?s=96&d=mm&r=g","caption":"Cl\u00ednica Nexus"}}]}},"_links":{"self":[{"href":"https:\/\/grupnexus.com\/es\/wp-json\/wp\/v2\/posts\/18470"}],"collection":[{"href":"https:\/\/grupnexus.com\/es\/wp-json\/wp\/v2\/posts"}],"about":[{"href":"https:\/\/grupnexus.com\/es\/wp-json\/wp\/v2\/types\/post"}],"author":[{"embeddable":true,"href":"https:\/\/grupnexus.com\/es\/wp-json\/wp\/v2\/users\/6"}],"replies":[{"embeddable":true,"href":"https:\/\/grupnexus.com\/es\/wp-json\/wp\/v2\/comments?post=18470"}],"version-history":[{"count":2,"href":"https:\/\/grupnexus.com\/es\/wp-json\/wp\/v2\/posts\/18470\/revisions"}],"predecessor-version":[{"id":18483,"href":"https:\/\/grupnexus.com\/es\/wp-json\/wp\/v2\/posts\/18470\/revisions\/18483"}],"wp:featuredmedia":[{"embeddable":true,"href":"https:\/\/grupnexus.com\/es\/wp-json\/wp\/v2\/media\/18463"}],"wp:attachment":[{"href":"https:\/\/grupnexus.com\/es\/wp-json\/wp\/v2\/media?parent=18470"}],"wp:term":[{"taxonomy":"category","embeddable":true,"href":"https:\/\/grupnexus.com\/es\/wp-json\/wp\/v2\/categories?post=18470"},{"taxonomy":"post_tag","embeddable":true,"href":"https:\/\/grupnexus.com\/es\/wp-json\/wp\/v2\/tags?post=18470"}],"curies":[{"name":"wp","href":"https:\/\/api.w.org\/{rel}","templated":true}]}}