{"id":18696,"date":"2018-11-06T16:49:12","date_gmt":"2018-11-06T14:49:12","guid":{"rendered":"https:\/\/www.grupnexus.com\/?p=18696\/"},"modified":"2018-11-13T13:41:59","modified_gmt":"2018-11-13T11:41:59","slug":"clinica-nexus-reconocida-por-su-politica-de-igualdad-en-los-premios-ap-lleida-de-este-ano","status":"publish","type":"post","link":"https:\/\/grupnexus.com\/es\/clinica-nexus-reconocida-por-su-politica-de-igualdad-en-los-premios-ap-lleida-de-este-ano\/","title":{"rendered":"Cl\u00ednica Nexus reconocida por su pol\u00edtica de igualdad en los Premios Ap! Lleida de este a\u00f1o"},"content":{"rendered":"<p><strong>El cometido de la direcci\u00f3n de Cl\u00ednica Nexus por trabajar bajo unos valores que fomenten el buen clima laboral y la gesti\u00f3n de equipo<\/strong>, incluye implementar pol\u00edticas de igualdad y conciliaci\u00f3n laboral y familiar, en la responsabilidad social corporativa, dirigida al bienestar de nuestros trabajadores y trabajadoras.<\/p>\n<p>A lo largo de estos a\u00f1os y, a ra\u00edz del primer embarazo dentro de nuestro equipo, se han ido instaurando diferentes protocolos de actuaci\u00f3n. Entre las <strong>medidas de conciliaci\u00f3n <\/strong>est\u00e1 la adaptaci\u00f3n de horarios para madres trabajadoras, ordenaci\u00f3n del tiempo para poder conciliar, la gesti\u00f3n de la baja maternal o de embarazo anticipada &#8230;; y entre las <strong>medidas de igualdad<\/strong> podemos decir que gran parte de nuestra plantilla es mujer, el 90% de los cargos de responsabilidad han sido a trav\u00e9s de promoci\u00f3n interna y son ejercidos por mujeres, el 60% de los profesionales externos son mujer, implementamos el lenguaje no sexista en nuestros documentos, entre muchos otros.<\/p>\n<p>Y este mes de noviembre, todas estas actuaciones se han visto reconocidas externamente, gracias a resultar la empresa seleccionada para el <strong>Premio \u00abIgualdad de oportunidades en el \u00e1mbito laboral y conciliaci\u00f3n familiar y personal\u00bb organizados por Ap! Lleida, la asociaci\u00f3n profesional de empresarias.<\/strong><\/p>\n<p>El <strong>jurado deliberador<\/strong> ha sido formado por el Ayuntamiento de Lleida, la Diputaci\u00f3n de Lleida, la direcci\u00f3n territorial del Departament de Treball i Assumptes Socials de Lleida de la Generalitat de Catalunya, el Institut Catal\u00e0 de les Dones, la Universidad de Lleida, Globalleida , Pimec, C\u00e1mara de Comercio de Lleida, el Consorcio del Tur\u00f3 de la Seu Vella y la Junta Directiva de la Asociaci\u00f3n Ap! Lleida.<\/p>\n<p>El acto de entrega ser\u00e1 el pr\u00f3ximo d\u00eda <strong>16 de noviembre, a las 20.30 horas, en la Seu Vella de Lleida<\/strong>, donde os invitamos a asistir y acompa\u00f1arnos en este d\u00eda tan especial para nosotros.<\/p>\n<p><img loading=\"lazy\" class=\"aligncenter size-large wp-image-18693\" src=\"https:\/\/grupnexus.com\/wp-content\/uploads\/2018\/11\/Premis-Ap-invitacio-2018-775x1024.jpg\" alt=\"\" width=\"775\" height=\"1024\" srcset=\"https:\/\/grupnexus.com\/wp-content\/uploads\/2018\/11\/Premis-Ap-invitacio-2018-775x1024.jpg 775w, https:\/\/grupnexus.com\/wp-content\/uploads\/2018\/11\/Premis-Ap-invitacio-2018-510x674.jpg 510w, https:\/\/grupnexus.com\/wp-content\/uploads\/2018\/11\/Premis-Ap-invitacio-2018-227x300.jpg 227w, https:\/\/grupnexus.com\/wp-content\/uploads\/2018\/11\/Premis-Ap-invitacio-2018-768x1015.jpg 768w, https:\/\/grupnexus.com\/wp-content\/uploads\/2018\/11\/Premis-Ap-invitacio-2018-581x768.jpg 581w, https:\/\/grupnexus.com\/wp-content\/uploads\/2018\/11\/Premis-Ap-invitacio-2018-1140x1507.jpg 1140w, https:\/\/grupnexus.com\/wp-content\/uploads\/2018\/11\/Premis-Ap-invitacio-2018-555x734.jpg 555w, https:\/\/grupnexus.com\/wp-content\/uploads\/2018\/11\/Premis-Ap-invitacio-2018-360x476.jpg 360w, https:\/\/grupnexus.com\/wp-content\/uploads\/2018\/11\/Premis-Ap-invitacio-2018-262x346.jpg 262w, https:\/\/grupnexus.com\/wp-content\/uploads\/2018\/11\/Premis-Ap-invitacio-2018.jpg 1200w\" sizes=\"(max-width: 775px) 100vw, 775px\" \/><\/p>\n<p>&nbsp;<\/p>\n","protected":false},"excerpt":{"rendered":"<p>El cometido de la direcci\u00f3n de Cl\u00ednica Nexus por trabajar bajo unos valores que fomenten el buen clima laboral y la gesti\u00f3n de equipo, incluye implementar pol\u00edticas de igualdad y conciliaci\u00f3n laboral y familiar, en la responsabilidad social corporativa, dirigida al bienestar de nuestros trabajadores y trabajadoras. A lo largo de estos a\u00f1os y, a&#8230;<\/p>\n","protected":false},"author":6,"featured_media":18828,"comment_status":"closed","ping_status":"closed","sticky":false,"template":"","format":"standard","meta":[],"categories":[330,7],"tags":[],"yoast_head":"<!-- This site is optimized with the Yoast SEO plugin v18.6 - https:\/\/yoast.com\/wordpress\/plugins\/seo\/ -->\n<title>Cl\u00ednica Nexus reconocida por su pol\u00edtica de igualdad en los Premios Ap! Lleida de este a\u00f1o<\/title>\n<meta name=\"robots\" content=\"index, follow, max-snippet:-1, max-image-preview:large, max-video-preview:-1\" \/>\n<link rel=\"canonical\" href=\"https:\/\/grupnexus.com\/es\/clinica-nexus-reconocida-por-su-politica-de-igualdad-en-los-premios-ap-lleida-de-este-ano\/\" \/>\n<meta property=\"og:locale\" content=\"es_ES\" \/>\n<meta property=\"og:type\" content=\"article\" \/>\n<meta property=\"og:title\" content=\"Cl\u00ednica Nexus reconocida por su pol\u00edtica de igualdad en los Premios Ap! Lleida de este a\u00f1o\" \/>\n<meta property=\"og:description\" content=\"El cometido de la direcci\u00f3n de Cl\u00ednica Nexus por trabajar bajo unos valores que fomenten el buen clima laboral y la gesti\u00f3n de equipo, incluye implementar pol\u00edticas de igualdad y conciliaci\u00f3n laboral y familiar, en la responsabilidad social corporativa, dirigida al bienestar de nuestros trabajadores y trabajadoras. A lo largo de estos a\u00f1os y, a...\" \/>\n<meta property=\"og:url\" content=\"https:\/\/grupnexus.com\/es\/clinica-nexus-reconocida-por-su-politica-de-igualdad-en-los-premios-ap-lleida-de-este-ano\/\" \/>\n<meta property=\"og:site_name\" content=\"Cl\u00ednica Nexus\" \/>\n<meta property=\"article:published_time\" content=\"2018-11-06T14:49:12+00:00\" \/>\n<meta property=\"article:modified_time\" content=\"2018-11-13T11:41:59+00:00\" \/>\n<meta property=\"og:image\" content=\"https:\/\/i0.wp.com\/grupnexus.com\/wp-content\/uploads\/2018\/11\/premis-aplleida.jpg?fit=1200%2C1200&#038;ssl=1\" \/>\n\t<meta property=\"og:image:width\" content=\"1200\" \/>\n\t<meta property=\"og:image:height\" content=\"1200\" \/>\n\t<meta property=\"og:image:type\" content=\"image\/jpeg\" \/>\n<meta name=\"twitter:card\" content=\"summary\" \/>\n<meta name=\"twitter:label1\" content=\"Escrito por\" \/>\n\t<meta name=\"twitter:data1\" content=\"Cl\u00ednica Nexus\" \/>\n\t<meta name=\"twitter:label2\" content=\"Tiempo de lectura\" \/>\n\t<meta name=\"twitter:data2\" content=\"2 minutos\" \/>\n<script type=\"application\/ld+json\" class=\"yoast-schema-graph\">{\"@context\":\"https:\/\/schema.org\",\"@graph\":[{\"@type\":\"WebSite\",\"@id\":\"https:\/\/grupnexus.com\/es\/#website\",\"url\":\"https:\/\/grupnexus.com\/es\/\",\"name\":\"Cl\u00ednica Nexus\",\"description\":\"L\u00edders en Medicina Est\u00e8tica Avan\u00e7ada\",\"potentialAction\":[{\"@type\":\"SearchAction\",\"target\":{\"@type\":\"EntryPoint\",\"urlTemplate\":\"https:\/\/grupnexus.com\/es\/?s={search_term_string}\"},\"query-input\":\"required name=search_term_string\"}],\"inLanguage\":\"es\"},{\"@type\":\"ImageObject\",\"@id\":\"https:\/\/grupnexus.com\/es\/clinica-nexus-reconocida-por-su-politica-de-igualdad-en-los-premios-ap-lleida-de-este-ano\/#primaryimage\",\"inLanguage\":\"es\",\"url\":\"https:\/\/grupnexus.com\/wp-content\/uploads\/2018\/11\/premis-aplleida.jpg\",\"contentUrl\":\"https:\/\/grupnexus.com\/wp-content\/uploads\/2018\/11\/premis-aplleida.jpg\",\"width\":1200,\"height\":1200,\"caption\":\"premis aplleida\"},{\"@type\":\"WebPage\",\"@id\":\"https:\/\/grupnexus.com\/es\/clinica-nexus-reconocida-por-su-politica-de-igualdad-en-los-premios-ap-lleida-de-este-ano\/#webpage\",\"url\":\"https:\/\/grupnexus.com\/es\/clinica-nexus-reconocida-por-su-politica-de-igualdad-en-los-premios-ap-lleida-de-este-ano\/\",\"name\":\"Cl\u00ednica Nexus reconocida por su pol\u00edtica de igualdad en los Premios Ap! Lleida de este a\u00f1o\",\"isPartOf\":{\"@id\":\"https:\/\/grupnexus.com\/es\/#website\"},\"primaryImageOfPage\":{\"@id\":\"https:\/\/grupnexus.com\/es\/clinica-nexus-reconocida-por-su-politica-de-igualdad-en-los-premios-ap-lleida-de-este-ano\/#primaryimage\"},\"datePublished\":\"2018-11-06T14:49:12+00:00\",\"dateModified\":\"2018-11-13T11:41:59+00:00\",\"author\":{\"@id\":\"https:\/\/grupnexus.com\/es\/#\/schema\/person\/7d42f30e6bd203d23a2c1613b51145c3\"},\"breadcrumb\":{\"@id\":\"https:\/\/grupnexus.com\/es\/clinica-nexus-reconocida-por-su-politica-de-igualdad-en-los-premios-ap-lleida-de-este-ano\/#breadcrumb\"},\"inLanguage\":\"es\",\"potentialAction\":[{\"@type\":\"ReadAction\",\"target\":[\"https:\/\/grupnexus.com\/es\/clinica-nexus-reconocida-por-su-politica-de-igualdad-en-los-premios-ap-lleida-de-este-ano\/\"]}]},{\"@type\":\"BreadcrumbList\",\"@id\":\"https:\/\/grupnexus.com\/es\/clinica-nexus-reconocida-por-su-politica-de-igualdad-en-los-premios-ap-lleida-de-este-ano\/#breadcrumb\",\"itemListElement\":[{\"@type\":\"ListItem\",\"position\":1,\"name\":\"Portada\",\"item\":\"https:\/\/grupnexus.com\/es\/\"},{\"@type\":\"ListItem\",\"position\":2,\"name\":\"Cl\u00ednica Nexus reconocida por su pol\u00edtica de igualdad en los Premios Ap! Lleida de este a\u00f1o\"}]},{\"@type\":\"Person\",\"@id\":\"https:\/\/grupnexus.com\/es\/#\/schema\/person\/7d42f30e6bd203d23a2c1613b51145c3\",\"name\":\"Cl\u00ednica Nexus\",\"image\":{\"@type\":\"ImageObject\",\"@id\":\"https:\/\/grupnexus.com\/es\/#personlogo\",\"inLanguage\":\"es\",\"url\":\"https:\/\/secure.gravatar.com\/avatar\/f1f98ef0d641a3a6af0accea5a5971ef?s=96&d=mm&r=g\",\"contentUrl\":\"https:\/\/secure.gravatar.com\/avatar\/f1f98ef0d641a3a6af0accea5a5971ef?s=96&d=mm&r=g\",\"caption\":\"Cl\u00ednica Nexus\"}}]}<\/script>\n<!-- \/ Yoast SEO plugin. -->","yoast_head_json":{"title":"Cl\u00ednica Nexus reconocida por su pol\u00edtica de igualdad en los Premios Ap! Lleida de este a\u00f1o","robots":{"index":"index","follow":"follow","max-snippet":"max-snippet:-1","max-image-preview":"max-image-preview:large","max-video-preview":"max-video-preview:-1"},"canonical":"https:\/\/grupnexus.com\/es\/clinica-nexus-reconocida-por-su-politica-de-igualdad-en-los-premios-ap-lleida-de-este-ano\/","og_locale":"es_ES","og_type":"article","og_title":"Cl\u00ednica Nexus reconocida por su pol\u00edtica de igualdad en los Premios Ap! Lleida de este a\u00f1o","og_description":"El cometido de la direcci\u00f3n de Cl\u00ednica Nexus por trabajar bajo unos valores que fomenten el buen clima laboral y la gesti\u00f3n de equipo, incluye implementar pol\u00edticas de igualdad y conciliaci\u00f3n laboral y familiar, en la responsabilidad social corporativa, dirigida al bienestar de nuestros trabajadores y trabajadoras. A lo largo de estos a\u00f1os y, a...","og_url":"https:\/\/grupnexus.com\/es\/clinica-nexus-reconocida-por-su-politica-de-igualdad-en-los-premios-ap-lleida-de-este-ano\/","og_site_name":"Cl\u00ednica Nexus","article_published_time":"2018-11-06T14:49:12+00:00","article_modified_time":"2018-11-13T11:41:59+00:00","og_image":[{"width":1200,"height":1200,"url":"https:\/\/i0.wp.com\/grupnexus.com\/wp-content\/uploads\/2018\/11\/premis-aplleida.jpg?fit=1200%2C1200&ssl=1","type":"image\/jpeg"}],"twitter_card":"summary","twitter_misc":{"Escrito por":"Cl\u00ednica Nexus","Tiempo de lectura":"2 minutos"},"schema":{"@context":"https:\/\/schema.org","@graph":[{"@type":"WebSite","@id":"https:\/\/grupnexus.com\/es\/#website","url":"https:\/\/grupnexus.com\/es\/","name":"Cl\u00ednica Nexus","description":"L\u00edders en Medicina Est\u00e8tica Avan\u00e7ada","potentialAction":[{"@type":"SearchAction","target":{"@type":"EntryPoint","urlTemplate":"https:\/\/grupnexus.com\/es\/?s={search_term_string}"},"query-input":"required name=search_term_string"}],"inLanguage":"es"},{"@type":"ImageObject","@id":"https:\/\/grupnexus.com\/es\/clinica-nexus-reconocida-por-su-politica-de-igualdad-en-los-premios-ap-lleida-de-este-ano\/#primaryimage","inLanguage":"es","url":"https:\/\/grupnexus.com\/wp-content\/uploads\/2018\/11\/premis-aplleida.jpg","contentUrl":"https:\/\/grupnexus.com\/wp-content\/uploads\/2018\/11\/premis-aplleida.jpg","width":1200,"height":1200,"caption":"premis aplleida"},{"@type":"WebPage","@id":"https:\/\/grupnexus.com\/es\/clinica-nexus-reconocida-por-su-politica-de-igualdad-en-los-premios-ap-lleida-de-este-ano\/#webpage","url":"https:\/\/grupnexus.com\/es\/clinica-nexus-reconocida-por-su-politica-de-igualdad-en-los-premios-ap-lleida-de-este-ano\/","name":"Cl\u00ednica Nexus reconocida por su pol\u00edtica de igualdad en los Premios Ap! Lleida de este a\u00f1o","isPartOf":{"@id":"https:\/\/grupnexus.com\/es\/#website"},"primaryImageOfPage":{"@id":"https:\/\/grupnexus.com\/es\/clinica-nexus-reconocida-por-su-politica-de-igualdad-en-los-premios-ap-lleida-de-este-ano\/#primaryimage"},"datePublished":"2018-11-06T14:49:12+00:00","dateModified":"2018-11-13T11:41:59+00:00","author":{"@id":"https:\/\/grupnexus.com\/es\/#\/schema\/person\/7d42f30e6bd203d23a2c1613b51145c3"},"breadcrumb":{"@id":"https:\/\/grupnexus.com\/es\/clinica-nexus-reconocida-por-su-politica-de-igualdad-en-los-premios-ap-lleida-de-este-ano\/#breadcrumb"},"inLanguage":"es","potentialAction":[{"@type":"ReadAction","target":["https:\/\/grupnexus.com\/es\/clinica-nexus-reconocida-por-su-politica-de-igualdad-en-los-premios-ap-lleida-de-este-ano\/"]}]},{"@type":"BreadcrumbList","@id":"https:\/\/grupnexus.com\/es\/clinica-nexus-reconocida-por-su-politica-de-igualdad-en-los-premios-ap-lleida-de-este-ano\/#breadcrumb","itemListElement":[{"@type":"ListItem","position":1,"name":"Portada","item":"https:\/\/grupnexus.com\/es\/"},{"@type":"ListItem","position":2,"name":"Cl\u00ednica Nexus reconocida por su pol\u00edtica de igualdad en los Premios Ap! Lleida de este a\u00f1o"}]},{"@type":"Person","@id":"https:\/\/grupnexus.com\/es\/#\/schema\/person\/7d42f30e6bd203d23a2c1613b51145c3","name":"Cl\u00ednica Nexus","image":{"@type":"ImageObject","@id":"https:\/\/grupnexus.com\/es\/#personlogo","inLanguage":"es","url":"https:\/\/secure.gravatar.com\/avatar\/f1f98ef0d641a3a6af0accea5a5971ef?s=96&d=mm&r=g","contentUrl":"https:\/\/secure.gravatar.com\/avatar\/f1f98ef0d641a3a6af0accea5a5971ef?s=96&d=mm&r=g","caption":"Cl\u00ednica Nexus"}}]}},"_links":{"self":[{"href":"https:\/\/grupnexus.com\/es\/wp-json\/wp\/v2\/posts\/18696"}],"collection":[{"href":"https:\/\/grupnexus.com\/es\/wp-json\/wp\/v2\/posts"}],"about":[{"href":"https:\/\/grupnexus.com\/es\/wp-json\/wp\/v2\/types\/post"}],"author":[{"embeddable":true,"href":"https:\/\/grupnexus.com\/es\/wp-json\/wp\/v2\/users\/6"}],"replies":[{"embeddable":true,"href":"https:\/\/grupnexus.com\/es\/wp-json\/wp\/v2\/comments?post=18696"}],"version-history":[{"count":2,"href":"https:\/\/grupnexus.com\/es\/wp-json\/wp\/v2\/posts\/18696\/revisions"}],"predecessor-version":[{"id":18829,"href":"https:\/\/grupnexus.com\/es\/wp-json\/wp\/v2\/posts\/18696\/revisions\/18829"}],"wp:featuredmedia":[{"embeddable":true,"href":"https:\/\/grupnexus.com\/es\/wp-json\/wp\/v2\/media\/18828"}],"wp:attachment":[{"href":"https:\/\/grupnexus.com\/es\/wp-json\/wp\/v2\/media?parent=18696"}],"wp:term":[{"taxonomy":"category","embeddable":true,"href":"https:\/\/grupnexus.com\/es\/wp-json\/wp\/v2\/categories?post=18696"},{"taxonomy":"post_tag","embeddable":true,"href":"https:\/\/grupnexus.com\/es\/wp-json\/wp\/v2\/tags?post=18696"}],"curies":[{"name":"wp","href":"https:\/\/api.w.org\/{rel}","templated":true}]}}