{"id":18702,"date":"2018-11-06T17:00:45","date_gmt":"2018-11-06T15:00:45","guid":{"rendered":"https:\/\/www.grupnexus.com\/?p=18702\/"},"modified":"2018-11-06T17:01:05","modified_gmt":"2018-11-06T15:01:05","slug":"ven-a-visitarnos-a-feria-denuvis","status":"publish","type":"post","link":"https:\/\/grupnexus.com\/es\/ven-a-visitarnos-a-feria-denuvis\/","title":{"rendered":"Ven a visitarnos a Feria DeNuvis"},"content":{"rendered":"<p>&nbsp;<\/p>\n<h3>DENUVIS<\/h3>\n<h3>Fecha: 10 y 11 de noviembre<\/h3>\n<h3>De 10: 30h a 20: 30h<\/h3>\n<p>&nbsp;<\/p>\n<p>DeNuvis es la feria de referencia en la provincia de Lleida, el espacio donde encontrar los mejores proveedores y tener un trato personalizado asesor\u00e1ndote para organizar tu boda, eventos, celebraciones y fiestas.<\/p>\n<p>Feria DeNuvis y el recinto ferial de Lleida se convierten en el punto de encuentro id\u00f3neo para descubrir todas las novedades, una oportunidad \u00fanica para encontrar las mejores propuestas y disfrutar organizando tu celebraci\u00f3n en dos d\u00edas. \u00a1Desfiles, degustaciones, showcookings, \u00a1m\u00fasica en directo y los mejores proveedores para tu evento!<\/p>\n<p>Ven a asesorarte sobre los mejores tratamientos m\u00e9dico-est\u00e9ticos para estar radiante el d\u00eda de tu boda, o la de tus hijos, o si eres dama de honor &#8230; y descubre todo lo que tenemos preparado para ti!<\/p>\n<p>Descubre nuestras promociones en <a href=\"https:\/\/firadelleida.com\/denuvis\/expositor\/clinica-nexus\">tratamientos m\u00e9dicos y est\u00e9ticos<\/a> especiales para la Feria.<\/p>\n<p>Y participa en el sorteo de 200 \u20acuronexus a canjear por un tratamiento en nuestra cl\u00ednica.<\/p>\n<p>Consigue tu invitaci\u00f3n (entrada gratuita) entrando en la web <a href=\"http:\/\/www.denuvis.com\">www.denuvis.com<\/a> , inscr\u00edbete como visitante con este c\u00f3digo exclusivo de Cl\u00ednica Nexus: JQH40<\/p>\n<p><strong>Podr\u00e1s entrar los dos d\u00edas con esta misma invitaci\u00f3n.<\/strong><\/p>\n<h3>Ven a recoger tu regalo Nexus, reservados para las 25 primeras personas que vengan a nuestro stand, en cada uno de los turnos (s\u00e1bado ma\u00f1ana, s\u00e1bado tarde, domingo ma\u00f1ana, domingo tarde).<\/h3>\n","protected":false},"excerpt":{"rendered":"<p>&nbsp; DENUVIS Fecha: 10 y 11 de noviembre De 10: 30h a 20: 30h &nbsp; DeNuvis es la feria de referencia en la provincia de Lleida, el espacio donde encontrar los mejores proveedores y tener un trato personalizado asesor\u00e1ndote para organizar tu boda, eventos, celebraciones y fiestas. Feria DeNuvis y el recinto ferial de Lleida&#8230;<\/p>\n","protected":false},"author":6,"featured_media":18700,"comment_status":"closed","ping_status":"closed","sticky":false,"template":"","format":"standard","meta":[],"categories":[2,330],"tags":[],"yoast_head":"<!-- This site is optimized with the Yoast SEO plugin v18.6 - https:\/\/yoast.com\/wordpress\/plugins\/seo\/ -->\n<title>Ven a visitarnos a Feria DeNuvis<\/title>\n<meta name=\"robots\" content=\"index, follow, max-snippet:-1, max-image-preview:large, max-video-preview:-1\" \/>\n<link rel=\"canonical\" href=\"https:\/\/grupnexus.com\/es\/ven-a-visitarnos-a-feria-denuvis\/\" \/>\n<meta property=\"og:locale\" content=\"es_ES\" \/>\n<meta property=\"og:type\" content=\"article\" \/>\n<meta property=\"og:title\" content=\"Ven a visitarnos a Feria DeNuvis\" \/>\n<meta property=\"og:description\" content=\"&nbsp; DENUVIS Fecha: 10 y 11 de noviembre De 10: 30h a 20: 30h &nbsp; DeNuvis es la feria de referencia en la provincia de Lleida, el espacio donde encontrar los mejores proveedores y tener un trato personalizado asesor\u00e1ndote para organizar tu boda, eventos, celebraciones y fiestas. Feria DeNuvis y el recinto ferial de Lleida...\" \/>\n<meta property=\"og:url\" content=\"https:\/\/grupnexus.com\/es\/ven-a-visitarnos-a-feria-denuvis\/\" \/>\n<meta property=\"og:site_name\" content=\"Cl\u00ednica Nexus\" \/>\n<meta property=\"article:published_time\" content=\"2018-11-06T15:00:45+00:00\" \/>\n<meta property=\"article:modified_time\" content=\"2018-11-06T15:01:05+00:00\" \/>\n<meta property=\"og:image\" content=\"https:\/\/i0.wp.com\/grupnexus.com\/wp-content\/uploads\/2018\/11\/Foto-De-Nuvis.jpg?fit=700%2C700&#038;ssl=1\" \/>\n\t<meta property=\"og:image:width\" content=\"700\" \/>\n\t<meta property=\"og:image:height\" content=\"700\" \/>\n\t<meta property=\"og:image:type\" content=\"image\/jpeg\" \/>\n<meta name=\"twitter:card\" content=\"summary\" \/>\n<meta name=\"twitter:label1\" content=\"Escrito por\" \/>\n\t<meta name=\"twitter:data1\" content=\"Cl\u00ednica Nexus\" \/>\n\t<meta name=\"twitter:label2\" content=\"Tiempo de lectura\" \/>\n\t<meta name=\"twitter:data2\" content=\"1 minuto\" \/>\n<script type=\"application\/ld+json\" class=\"yoast-schema-graph\">{\"@context\":\"https:\/\/schema.org\",\"@graph\":[{\"@type\":\"WebSite\",\"@id\":\"https:\/\/grupnexus.com\/es\/#website\",\"url\":\"https:\/\/grupnexus.com\/es\/\",\"name\":\"Cl\u00ednica Nexus\",\"description\":\"L\u00edders en Medicina Est\u00e8tica Avan\u00e7ada\",\"potentialAction\":[{\"@type\":\"SearchAction\",\"target\":{\"@type\":\"EntryPoint\",\"urlTemplate\":\"https:\/\/grupnexus.com\/es\/?s={search_term_string}\"},\"query-input\":\"required name=search_term_string\"}],\"inLanguage\":\"es\"},{\"@type\":\"ImageObject\",\"@id\":\"https:\/\/grupnexus.com\/es\/ven-a-visitarnos-a-feria-denuvis\/#primaryimage\",\"inLanguage\":\"es\",\"url\":\"https:\/\/grupnexus.com\/wp-content\/uploads\/2018\/11\/Foto-De-Nuvis.jpg\",\"contentUrl\":\"https:\/\/grupnexus.com\/wp-content\/uploads\/2018\/11\/Foto-De-Nuvis.jpg\",\"width\":700,\"height\":700,\"caption\":\"fira denuvis\"},{\"@type\":\"WebPage\",\"@id\":\"https:\/\/grupnexus.com\/es\/ven-a-visitarnos-a-feria-denuvis\/#webpage\",\"url\":\"https:\/\/grupnexus.com\/es\/ven-a-visitarnos-a-feria-denuvis\/\",\"name\":\"Ven a visitarnos a Feria DeNuvis\",\"isPartOf\":{\"@id\":\"https:\/\/grupnexus.com\/es\/#website\"},\"primaryImageOfPage\":{\"@id\":\"https:\/\/grupnexus.com\/es\/ven-a-visitarnos-a-feria-denuvis\/#primaryimage\"},\"datePublished\":\"2018-11-06T15:00:45+00:00\",\"dateModified\":\"2018-11-06T15:01:05+00:00\",\"author\":{\"@id\":\"https:\/\/grupnexus.com\/es\/#\/schema\/person\/7d42f30e6bd203d23a2c1613b51145c3\"},\"breadcrumb\":{\"@id\":\"https:\/\/grupnexus.com\/es\/ven-a-visitarnos-a-feria-denuvis\/#breadcrumb\"},\"inLanguage\":\"es\",\"potentialAction\":[{\"@type\":\"ReadAction\",\"target\":[\"https:\/\/grupnexus.com\/es\/ven-a-visitarnos-a-feria-denuvis\/\"]}]},{\"@type\":\"BreadcrumbList\",\"@id\":\"https:\/\/grupnexus.com\/es\/ven-a-visitarnos-a-feria-denuvis\/#breadcrumb\",\"itemListElement\":[{\"@type\":\"ListItem\",\"position\":1,\"name\":\"Portada\",\"item\":\"https:\/\/grupnexus.com\/es\/\"},{\"@type\":\"ListItem\",\"position\":2,\"name\":\"Ven a visitarnos a Feria DeNuvis\"}]},{\"@type\":\"Person\",\"@id\":\"https:\/\/grupnexus.com\/es\/#\/schema\/person\/7d42f30e6bd203d23a2c1613b51145c3\",\"name\":\"Cl\u00ednica Nexus\",\"image\":{\"@type\":\"ImageObject\",\"@id\":\"https:\/\/grupnexus.com\/es\/#personlogo\",\"inLanguage\":\"es\",\"url\":\"https:\/\/secure.gravatar.com\/avatar\/f1f98ef0d641a3a6af0accea5a5971ef?s=96&d=mm&r=g\",\"contentUrl\":\"https:\/\/secure.gravatar.com\/avatar\/f1f98ef0d641a3a6af0accea5a5971ef?s=96&d=mm&r=g\",\"caption\":\"Cl\u00ednica Nexus\"}}]}<\/script>\n<!-- \/ Yoast SEO plugin. -->","yoast_head_json":{"title":"Ven a visitarnos a Feria DeNuvis","robots":{"index":"index","follow":"follow","max-snippet":"max-snippet:-1","max-image-preview":"max-image-preview:large","max-video-preview":"max-video-preview:-1"},"canonical":"https:\/\/grupnexus.com\/es\/ven-a-visitarnos-a-feria-denuvis\/","og_locale":"es_ES","og_type":"article","og_title":"Ven a visitarnos a Feria DeNuvis","og_description":"&nbsp; DENUVIS Fecha: 10 y 11 de noviembre De 10: 30h a 20: 30h &nbsp; DeNuvis es la feria de referencia en la provincia de Lleida, el espacio donde encontrar los mejores proveedores y tener un trato personalizado asesor\u00e1ndote para organizar tu boda, eventos, celebraciones y fiestas. Feria DeNuvis y el recinto ferial de Lleida...","og_url":"https:\/\/grupnexus.com\/es\/ven-a-visitarnos-a-feria-denuvis\/","og_site_name":"Cl\u00ednica Nexus","article_published_time":"2018-11-06T15:00:45+00:00","article_modified_time":"2018-11-06T15:01:05+00:00","og_image":[{"width":700,"height":700,"url":"https:\/\/i0.wp.com\/grupnexus.com\/wp-content\/uploads\/2018\/11\/Foto-De-Nuvis.jpg?fit=700%2C700&ssl=1","type":"image\/jpeg"}],"twitter_card":"summary","twitter_misc":{"Escrito por":"Cl\u00ednica Nexus","Tiempo de lectura":"1 minuto"},"schema":{"@context":"https:\/\/schema.org","@graph":[{"@type":"WebSite","@id":"https:\/\/grupnexus.com\/es\/#website","url":"https:\/\/grupnexus.com\/es\/","name":"Cl\u00ednica Nexus","description":"L\u00edders en Medicina Est\u00e8tica Avan\u00e7ada","potentialAction":[{"@type":"SearchAction","target":{"@type":"EntryPoint","urlTemplate":"https:\/\/grupnexus.com\/es\/?s={search_term_string}"},"query-input":"required name=search_term_string"}],"inLanguage":"es"},{"@type":"ImageObject","@id":"https:\/\/grupnexus.com\/es\/ven-a-visitarnos-a-feria-denuvis\/#primaryimage","inLanguage":"es","url":"https:\/\/grupnexus.com\/wp-content\/uploads\/2018\/11\/Foto-De-Nuvis.jpg","contentUrl":"https:\/\/grupnexus.com\/wp-content\/uploads\/2018\/11\/Foto-De-Nuvis.jpg","width":700,"height":700,"caption":"fira denuvis"},{"@type":"WebPage","@id":"https:\/\/grupnexus.com\/es\/ven-a-visitarnos-a-feria-denuvis\/#webpage","url":"https:\/\/grupnexus.com\/es\/ven-a-visitarnos-a-feria-denuvis\/","name":"Ven a visitarnos a Feria DeNuvis","isPartOf":{"@id":"https:\/\/grupnexus.com\/es\/#website"},"primaryImageOfPage":{"@id":"https:\/\/grupnexus.com\/es\/ven-a-visitarnos-a-feria-denuvis\/#primaryimage"},"datePublished":"2018-11-06T15:00:45+00:00","dateModified":"2018-11-06T15:01:05+00:00","author":{"@id":"https:\/\/grupnexus.com\/es\/#\/schema\/person\/7d42f30e6bd203d23a2c1613b51145c3"},"breadcrumb":{"@id":"https:\/\/grupnexus.com\/es\/ven-a-visitarnos-a-feria-denuvis\/#breadcrumb"},"inLanguage":"es","potentialAction":[{"@type":"ReadAction","target":["https:\/\/grupnexus.com\/es\/ven-a-visitarnos-a-feria-denuvis\/"]}]},{"@type":"BreadcrumbList","@id":"https:\/\/grupnexus.com\/es\/ven-a-visitarnos-a-feria-denuvis\/#breadcrumb","itemListElement":[{"@type":"ListItem","position":1,"name":"Portada","item":"https:\/\/grupnexus.com\/es\/"},{"@type":"ListItem","position":2,"name":"Ven a visitarnos a Feria DeNuvis"}]},{"@type":"Person","@id":"https:\/\/grupnexus.com\/es\/#\/schema\/person\/7d42f30e6bd203d23a2c1613b51145c3","name":"Cl\u00ednica Nexus","image":{"@type":"ImageObject","@id":"https:\/\/grupnexus.com\/es\/#personlogo","inLanguage":"es","url":"https:\/\/secure.gravatar.com\/avatar\/f1f98ef0d641a3a6af0accea5a5971ef?s=96&d=mm&r=g","contentUrl":"https:\/\/secure.gravatar.com\/avatar\/f1f98ef0d641a3a6af0accea5a5971ef?s=96&d=mm&r=g","caption":"Cl\u00ednica Nexus"}}]}},"_links":{"self":[{"href":"https:\/\/grupnexus.com\/es\/wp-json\/wp\/v2\/posts\/18702"}],"collection":[{"href":"https:\/\/grupnexus.com\/es\/wp-json\/wp\/v2\/posts"}],"about":[{"href":"https:\/\/grupnexus.com\/es\/wp-json\/wp\/v2\/types\/post"}],"author":[{"embeddable":true,"href":"https:\/\/grupnexus.com\/es\/wp-json\/wp\/v2\/users\/6"}],"replies":[{"embeddable":true,"href":"https:\/\/grupnexus.com\/es\/wp-json\/wp\/v2\/comments?post=18702"}],"version-history":[{"count":1,"href":"https:\/\/grupnexus.com\/es\/wp-json\/wp\/v2\/posts\/18702\/revisions"}],"predecessor-version":[{"id":18703,"href":"https:\/\/grupnexus.com\/es\/wp-json\/wp\/v2\/posts\/18702\/revisions\/18703"}],"wp:featuredmedia":[{"embeddable":true,"href":"https:\/\/grupnexus.com\/es\/wp-json\/wp\/v2\/media\/18700"}],"wp:attachment":[{"href":"https:\/\/grupnexus.com\/es\/wp-json\/wp\/v2\/media?parent=18702"}],"wp:term":[{"taxonomy":"category","embeddable":true,"href":"https:\/\/grupnexus.com\/es\/wp-json\/wp\/v2\/categories?post=18702"},{"taxonomy":"post_tag","embeddable":true,"href":"https:\/\/grupnexus.com\/es\/wp-json\/wp\/v2\/tags?post=18702"}],"curies":[{"name":"wp","href":"https:\/\/api.w.org\/{rel}","templated":true}]}}