{"id":18788,"date":"2018-11-15T12:01:36","date_gmt":"2018-11-15T10:01:36","guid":{"rendered":"https:\/\/www.grupnexus.com\/?p=18788\/"},"modified":"2018-11-15T15:44:41","modified_gmt":"2018-11-15T13:44:41","slug":"tratamientos-medicoesteticos-especificos-para-bodas-a-fira-de-nuvis-2018","status":"publish","type":"post","link":"https:\/\/grupnexus.com\/es\/tratamientos-medicoesteticos-especificos-para-bodas-a-fira-de-nuvis-2018\/","title":{"rendered":"Tratamientos m\u00e9dico-est\u00e9ticos espec\u00edficos para bodas a Fira DeNuvis 2018"},"content":{"rendered":"<p>Este fin de semana, 10 y 11 de noviembre, se ha celebrado en Fira de Lleida la 20\u00aa edici\u00f3n de Fira DeNuvis.<\/p>\n<p>La Feria que re\u00fane, no s\u00f3lo a parejas que tienen ya fecha para casarse sino, adem\u00e1s, a familiares, as\u00ed como a todas aquellas personas que asisten u organizan eventos frecuentemente.<\/p>\n<p>Una feria donde se respira ilusi\u00f3n y buenaventura, proyectos e ideas. Personas que con antelaci\u00f3n preparan lo que ser\u00e1 uno de los d\u00edas m\u00e1s felices de su vida. Restaurantes, viajes, wedding planners, vestidos de novia, traje chaqueta de novios, complementos &#8230; todo en un marco incomparable lleno de belleza.<\/p>\n<p>Y para belleza, Cl\u00ednica Nexus, en exclusiva en su sector, informaba en su stand sobre diferentes programas m\u00e9dico-est\u00e9ticos dirigidos a los novios y las madres de los novios, que inclu\u00edan tanto tratamientos faciales, como corporales: reductores, detox, oxigenantes o antienvejecimiento. <a href=\"https:\/\/grupnexus.com\/es\/tratamientos\/packs\/packs-novios\/\">Puede consultarlos en esta misma web\u00a0<\/a><\/p>\n<p>Tambi\u00e9n se entregaron <em>salad jars<\/em> para llevarse la ensalada en el trabajo o en el gimnasio, se ofreci\u00f3 una degustaci\u00f3n de pan con chocolate de la casa Lipodieta, sin az\u00facar y elaborado en base proteica, ideal durante la dieta. Y un sorteo en 200 \u20acuronexus, a canjear en tratamientos m\u00e9dico-est\u00e9ticos, el cual result\u00f3 todo un \u00e9xito, con m\u00e1s de 400 participantes.<\/p>\n<p>La organizaci\u00f3n de cualquier tipo de evento, sobre todo una boda, requiere anticipaci\u00f3n, organizaci\u00f3n y cuidar de muchos detalles, esto supone un estr\u00e9s que, sumados a los nervios y emoci\u00f3n, dan como resultado cansancio, incluso a algunas personas ansiedar por comer. Por este motivo, tambi\u00e9n hay que a\u00f1adir a la lista que se hace con antelaci\u00f3n, la visita con el asesor o asesora en belleza, salud y bienestar. En Cl\u00ednica Nexus ofrecemos toda la atenci\u00f3n necesaria y procedimientos a seguir para que el d\u00eda del evento los anfitriones est\u00e9n m\u00e1s espectaculares que nunca, habiendo disfrutado del proceso y, sobre todo, de su d\u00eda.<\/p>\n<p><img loading=\"lazy\" class=\"aligncenter size-large wp-image-18790\" src=\"https:\/\/grupnexus.com\/wp-content\/uploads\/2018\/11\/Inauguraci\u00f3-Fira_stand-Nexus-1024x978.jpg\" alt=\"fira de nuvis\" width=\"1024\" height=\"978\" srcset=\"https:\/\/grupnexus.com\/wp-content\/uploads\/2018\/11\/Inauguraci\u00f3-Fira_stand-Nexus-1024x978.jpg 1024w, https:\/\/grupnexus.com\/wp-content\/uploads\/2018\/11\/Inauguraci\u00f3-Fira_stand-Nexus-510x487.jpg 510w, https:\/\/grupnexus.com\/wp-content\/uploads\/2018\/11\/Inauguraci\u00f3-Fira_stand-Nexus-300x286.jpg 300w, https:\/\/grupnexus.com\/wp-content\/uploads\/2018\/11\/Inauguraci\u00f3-Fira_stand-Nexus-768x733.jpg 768w, https:\/\/grupnexus.com\/wp-content\/uploads\/2018\/11\/Inauguraci\u00f3-Fira_stand-Nexus-555x530.jpg 555w, https:\/\/grupnexus.com\/wp-content\/uploads\/2018\/11\/Inauguraci\u00f3-Fira_stand-Nexus-360x344.jpg 360w, https:\/\/grupnexus.com\/wp-content\/uploads\/2018\/11\/Inauguraci\u00f3-Fira_stand-Nexus-262x250.jpg 262w, https:\/\/grupnexus.com\/wp-content\/uploads\/2018\/11\/Inauguraci\u00f3-Fira_stand-Nexus.jpg 1080w\" sizes=\"(max-width: 1024px) 100vw, 1024px\" \/><\/p>\n<p><img loading=\"lazy\" class=\"aligncenter size-large wp-image-18791\" src=\"https:\/\/grupnexus.com\/wp-content\/uploads\/2018\/11\/Estand-Nexus-1-1024x768.jpg\" alt=\"de nuvis stand nexus\" width=\"1024\" height=\"768\" srcset=\"https:\/\/grupnexus.com\/wp-content\/uploads\/2018\/11\/Estand-Nexus-1-1024x768.jpg 1024w, https:\/\/grupnexus.com\/wp-content\/uploads\/2018\/11\/Estand-Nexus-1-510x383.jpg 510w, https:\/\/grupnexus.com\/wp-content\/uploads\/2018\/11\/Estand-Nexus-1-300x225.jpg 300w, https:\/\/grupnexus.com\/wp-content\/uploads\/2018\/11\/Estand-Nexus-1-768x576.jpg 768w, https:\/\/grupnexus.com\/wp-content\/uploads\/2018\/11\/Estand-Nexus-1-1140x855.jpg 1140w, https:\/\/grupnexus.com\/wp-content\/uploads\/2018\/11\/Estand-Nexus-1-555x416.jpg 555w, https:\/\/grupnexus.com\/wp-content\/uploads\/2018\/11\/Estand-Nexus-1-360x270.jpg 360w, https:\/\/grupnexus.com\/wp-content\/uploads\/2018\/11\/Estand-Nexus-1-262x197.jpg 262w\" sizes=\"(max-width: 1024px) 100vw, 1024px\" \/><\/p>\n<p><img loading=\"lazy\" class=\"aligncenter size-large wp-image-18792\" src=\"https:\/\/grupnexus.com\/wp-content\/uploads\/2018\/11\/Laura_Claudia_Sol-Nexus-1024x979.jpg\" alt=\"de nuvis nexus\" width=\"1024\" height=\"979\" srcset=\"https:\/\/grupnexus.com\/wp-content\/uploads\/2018\/11\/Laura_Claudia_Sol-Nexus.jpg 1024w, https:\/\/grupnexus.com\/wp-content\/uploads\/2018\/11\/Laura_Claudia_Sol-Nexus-510x488.jpg 510w, https:\/\/grupnexus.com\/wp-content\/uploads\/2018\/11\/Laura_Claudia_Sol-Nexus-300x287.jpg 300w, https:\/\/grupnexus.com\/wp-content\/uploads\/2018\/11\/Laura_Claudia_Sol-Nexus-768x734.jpg 768w, https:\/\/grupnexus.com\/wp-content\/uploads\/2018\/11\/Laura_Claudia_Sol-Nexus-555x531.jpg 555w, https:\/\/grupnexus.com\/wp-content\/uploads\/2018\/11\/Laura_Claudia_Sol-Nexus-360x344.jpg 360w, https:\/\/grupnexus.com\/wp-content\/uploads\/2018\/11\/Laura_Claudia_Sol-Nexus-262x250.jpg 262w\" sizes=\"(max-width: 1024px) 100vw, 1024px\" \/><\/p>\n<p><img loading=\"lazy\" class=\"aligncenter size-large wp-image-18793\" src=\"https:\/\/grupnexus.com\/wp-content\/uploads\/2018\/11\/Claudia_Meritxell-Nexus-1024x979.jpg\" alt=\"de nuvis\" width=\"1024\" height=\"979\" srcset=\"https:\/\/grupnexus.com\/wp-content\/uploads\/2018\/11\/Claudia_Meritxell-Nexus-1024x979.jpg 1024w, https:\/\/grupnexus.com\/wp-content\/uploads\/2018\/11\/Claudia_Meritxell-Nexus-510x488.jpg 510w, https:\/\/grupnexus.com\/wp-content\/uploads\/2018\/11\/Claudia_Meritxell-Nexus-300x287.jpg 300w, https:\/\/grupnexus.com\/wp-content\/uploads\/2018\/11\/Claudia_Meritxell-Nexus-768x735.jpg 768w, https:\/\/grupnexus.com\/wp-content\/uploads\/2018\/11\/Claudia_Meritxell-Nexus-555x531.jpg 555w, https:\/\/grupnexus.com\/wp-content\/uploads\/2018\/11\/Claudia_Meritxell-Nexus-360x344.jpg 360w, https:\/\/grupnexus.com\/wp-content\/uploads\/2018\/11\/Claudia_Meritxell-Nexus-262x251.jpg 262w, https:\/\/grupnexus.com\/wp-content\/uploads\/2018\/11\/Claudia_Meritxell-Nexus.jpg 1080w\" sizes=\"(max-width: 1024px) 100vw, 1024px\" \/><\/p>\n<p><img loading=\"lazy\" class=\"aligncenter size-large wp-image-18794\" src=\"https:\/\/grupnexus.com\/wp-content\/uploads\/2018\/11\/Estand-Nexus-detall-768x1024.jpg\" alt=\"de nuvis\" width=\"768\" height=\"1024\" srcset=\"https:\/\/grupnexus.com\/wp-content\/uploads\/2018\/11\/Estand-Nexus-detall-768x1024.jpg 768w, https:\/\/grupnexus.com\/wp-content\/uploads\/2018\/11\/Estand-Nexus-detall-510x680.jpg 510w, https:\/\/grupnexus.com\/wp-content\/uploads\/2018\/11\/Estand-Nexus-detall-225x300.jpg 225w, https:\/\/grupnexus.com\/wp-content\/uploads\/2018\/11\/Estand-Nexus-detall-576x768.jpg 576w, https:\/\/grupnexus.com\/wp-content\/uploads\/2018\/11\/Estand-Nexus-detall-1140x1520.jpg 1140w, https:\/\/grupnexus.com\/wp-content\/uploads\/2018\/11\/Estand-Nexus-detall-555x740.jpg 555w, https:\/\/grupnexus.com\/wp-content\/uploads\/2018\/11\/Estand-Nexus-detall-360x480.jpg 360w, https:\/\/grupnexus.com\/wp-content\/uploads\/2018\/11\/Estand-Nexus-detall-262x349.jpg 262w, https:\/\/grupnexus.com\/wp-content\/uploads\/2018\/11\/Estand-Nexus-detall-scaled.jpg 1920w\" sizes=\"(max-width: 768px) 100vw, 768px\" \/><\/p>\n<p>&nbsp;<\/p>\n<div class=\"wpv-video-frame\"><iframe loading=\"lazy\" title=\"Sorteig Nexus Fira DeNuvis\" width=\"1380\" height=\"776\" src=\"https:\/\/www.youtube.com\/embed\/jq1vbTKEPc4?feature=oembed\" frameborder=\"0\" allow=\"accelerometer; autoplay; clipboard-write; encrypted-media; gyroscope; picture-in-picture\" allowfullscreen><\/iframe><\/div>\n<p style=\"text-align: center;\"><a href=\"https:\/\/youtu.be\/jq1vbTKEPc4\">click en la imagen para ver el sorteo\u00a0<\/a><\/p>\n<p>&nbsp;<\/p>\n<p>&nbsp;<\/p>\n","protected":false},"excerpt":{"rendered":"<p>Este fin de semana, 10 y 11 de noviembre, se ha celebrado en Fira de Lleida la 20\u00aa edici\u00f3n de Fira DeNuvis. La Feria que re\u00fane, no s\u00f3lo a parejas que tienen ya fecha para casarse sino, adem\u00e1s, a familiares, as\u00ed como a todas aquellas personas que asisten u organizan eventos frecuentemente. Una feria donde&#8230;<\/p>\n","protected":false},"author":6,"featured_media":18789,"comment_status":"closed","ping_status":"closed","sticky":false,"template":"","format":"standard","meta":[],"categories":[2,330],"tags":[],"yoast_head":"<!-- This site is optimized with the Yoast SEO plugin v18.6 - https:\/\/yoast.com\/wordpress\/plugins\/seo\/ -->\n<title>Tratamientos m\u00e9dico-est\u00e9ticos espec\u00edficos para bodas a Fira DeNuvis 2018<\/title>\n<meta name=\"robots\" content=\"index, follow, max-snippet:-1, max-image-preview:large, max-video-preview:-1\" \/>\n<link rel=\"canonical\" href=\"https:\/\/grupnexus.com\/es\/tratamientos-medicoesteticos-especificos-para-bodas-a-fira-de-nuvis-2018\/\" \/>\n<meta property=\"og:locale\" content=\"es_ES\" \/>\n<meta property=\"og:type\" content=\"article\" \/>\n<meta property=\"og:title\" content=\"Tratamientos m\u00e9dico-est\u00e9ticos espec\u00edficos para bodas a Fira DeNuvis 2018\" \/>\n<meta property=\"og:description\" content=\"Este fin de semana, 10 y 11 de noviembre, se ha celebrado en Fira de Lleida la 20\u00aa edici\u00f3n de Fira DeNuvis. La Feria que re\u00fane, no s\u00f3lo a parejas que tienen ya fecha para casarse sino, adem\u00e1s, a familiares, as\u00ed como a todas aquellas personas que asisten u organizan eventos frecuentemente. Una feria donde...\" \/>\n<meta property=\"og:url\" content=\"https:\/\/grupnexus.com\/es\/tratamientos-medicoesteticos-especificos-para-bodas-a-fira-de-nuvis-2018\/\" \/>\n<meta property=\"og:site_name\" content=\"Cl\u00ednica Nexus\" \/>\n<meta property=\"article:published_time\" content=\"2018-11-15T10:01:36+00:00\" \/>\n<meta property=\"article:modified_time\" content=\"2018-11-15T13:44:41+00:00\" \/>\n<meta property=\"og:image\" content=\"https:\/\/i0.wp.com\/grupnexus.com\/wp-content\/uploads\/2018\/11\/Visita-alcalde_president-fira_director-fira.jpg?fit=1600%2C1200&#038;ssl=1\" \/>\n\t<meta property=\"og:image:width\" content=\"1600\" \/>\n\t<meta property=\"og:image:height\" content=\"1200\" \/>\n\t<meta property=\"og:image:type\" content=\"image\/jpeg\" \/>\n<meta name=\"twitter:card\" content=\"summary\" \/>\n<meta name=\"twitter:label1\" content=\"Escrito por\" \/>\n\t<meta name=\"twitter:data1\" content=\"Cl\u00ednica Nexus\" \/>\n\t<meta name=\"twitter:label2\" content=\"Tiempo de lectura\" \/>\n\t<meta name=\"twitter:data2\" content=\"2 minutos\" \/>\n<script type=\"application\/ld+json\" class=\"yoast-schema-graph\">{\"@context\":\"https:\/\/schema.org\",\"@graph\":[{\"@type\":\"WebSite\",\"@id\":\"https:\/\/grupnexus.com\/es\/#website\",\"url\":\"https:\/\/grupnexus.com\/es\/\",\"name\":\"Cl\u00ednica Nexus\",\"description\":\"L\u00edders en Medicina Est\u00e8tica Avan\u00e7ada\",\"potentialAction\":[{\"@type\":\"SearchAction\",\"target\":{\"@type\":\"EntryPoint\",\"urlTemplate\":\"https:\/\/grupnexus.com\/es\/?s={search_term_string}\"},\"query-input\":\"required name=search_term_string\"}],\"inLanguage\":\"es\"},{\"@type\":\"ImageObject\",\"@id\":\"https:\/\/grupnexus.com\/es\/tratamientos-medicoesteticos-especificos-para-bodas-a-fira-de-nuvis-2018\/#primaryimage\",\"inLanguage\":\"es\",\"url\":\"https:\/\/grupnexus.com\/wp-content\/uploads\/2018\/11\/Visita-alcalde_president-fira_director-fira.jpg\",\"contentUrl\":\"https:\/\/grupnexus.com\/wp-content\/uploads\/2018\/11\/Visita-alcalde_president-fira_director-fira.jpg\",\"width\":1600,\"height\":1200,\"caption\":\"fira denuvis 2018\"},{\"@type\":\"WebPage\",\"@id\":\"https:\/\/grupnexus.com\/es\/tratamientos-medicoesteticos-especificos-para-bodas-a-fira-de-nuvis-2018\/#webpage\",\"url\":\"https:\/\/grupnexus.com\/es\/tratamientos-medicoesteticos-especificos-para-bodas-a-fira-de-nuvis-2018\/\",\"name\":\"Tratamientos m\u00e9dico-est\u00e9ticos espec\u00edficos para bodas a Fira DeNuvis 2018\",\"isPartOf\":{\"@id\":\"https:\/\/grupnexus.com\/es\/#website\"},\"primaryImageOfPage\":{\"@id\":\"https:\/\/grupnexus.com\/es\/tratamientos-medicoesteticos-especificos-para-bodas-a-fira-de-nuvis-2018\/#primaryimage\"},\"datePublished\":\"2018-11-15T10:01:36+00:00\",\"dateModified\":\"2018-11-15T13:44:41+00:00\",\"author\":{\"@id\":\"https:\/\/grupnexus.com\/es\/#\/schema\/person\/7d42f30e6bd203d23a2c1613b51145c3\"},\"breadcrumb\":{\"@id\":\"https:\/\/grupnexus.com\/es\/tratamientos-medicoesteticos-especificos-para-bodas-a-fira-de-nuvis-2018\/#breadcrumb\"},\"inLanguage\":\"es\",\"potentialAction\":[{\"@type\":\"ReadAction\",\"target\":[\"https:\/\/grupnexus.com\/es\/tratamientos-medicoesteticos-especificos-para-bodas-a-fira-de-nuvis-2018\/\"]}]},{\"@type\":\"BreadcrumbList\",\"@id\":\"https:\/\/grupnexus.com\/es\/tratamientos-medicoesteticos-especificos-para-bodas-a-fira-de-nuvis-2018\/#breadcrumb\",\"itemListElement\":[{\"@type\":\"ListItem\",\"position\":1,\"name\":\"Portada\",\"item\":\"https:\/\/grupnexus.com\/es\/\"},{\"@type\":\"ListItem\",\"position\":2,\"name\":\"Tratamientos m\u00e9dico-est\u00e9ticos espec\u00edficos para bodas a Fira DeNuvis 2018\"}]},{\"@type\":\"Person\",\"@id\":\"https:\/\/grupnexus.com\/es\/#\/schema\/person\/7d42f30e6bd203d23a2c1613b51145c3\",\"name\":\"Cl\u00ednica Nexus\",\"image\":{\"@type\":\"ImageObject\",\"@id\":\"https:\/\/grupnexus.com\/es\/#personlogo\",\"inLanguage\":\"es\",\"url\":\"https:\/\/secure.gravatar.com\/avatar\/f1f98ef0d641a3a6af0accea5a5971ef?s=96&d=mm&r=g\",\"contentUrl\":\"https:\/\/secure.gravatar.com\/avatar\/f1f98ef0d641a3a6af0accea5a5971ef?s=96&d=mm&r=g\",\"caption\":\"Cl\u00ednica Nexus\"}}]}<\/script>\n<!-- \/ Yoast SEO plugin. -->","yoast_head_json":{"title":"Tratamientos m\u00e9dico-est\u00e9ticos espec\u00edficos para bodas a Fira DeNuvis 2018","robots":{"index":"index","follow":"follow","max-snippet":"max-snippet:-1","max-image-preview":"max-image-preview:large","max-video-preview":"max-video-preview:-1"},"canonical":"https:\/\/grupnexus.com\/es\/tratamientos-medicoesteticos-especificos-para-bodas-a-fira-de-nuvis-2018\/","og_locale":"es_ES","og_type":"article","og_title":"Tratamientos m\u00e9dico-est\u00e9ticos espec\u00edficos para bodas a Fira DeNuvis 2018","og_description":"Este fin de semana, 10 y 11 de noviembre, se ha celebrado en Fira de Lleida la 20\u00aa edici\u00f3n de Fira DeNuvis. La Feria que re\u00fane, no s\u00f3lo a parejas que tienen ya fecha para casarse sino, adem\u00e1s, a familiares, as\u00ed como a todas aquellas personas que asisten u organizan eventos frecuentemente. Una feria donde...","og_url":"https:\/\/grupnexus.com\/es\/tratamientos-medicoesteticos-especificos-para-bodas-a-fira-de-nuvis-2018\/","og_site_name":"Cl\u00ednica Nexus","article_published_time":"2018-11-15T10:01:36+00:00","article_modified_time":"2018-11-15T13:44:41+00:00","og_image":[{"width":1600,"height":1200,"url":"https:\/\/i0.wp.com\/grupnexus.com\/wp-content\/uploads\/2018\/11\/Visita-alcalde_president-fira_director-fira.jpg?fit=1600%2C1200&ssl=1","type":"image\/jpeg"}],"twitter_card":"summary","twitter_misc":{"Escrito por":"Cl\u00ednica Nexus","Tiempo de lectura":"2 minutos"},"schema":{"@context":"https:\/\/schema.org","@graph":[{"@type":"WebSite","@id":"https:\/\/grupnexus.com\/es\/#website","url":"https:\/\/grupnexus.com\/es\/","name":"Cl\u00ednica Nexus","description":"L\u00edders en Medicina Est\u00e8tica Avan\u00e7ada","potentialAction":[{"@type":"SearchAction","target":{"@type":"EntryPoint","urlTemplate":"https:\/\/grupnexus.com\/es\/?s={search_term_string}"},"query-input":"required name=search_term_string"}],"inLanguage":"es"},{"@type":"ImageObject","@id":"https:\/\/grupnexus.com\/es\/tratamientos-medicoesteticos-especificos-para-bodas-a-fira-de-nuvis-2018\/#primaryimage","inLanguage":"es","url":"https:\/\/grupnexus.com\/wp-content\/uploads\/2018\/11\/Visita-alcalde_president-fira_director-fira.jpg","contentUrl":"https:\/\/grupnexus.com\/wp-content\/uploads\/2018\/11\/Visita-alcalde_president-fira_director-fira.jpg","width":1600,"height":1200,"caption":"fira denuvis 2018"},{"@type":"WebPage","@id":"https:\/\/grupnexus.com\/es\/tratamientos-medicoesteticos-especificos-para-bodas-a-fira-de-nuvis-2018\/#webpage","url":"https:\/\/grupnexus.com\/es\/tratamientos-medicoesteticos-especificos-para-bodas-a-fira-de-nuvis-2018\/","name":"Tratamientos m\u00e9dico-est\u00e9ticos espec\u00edficos para bodas a Fira DeNuvis 2018","isPartOf":{"@id":"https:\/\/grupnexus.com\/es\/#website"},"primaryImageOfPage":{"@id":"https:\/\/grupnexus.com\/es\/tratamientos-medicoesteticos-especificos-para-bodas-a-fira-de-nuvis-2018\/#primaryimage"},"datePublished":"2018-11-15T10:01:36+00:00","dateModified":"2018-11-15T13:44:41+00:00","author":{"@id":"https:\/\/grupnexus.com\/es\/#\/schema\/person\/7d42f30e6bd203d23a2c1613b51145c3"},"breadcrumb":{"@id":"https:\/\/grupnexus.com\/es\/tratamientos-medicoesteticos-especificos-para-bodas-a-fira-de-nuvis-2018\/#breadcrumb"},"inLanguage":"es","potentialAction":[{"@type":"ReadAction","target":["https:\/\/grupnexus.com\/es\/tratamientos-medicoesteticos-especificos-para-bodas-a-fira-de-nuvis-2018\/"]}]},{"@type":"BreadcrumbList","@id":"https:\/\/grupnexus.com\/es\/tratamientos-medicoesteticos-especificos-para-bodas-a-fira-de-nuvis-2018\/#breadcrumb","itemListElement":[{"@type":"ListItem","position":1,"name":"Portada","item":"https:\/\/grupnexus.com\/es\/"},{"@type":"ListItem","position":2,"name":"Tratamientos m\u00e9dico-est\u00e9ticos espec\u00edficos para bodas a Fira DeNuvis 2018"}]},{"@type":"Person","@id":"https:\/\/grupnexus.com\/es\/#\/schema\/person\/7d42f30e6bd203d23a2c1613b51145c3","name":"Cl\u00ednica Nexus","image":{"@type":"ImageObject","@id":"https:\/\/grupnexus.com\/es\/#personlogo","inLanguage":"es","url":"https:\/\/secure.gravatar.com\/avatar\/f1f98ef0d641a3a6af0accea5a5971ef?s=96&d=mm&r=g","contentUrl":"https:\/\/secure.gravatar.com\/avatar\/f1f98ef0d641a3a6af0accea5a5971ef?s=96&d=mm&r=g","caption":"Cl\u00ednica Nexus"}}]}},"_links":{"self":[{"href":"https:\/\/grupnexus.com\/es\/wp-json\/wp\/v2\/posts\/18788"}],"collection":[{"href":"https:\/\/grupnexus.com\/es\/wp-json\/wp\/v2\/posts"}],"about":[{"href":"https:\/\/grupnexus.com\/es\/wp-json\/wp\/v2\/types\/post"}],"author":[{"embeddable":true,"href":"https:\/\/grupnexus.com\/es\/wp-json\/wp\/v2\/users\/6"}],"replies":[{"embeddable":true,"href":"https:\/\/grupnexus.com\/es\/wp-json\/wp\/v2\/comments?post=18788"}],"version-history":[{"count":8,"href":"https:\/\/grupnexus.com\/es\/wp-json\/wp\/v2\/posts\/18788\/revisions"}],"predecessor-version":[{"id":18882,"href":"https:\/\/grupnexus.com\/es\/wp-json\/wp\/v2\/posts\/18788\/revisions\/18882"}],"wp:featuredmedia":[{"embeddable":true,"href":"https:\/\/grupnexus.com\/es\/wp-json\/wp\/v2\/media\/18789"}],"wp:attachment":[{"href":"https:\/\/grupnexus.com\/es\/wp-json\/wp\/v2\/media?parent=18788"}],"wp:term":[{"taxonomy":"category","embeddable":true,"href":"https:\/\/grupnexus.com\/es\/wp-json\/wp\/v2\/categories?post=18788"},{"taxonomy":"post_tag","embeddable":true,"href":"https:\/\/grupnexus.com\/es\/wp-json\/wp\/v2\/tags?post=18788"}],"curies":[{"name":"wp","href":"https:\/\/api.w.org\/{rel}","templated":true}]}}