{"id":18875,"date":"2018-11-15T15:20:33","date_gmt":"2018-11-15T13:20:33","guid":{"rendered":"https:\/\/www.grupnexus.com\/ap-lleida-empresaries-professionals-i-directives-al-poder\/"},"modified":"2018-12-10T13:56:06","modified_gmt":"2018-12-10T11:56:06","slug":"ap-lleida-empresarias-profesionales-y-directivas-al-poder","status":"publish","type":"post","link":"https:\/\/grupnexus.com\/es\/ap-lleida-empresarias-profesionales-y-directivas-al-poder\/","title":{"rendered":"Ap! Lleida, empresarias, profesionales y directivas al poder"},"content":{"rendered":"<p>Cuando hablamos de desigualdad entre hombres y mujeres en el mundo laboral, o de invisibilidad de la mujer en todo lo que hace a la empresa, a la actividad econ\u00f3mica en general, debemos estar atentos tambi\u00e9n a las profesionales, las directivas , y las empresarias, muchas veces aut\u00f3nomas.<\/p>\n<p>Su visibilidad y reconocimiento, la lucha por la igualdad de oportunidades, la equiparaci\u00f3n de sueldos y niveles profesionales &#8230;, son tambi\u00e9n combates que se libran en estas posiciones. Pues este reto, el de dar voz a la mujer empresaria y aut\u00f3noma, se ha materializado hace poco con la adhesi\u00f3n a la organizaci\u00f3n de la peque\u00f1a y mediana empresa de Lleida, de la Asociaci\u00f3n Profesional de Empresarias Ap! Lleida, conocida hasta ahora como Funde.<\/p>\n<p>De este modo, m\u00e1s de 100 empresarias, directivas y profesionales se han incorporado a Pimec y en sus \u00f3rganos de direcci\u00f3n, de tal manera que la presidenta de Ap! Lleida, pasa a ser vicepresidenta de la organizaci\u00f3n empresarial leridana.<\/p>\n<p>Es Laura S\u00e1nchez, al que hemos pedido que nos acompa\u00f1e hoy en el programa. En la mesa redonda posterior, intervienen dando su punto de vista y aportando experiencia en el \u00e1mbito:<\/p>\n<ul>\n<li>Montse Monje. Directora gerente de Cl\u00ednica Nexus y galardonada este a\u00f1o al Premio Ap! de \u00abIgualdad de oportunidades en el \u00e1mbito laboral y conciliaci\u00f3n familiar y personal\u00bb<\/li>\n<li>Yasmina Vilagrasa. Abogada del Despacho Julio Vilagrasa y asociados; y secretaria de Ap! Lleida<\/li>\n<li>Cristina Melchor. Joven emprendedora. Consultora de innovaci\u00f3n y estrategia a White Fox Studio<\/li>\n<\/ul>\n<p>&nbsp;<\/p>\n<div id=\"attachment_19408\" style=\"width: 694px\" class=\"wp-caption aligncenter\"><a href=\"http:\/\/lleidatv.alacarta.cat\/el-debat-de-lleida-activa\/capitol\/ap-lleida-empresaries-professionals-i-directives-al-poder\" target=\"_blank\"><img aria-describedby=\"caption-attachment-19408\" loading=\"lazy\" class=\"wp-image-19408 size-full\" src=\"https:\/\/grupnexus.com\/wp-content\/uploads\/2018\/11\/IMG_8490.jpg\" alt=\"\" width=\"684\" height=\"381\" srcset=\"https:\/\/grupnexus.com\/wp-content\/uploads\/2018\/11\/IMG_8490.jpg 684w, https:\/\/grupnexus.com\/wp-content\/uploads\/2018\/11\/IMG_8490-510x284.jpg 510w, https:\/\/grupnexus.com\/wp-content\/uploads\/2018\/11\/IMG_8490-300x167.jpg 300w, https:\/\/grupnexus.com\/wp-content\/uploads\/2018\/11\/IMG_8490-555x309.jpg 555w, https:\/\/grupnexus.com\/wp-content\/uploads\/2018\/11\/IMG_8490-360x201.jpg 360w, https:\/\/grupnexus.com\/wp-content\/uploads\/2018\/11\/IMG_8490-262x146.jpg 262w\" sizes=\"(max-width: 684px) 100vw, 684px\" \/><\/a><p id=\"caption-attachment-19408\" class=\"wp-caption-text\">Click en la foto para ver el video<\/p><\/div>\n<p>FUENTE: <a href=\"http:\/\/lleidatv.alacarta.cat\">Lleida Activa<\/a><\/p>\n","protected":false},"excerpt":{"rendered":"<p>Cuando hablamos de desigualdad entre hombres y mujeres en el mundo laboral, o de invisibilidad de la mujer en todo lo que hace a la empresa, a la actividad econ\u00f3mica en general, debemos estar atentos tambi\u00e9n a las profesionales, las directivas , y las empresarias, muchas veces aut\u00f3nomas. Su visibilidad y reconocimiento, la lucha por&#8230;<\/p>\n","protected":false},"author":6,"featured_media":19010,"comment_status":"closed","ping_status":"closed","sticky":false,"template":"","format":"standard","meta":[],"categories":[460,461],"tags":[],"yoast_head":"<!-- This site is optimized with the Yoast SEO plugin v18.6 - https:\/\/yoast.com\/wordpress\/plugins\/seo\/ -->\n<title>Ap! Lleida, empresarias, profesionales y directivas al poder<\/title>\n<meta name=\"robots\" content=\"index, follow, max-snippet:-1, max-image-preview:large, max-video-preview:-1\" \/>\n<link rel=\"canonical\" href=\"https:\/\/grupnexus.com\/es\/ap-lleida-empresarias-profesionales-y-directivas-al-poder\/\" \/>\n<meta property=\"og:locale\" content=\"es_ES\" \/>\n<meta property=\"og:type\" content=\"article\" \/>\n<meta property=\"og:title\" content=\"Ap! Lleida, empresarias, profesionales y directivas al poder\" \/>\n<meta property=\"og:description\" content=\"Cuando hablamos de desigualdad entre hombres y mujeres en el mundo laboral, o de invisibilidad de la mujer en todo lo que hace a la empresa, a la actividad econ\u00f3mica en general, debemos estar atentos tambi\u00e9n a las profesionales, las directivas , y las empresarias, muchas veces aut\u00f3nomas. Su visibilidad y reconocimiento, la lucha por...\" \/>\n<meta property=\"og:url\" content=\"https:\/\/grupnexus.com\/es\/ap-lleida-empresarias-profesionales-y-directivas-al-poder\/\" \/>\n<meta property=\"og:site_name\" content=\"Cl\u00ednica Nexus\" \/>\n<meta property=\"article:published_time\" content=\"2018-11-15T13:20:33+00:00\" \/>\n<meta property=\"article:modified_time\" content=\"2018-12-10T11:56:06+00:00\" \/>\n<meta property=\"og:image\" content=\"https:\/\/i0.wp.com\/grupnexus.com\/wp-content\/uploads\/2018\/11\/IMG_8484.jpeg?fit=458%2C256&#038;ssl=1\" \/>\n\t<meta property=\"og:image:width\" content=\"458\" \/>\n\t<meta property=\"og:image:height\" content=\"256\" \/>\n\t<meta property=\"og:image:type\" content=\"image\/jpeg\" \/>\n<meta name=\"twitter:card\" content=\"summary\" \/>\n<meta name=\"twitter:label1\" content=\"Escrito por\" \/>\n\t<meta name=\"twitter:data1\" content=\"Cl\u00ednica Nexus\" \/>\n\t<meta name=\"twitter:label2\" content=\"Tiempo de lectura\" \/>\n\t<meta name=\"twitter:data2\" content=\"1 minuto\" \/>\n<script type=\"application\/ld+json\" class=\"yoast-schema-graph\">{\"@context\":\"https:\/\/schema.org\",\"@graph\":[{\"@type\":\"WebSite\",\"@id\":\"https:\/\/grupnexus.com\/es\/#website\",\"url\":\"https:\/\/grupnexus.com\/es\/\",\"name\":\"Cl\u00ednica Nexus\",\"description\":\"L\u00edders en Medicina Est\u00e8tica Avan\u00e7ada\",\"potentialAction\":[{\"@type\":\"SearchAction\",\"target\":{\"@type\":\"EntryPoint\",\"urlTemplate\":\"https:\/\/grupnexus.com\/es\/?s={search_term_string}\"},\"query-input\":\"required name=search_term_string\"}],\"inLanguage\":\"es\"},{\"@type\":\"ImageObject\",\"@id\":\"https:\/\/grupnexus.com\/es\/ap-lleida-empresarias-profesionales-y-directivas-al-poder\/#primaryimage\",\"inLanguage\":\"es\",\"url\":\"https:\/\/grupnexus.com\/wp-content\/uploads\/2018\/11\/IMG_8484.jpeg\",\"contentUrl\":\"https:\/\/grupnexus.com\/wp-content\/uploads\/2018\/11\/IMG_8484.jpeg\",\"width\":458,\"height\":256},{\"@type\":\"WebPage\",\"@id\":\"https:\/\/grupnexus.com\/es\/ap-lleida-empresarias-profesionales-y-directivas-al-poder\/#webpage\",\"url\":\"https:\/\/grupnexus.com\/es\/ap-lleida-empresarias-profesionales-y-directivas-al-poder\/\",\"name\":\"Ap! Lleida, empresarias, profesionales y directivas al poder\",\"isPartOf\":{\"@id\":\"https:\/\/grupnexus.com\/es\/#website\"},\"primaryImageOfPage\":{\"@id\":\"https:\/\/grupnexus.com\/es\/ap-lleida-empresarias-profesionales-y-directivas-al-poder\/#primaryimage\"},\"datePublished\":\"2018-11-15T13:20:33+00:00\",\"dateModified\":\"2018-12-10T11:56:06+00:00\",\"author\":{\"@id\":\"https:\/\/grupnexus.com\/es\/#\/schema\/person\/7d42f30e6bd203d23a2c1613b51145c3\"},\"breadcrumb\":{\"@id\":\"https:\/\/grupnexus.com\/es\/ap-lleida-empresarias-profesionales-y-directivas-al-poder\/#breadcrumb\"},\"inLanguage\":\"es\",\"potentialAction\":[{\"@type\":\"ReadAction\",\"target\":[\"https:\/\/grupnexus.com\/es\/ap-lleida-empresarias-profesionales-y-directivas-al-poder\/\"]}]},{\"@type\":\"BreadcrumbList\",\"@id\":\"https:\/\/grupnexus.com\/es\/ap-lleida-empresarias-profesionales-y-directivas-al-poder\/#breadcrumb\",\"itemListElement\":[{\"@type\":\"ListItem\",\"position\":1,\"name\":\"Portada\",\"item\":\"https:\/\/grupnexus.com\/es\/\"},{\"@type\":\"ListItem\",\"position\":2,\"name\":\"Ap! Lleida, empresarias, profesionales y directivas al poder\"}]},{\"@type\":\"Person\",\"@id\":\"https:\/\/grupnexus.com\/es\/#\/schema\/person\/7d42f30e6bd203d23a2c1613b51145c3\",\"name\":\"Cl\u00ednica Nexus\",\"image\":{\"@type\":\"ImageObject\",\"@id\":\"https:\/\/grupnexus.com\/es\/#personlogo\",\"inLanguage\":\"es\",\"url\":\"https:\/\/secure.gravatar.com\/avatar\/f1f98ef0d641a3a6af0accea5a5971ef?s=96&d=mm&r=g\",\"contentUrl\":\"https:\/\/secure.gravatar.com\/avatar\/f1f98ef0d641a3a6af0accea5a5971ef?s=96&d=mm&r=g\",\"caption\":\"Cl\u00ednica Nexus\"}}]}<\/script>\n<!-- \/ Yoast SEO plugin. -->","yoast_head_json":{"title":"Ap! Lleida, empresarias, profesionales y directivas al poder","robots":{"index":"index","follow":"follow","max-snippet":"max-snippet:-1","max-image-preview":"max-image-preview:large","max-video-preview":"max-video-preview:-1"},"canonical":"https:\/\/grupnexus.com\/es\/ap-lleida-empresarias-profesionales-y-directivas-al-poder\/","og_locale":"es_ES","og_type":"article","og_title":"Ap! Lleida, empresarias, profesionales y directivas al poder","og_description":"Cuando hablamos de desigualdad entre hombres y mujeres en el mundo laboral, o de invisibilidad de la mujer en todo lo que hace a la empresa, a la actividad econ\u00f3mica en general, debemos estar atentos tambi\u00e9n a las profesionales, las directivas , y las empresarias, muchas veces aut\u00f3nomas. Su visibilidad y reconocimiento, la lucha por...","og_url":"https:\/\/grupnexus.com\/es\/ap-lleida-empresarias-profesionales-y-directivas-al-poder\/","og_site_name":"Cl\u00ednica Nexus","article_published_time":"2018-11-15T13:20:33+00:00","article_modified_time":"2018-12-10T11:56:06+00:00","og_image":[{"width":458,"height":256,"url":"https:\/\/i0.wp.com\/grupnexus.com\/wp-content\/uploads\/2018\/11\/IMG_8484.jpeg?fit=458%2C256&ssl=1","type":"image\/jpeg"}],"twitter_card":"summary","twitter_misc":{"Escrito por":"Cl\u00ednica Nexus","Tiempo de lectura":"1 minuto"},"schema":{"@context":"https:\/\/schema.org","@graph":[{"@type":"WebSite","@id":"https:\/\/grupnexus.com\/es\/#website","url":"https:\/\/grupnexus.com\/es\/","name":"Cl\u00ednica Nexus","description":"L\u00edders en Medicina Est\u00e8tica Avan\u00e7ada","potentialAction":[{"@type":"SearchAction","target":{"@type":"EntryPoint","urlTemplate":"https:\/\/grupnexus.com\/es\/?s={search_term_string}"},"query-input":"required name=search_term_string"}],"inLanguage":"es"},{"@type":"ImageObject","@id":"https:\/\/grupnexus.com\/es\/ap-lleida-empresarias-profesionales-y-directivas-al-poder\/#primaryimage","inLanguage":"es","url":"https:\/\/grupnexus.com\/wp-content\/uploads\/2018\/11\/IMG_8484.jpeg","contentUrl":"https:\/\/grupnexus.com\/wp-content\/uploads\/2018\/11\/IMG_8484.jpeg","width":458,"height":256},{"@type":"WebPage","@id":"https:\/\/grupnexus.com\/es\/ap-lleida-empresarias-profesionales-y-directivas-al-poder\/#webpage","url":"https:\/\/grupnexus.com\/es\/ap-lleida-empresarias-profesionales-y-directivas-al-poder\/","name":"Ap! Lleida, empresarias, profesionales y directivas al poder","isPartOf":{"@id":"https:\/\/grupnexus.com\/es\/#website"},"primaryImageOfPage":{"@id":"https:\/\/grupnexus.com\/es\/ap-lleida-empresarias-profesionales-y-directivas-al-poder\/#primaryimage"},"datePublished":"2018-11-15T13:20:33+00:00","dateModified":"2018-12-10T11:56:06+00:00","author":{"@id":"https:\/\/grupnexus.com\/es\/#\/schema\/person\/7d42f30e6bd203d23a2c1613b51145c3"},"breadcrumb":{"@id":"https:\/\/grupnexus.com\/es\/ap-lleida-empresarias-profesionales-y-directivas-al-poder\/#breadcrumb"},"inLanguage":"es","potentialAction":[{"@type":"ReadAction","target":["https:\/\/grupnexus.com\/es\/ap-lleida-empresarias-profesionales-y-directivas-al-poder\/"]}]},{"@type":"BreadcrumbList","@id":"https:\/\/grupnexus.com\/es\/ap-lleida-empresarias-profesionales-y-directivas-al-poder\/#breadcrumb","itemListElement":[{"@type":"ListItem","position":1,"name":"Portada","item":"https:\/\/grupnexus.com\/es\/"},{"@type":"ListItem","position":2,"name":"Ap! Lleida, empresarias, profesionales y directivas al poder"}]},{"@type":"Person","@id":"https:\/\/grupnexus.com\/es\/#\/schema\/person\/7d42f30e6bd203d23a2c1613b51145c3","name":"Cl\u00ednica Nexus","image":{"@type":"ImageObject","@id":"https:\/\/grupnexus.com\/es\/#personlogo","inLanguage":"es","url":"https:\/\/secure.gravatar.com\/avatar\/f1f98ef0d641a3a6af0accea5a5971ef?s=96&d=mm&r=g","contentUrl":"https:\/\/secure.gravatar.com\/avatar\/f1f98ef0d641a3a6af0accea5a5971ef?s=96&d=mm&r=g","caption":"Cl\u00ednica Nexus"}}]}},"_links":{"self":[{"href":"https:\/\/grupnexus.com\/es\/wp-json\/wp\/v2\/posts\/18875"}],"collection":[{"href":"https:\/\/grupnexus.com\/es\/wp-json\/wp\/v2\/posts"}],"about":[{"href":"https:\/\/grupnexus.com\/es\/wp-json\/wp\/v2\/types\/post"}],"author":[{"embeddable":true,"href":"https:\/\/grupnexus.com\/es\/wp-json\/wp\/v2\/users\/6"}],"replies":[{"embeddable":true,"href":"https:\/\/grupnexus.com\/es\/wp-json\/wp\/v2\/comments?post=18875"}],"version-history":[{"count":3,"href":"https:\/\/grupnexus.com\/es\/wp-json\/wp\/v2\/posts\/18875\/revisions"}],"predecessor-version":[{"id":19411,"href":"https:\/\/grupnexus.com\/es\/wp-json\/wp\/v2\/posts\/18875\/revisions\/19411"}],"wp:featuredmedia":[{"embeddable":true,"href":"https:\/\/grupnexus.com\/es\/wp-json\/wp\/v2\/media\/19010"}],"wp:attachment":[{"href":"https:\/\/grupnexus.com\/es\/wp-json\/wp\/v2\/media?parent=18875"}],"wp:term":[{"taxonomy":"category","embeddable":true,"href":"https:\/\/grupnexus.com\/es\/wp-json\/wp\/v2\/categories?post=18875"},{"taxonomy":"post_tag","embeddable":true,"href":"https:\/\/grupnexus.com\/es\/wp-json\/wp\/v2\/tags?post=18875"}],"curies":[{"name":"wp","href":"https:\/\/api.w.org\/{rel}","templated":true}]}}