{"id":18972,"date":"2018-11-21T14:44:39","date_gmt":"2018-11-21T12:44:39","guid":{"rendered":"https:\/\/www.grupnexus.com\/?p=18972\/"},"modified":"2018-11-27T14:25:53","modified_gmt":"2018-11-27T12:25:53","slug":"clinica-nexus-premios-aplleida-2018","status":"publish","type":"post","link":"https:\/\/grupnexus.com\/es\/clinica-nexus-premios-aplleida-2018\/","title":{"rendered":"Cl\u00ednica Nexus recibe el Premio a la \u00abIgualdad de oportunidades y la conciliaci\u00f3n\u00bb otorgado por Ap! Lleida"},"content":{"rendered":"<p>Viernes, 16 de noviembre, se<strong> celebraban en Lleida los Premios Ap! que reconocen el \u00e9xito de mujeres que est\u00e1n al frente de grandes proyectos empresariales y profesionales<\/strong>, de \u00e1mbito territorial y nacional, en diferentes sectores.<\/p>\n<p>La categor\u00eda de \u00abIgualdad de oportunidades en el \u00e1mbito laboral y la conciliaci\u00f3n familiar y personal\u00bb ha sido este a\u00f1o para Cl\u00ednica Nexus. El jurado, formado por las principales instituciones de la ciudad como el Ayuntamiento de Lleida, Diputaci\u00f3n de Lleida, Universidad de Lleida, Serveis Territorials de Treball i Serveis Territorials d\u2019Empresa de la Generalitat de Catalunya, Institut Catal\u00e0 de les Dones, Cambra de Comer\u00e7, GlobaLleida, Pimec, Tur\u00f3 de la Seu Vella y la Junta Directiva de Ap! Lleida, deliber\u00f3 a su favor con motivo de la pol\u00edtica que lleva a cabo desde hace m\u00e1s de 10 a\u00f1os, hacia la mujer, la igualdad de oportunidades y la conciliaci\u00f3n.<\/p>\n<p>En cuanto a las medidas de igualdad, Montse Monjo ostenta el 50% de la direcci\u00f3n y el accionariado, junto con el Dr. Samuel Pin\u00f3s.<\/p>\n<p>El 100% de los cargos de responsabilidad est\u00e1n ocupados por mujeres y han sido mediante promoci\u00f3n interna; el 60% de los profesionales externos son mujeres, existe la igualdad retributiva, y la implementaci\u00f3n del lenguaje no sexista.<\/p>\n<p>Y entre las medidas de conciliaci\u00f3n, facilitan y gestionan bajas de embarazo prematuras y \/ o anticipadas y propone medidas de conciliaci\u00f3n, sobre todo teniendo en cuenta las trabajadoras que son madre. Adem\u00e1s, se adhieren al pacto de la reforma horaria, que tiene lugar el d\u00eda 28 de noviembre, con el fin de impulsar una nueva cultura del tiempo en las empresas e instituciones, a favor de medidas m\u00e1s eficientes a la vez que flexibles, para atender las nuevas necesidades sociales y consolidar el factor tiempo como nueva medida de igualdad, salud y calidad de vida.<\/p>\n<p>Todo ello responde a un programa, que est\u00e1 trabajando actualmente, en el \u00e1mbito de la Responsabilidad Social Corporativa, que dinamiza acciones para tener \u00abTrabajadores felices\u00bb y en el que englobar\u00e1 diferentes proyectos para continuar trabajando en esta directriz.<\/p>\n<p>Un alto nivel de premiadas se reun\u00eda, en la emblem\u00e1tica Seu Vella de Lleida, haciendo manifiesto del talento femenino, donde emoci\u00f3n y profesionalidad se unieron en cada uno de los discursos de agradecimiento. Cl\u00ednica Nexus, comparti\u00f3 galard\u00f3n junto con empresarias, directivas y emprendedoras de alto nivel, tanto en el \u00e1mbito local como nacional e internacional.<\/p>\n<p>Puede ver m\u00e1s informaci\u00f3n en la web<a href=\"http:\/\/www.aplleida.cat\"> http:\/\/www.aplleida.cat<\/a><\/p>\n<p><img loading=\"lazy\" class=\"aligncenter size-large wp-image-18977\" src=\"https:\/\/grupnexus.com\/wp-content\/uploads\/2018\/11\/IMG-8446-1024x684.jpg\" alt=\"montse monjo i sara mestre\" width=\"1024\" height=\"684\" srcset=\"https:\/\/grupnexus.com\/wp-content\/uploads\/2018\/11\/IMG-8446-1024x684.jpg 1024w, https:\/\/grupnexus.com\/wp-content\/uploads\/2018\/11\/IMG-8446-510x341.jpg 510w, https:\/\/grupnexus.com\/wp-content\/uploads\/2018\/11\/IMG-8446-300x200.jpg 300w, https:\/\/grupnexus.com\/wp-content\/uploads\/2018\/11\/IMG-8446-768x513.jpg 768w, https:\/\/grupnexus.com\/wp-content\/uploads\/2018\/11\/IMG-8446-1140x760.jpg 1140w, https:\/\/grupnexus.com\/wp-content\/uploads\/2018\/11\/IMG-8446-555x370.jpg 555w, https:\/\/grupnexus.com\/wp-content\/uploads\/2018\/11\/IMG-8446-360x240.jpg 360w, https:\/\/grupnexus.com\/wp-content\/uploads\/2018\/11\/IMG-8446-262x175.jpg 262w, https:\/\/grupnexus.com\/wp-content\/uploads\/2018\/11\/IMG-8446.jpg 1334w\" sizes=\"(max-width: 1024px) 100vw, 1024px\" \/><\/p>\n<div>\n<div>\n<div style=\"text-align: center;\"><strong>Sara Mestres, teniente de alcalde y concejala de Seguridad ciudadana y las pol\u00edticas para el civismo y la igualdad entrega el Premio a Montse Monjo\u00a0<\/strong><\/div>\n<\/div>\n<\/div>\n<p>&nbsp;<\/p>\n<p><img loading=\"lazy\" class=\"aligncenter size-large wp-image-18966\" src=\"https:\/\/grupnexus.com\/wp-content\/uploads\/2018\/11\/Premiades-Ap-2018-1024x792.jpg\" alt=\"premiades aplleida\" width=\"1024\" height=\"792\" srcset=\"https:\/\/grupnexus.com\/wp-content\/uploads\/2018\/11\/Premiades-Ap-2018.jpg 1024w, https:\/\/grupnexus.com\/wp-content\/uploads\/2018\/11\/Premiades-Ap-2018-510x394.jpg 510w, https:\/\/grupnexus.com\/wp-content\/uploads\/2018\/11\/Premiades-Ap-2018-300x232.jpg 300w, https:\/\/grupnexus.com\/wp-content\/uploads\/2018\/11\/Premiades-Ap-2018-768x594.jpg 768w, https:\/\/grupnexus.com\/wp-content\/uploads\/2018\/11\/Premiades-Ap-2018-555x429.jpg 555w, https:\/\/grupnexus.com\/wp-content\/uploads\/2018\/11\/Premiades-Ap-2018-360x278.jpg 360w, https:\/\/grupnexus.com\/wp-content\/uploads\/2018\/11\/Premiades-Ap-2018-262x203.jpg 262w\" sizes=\"(max-width: 1024px) 100vw, 1024px\" \/><\/p>\n<p style=\"text-align: center;\"><strong>Premiadas 2018<\/strong><\/p>\n<p><img loading=\"lazy\" class=\"aligncenter size-large wp-image-18967\" src=\"https:\/\/grupnexus.com\/wp-content\/uploads\/2018\/11\/Equip-Cl\u00ednica-Nexus-recepci\u00f3-vip-1024x684.jpg\" alt=\"equip nexus\" width=\"1024\" height=\"684\" srcset=\"https:\/\/grupnexus.com\/wp-content\/uploads\/2018\/11\/Equip-Cl\u00ednica-Nexus-recepci\u00f3-vip-1024x684.jpg 1024w, https:\/\/grupnexus.com\/wp-content\/uploads\/2018\/11\/Equip-Cl\u00ednica-Nexus-recepci\u00f3-vip-510x341.jpg 510w, https:\/\/grupnexus.com\/wp-content\/uploads\/2018\/11\/Equip-Cl\u00ednica-Nexus-recepci\u00f3-vip-300x200.jpg 300w, https:\/\/grupnexus.com\/wp-content\/uploads\/2018\/11\/Equip-Cl\u00ednica-Nexus-recepci\u00f3-vip-768x513.jpg 768w, https:\/\/grupnexus.com\/wp-content\/uploads\/2018\/11\/Equip-Cl\u00ednica-Nexus-recepci\u00f3-vip-1140x760.jpg 1140w, https:\/\/grupnexus.com\/wp-content\/uploads\/2018\/11\/Equip-Cl\u00ednica-Nexus-recepci\u00f3-vip-555x370.jpg 555w, https:\/\/grupnexus.com\/wp-content\/uploads\/2018\/11\/Equip-Cl\u00ednica-Nexus-recepci\u00f3-vip-360x240.jpg 360w, https:\/\/grupnexus.com\/wp-content\/uploads\/2018\/11\/Equip-Cl\u00ednica-Nexus-recepci\u00f3-vip-262x175.jpg 262w, https:\/\/grupnexus.com\/wp-content\/uploads\/2018\/11\/Equip-Cl\u00ednica-Nexus-recepci\u00f3-vip.jpg 1920w\" sizes=\"(max-width: 1024px) 100vw, 1024px\" \/><\/p>\n<div>\n<div>\n<div>\n<div>\n<div style=\"text-align: center;\"><strong>Equipo Cl\u00ednica Nexus durante la recepci\u00f3n vip\u00a0<\/strong><\/div>\n<\/div>\n<\/div>\n<\/div>\n<\/div>\n<div>\n<div>\n<div>\n<div>\n<div style=\"text-align: center;\"><\/div>\n<\/div>\n<\/div>\n<\/div>\n<\/div>\n","protected":false},"excerpt":{"rendered":"<p>Viernes, 16 de noviembre, se celebraban en Lleida los Premios Ap! que reconocen el \u00e9xito de mujeres que est\u00e1n al frente de grandes proyectos empresariales y profesionales, de \u00e1mbito territorial y nacional, en diferentes sectores. La categor\u00eda de \u00abIgualdad de oportunidades en el \u00e1mbito laboral y la conciliaci\u00f3n familiar y personal\u00bb ha sido este a\u00f1o&#8230;<\/p>\n","protected":false},"author":6,"featured_media":18965,"comment_status":"closed","ping_status":"closed","sticky":false,"template":"","format":"standard","meta":[],"categories":[2,330],"tags":[],"yoast_head":"<!-- This site is optimized with the Yoast SEO plugin v18.6 - https:\/\/yoast.com\/wordpress\/plugins\/seo\/ -->\n<title>Cl\u00ednica Nexus recibe el Premio a la &quot;Igualdad de oportunidades y la conciliaci\u00f3n&quot; otorgado por Ap! Lleida<\/title>\n<meta name=\"robots\" content=\"index, follow, max-snippet:-1, max-image-preview:large, max-video-preview:-1\" \/>\n<link rel=\"canonical\" href=\"https:\/\/grupnexus.com\/es\/clinica-nexus-premios-aplleida-2018\/\" \/>\n<meta property=\"og:locale\" content=\"es_ES\" \/>\n<meta property=\"og:type\" content=\"article\" \/>\n<meta property=\"og:title\" content=\"Cl\u00ednica Nexus recibe el Premio a la &quot;Igualdad de oportunidades y la conciliaci\u00f3n&quot; otorgado por Ap! Lleida\" \/>\n<meta property=\"og:description\" content=\"Viernes, 16 de noviembre, se celebraban en Lleida los Premios Ap! que reconocen el \u00e9xito de mujeres que est\u00e1n al frente de grandes proyectos empresariales y profesionales, de \u00e1mbito territorial y nacional, en diferentes sectores. La categor\u00eda de \u00abIgualdad de oportunidades en el \u00e1mbito laboral y la conciliaci\u00f3n familiar y personal\u00bb ha sido este a\u00f1o...\" \/>\n<meta property=\"og:url\" content=\"https:\/\/grupnexus.com\/es\/clinica-nexus-premios-aplleida-2018\/\" \/>\n<meta property=\"og:site_name\" content=\"Cl\u00ednica Nexus\" \/>\n<meta property=\"article:published_time\" content=\"2018-11-21T12:44:39+00:00\" \/>\n<meta property=\"article:modified_time\" content=\"2018-11-27T12:25:53+00:00\" \/>\n<meta property=\"og:image\" content=\"https:\/\/grupnexus.com\/wp-content\/uploads\/2018\/11\/Discurs-agra\u00efment.jpg\" \/>\n\t<meta property=\"og:image:width\" content=\"1920\" \/>\n\t<meta property=\"og:image:height\" content=\"1282\" \/>\n\t<meta property=\"og:image:type\" content=\"image\/jpeg\" \/>\n<meta name=\"twitter:card\" content=\"summary\" \/>\n<meta name=\"twitter:label1\" content=\"Escrito por\" \/>\n\t<meta name=\"twitter:data1\" content=\"Cl\u00ednica Nexus\" \/>\n\t<meta name=\"twitter:label2\" content=\"Tiempo de lectura\" \/>\n\t<meta name=\"twitter:data2\" content=\"2 minutos\" \/>\n<script type=\"application\/ld+json\" class=\"yoast-schema-graph\">{\"@context\":\"https:\/\/schema.org\",\"@graph\":[{\"@type\":\"WebSite\",\"@id\":\"https:\/\/grupnexus.com\/es\/#website\",\"url\":\"https:\/\/grupnexus.com\/es\/\",\"name\":\"Cl\u00ednica Nexus\",\"description\":\"L\u00edders en Medicina Est\u00e8tica Avan\u00e7ada\",\"potentialAction\":[{\"@type\":\"SearchAction\",\"target\":{\"@type\":\"EntryPoint\",\"urlTemplate\":\"https:\/\/grupnexus.com\/es\/?s={search_term_string}\"},\"query-input\":\"required name=search_term_string\"}],\"inLanguage\":\"es\"},{\"@type\":\"ImageObject\",\"@id\":\"https:\/\/grupnexus.com\/es\/clinica-nexus-premios-aplleida-2018\/#primaryimage\",\"inLanguage\":\"es\",\"url\":\"https:\/\/grupnexus.com\/wp-content\/uploads\/2018\/11\/Discurs-agra\u00efment.jpg\",\"contentUrl\":\"https:\/\/grupnexus.com\/wp-content\/uploads\/2018\/11\/Discurs-agra\u00efment.jpg\",\"width\":1920,\"height\":1282,\"caption\":\"Premis aplleida discurs\"},{\"@type\":\"WebPage\",\"@id\":\"https:\/\/grupnexus.com\/es\/clinica-nexus-premios-aplleida-2018\/#webpage\",\"url\":\"https:\/\/grupnexus.com\/es\/clinica-nexus-premios-aplleida-2018\/\",\"name\":\"Cl\u00ednica Nexus recibe el Premio a la \\\"Igualdad de oportunidades y la conciliaci\u00f3n\\\" otorgado por Ap! Lleida\",\"isPartOf\":{\"@id\":\"https:\/\/grupnexus.com\/es\/#website\"},\"primaryImageOfPage\":{\"@id\":\"https:\/\/grupnexus.com\/es\/clinica-nexus-premios-aplleida-2018\/#primaryimage\"},\"datePublished\":\"2018-11-21T12:44:39+00:00\",\"dateModified\":\"2018-11-27T12:25:53+00:00\",\"author\":{\"@id\":\"https:\/\/grupnexus.com\/es\/#\/schema\/person\/7d42f30e6bd203d23a2c1613b51145c3\"},\"breadcrumb\":{\"@id\":\"https:\/\/grupnexus.com\/es\/clinica-nexus-premios-aplleida-2018\/#breadcrumb\"},\"inLanguage\":\"es\",\"potentialAction\":[{\"@type\":\"ReadAction\",\"target\":[\"https:\/\/grupnexus.com\/es\/clinica-nexus-premios-aplleida-2018\/\"]}]},{\"@type\":\"BreadcrumbList\",\"@id\":\"https:\/\/grupnexus.com\/es\/clinica-nexus-premios-aplleida-2018\/#breadcrumb\",\"itemListElement\":[{\"@type\":\"ListItem\",\"position\":1,\"name\":\"Portada\",\"item\":\"https:\/\/grupnexus.com\/es\/\"},{\"@type\":\"ListItem\",\"position\":2,\"name\":\"Cl\u00ednica Nexus recibe el Premio a la &#8220;Igualdad de oportunidades y la conciliaci\u00f3n&#8221; otorgado por Ap! Lleida\"}]},{\"@type\":\"Person\",\"@id\":\"https:\/\/grupnexus.com\/es\/#\/schema\/person\/7d42f30e6bd203d23a2c1613b51145c3\",\"name\":\"Cl\u00ednica Nexus\",\"image\":{\"@type\":\"ImageObject\",\"@id\":\"https:\/\/grupnexus.com\/es\/#personlogo\",\"inLanguage\":\"es\",\"url\":\"https:\/\/secure.gravatar.com\/avatar\/f1f98ef0d641a3a6af0accea5a5971ef?s=96&d=mm&r=g\",\"contentUrl\":\"https:\/\/secure.gravatar.com\/avatar\/f1f98ef0d641a3a6af0accea5a5971ef?s=96&d=mm&r=g\",\"caption\":\"Cl\u00ednica Nexus\"}}]}<\/script>\n<!-- \/ Yoast SEO plugin. -->","yoast_head_json":{"title":"Cl\u00ednica Nexus recibe el Premio a la \"Igualdad de oportunidades y la conciliaci\u00f3n\" otorgado por Ap! Lleida","robots":{"index":"index","follow":"follow","max-snippet":"max-snippet:-1","max-image-preview":"max-image-preview:large","max-video-preview":"max-video-preview:-1"},"canonical":"https:\/\/grupnexus.com\/es\/clinica-nexus-premios-aplleida-2018\/","og_locale":"es_ES","og_type":"article","og_title":"Cl\u00ednica Nexus recibe el Premio a la \"Igualdad de oportunidades y la conciliaci\u00f3n\" otorgado por Ap! Lleida","og_description":"Viernes, 16 de noviembre, se celebraban en Lleida los Premios Ap! que reconocen el \u00e9xito de mujeres que est\u00e1n al frente de grandes proyectos empresariales y profesionales, de \u00e1mbito territorial y nacional, en diferentes sectores. La categor\u00eda de \u00abIgualdad de oportunidades en el \u00e1mbito laboral y la conciliaci\u00f3n familiar y personal\u00bb ha sido este a\u00f1o...","og_url":"https:\/\/grupnexus.com\/es\/clinica-nexus-premios-aplleida-2018\/","og_site_name":"Cl\u00ednica Nexus","article_published_time":"2018-11-21T12:44:39+00:00","article_modified_time":"2018-11-27T12:25:53+00:00","og_image":[{"width":1920,"height":1282,"url":"https:\/\/grupnexus.com\/wp-content\/uploads\/2018\/11\/Discurs-agra\u00efment.jpg","type":"image\/jpeg"}],"twitter_card":"summary","twitter_misc":{"Escrito por":"Cl\u00ednica Nexus","Tiempo de lectura":"2 minutos"},"schema":{"@context":"https:\/\/schema.org","@graph":[{"@type":"WebSite","@id":"https:\/\/grupnexus.com\/es\/#website","url":"https:\/\/grupnexus.com\/es\/","name":"Cl\u00ednica Nexus","description":"L\u00edders en Medicina Est\u00e8tica Avan\u00e7ada","potentialAction":[{"@type":"SearchAction","target":{"@type":"EntryPoint","urlTemplate":"https:\/\/grupnexus.com\/es\/?s={search_term_string}"},"query-input":"required name=search_term_string"}],"inLanguage":"es"},{"@type":"ImageObject","@id":"https:\/\/grupnexus.com\/es\/clinica-nexus-premios-aplleida-2018\/#primaryimage","inLanguage":"es","url":"https:\/\/grupnexus.com\/wp-content\/uploads\/2018\/11\/Discurs-agra\u00efment.jpg","contentUrl":"https:\/\/grupnexus.com\/wp-content\/uploads\/2018\/11\/Discurs-agra\u00efment.jpg","width":1920,"height":1282,"caption":"Premis aplleida discurs"},{"@type":"WebPage","@id":"https:\/\/grupnexus.com\/es\/clinica-nexus-premios-aplleida-2018\/#webpage","url":"https:\/\/grupnexus.com\/es\/clinica-nexus-premios-aplleida-2018\/","name":"Cl\u00ednica Nexus recibe el Premio a la \"Igualdad de oportunidades y la conciliaci\u00f3n\" otorgado por Ap! Lleida","isPartOf":{"@id":"https:\/\/grupnexus.com\/es\/#website"},"primaryImageOfPage":{"@id":"https:\/\/grupnexus.com\/es\/clinica-nexus-premios-aplleida-2018\/#primaryimage"},"datePublished":"2018-11-21T12:44:39+00:00","dateModified":"2018-11-27T12:25:53+00:00","author":{"@id":"https:\/\/grupnexus.com\/es\/#\/schema\/person\/7d42f30e6bd203d23a2c1613b51145c3"},"breadcrumb":{"@id":"https:\/\/grupnexus.com\/es\/clinica-nexus-premios-aplleida-2018\/#breadcrumb"},"inLanguage":"es","potentialAction":[{"@type":"ReadAction","target":["https:\/\/grupnexus.com\/es\/clinica-nexus-premios-aplleida-2018\/"]}]},{"@type":"BreadcrumbList","@id":"https:\/\/grupnexus.com\/es\/clinica-nexus-premios-aplleida-2018\/#breadcrumb","itemListElement":[{"@type":"ListItem","position":1,"name":"Portada","item":"https:\/\/grupnexus.com\/es\/"},{"@type":"ListItem","position":2,"name":"Cl\u00ednica Nexus recibe el Premio a la &#8220;Igualdad de oportunidades y la conciliaci\u00f3n&#8221; otorgado por Ap! Lleida"}]},{"@type":"Person","@id":"https:\/\/grupnexus.com\/es\/#\/schema\/person\/7d42f30e6bd203d23a2c1613b51145c3","name":"Cl\u00ednica Nexus","image":{"@type":"ImageObject","@id":"https:\/\/grupnexus.com\/es\/#personlogo","inLanguage":"es","url":"https:\/\/secure.gravatar.com\/avatar\/f1f98ef0d641a3a6af0accea5a5971ef?s=96&d=mm&r=g","contentUrl":"https:\/\/secure.gravatar.com\/avatar\/f1f98ef0d641a3a6af0accea5a5971ef?s=96&d=mm&r=g","caption":"Cl\u00ednica Nexus"}}]}},"_links":{"self":[{"href":"https:\/\/grupnexus.com\/es\/wp-json\/wp\/v2\/posts\/18972"}],"collection":[{"href":"https:\/\/grupnexus.com\/es\/wp-json\/wp\/v2\/posts"}],"about":[{"href":"https:\/\/grupnexus.com\/es\/wp-json\/wp\/v2\/types\/post"}],"author":[{"embeddable":true,"href":"https:\/\/grupnexus.com\/es\/wp-json\/wp\/v2\/users\/6"}],"replies":[{"embeddable":true,"href":"https:\/\/grupnexus.com\/es\/wp-json\/wp\/v2\/comments?post=18972"}],"version-history":[{"count":7,"href":"https:\/\/grupnexus.com\/es\/wp-json\/wp\/v2\/posts\/18972\/revisions"}],"predecessor-version":[{"id":18980,"href":"https:\/\/grupnexus.com\/es\/wp-json\/wp\/v2\/posts\/18972\/revisions\/18980"}],"wp:featuredmedia":[{"embeddable":true,"href":"https:\/\/grupnexus.com\/es\/wp-json\/wp\/v2\/media\/18965"}],"wp:attachment":[{"href":"https:\/\/grupnexus.com\/es\/wp-json\/wp\/v2\/media?parent=18972"}],"wp:term":[{"taxonomy":"category","embeddable":true,"href":"https:\/\/grupnexus.com\/es\/wp-json\/wp\/v2\/categories?post=18972"},{"taxonomy":"post_tag","embeddable":true,"href":"https:\/\/grupnexus.com\/es\/wp-json\/wp\/v2\/tags?post=18972"}],"curies":[{"name":"wp","href":"https:\/\/api.w.org\/{rel}","templated":true}]}}